{"id":10032,"date":"2020-03-07T20:08:36","date_gmt":"2020-03-07T19:08:36","guid":{"rendered":"http:\/\/uscatletica.ch\/wp\/?p=10032"},"modified":"2020-03-12T06:27:38","modified_gmt":"2020-03-12T05:27:38","slug":"annullamenti-e-rinvi-per-la-situazione-di-emergenza","status":"publish","type":"post","link":"https:\/\/uscatletica.ch\/wp\/?p=10032","title":{"rendered":"ANNULLAMENTI E RINVI PER LA SITUAZIONE DI EMERGENZA"},"content":{"rendered":"\n<p>Le seguenti manifestazioni <strong>non<\/strong> si terranno secondo il programma a causa della emergenza sanitaria<\/p>\n<h2>TUTTE LE ATTIVIT\u00c0 SOSPESE FINO AL 29 MARZO<\/h2>\n<p>13 Aprile Giro Media Blenio Annullato<\/p>\n<p>\u00a0<\/p>\n<h1><em><strong><a href=\"https:\/\/uscatletica.ch\/wp\/wp-content\/uploads\/2020\/03\/1262.pdf\">COMUNICATO DELLO STATO DI NECESSIT\u00c0 IN Canton Ticino<\/a><\/strong><\/em><\/h1>\n<p>7 Marzo Campionati Svizzeri di cross Annullati<\/p>\n<p>7 marzo UBS Kids Cup Annullata\u00a0<\/p>\n<p>8 marzo 1 TMO Taverne Rinviato<\/p>\n<p>10 marzo Assemblea ASTi Tesserete Rinviata<\/p>\n<p>14 Marzo Assemblea FTAL Rinviata<\/p>\n<p>19 marzo Staffetta Rivera Annullata<\/p>\n<p>22 Marzo Cross Cortenova Rinviato\u00a0<\/p>\n<h2><strong><a href=\"https:\/\/www4.ti.ch\/dss\/dsp\/covid19\/home\/\" target=\"_blank\" rel=\"noopener noreferrer\">Link al sito del Canton Ticino<\/a><\/strong><\/h2>\n<p><strong><a href=\"http:\/\/astiticino.ch\" target=\"_blank\" rel=\"noopener noreferrer\">Link ASTI\u00a0\u00a0<\/a>\u00a0<a href=\"https:\/\/ftal.ch\/aggiornamenti-covid-19\/\" target=\"_blank\" rel=\"noopener noreferrer\">Link FTAL<\/a><a href=\"https:\/\/www.swiss-athletics.ch\/de\/corona-virus\/\" target=\"_blank\" rel=\"noopener noreferrer\">\u00a0Link Swiss Athletics\u00a0<\/a>\u00a0<a href=\"https:\/\/www.swiss-orienteering.ch\/it\/\" target=\"_blank\" rel=\"noopener noreferrer\">LINK SOLV<\/a><\/strong><\/p>\n<p><a href=\"https:\/\/i0.wp.com\/uscatletica.ch\/wp\/wp-content\/uploads\/2020\/03\/Coronavirus.jpg?ssl=1\"><img data-recalc-dims=\"1\" loading=\"lazy\" decoding=\"async\" data-attachment-id=\"10064\" data-permalink=\"https:\/\/uscatletica.ch\/wp\/?attachment_id=10064\" data-orig-file=\"https:\/\/i0.wp.com\/uscatletica.ch\/wp\/wp-content\/uploads\/2020\/03\/Coronavirus.jpg?fit=1240%2C1753&amp;ssl=1\" data-orig-size=\"1240,1753\" data-comments-opened=\"0\" data-image-meta=\"{&quot;aperture&quot;:&quot;0&quot;,&quot;credit&quot;:&quot;&quot;,&quot;camera&quot;:&quot;&quot;,&quot;caption&quot;:&quot;&quot;,&quot;created_timestamp&quot;:&quot;0&quot;,&quot;copyright&quot;:&quot;&quot;,&quot;focal_length&quot;:&quot;0&quot;,&quot;iso&quot;:&quot;0&quot;,&quot;shutter_speed&quot;:&quot;0&quot;,&quot;title&quot;:&quot;&quot;,&quot;orientation&quot;:&quot;0&quot;}\" data-image-title=\"Coronavirus\" data-image-description=\"\" data-image-caption=\"\" data-large-file=\"https:\/\/i0.wp.com\/uscatletica.ch\/wp\/wp-content\/uploads\/2020\/03\/Coronavirus.jpg?fit=640%2C905&amp;ssl=1\" class=\"aligncenter size-large wp-image-10064\" src=\"https:\/\/i0.wp.com\/uscatletica.ch\/wp\/wp-content\/uploads\/2020\/03\/Coronavirus.jpg?resize=640%2C905&#038;ssl=1\" alt=\"\" width=\"640\" height=\"905\" srcset=\"https:\/\/i0.wp.com\/uscatletica.ch\/wp\/wp-content\/uploads\/2020\/03\/Coronavirus.jpg?resize=724%2C1024&amp;ssl=1 724w, https:\/\/i0.wp.com\/uscatletica.ch\/wp\/wp-content\/uploads\/2020\/03\/Coronavirus.jpg?resize=212%2C300&amp;ssl=1 212w, https:\/\/i0.wp.com\/uscatletica.ch\/wp\/wp-content\/uploads\/2020\/03\/Coronavirus.jpg?resize=768%2C1086&amp;ssl=1 768w, https:\/\/i0.wp.com\/uscatletica.ch\/wp\/wp-content\/uploads\/2020\/03\/Coronavirus.jpg?resize=1087%2C1536&amp;ssl=1 1087w, https:\/\/i0.wp.com\/uscatletica.ch\/wp\/wp-content\/uploads\/2020\/03\/Coronavirus.jpg?w=1240&amp;ssl=1 1240w\" sizes=\"auto, (max-width: 640px) 100vw, 640px\" \/><\/a><\/p>\n<p>\u00a0<\/p>\n","protected":false},"excerpt":{"rendered":"<p>Le seguenti manifestazioni non si terranno secondo il programma a causa della emergenza sanitaria TUTTE LE ATTIVIT\u00c0 SOSPESE FINO AL 29 MARZO 13 Aprile Giro Media Blenio Annullato \u00a0 COMUNICATO DELLO STATO DI NECESSIT\u00c0 IN Canton Ticino 7 Marzo Campionati Svizzeri di cross Annullati 7 marzo UBS Kids Cup Annullata\u00a0 8 marzo 1 TMO Taverne Rinviato 10 marzo Assemblea ASTi Tesserete Rinviata 14 Marzo Assemblea FTAL Rinviata 19 marzo Staffetta Rivera Annullata 22 Marzo Cross&#8230;<\/p>\n","protected":false},"author":4,"featured_media":10050,"comment_status":"closed","ping_status":"closed","sticky":false,"template":"","format":"standard","meta":{"jetpack_post_was_ever_published":false,"_jetpack_newsletter_access":"","_jetpack_dont_email_post_to_subs":false,"_jetpack_newsletter_tier_id":0,"_jetpack_memberships_contains_paywalled_content":false,"_jetpack_memberships_contains_paid_content":false,"footnotes":"","jetpack_publicize_message":"","jetpack_publicize_feature_enabled":true,"jetpack_social_post_already_shared":false,"jetpack_social_options":{"image_generator_settings":{"template":"highway","default_image_id":0,"font":"","enabled":false},"version":2}},"categories":[19,10,4,5,9,8],"tags":[],"class_list":["post-10032","post","type-post","status-publish","format-standard","has-post-thumbnail","hentry","category-corsa-dorientamento","category-info","category-pista","category-podismo","category-sport","category-staffette"],"jetpack_publicize_connections":[],"jetpack_featured_media_url":"https:\/\/i0.wp.com\/uscatletica.ch\/wp\/wp-content\/uploads\/2020\/03\/imm.png?fit=427%2C279&ssl=1","jetpack_sharing_enabled":true,"jetpack_shortlink":"https:\/\/wp.me\/p6V7Ck-2BO","jetpack-related-posts":[{"id":10053,"url":"https:\/\/uscatletica.ch\/wp\/?p=10053","url_meta":{"origin":10032,"position":0},"title":"STATO DI NECESSITA CORONA VIRUS 13.03.2020","author":"Leonida Stampanoni","date":"11 Marzo 2020","format":false,"excerpt":"12.3.2020 il Consiglio di Stato ha diramato un nuovo comunicato ufficiale in merito al coronavirus.https:\/\/www4.ti.ch\/fileadmin\/DSS\/DSP\/UMC\/malattie_infettive\/Coronavirus\/1262.pdf COMUNICATO Swiss Athletics DEL 13.03.2020 LISTA GARE PODISTICHE ANNULLATE \u00a0SU SWISS RUNNING LA STAGIONE SU PISTA \u00e8 STATA SOSPESA FINO A 1 MAGGIO\u00a0 Per quanto riguarda la nostra attivit\u00e0, queste sono le misure che scattano\u2026","rel":"","context":"In &quot;Altro&quot;","block_context":{"text":"Altro","link":"https:\/\/uscatletica.ch\/wp\/?cat=11"},"img":{"alt_text":"","src":"https:\/\/i0.wp.com\/uscatletica.ch\/wp\/wp-content\/uploads\/2020\/03\/imm.png?fit=427%2C279&ssl=1&resize=350%2C200","width":350,"height":200},"classes":[]},{"id":11792,"url":"https:\/\/uscatletica.ch\/wp\/?p=11792","url_meta":{"origin":10032,"position":1},"title":"Gare USC 2021","author":"Stampa E","date":"22 Marzo 2021","format":false,"excerpt":"Seppur ancora immerso nell'incertezza, il calendario ASTi 2021 \u00e8 stato pubblicato. Oltre alle gare di podismo o montagna e alle staffette, sono note anche le date delle gare di CO. Da annotare sono le seguenti gare USC: Staffetta USC: domenica 14 marzo (annullata) Crono del Bigorio: domenica 18 aprile (probabile\u2026","rel":"","context":"In &quot;CO&quot;","block_context":{"text":"CO","link":"https:\/\/uscatletica.ch\/wp\/?cat=19"},"img":{"alt_text":"","src":"https:\/\/i0.wp.com\/uscatletica.ch\/wp\/wp-content\/uploads\/2021\/02\/Bandana-ASTi-2020-2.jpg?fit=1200%2C1011&ssl=1&resize=350%2C200","width":350,"height":200,"srcset":"https:\/\/i0.wp.com\/uscatletica.ch\/wp\/wp-content\/uploads\/2021\/02\/Bandana-ASTi-2020-2.jpg?fit=1200%2C1011&ssl=1&resize=350%2C200 1x, https:\/\/i0.wp.com\/uscatletica.ch\/wp\/wp-content\/uploads\/2021\/02\/Bandana-ASTi-2020-2.jpg?fit=1200%2C1011&ssl=1&resize=525%2C300 1.5x, https:\/\/i0.wp.com\/uscatletica.ch\/wp\/wp-content\/uploads\/2021\/02\/Bandana-ASTi-2020-2.jpg?fit=1200%2C1011&ssl=1&resize=700%2C400 2x, https:\/\/i0.wp.com\/uscatletica.ch\/wp\/wp-content\/uploads\/2021\/02\/Bandana-ASTi-2020-2.jpg?fit=1200%2C1011&ssl=1&resize=1050%2C600 3x"},"classes":[]},{"id":9584,"url":"https:\/\/uscatletica.ch\/wp\/?p=9584","url_meta":{"origin":10032,"position":2},"title":"Appuntamenti USC per il 2020","author":"Stampa E","date":"11 Dicembre 2019","format":false,"excerpt":"I calendari FTAL e ASTi per il 2020 sono pronti. Qui gli appuntamenti USC da non mancare: Cross Capriaschese (Coppa Ticino FTAL 2019\/2020) domenica 24 novembre 2019 (gi\u00e0 disputato)Cronoascesa al Bigorio (Coppa ASTi montagna) sabato 21 marzo 2020 Staffetta Capriaschese (Trofeo ASTi Staffette) domenica 29 marzo 2020\u00a0\u00a0\u00a0\u00a0\u00a0\u00a0\u00a0\u00a0 Tesserete-Gola di lago\u2026","rel":"","context":"In &quot;Cross&quot;","block_context":{"text":"Cross","link":"https:\/\/uscatletica.ch\/wp\/?cat=7"},"img":{"alt_text":"","src":"https:\/\/i0.wp.com\/uscatletica.ch\/wp\/wp-content\/uploads\/2018\/12\/sstef2019usc.jpg?fit=532%2C399&ssl=1&resize=350%2C200","width":350,"height":200,"srcset":"https:\/\/i0.wp.com\/uscatletica.ch\/wp\/wp-content\/uploads\/2018\/12\/sstef2019usc.jpg?fit=532%2C399&ssl=1&resize=350%2C200 1x, https:\/\/i0.wp.com\/uscatletica.ch\/wp\/wp-content\/uploads\/2018\/12\/sstef2019usc.jpg?fit=532%2C399&ssl=1&resize=525%2C300 1.5x"},"classes":[]},{"id":11734,"url":"https:\/\/uscatletica.ch\/wp\/?p=11734","url_meta":{"origin":10032,"position":3},"title":"CROSS CAPRIASCHESE ANNULLATO (O RINVIATO&#8230;)","author":"Leonida Stampanoni","date":"28 Ottobre 2020","format":false,"excerpt":"\u00a0Comunicato\u00a0 Visto le ulteriori restrizioni decretate dalle autorit\u00e0 cantonali e federali\u00a0 (\u201cSono vietate le manifestazioni con pi\u00f9 di 50 persone, comprese quelle sportive e culturali\u201d) e considerato l\u2019aggravarsi dell\u2019emergenza sanitaria causata dal Covid-19, l\u2019Unione Sportiva Capriaschese rinuncia ad organizzare il Cross capriaschese di pom, valido quale la seconda prova della\u2026","rel":"","context":"In &quot;Altro&quot;","block_context":{"text":"Altro","link":"https:\/\/uscatletica.ch\/wp\/?cat=11"},"img":{"alt_text":"","src":"https:\/\/i0.wp.com\/uscatletica.ch\/wp\/wp-content\/uploads\/2020\/01\/07.jpg?fit=432%2C288&ssl=1&resize=350%2C200","width":350,"height":200},"classes":[]},{"id":18927,"url":"https:\/\/uscatletica.ch\/wp\/?p=18927","url_meta":{"origin":10032,"position":4},"title":"Calendario cartaceo ASTi 2024","author":"Stampa E","date":"26 Febbraio 2024","format":false,"excerpt":"\u00c8 pronto il calendario cartaceo ASTi 2024. Lo troverete alle manifestazioni ASTi e verr\u00e0 distribuito anche in occasione dell'Assemblea del 13 marzo 2024. Da subito \u00e8 disponibile in versione PDF: link Le gare USC: 17 marzo: Staffetta Capriaschese 20 aprile: Tesserete - Gola di Lago 21 settembre: Corsa del Bigorio\u2026","rel":"","context":"In &quot;I nostri appuntamenti&quot;","block_context":{"text":"I nostri appuntamenti","link":"https:\/\/uscatletica.ch\/wp\/?cat=12"},"img":{"alt_text":"","src":"https:\/\/i0.wp.com\/uscatletica.ch\/wp\/wp-content\/uploads\/2024\/02\/CatturaASTi2024.gif?fit=961%2C686&ssl=1&resize=350%2C200","width":350,"height":200,"srcset":"https:\/\/i0.wp.com\/uscatletica.ch\/wp\/wp-content\/uploads\/2024\/02\/CatturaASTi2024.gif?fit=961%2C686&ssl=1&resize=350%2C200 1x, https:\/\/i0.wp.com\/uscatletica.ch\/wp\/wp-content\/uploads\/2024\/02\/CatturaASTi2024.gif?fit=961%2C686&ssl=1&resize=525%2C300 1.5x, https:\/\/i0.wp.com\/uscatletica.ch\/wp\/wp-content\/uploads\/2024\/02\/CatturaASTi2024.gif?fit=961%2C686&ssl=1&resize=700%2C400 2x"},"classes":[]},{"id":16744,"url":"https:\/\/uscatletica.ch\/wp\/?p=16744","url_meta":{"origin":10032,"position":5},"title":"STAFFETTA CAPRIASCHESE il 26 marzo","author":"Stampa E","date":"27 Febbraio 2023","format":false,"excerpt":"Ecco il programma della STAFFETTA CAPRIASCHESE per le vie di Tesserete di DOMENICA 26 marzo 2023 e valevole per il Trofeo ASTi staffette -> LINK","rel":"","context":"In &quot;I nostri appuntamenti&quot;","block_context":{"text":"I nostri appuntamenti","link":"https:\/\/uscatletica.ch\/wp\/?cat=12"},"img":{"alt_text":"","src":"https:\/\/i0.wp.com\/uscatletica.ch\/wp\/wp-content\/uploads\/2023\/02\/staffUSCprogramma2023-1.jpg?fit=589%2C836&ssl=1&resize=350%2C200","width":350,"height":200,"srcset":"https:\/\/i0.wp.com\/uscatletica.ch\/wp\/wp-content\/uploads\/2023\/02\/staffUSCprogramma2023-1.jpg?fit=589%2C836&ssl=1&resize=350%2C200 1x, https:\/\/i0.wp.com\/uscatletica.ch\/wp\/wp-content\/uploads\/2023\/02\/staffUSCprogramma2023-1.jpg?fit=589%2C836&ssl=1&resize=525%2C300 1.5x"},"classes":[]}],"_links":{"self":[{"href":"https:\/\/uscatletica.ch\/wp\/index.php?rest_route=\/wp\/v2\/posts\/10032","targetHints":{"allow":["GET"]}}],"collection":[{"href":"https:\/\/uscatletica.ch\/wp\/index.php?rest_route=\/wp\/v2\/posts"}],"about":[{"href":"https:\/\/uscatletica.ch\/wp\/index.php?rest_route=\/wp\/v2\/types\/post"}],"author":[{"embeddable":true,"href":"https:\/\/uscatletica.ch\/wp\/index.php?rest_route=\/wp\/v2\/users\/4"}],"replies":[{"embeddable":true,"href":"https:\/\/uscatletica.ch\/wp\/index.php?rest_route=%2Fwp%2Fv2%2Fcomments&post=10032"}],"version-history":[{"count":11,"href":"https:\/\/uscatletica.ch\/wp\/index.php?rest_route=\/wp\/v2\/posts\/10032\/revisions"}],"predecessor-version":[{"id":10073,"href":"https:\/\/uscatletica.ch\/wp\/index.php?rest_route=\/wp\/v2\/posts\/10032\/revisions\/10073"}],"wp:featuredmedia":[{"embeddable":true,"href":"https:\/\/uscatletica.ch\/wp\/index.php?rest_route=\/wp\/v2\/media\/10050"}],"wp:attachment":[{"href":"https:\/\/uscatletica.ch\/wp\/index.php?rest_route=%2Fwp%2Fv2%2Fmedia&parent=10032"}],"wp:term":[{"taxonomy":"category","embeddable":true,"href":"https:\/\/uscatletica.ch\/wp\/index.php?rest_route=%2Fwp%2Fv2%2Fcategories&post=10032"},{"taxonomy":"post_tag","embeddable":true,"href":"https:\/\/uscatletica.ch\/wp\/index.php?rest_route=%2Fwp%2Fv2%2Ftags&post=10032"}],"curies":[{"name":"wp","href":"https:\/\/api.w.org\/{rel}","templated":true}]}}