{"id":10115,"date":"2020-04-15T07:40:03","date_gmt":"2020-04-15T05:40:03","guid":{"rendered":"http:\/\/uscatletica.ch\/wp\/?p=10115"},"modified":"2020-06-15T21:03:17","modified_gmt":"2020-06-15T19:03:17","slug":"stato-di-necessita-in-casa-ma-in-forma-e-schegge-di-sport","status":"publish","type":"post","link":"https:\/\/uscatletica.ch\/wp\/?p=10115","title":{"rendered":"Confinati e Solidali in casa ma in forma e schegge di sport (Aggiornato il 14 giugno)"},"content":{"rendered":"\n<p>Nel periodo particolare che stiamo vivendo \u00e8 importante mantenersi in forma fisica e mentale. Basilare \u00e8 anche seguire le indicazione delle autorit\u00e0 durante lo stato di necessita. L\u2019USC propone spunti per mantenersi in forma, per curare la mente ed il corpo e per approfondire arte, letteratura e storia dello sport.\u00a0<\/p>\n<p>Potete scriverci per suggerimenti e spunti\u00a0<\/p>\n<h4>I link istituzionali governativi\u00a0<\/h4>\n<p><a href=\"http:\/\/www.ufsp-coronavirus.ch\/\">Ufficio federale della sanit\u00e0<\/a><\/p>\n<p><a href=\"https:\/\/www4.ti.ch\/dss\/dsp\/covid19\/home\/\">Il sito del cantone<\/a><\/p>\n<h4>I link delle federazioni atletiche\u00a0<\/h4>\n<p>\u00a0<\/p>\n<h5>Ticino Svizzera<\/h5>\n<h4><a href=\"https:\/\/ftal.ch\" target=\"_blank\" rel=\"noopener noreferrer\">FTAL.CH,<\/a><a href=\"http:\/\/astiticino.ch\/\" target=\"_blank\" rel=\"noopener noreferrer\">ASTI<\/a>, \u00a0<a href=\"https:\/\/www.swiss-athletics.ch\/de\/home\" target=\"_blank\" rel=\"noopener noreferrer\">Swiss Athletics<\/a>, <a href=\"https:\/\/www.swissolympic.ch\/ueber-swiss-olympic\/news-medien\/Fokus-Coronavirus.html\" target=\"_blank\" rel=\"noopener noreferrer\">Swiss Olympics<\/a><\/h4>\n<p><a href=\"https:\/\/www.ehsm.admin.ch\/de\/ausbildung-weiterbildung\/trainerbildung-schweiz\/corona-special.html\" target=\"_blank\" rel=\"noopener noreferrer\">Baspo consigli per allenatori in tedesco<\/a>,<a href=\"https:\/\/www.ehsm.admin.ch\/fr\/formation-et-formation-continue\/trainerbildung-schweiz\/corona-special.html\" target=\"_blank\" rel=\"noopener noreferrer\">franceese<\/a><\/p>\n<p><a href=\"https:\/\/www.ehsm.admin.ch\/fr\/formation-et-formation-continue\/trainerbildung-schweiz\/corona-special\/coaches-home.html\" target=\"_blank\" rel=\"noopener noreferrer\">Coach@home francese,\u00a0<\/a><a href=\"https:\/\/www.ehsm.admin.ch\/de\/ausbildung-weiterbildung\/trainerbildung-schweiz\/corona-special\/coaches-home.html\" target=\"_blank\" rel=\"noopener noreferrer\">tedesco<\/a><\/p>\n<p>Estero\u00a0<\/p>\n<p><a href=\"http:\/\/www.fidal.it\/content\/AtleticaViva%20Online\/126834\" target=\"_blank\" rel=\"noopener noreferrer\">Fidal.it<\/a>, <a href=\"http:\/\/www.iaaf.org\/\" target=\"_blank\" rel=\"noopener noreferrer\">World Athletics<\/a>, <a href=\"http:\/\/www.european-athletics.org\/\" target=\"_blank\" rel=\"noopener noreferrer\">European Athletics<\/a><\/p>\n<h3><a href=\"https:\/\/www.onemillionrun.ch\/\" target=\"_blank\" rel=\"noopener noreferrer\">One Million Run l&#8217;iniziativa di Weltklasse Zurich il 30-31 maggio\u00a0<\/a><\/h3>\n<p>Uno dei siti di atletica pi\u00f9 importanti e professionali della Svizzera<\/p>\n<h2><a href=\"https:\/\/www.athle.ch\" target=\"_blank\" rel=\"noopener noreferrer\">ATHLE.CH<\/a><\/h2>\n<p><div class=\"fb-video\" data-allowfullscreen=\"true\" data-href=\"https:\/\/www.facebook.com\/ATHLEROMAND\/videos\/663847130850811\/\" style=\"background-color: #fff; display: inline-block;\"><\/div><\/p>\n<p>Un sito italiano di grande attualit\u00e0 sull&#8217;atletica nella scorsa settimana ha proposto il mondiale dei sogni mettendo statisticamente a confronto i migliori di ogni disciplina<\/p>\n<h3><a href=\"https:\/\/www.atleticalive.it\/category\/risultati-atletica\/\" target=\"_blank\" rel=\"noopener noreferrer\">QueenAtletica<\/a><\/h3>\n<h2>Alessio Guidon vince il premio della Giuria Easter Challenge della SRF<\/h2>\n<h2><a href=\"http:\/\/gab-bellinzona.ch\/vota-the-watch-atleti-in-quarantena\/\" target=\"_blank\" rel=\"noopener noreferrer\">Link al \u00a0sito del GAB Bellinzona<\/a><\/h2>\n<h2>Esercizi per tenersi in forma<\/h2>\n<ul>\n<li><a href=\"https:\/\/www.youtube.com\/channel\/UCHaeBK3DNjEWUCJCtGE5plQ\" target=\"_blank\" rel=\"noopener noreferrer\">Canale Youtube di Francesco Bernasconi esercizi per mantenersi in forma in casa<\/a><\/li>\n<li><a href=\"https:\/\/www.srf.ch\/sport\/mehr-sport\/in-eigener-sache\/9-folge-von-sport-home-staerken-sie-ihren-rumpf-mit-tanja-hueberli\" target=\"_blank\" rel=\"noopener noreferrer\">Sport@home la serie degli sportivi svizzeri che propongono un quarto d&#8217;ora di esercizi<\/a><\/li>\n<li><a href=\"https:\/\/www.srf.ch\/sport\/mehr-sport\/in-eigener-sache\/fit-mit-adriano-die-3-folge-des-fitnessprogramms-fuer-senioren\" target=\"_blank\" rel=\"noopener noreferrer\">Fit mit Adriano esercizi per i veterani<\/a><\/li>\n<li><a href=\"https:\/\/uscatletica.ch\/wp\/wp-admin\/post.php?post=10115&amp;action=edit\" target=\"_blank\" rel=\"noopener noreferrer\">Gli atleti di Swiss Athletics propongo esercizi<\/a>\u00a0(<a href=\"https:\/\/www.facebook.com\/swissathletics\/\">profilo Facebook<\/a>,\u00a0<a href=\"https:\/\/www.instagram.com\/swissathleticsfederation\/\">profilo instagram<\/a>)<\/li>\n<li><a href=\"https:\/\/lernmedien-baspo.padlet.org\/lernmedien\/xu4q2ceiq4kw\" target=\"_blank\" rel=\"noopener noreferrer\">Suggerimenti del Baspo<\/a><\/li>\n<li><a href=\"https:\/\/www.mobilesport.ch\/aktuell\/esercizio-quotidiano-i-nostri-spunti-per-fare-movimento-a-casa\/\">Esercizi su Mobile sport<\/a><\/li>\n<li style=\"text-align: left;\"><a href=\"https:\/\/alv-athletics.ch\/home_athletics\/\" target=\"_blank\" rel=\"noopener noreferrer\">Home Athletics iniziativa della federazione argoviese<\/a><\/li>\n<\/ul>\n<h2>Canali Youtube \u00a0di atletica<\/h2>\n<ul>\n<li>\n<h3><a href=\"https:\/\/www.youtube.com\/user\/atleticaitaliana\/videos\" target=\"_blank\" rel=\"noopener noreferrer\">Fidal Atletica viva online diversi webinar \u00a0molto interessanti<\/a><\/h3>\n<\/li>\n<li><a href=\"https:\/\/www.worldathletics.org\/news\/news\/watch-party-videos\" target=\"_blank\" rel=\"noopener noreferrer\">World Athletics propone alle 21.00 ogni sera una finale dei mondiali di Doha si possono anche recuperare tutte le finali precedenti <\/a><\/li>\n<li><a href=\"https:\/\/www.youtube.com\/channel\/UCH6nu3aApKVCTWXq10cwEkQ\" target=\"_blank\" rel=\"noopener noreferrer\">Canale YouTube il mezzofondiere molti spunti e molte live con atleti italiani<\/a><\/li>\n<li><a href=\"https:\/\/www.youtube.com\/channel\/UCML5yV4U9EpPs7QOOHcbirg\" target=\"_blank\" rel=\"noopener noreferrer\">Esco A correre video e interviste\u00a0<\/a><\/li>\n<\/ul>\n<h2>Video \u00a0di sport<\/h2>\n<ul>\n<li><a href=\"https:\/\/www.srf.ch\/sport\/leichtathletik\/blick-zurueck-7-juni-1981-dalhaeusers-sprung-in-die-schweizer-geschichtsbuecher?wt_mc_o=srf.share.app.sport-app.unknown&amp;fbclid=IwAR1w-Yqmqe-YUKhUvKo_U6baTUQCjW7DAvtfF8X3duAyTZMyZ13h_k2Rhew\" target=\"_blank\" rel=\"noopener noreferrer\">Il primato svizzero del salto in alto di Roland Dahlhauser 2.31 m 7.6.1981 \u00a0(SRF 7.6.2020)<\/a><\/li>\n<li><a href=\"https:\/\/www.srf.ch\/play\/tv\/helvetia\/video\/wie-sarah-atcho-von-der-aussenseiterin-zur-profi-sprinterin-wurde-staffel-2-folge-9?id=59a0aeb8-4b48-4474-a01e-6767ca4856d4\" target=\"_blank\" rel=\"noopener noreferrer\">Servizio su Sarah Atcho a Helvetia (SRF 7.6.2020<\/a><\/li>\n<li><a href=\"https:\/\/www.rsi.ch\/sport\/atletica\/Betty-Robinson-la-donna-che-vinse-due-volte-13078950.html\" target=\"_blank\" rel=\"noopener noreferrer\">Audio Betty Robinson la prima e \u00a0pi\u00f9 giovane campionessa olimpica sui 100 m\u00a0<\/a><\/li>\n<li><a href=\"https:\/\/www.rsi.ch\/sport\/altri\/Un-ciclo-radiofonico-dedicato-ai-ricordi-12873533.html\" target=\"_blank\" rel=\"noopener noreferrer\">Audio Una serie RSI dedicato ai ricordi sportivi (la vittoria du F. Pusterla ai 100 m del Weltklasse, \u00a0Gli ori mondiali Werner Gunthor, Andre Bucher. Ben Johnson doping 1988)<\/a><\/li>\n<li><a href=\"https:\/\/www.rsi.ch\/sport\/atletica\/Carlo-Airoldi-e-la-beffa-della-prima-maratona-13050738.html\" target=\"_blank\" rel=\"noopener noreferrer\">Audioo Carlo Airoldi e la Beffa della maratona Olimpica del 1896 ad Atene (RSI)<\/a><\/li>\n<li><a href=\"https:\/\/www.srf.ch\/sport\/leichtathletik\/blick-zurueck-27-mai-2001-zehnkaempfer-sebrle-knackt-in-goetzis-die-9000-punkte-marke\" target=\"_blank\" rel=\"noopener noreferrer\">27.5.2001 Roman Sebrle \u00e8 il primo uomo a passare i 9000 punti nel decathlon<\/a><\/li>\n<li><a href=\"https:\/\/www.rsi.ch\/sport\/altri\/I-campioni-dello-sport-dalla-A-alla-Z-13006016.html\" target=\"_blank\" rel=\"noopener noreferrer\">Audio Gli sportivi ticinesi dalla A alla Z grazie a RSI alla E Adriano Engelhardt alla P Irene Pusterla<\/a><\/li>\n<li><a href=\"https:\/\/www.youtube.com\/watch?v=eNYWZ1G0CHI&amp;feature=emb_logo\" target=\"_blank\" rel=\"noopener noreferrer\">Il ritorno casalingo della grande atletica la sfida del Giardino tra i maestri dell&#8217;Asta Lavillenie-Duplantis- Kendricks 3.5.2020<\/a><\/li>\n<li><a href=\"https:\/\/www.youtube.com\/watch?v=hIDmyHSikgE\">La finale dei 5000 m di Los Angeles 1984 con l&#8217;argento di Markus Ryffel <\/a>15.4.2020<\/li>\n<li><a href=\"https:\/\/www.youtube.com\/watch?v=clhcm6tMCVI&amp;feature=emb_err_watch_on_yt\" target=\"_blank\" rel=\"noopener noreferrer\">Tutti i video dei primati del mondo sui 100 m dal 1968<\/a><\/li>\n<li><a href=\"https:\/\/www.youtube.com\/watch?v=3oLYYvtnB3M\" target=\"_blank\" rel=\"noopener noreferrer\">Lo straordinario primato del mondo di Kevin Mayer nel decathlon<\/a><\/li>\n<li><a href=\"https:\/\/blog.runningcoach.me\/2020\/04\/13\/50km-lafband-weltrekord-versuch\/\" target=\"_blank\" rel=\"noopener noreferrer\">Gioved\u00ec 16 aprile ore 17.30 Matthias Kyburz campione del mondo di corsa d&#8217;orientamento campione svizzero di cross andr\u00e0 all&#8217;attacco del primato del mondo sui 50 km su Tapis Roulant<\/a><\/li>\n<li><a href=\"https:\/\/www.youtube.com\/watch?v=CkqWt8jVoYQ\" target=\"_blank\" rel=\"noopener noreferrer\">Il primo titolo mondiale dell&#8217;atletica svizzera Werner G\u00fcnth\u00f6r a Roma 1987<\/a><\/li>\n<li><a href=\"https:\/\/www.srf.ch\/play\/tv\/sportpanorama\/video\/das-tabuthema-zyklus?id=3effffb8-5154-44a7-a75a-9f88c5f2d575\" target=\"_blank\" rel=\"noopener noreferrer\">Lo sport ed il mondo femminile \u00a0SRF Sportpanorama 19 aprile Tedesco ospiti le atlete Maja Neuenschwander Geraldine Ruckstuhl e l&#8217;allenatore dell&#8217;anno Adrian Rothenbuler<\/a><\/li>\n<li><a href=\"https:\/\/www.srf.ch\/play\/tv\/sportpanorama-plus\/video\/gespraech-zur-frage-wie-maennlich-darf-eine-frau-sein?id=317e8da1-e2d9-4987-8710-109ecfa78676\" target=\"_blank\" rel=\"noopener noreferrer\">La mascolinit\u00e0 nello sport femminile SRF sportpanorama Plus 24.3.2019<\/a><\/li>\n<li><a href=\"https:\/\/youtu.be\/hdozuJCH2_o\" target=\"_blank\" rel=\"noopener noreferrer\">I 10 primati del mondo pi\u00f9 leggendari della storia<\/a><\/li>\n<li><a href=\"https:\/\/www.srf.ch\/sport\/leichtathletik\/7-kaempferin-im-insta-live-ruckstuhl-zwischen-kuchen-backen-und-speerwerfen-auf-dem-feld\" target=\"_blank\" rel=\"noopener noreferrer\">InstaLive con Geraldine Ruckstuhl pulricampionessa giovanile di Eptathlon<\/a><\/li>\n<li><a href=\"http:\/\/\u00a9https:\/\/www.sportmomo.ch\/emma-piffaretti-si-racconta-alla-buvette-sportiva\/?fbclid=IwAR2bvfGyPP5436S_DzTEbupJebCReyQYNFjPdmNVWGN2rn1k4vDv_shap64\" target=\"_blank\" rel=\"noopener noreferrer\" data-wplink-url-error=\"true\">Emma Lucchina intervista Emma Piffaretti per sportmom\u00f2<\/a><\/li>\n<li><a href=\"https:\/\/www.rsi.ch\/sport\/atletica\/Peter-Norman-luomo-in-pi%C3%B9-nella-foto-12977231.html?fbclid=IwAR0Hv4MXSY4HHZFdmmSAK7yaNycH60CgC9fypVOV0qzRREkSK-Y7_eFGSXg\" target=\"_blank\" rel=\"noopener noreferrer\">radioracconto di Marcello Ierace sullo storico podio delle Black Panther e di Peter Norman sui 200 alle Olimpiadi di Mexico 1968<\/a><\/li>\n<li><a href=\"https:\/\/www.youtube.com\/watch?v=H8rdFgttDwQ\" target=\"_blank\" rel=\"noopener noreferrer\">Tracy McGrady \u00a013 punti \u00a0in 35 secondi 9.12.2005 \u00a0un&#8217; incredibile \u00a0prestazione nel mondo del basket<\/a>\u00a029.4.2020<\/li>\n<li><a href=\"https:\/\/www.youtube.com\/watch?v=5PEGZ0bILtw\" target=\"_blank\" rel=\"noopener noreferrer\">La finale dei 10000 m di Sidney 2000 m sol0 0.08 di distacco tra il primo ed il secondo il minor distacco di tutte le gare di atletica di quell&#8217;Olimpiade<\/a><\/li>\n<li><a href=\"https:\/\/www.srf.ch\/sport\/leichtathletik\/huerdenlaeufer-im-insta-live-joseph-ist-man-zu-scheu-geht-man-im-profi-sport-unter\" target=\"_blank\" rel=\"noopener noreferrer\">Instalive di SRF con il campione europeo U23 dei 110 m ostacoli Jason Joseph 2.5.2020<\/a><\/li>\n<li><a href=\"https:\/\/www.srf.ch\/sport\/leichtathletik\/huerdenlaeufer-im-insta-live-joseph-ist-man-zu-scheu-geht-man-im-profi-sport-unter\" target=\"_blank\" rel=\"noopener noreferrer\">Mujinga Kambundji intervistata ad Arena SRF 2.5.2020<\/a><\/li>\n<\/ul>\n<h2>Letteratura Editoria e sport<\/h2>\n<ul>\n<li><strong>Trentacinque secondi ancora Lorenzo Iervolino<\/strong> 66thand2nd La storia del leggendario 200 m delle olimpiadi \u00a0di Citt\u00e0 del Messico 1968 con tre grandissimi uomini e campioni con Tommie Smith, Peter Norman e John Carlos. Una gara che ha lasciato il segno nella storia dei diritti civili e dello sport<\/li>\n<li><strong>Futbol Osvaldo Soriano Einaudi 2014\u00a0<\/strong>Un grande scrittore argentino \u00a0racconta profonde e intense storie di calcio\u00a0<\/li>\n<li><strong>Eat \u00a0&amp; Run Scott Jurek Steve Friedman Piano B <\/strong>La biografia di uno dei grandissimi ultramaratoneti al mondo 10.6.2020<\/li>\n<li><strong>Correre per stare bene Paula Radcliffe\u00a0<\/strong>la pi\u00f9 veloce maratoneta di tutti i tempi dispensa utili consigli alla scoperta del mondo dello sport in generale e della corsa in particolare 9.6.2020<\/li>\n<li><strong>Marco Olmo Corridore Marco Olmo Gaia De Pascale Ponte alle Grazie\u00a0<\/strong>La storia di una dei pi\u00f9 grandi specialisti delle Ultramaratone camionista, boscaiolo ed operaio che scopre l mondo della corsa nella tarda et\u00e0 8.6.2020<\/li>\n<li><strong>Giallo su Giallo Gianni Mura Feltrinelli 2007<\/strong> Il grande giornalista italiano ci intriga con un giallo ambientato durante il tour de France tra sport, gastronomia e sesso 7.6.2020<\/li>\n<li><b>Cinque Cerchi ed una stella Andrea Schiavon add\u00a0<\/b><span style=\"font-weight: 600;\">Editore\u00a0<\/span>Shaul Ladany l&#8217;unico sopravvissuto di un campo di concentramento in grado di partecipare alle olimpiadi di Monaco 1972. Il libro racconta\u00a0la sua\u00a0storia 6.6.2020<\/li>\n<li><strong>Delitto alle Olimpiadi Paolo Foschi edizioni E\/O<\/strong> Un&#8217;ostacolista olimpica muore sulla spiaggia di Ostia alla vigilia dei giochi 2012 a Londra ad Indagare un commissario ex pugile.\u00a0<\/li>\n<li><strong>La Compagnia dei Celestini\u00a0Stefano Benni Feltrinelli 1992\u00a0<\/strong>inizio anni &#8217;90 una compagnia di orfani \u00a0fugge dall&#8217;orfanotrofio per cercare gloria ai campionati del mondo di Pallastrada. Mirabolanti e rocambolesche avventure con la profonda e esilarante ironia di Benni. 4.6.2020\u00a0<\/li>\n<li><strong>Bar Sport duemila Stefano Benni Feltrinelli 1998\u00a0<\/strong>Dopo 20 anni \u00a0Benni analizza l&#8217;evoluzione dello sport nella cultura popolare italiana con il solito piglio ironico e pungente 3.6.2020<\/li>\n<li><strong>Bar Sport Stefano Benni Mondadori 1976\u00a0<\/strong>Uno dei grandi classici della narrativa italiano lo sport visto con ironia da uno dei grandi scrittori italiani per ridere e sorridere \u00a0del mondo dello sport 2.6.2020<\/li>\n<li><strong>50 Anni Societ\u00e0 Atletica Bellinzona<\/strong> il libro sul mezzo secolo di esistenza di una delle due societ\u00e0 della capitale ticinese ricco di foto ed aneddoti 1.6.2020<\/li>\n<li><strong>La linea Blu Daniel De Roulet\u00a0<\/strong><span style=\"font-weight: 600;\">Mondadori <\/span>un romanzo ambientato tra la\u00a0maratona di New York e la Svizzera. Il protagonista impegnato nel correre la maratona in meno di 4 ore \u00a0ricorda la sua giovent\u00f9 in Svizzera quando fuggi di corsa tra le montagne 31.5.2020<\/li>\n<li><strong>Generazione Peter Sagan Sagan Giacomo Pellizzari 66thand2nd 2019<\/strong> La biografia di una dei grandi personaggi e campioni dell&#8217;ultima generazione del ciclismo uno sloveno imprevedibile e lottatore e vincente<\/li>\n<li>\n<p><strong>Questo sono io Usain Bolt Baldini&amp; Castoldi 2012<\/strong> La storia biografica dei primi anni della carriera e della vita di Usain Bolt 29.5.2020<\/p>\n<\/li>\n<li><strong>A Perdifiato Mauro Covacich la neve di Teseo<\/strong>\u00a0Un racconto tra Italia Ungheria e Stati Uniti. Un ex maratoneta finisce ad allenare la nazionale ungherese di maratona.\u00a0<\/li>\n<li><strong>Athletissima une ville un grand meeting Une passion IRL Plus 2013\u00a0<\/strong>Un libro per ricordare i momenti indelebili scritti sulle rive del Lemano dai grandi dell&#8217;atletica mondiale tra lo stadio di Ouchy e la Pontaise 27.5.2020<\/li>\n<li><strong>La corsa non finisce mai Pietro Paolo Mennea Daniele Menarini<\/strong>\u00a0Limina edizioni. Il primatista europeo dei 200 m Pietro Mennea si racconta a 4 mani con Daniele Menarini. Una Leggenda dello sport italiano e mondiale campione olimpico di Mosca racconta la sua carriera e la sua fatta di sacrifici tenacia e grinta. 26.5.2020<\/li>\n<li><span style=\"font-weight: 600;\">Atletica Helvetica 2019 Olivier Petitjean, J\u00f6rg Greb \u00a0Luca Calderara editore Athletix \u00a0<\/span>Un libro scritto da tre giornalisti indipendenti e con le foto di una delle migliori agenzie fotografiche dell&#8217;atletica svizzera 25.5.2020<\/li>\n<li><strong>Zatopek corre Emil Zatopek\u00a0<\/strong>Poldi Libri. La locomotiva umana, Emil Zatopek racconta la sua leggendaria carriera e la sua firma. Uno dei pi\u00f9 grandi atleti della Storia \u00a0capace di vincere in una sola olimpiade 5000 m-10000 m e maratona\u00a0<\/li>\n<li><strong>Il cimitero dei Pianoforti Jos\u00e9 Luis Peixoto Einaudi\u00a0<\/strong>Il romanzo prende spunto dall&#8217;episodio di Francisco Lazaro morto di insolazione durante la maratona delle olimpiadi del 1912 a Stoccolma. La storia intreccia la vita di un padre e di un figlio. 23.5.2020<\/li>\n<li><strong>Lo Zen e l&#8217;arte della corsa Larry Shapiro<\/strong> editore Ultra \u00a0Un libro che, partendo dalla corsa, spiega l&#8217;antica disciplina dello Zen molti spunti interessanti per cogliere gli aspetti positivi della vita 22.5.2020<\/li>\n<li><strong>Il ragazzo che cavalcava il vento di Leonardo Soresi 2011 edizioni spiritotrail\u00a0<\/strong>Un libro che racconta la storia di un ragazzo della trib\u00f9 dei Tarahumara \u00a0trib\u00f9 messicana che vive di corsa. 21.5.2020<\/li>\n<li><strong>Correre \u00e8 Bello Enrico Arcelli Sperling &amp; Kupfer 1978<\/strong>\u00a0Uno dei primi libri italiani sul mondo della corsa una bibbia negli anni 80 per il mondo della corsa da parte di uno dei pionieri della medicina sportiva italiana 20.5.2020<\/li>\n<li><strong>Lo Zen e l&#8217;arte della corsa<\/strong>\u00a0Luca Speciani 2001 edizioni correre \u00a0Un medico chirurgo specialisti in alimentazione ci svela i segreti della dell&#8217;antica arte giapponese e li collega alla corsa 19.5.2020<\/li>\n<li><strong>FTAL 35 Anni di Atletica in Ticino 2005\u00a0<\/strong> il libro sui primi 35 anni della Federazione Ticinese di atletica Leggera 18.5.2020<\/li>\n<li><span style=\"font-weight: 600;\"><i>Quei Giorni di Tutti<\/i> <\/span>\u00a0Enrico Carpani La buona Stampa 1997 Il libro che racconta i mondiali di Ciclismo di Lugano 1996\u00a0\u00a017.5.2020<\/li>\n<li><strong>L&#8217;arte della vittoria<\/strong> . Autobiografia del fondatore della Nike Phil Knight oscar Mondadori l&#8217;autobiografia del fondatore della popolare azienda col Baffo un allenatore leggendario dei college statunitensi\u00a0<\/li>\n16.5.2020\n<li><strong>Ti voglio in forma<\/strong> Luigi Nonella Edizioni Salvioni Una serie di articoli per Mantenersi in forma scritti dall&#8217;allenatore della nazionale di Maratona Luigi Nonella<\/li>\n<li>\n<p><strong>Corri&#8230; e Vola <\/strong>edizioni nonsolo storie Gli sportivi ticinesi si raccontano un&#8217;iidea della fondazione Abba che raccoglie 28 racconti di sportivi ticinesi 14.5.2020<\/p>\n<\/li>\n<li><strong>Trequarantesseteecinquantanove\u00a0<\/strong>Luigi Del Buono 2010 Streetlib L&#8217;atletica leggera, la pista i sacrifici per raggiungere un obbiettivo e migliorare se stessi 13.5.2020<\/li>\n<li><strong>Il pensatore senza pensieri\u00a0<\/strong>Giovanni Quirici 2010 Un grande arrampicatore e Biologo Capriaschese Ci regala un Inno alla vita raccontando un viaggio alla scoperta dell&#8217;india e di se stessi 12.05.2020<\/li>\n<li>\n<p><em><strong>Stand up, speak out<\/strong>.Claudio Pellecchia e Alessandro Cappelli Storia e storie di sport e diritti civili negli USA<\/em>, Kenness 2020, 205 pp. 10.5.2020 Le storie delle lotte del sportivi statunitensi \u00a0delle minoranze che hanno cambiato la storia del loro paese. Da Jesse Owens a Jackie Robinson passando per Tommie Smith e Bill Russell Billie Jean King,<\/p>\n<\/li>\n<li>\n<p><b>Pi\u00f9 veloce della Luce<\/b> Marco Giacomantonio 2017 Intrecci. Storia ambientata alla viglia dei giochi del centenario 2060 Roma 9.5.2020<\/p>\n<\/li>\n<li>\n<p><span style=\"color: #000000;\"><span style=\"font-family: Calibri, sans-serif;\"><span style=\"font-size: medium;\"><strong>30 Anni di Giro Media Blenio<\/strong> Elia Stampanoni La storia della grande classica podistica del nostro cantone 8.5.2020<\/span><\/span><\/span><\/p>\n<\/li>\n<li>\n<p><span style=\"color: #000000;\"><span style=\"font-family: Calibri, sans-serif;\"><span style=\"font-size: medium;\"><b>Ghost<\/b><\/span><\/span><\/span><span style=\"color: #000000;\"><span style=\"font-family: Calibri, sans-serif;\"><span style=\"font-size: medium;\"> Jason Reynolds Rizzoli 2018 ISBN carta: 9788817101219<\/span><\/span><\/span>CORRERE. \u00c8 quello che Ghost (vero nome Castle Cranshaw) sa far meglio. Ma non \u00e8 il suo sport. No, il suo sport \u00e8 sempre stato il basket. Finch\u00e9 un giorno decide, d\u2019impulso, di sfidare il velocista di punta di una squadra di atletica, e vince. Per quanto tu corra veloce non potrai mai scappare da te stesso 6.5.2020<\/p>\n<\/li>\n<li>\n<p><b>Corro perch\u00e9 mia mamma mi picchia<\/b> \u00e8 un libro di Giovanni Storti e Franz Rossi pubblicato nel 2013. La biografia sportiva di Giovanni Storti del celebre trio comico Aldo Giovanni e Giacomo. Podista appassionato che racconta con Franz Rossi diversi anedotti legati al mondo podistico 5.5.2020<\/p>\n<\/li>\n<li>\n<p><b>Il demone della corsa Stefano Frascoli<\/b> il secondo libero sull&#8217;atletica del giovane responsabile della comunity la gang degli atleti disagiati.Buona parte del libro \u00e8 ambientato nel campi d&#8217;allenamenti in altura. Tra il reale ed il surreale 4.5.2020<\/p>\n<\/li>\n<li>\n<p><a href=\"https:\/\/it.wikipedia.org\/wiki\/Il_sogno_del_maratoneta_(romanzo)\" target=\"_blank\" rel=\"noopener noreferrer\">15.4.2020 Giuseppe Pederiali, Il sogno del maratoneta<\/a>, Milano, Garzanti, 2008, pp.\u00a0280, ISBN\u00a0978-88-11-68610-1\u00a0Un romanzo su Dorando Pietri vincitore controverso della maratona Olimpiadi di Londra 1908\u00a0<\/p>\n<\/li>\n<li>\n<p><a href=\"https:\/\/www.sperling.it\/libri\/nati-per-correre-adharanand-finn\">Adharanand Finn, Nati per correre<\/a>\u00a0Sperling &amp; Kupfer 2012. La mia avventura in Kenya per scoprire i segreti degli uomini pi\u00f9 veloci del mondo 6 mesi in Kenya a contatto con la cultura che ha reso il Kenya uno dei fari del mezzofondo e fondo mondiale\u00a0<\/p>\n<\/li>\n<li>\n<p><a href=\"https:\/\/www.sperling.it\/libri\/larte-giapponese-di-correre-adharanand-finn\" target=\"_blank\" rel=\"noopener noreferrer\">Adharanand Finn, L&#8217;arte Giapponese di correre<\/a> Sperling &amp; Kupfer 2015. Dopo l&#8217;esperienza Kenyana Finn vola in Giappone alla ricerca dei segreti della straordinaria cultura giapponese della corsa. Paese che vanta un profondit\u00e0 di prestazione nel mezzofondo incredibile e dove le Ekiden, staffette su strada su distanze oltre i 100 k,m raccolgono pi\u00f9 audience degli sport di squadra.<\/p>\n<\/li>\n<li><a href=\"https:\/\/www.adelphi.it\/libro\/9788845915918\" target=\"_blank\" rel=\"noopener noreferrer\"><i><b>Il pi\u00f9 grande uomo scimmia del Pleistocene<\/b><\/i><\/a> \u00e8 un romanzo scritto dal giornalista inglese <a title=\"Roy Lewis\" href=\"https:\/\/it.wikipedia.org\/wiki\/Roy_Lewis\">Roy Lewis<\/a>\u00a0nel 1960, Adelphi 1982 isbn: 9788845915918. La fantascienza torna all&#8217;alba dell&#8217;umanit\u00e0 nella Rift Valley tra Vulcani ed altri insidie la famiglia umana cerca di evolversi necessari lo sprint per non diventare la cena, il trail per conquistarsi l&#8217;amore, i lanci per mangiare ed i salti per salvare la pelle.\u00a0<\/li>\n<li>\n<p><strong>L&#8217;arte di correre (\u8d70\u308b\u3053\u3068\u306b\u3064\u3044\u3066\u8a9e\u308b\u3068\u304d\u306b\u50d5\u306e\u8a9e\u308b\u3053\u3068<\/strong> Hashiru koto ni tsuite kataru toki ni boku no kataru koto?) \u00e8 un libro autobiografico di Haruki Murakami 2007 <a href=\"https:\/\/it.wikipedia.org\/wiki\/Haruki_Murakami\">Haruki Murakami<\/a>,\u00a0L&#8217;arte di correre, traduzione di\u00a0<a href=\"https:\/\/it.wikipedia.org\/w\/index.php?title=Antonietta_Pastore&amp;action=edit&amp;redlink=1\">Antonietta Pastore<\/a>, Frontiere Einaudi,\u00a0<a href=\"https:\/\/it.wikipedia.org\/wiki\/Giulio_Einaudi_Editore\">Einaudi<\/a>, 2009, pp.\u00a0157,\u00a0<a href=\"https:\/\/it.wikipedia.org\/wiki\/ISBN\">ISBN<\/a>\u00a0<a href=\"https:\/\/it.wikipedia.org\/wiki\/Speciale:RicercaISBN\/978-88-06-19951-7\">978-88-06-19951<\/a><a href=\"https:\/\/it.wikipedia.org\/wiki\/Speciale:RicercaISBN\/978-88-06-19951-7\">-7<\/a>.Un capolavoro di un grande scrittore che ama il mondo della corsa<\/p>\n<\/li>\n<li><a href=\"https:\/\/www.utetlibri.it\/libri\/running-wild\/\" target=\"_blank\" rel=\"noopener noreferrer\">Running Wild Markus Torgeby<\/a> \u00a0UTET 2018 ISBN <strong>9788851162320\u00a0<\/strong>Un giovane corre nell&#8217;adolescenza per trovare il suo equilibrio diventa una grande promessa ma si ferma per un grave infortunio. La rinascita passa dal ritirarsi nel \u00a0bosco e riscoprire l&#8217;autentica passione per la corsa<\/li>\n<li>\n<p><span style=\"color: #000000;\"><cite><span style=\"font-family: Calibri, sans-serif;\"><span style=\"font-size: medium;\"><i>L&#8217;Anticavallo<\/i><\/span><\/span><\/cite><cite><span style=\"font-family: Calibri, sans-serif;\"><span style=\"font-size: medium;\">, Milano Gianni Brera, BookTime, 2012. <a href=\"https:\/\/it.wikipedia.org\/wiki\/Speciale:RicercaISBN\/9788862182058\">ISBN 978-88-6218-205-8<\/a>. Le cronache pubblicate su Gazzetta del Giro d&#8217;italia del 1976 da parte di uno dei monumenti del giornalismo sportivo italiano <\/span><\/span><\/cite><\/span><\/p>\n<\/li>\n<li>\u00a0Massacre \u00e0 la cha\u00eene,Willy Voet, Calmann-L\u00e9vy, 1999 <small>(<a title=\"International Standard Book Number\" href=\"https:\/\/fr.wikipedia.org\/wiki\/International_Standard_Book_Number\">ISBN<\/a>\u00a0<a title=\"Sp\u00e9cial:Ouvrages de r\u00e9f\u00e9rence\/2290300624\" href=\"https:\/\/fr.wikipedia.org\/wiki\/Sp%C3%A9cial:Ouvrages_de_r%C3%A9f%C3%A9rence\/2290300624\">2290300624<\/a>) il Massaggiatore della Festina arrestato durante il tour 1998 racconta la sua odissea\u00a0<\/small><\/li>\n<li>A Microfono Spento \u00a0Ruggero Glaus Tipografia progetto Stampa Chiasso \u00a0anedotti e racconti di una delle storiche voci sportive del RSI<\/li>\n<li>\n<p><span style=\"color: #000000;\"><span style=\"font-family: Calibri, sans-serif;\"><span style=\"font-size: medium;\">Il giro del mondo in una coppa Stefano Bizzotto il saggiatore ISBN 9788842824183 Il cronista Rai racconta una storia per ogni edizione del mondiale legata ad un protagonista di ogni singola edizione uno sguardo ben oltre il campo da calcio. <\/span><\/span><\/span><\/p>\n<\/li>\n<li>\n<p><span style=\"color: #000000;\"><span style=\"font-family: Calibri, sans-serif;\"><span style=\"font-size: medium;\">Pi\u00f9 veloce dei ricordi Jeremy Jackson Giunti 2017 <\/span><\/span><\/span>ISBN: 9788809827011 Un ragazzo giovane atleta corre senza troppo passione, un incidente ai compagni di squadra cambia la sua motivazione .<\/p>\n<\/li>\n<li>\n<p><span style=\"color: #000000;\"><span style=\"font-family: Calibri, sans-serif;\"><span style=\"font-size: medium;\"><i><b>Qualcuno con cui correre<\/b><\/i><\/span><\/span><\/span><span style=\"color: #000000;\"><span style=\"font-family: Calibri, sans-serif;\"><span style=\"font-size: medium;\"> \u00e8 un <a href=\"https:\/\/it.wikipedia.org\/wiki\/Romanzo\">romanzo<\/a> di <a href=\"https:\/\/it.wikipedia.org\/wiki\/David_Grossman\">David Grossman<\/a> pubblicato nel <a href=\"https:\/\/it.wikipedia.org\/wiki\/2000\">2000<\/a>. <\/span><\/span><\/span>Un ragazzo corre dietro a un cane. In realt\u00e0 poi scopre che \u00e8 una cagna. La cagna di Tamar per la precisione. Chi \u00e8 questa ragazza? Come mai \u00e8 sparita dalla circolazione? \u00c8 quello che Assaf cerca di scoprire ripercorrendo le tappe della sua avventura attraverso i vicoli di Gerusalemme. Ricoprendo a uno a uno i suoi passi Assaf si innamora di questa ragazza sconosciuta e fa di tutto per ritrovarla.<br \/>Una storia fantastica che insegna a lottare e a non mollare mai, neanche quando la vita ci si rivolta contro. MS<\/p>\n<\/li>\n<li>\n<p>La Filosofia del Jogger Nicola Pfund 2012 Salvioni editore Un anno di riflessioni sulla corsa e sull&#8217;attivit\u00e0 sportiva e l&#8217;importanza per l&#8217;equilibrio di mente e corpo 29.4.2020<\/p>\n<\/li>\n<li>\n<p>Correre nel vento Stefano Frascoli 2015 46 brevi racconti sulla corsa da un giovane atleta ancora attivo. Racconti da leggere come si corresse un 800 m.Se per lui scrivere \u00e8 vitale, correre \u00e8 respirare la libert\u00e0.<\/p>\n<\/li>\n<li>\n<p><span style=\"color: #000000;\"><span style=\"font-family: Calibri, sans-serif;\"><span style=\"font-size: medium;\"><a href=\"https:\/\/it.wikipedia.org\/w\/index.php?title=La_ballata_del_pugile_suonato&amp;action=edit&amp;redlink=1\"><i>La ballata del pugile suonato<\/i><\/a>, Gianni Brera Milano, Booktime, 2012. <a href=\"https:\/\/it.wikipedia.org\/wiki\/Speciale:RicercaISBN\/9788862182072\">ISBN 978-88-6218-207-2<\/a>. Un romanzo ambientato negli anni di inizio &#8216;900 a Pianariva alla confluenza tra Olona e Po un semplice garzone di bottega diventa campione europeo di Boxe. <\/span><\/span><\/span><\/p>\n<\/li>\n<\/ul>\n<h2>Cinema e sport\u00a0<\/h2>\n<ul>\n<li><strong>Weglaufen geht nicht (CH 2018) regia Markus Walter<\/strong> La storia di una ragazza che dopo essere \u00a0vittima di un grave incidente ritrova la motivazione grazie allo sport.\u00a0<\/li>\n<li><b>Giovent\u00f9 amore e rabbia (la\u00a0<\/b><span style=\"font-weight: 600;\">solitudine<\/span><b>\u00a0della fondista)<\/b>\u00a0(GB 1962) regia un giovane ribelle finisce in un centro di rieducazione a seguito di un furto. Per fuggire dalla durezza della situazione \u00a0si rifugia nella sua passione per la corsa<\/li>\n<li><strong>Running (USA 1979)<\/strong> regia Steve Hillard Stern la storia tormentata di un&#8217;atleta che insegue il sogno olimpico di Montreal 1976<\/li>\n<li><strong>Marathon (USA 1988) regia di Terence Young\u00a0<\/strong>l&#8217;ultima film del regista \u00e8 ambientato a Roma e racconta la storia delle rivincita di una donna nei confronti del marito violento militare USA reduce dal Vietnam.\u00a0<\/li>\n<li>\n<p><strong>Der L\u00e4ufer CH 2018 regia di Hannes Baumgartne<\/strong>r il regista svizzero si ispira a fatti realmente accaduti, il film racconta la storia di uno specialista delle corse militari che punta alle olimpiadi ma poi incontra diverse difficolt\u00e0.<\/p>\n<\/li>\n<li><strong>The Jericho Mile (USA 1979)\u00a0<\/strong>Regia di Michael Mann \u00a0un parricida nella prigione Folsom Texas. Durante l&#8217;ergastolo cerca di qualificarsi per i giochi olimpici sui 1500 m \u00a08.6.2020<\/li>\n<li><strong>16 giorni di Gloria (USA 1985)<\/strong> Bud Greenspan Il film ufficiale delle olimpiadi del 1984 a Los Angeles<\/li>\n<li><strong>Gallipoli (AUS 1981) Peter Weir<\/strong> Un giovane atleta sogna le Olimpiadi ma finisce arruolato nell&#8217;esercito australiano durante la prima guerra mondiale e scoprir\u00e0 il volto disumano della battaglia di Gallipoli 6.6.2020<\/li>\n<li><b>Pelle di Rame (USA 1951) Michael Curtiz<\/b> \u00a0Racconta la storia del grande Jim Thorpe nativo americano vincitore a Stoccolma 1912 dei titoli olimpici di pentathlon e Decathlon,poi privato dei titoli per delle inezie, e grande protagonista del\u00a0<span style=\"font-weight: 600;\">Football<\/span>\u00a0american<b>o .5.6.2020<\/b><\/li>\n<li><strong>Rocky (USA 1976)<\/strong> <strong>Regia John C. Avildsen con Silvester Stallone\u00a0<\/strong>Il capostipite di una lunga serie di film sulla Boxe incentrata su Rocky Balboa 4.6.2020<\/li>\n<li><strong>Bend it like Beckham (GB\/D 2002) Regia Gurinder Chadha\u00a0<\/strong>con Parminder Nagra il calcio femminile come mezzo d&#8217;integrazione per una ragazza indiana nella Londra di ini<em>zio\u00a0<\/em><i>millennio. Il primo film occidentale trasmesso in Corea del Nord 3.6.2020<\/i><\/li>\n<li><strong>Bull Durham (USA 1988) Regia Ron Shelton<\/strong> con Kevin Kostner film sul mondo del baseball l&#8217;incontro tra una vecchia gloria un giovane promettente ed una insegnante con la passione del baseball.\u00a0<\/li>\n<li><strong>Borg McEnroe (S\/DK\/SF 2017) <\/strong>regia di Janus Metz con \u00a0Shia Laboeuf \u00a0racconta la storia della celebre rivalit\u00e0 Tennistica a cavallo tra gli anni 70\/80 tra lo svedese Bjorn Borg e lo statunitense John Mc Enroe 01.06.2020<\/li>\n<li><strong>The Blind Side (USA 2009<\/strong>) Regia di John Lee Hancock la vera storia di Michael Oher un ragazzo problematico che riesce grazie alla passione di una famiglia a trovare una carriera nel mondo dello sport 31.5. 2020<\/li>\n<li>\n<p><strong>Match Point (USA 2004)<\/strong> \u00e8 un film di Woody Allen \u00a0con Scarlett Johansson Ambientato nel mondo del Tennis si parla di avidit\u00e0, morte , amore, lussuria 30.5.2020<\/p>\n<\/li>\n<li>\n<p><strong>Foxcatcher (USA 2014)<\/strong> film di Bennet Miller La vera Storia del campione olimpico di lotta libera Dave Schultz e della complicata relazione con il suo amico ed allenatore John Du Pont<span style=\"color: #000000;\"><span style=\"font-family: Arial, sans-serif;\"><span style=\"font-size: small;\">.29.5.2020<\/span><\/span><\/span><\/p>\n<\/li>\n<li><strong>Jerry Maguire (USA 1996)\u00a0<\/strong>film di Cameron Crowe con il premio oscar Cuba Gooding Jr.. La pellicola racconta la storia di un procuratore sportivo che rivede le sue priorit\u00e0.\u00a0<\/li>\n<li>\n<p><strong>I Tonya (USA 2017)<\/strong> film di Craig Gillespie con Margot Robbie e Allison Janney racconta la storia della pattinatrice Tonya Harding la prima donna a compiere due tripli axel in un programma. Nota per la polemica nel 1994 con Nancy Kerrigan sua rivale nella corsa alle olimpiadi di Lillehammer<\/p>\n<\/li>\n<li><strong><a href=\"http:\/\/www.tuttigiu-film.ch\" target=\"_blank\" rel=\"noopener noreferrer\">Tutti gi\u00f9 (CH 2012)<\/a>\u00a0<\/strong>film di<a href=\"http:\/\/www.tuttigiu-film.ch\" target=\"_blank\" rel=\"noopener noreferrer\"> Niccol\u00f2 Castelli<\/a>\u00a0film ticinese che racconta il mondo dello sci e degli skatepark ed altre tematiche legata al mondo giovanile del nostro cantone \u00a026.5.2020<\/li>\n<li><strong>Running Brave (CAN 1983)<\/strong> film di D.S. Everett racconta la biografia del campione olimpico dei 10000 m di Tokyo 1964. \u00a0il \u00a0primo Nativo americano della trib\u00f9 sioux Oglala Lakotaa vincere un oro olimpico 25.5.2020<\/li>\n<li><strong>Invictus (USA 2009)\u00a0<\/strong><span style=\"font-size: inherit;\">film di Clint Eastwood con Matt Damon film ispirato alla vittoria del Sudafrica nella coppa del mondo di Rugby del 1994 ed al legame con la riappacifacazione del paese dopo l&#8217;appartheid grazie agli sforzi del presidente Nelson Mandela<\/span><\/li>\n<li><strong>Concussion (USA 2015)\u00a0<\/strong>\u00e8 un film di Peter Landesman con Wiil Smith. Il film racconta come il neuropatologo nigeriano Bennet Omalu scopre negli Stati Uniti la CTE. Una malattia degenerativa del cervello che colpisce in particolare i giocatori di Football americano e lo scontro del medico con NFL, la maggior lega professionistica degli USA. 23.05.2020<\/li>\n<li><strong>Bannister everest on the track<\/strong>\u00a0\u00e8 un documentario di <a href=\"https:\/\/www.imdb.com\/name\/nm5103113\/?ref_=tt_ov_dr\">Jeremy Mosher<\/a>, <a href=\"https:\/\/www.imdb.com\/name\/nm7174121\/?ref_=tt_ov_dr\">Tom Ratcliffe<\/a>\u00a0del 2016 \u00a0racconta le implicazioni psicologiche del record del mondo del miglio del neurologo Roger Bannister primo uomo il 6 maggio del 1954 a correre il miglio in meno di 4 minuti <a href=\"https:\/\/www.youtube.com\/watch?v=q--UlymgZX4\" target=\"_blank\" rel=\"noopener noreferrer\">il link YouTube<\/a><\/li>\n<li><span style=\"font-weight: 600;\">Moneyball<\/span><span style=\"font-weight: 600;\"> \u00e8 un film di Bennet Miller del 2011 racconta la storia di Billy Bean e di come b<\/span>asandosi sulla\u00a0statistica ha rivoluzionato il mondo del Baseball e lo sport di squadra 21.5.2020<\/li>\n<li>\n<p><span style=\"color: #0b0080;\"><span style=\"font-family: Arial, sans-serif;\"><span style=\"font-size: small;\"><strong><span style=\"color: #000000;\">42\u00a0<\/span><\/strong><\/span><\/span><\/span>\u00e8 un film di Brian Helgeland del 2013 racconta la vera storia di Jackie Robinson il primo giocatore afroamericano a diventare uno sportivo professionista nelle maggior leghe statunitensi. \u00a020.5.2020<\/p>\n<\/li>\n<li><strong>Saint Ralph<\/strong>\u00a0\u00e8 un film del canadese del 2004 scritto e diretto da Michael Mcgowan. Ambientato nel 1954 racconta la storia di un adoloscente che per sperare nel risveglio della madre dal coma comincia a prepararsi per la maratona di Boston 19.5.2020<\/li>\n<li>\n<p><i><b>Il sogno del maratoneta<\/b><\/i> \u00e8 una <a class=\"mw-redirect\" title=\"Miniserie televisiva\" href=\"https:\/\/it.wikipedia.org\/wiki\/Miniserie_televisiva\">miniserie televisiva<\/a> <a title=\"Italia\" href=\"https:\/\/it.wikipedia.org\/wiki\/Italia\">italiana<\/a> in due puntate del <a title=\"2012\" href=\"https:\/\/it.wikipedia.org\/wiki\/2012\">2012<\/a>.<\/p>\n<p>La fiction racconta la storia romanzata del leggendario <a title=\"Dorando Pietri\" href=\"https:\/\/it.wikipedia.org\/wiki\/Dorando_Pietri\">Dorando Pietri<\/a>, qui interpretato da <a title=\"Luigi Lo Cascio\" href=\"https:\/\/it.wikipedia.org\/wiki\/Luigi_Lo_Cascio\">Luigi Lo Cascio<\/a>, atleta italiano vincitore (poi squalificato) della <a title=\"Maratona (atletica leggera)\" href=\"https:\/\/it.wikipedia.org\/wiki\/Maratona_(atletica_leggera)\">maratona<\/a> alle <a title=\"Giochi della IV Olimpiade\" href=\"https:\/\/it.wikipedia.org\/wiki\/Giochi_della_IV_Olimpiade\">Olimpiadi di Londra del 1908<\/a>. 18.5.2020<\/p>\n<\/li>\n<li><i><b>Toro scatenato<\/b><\/i> (<i>Raging Bull<\/i>) \u00e8 un <a title=\"Film\" href=\"https:\/\/it.wikipedia.org\/wiki\/Film\">film<\/a> del <a title=\"1980\" href=\"https:\/\/it.wikipedia.org\/wiki\/1980\">1980<\/a> diretto da <a title=\"Martin Scorsese\" href=\"https:\/\/it.wikipedia.org\/wiki\/Martin_Scorsese\">Martin Scorsese<\/a>. con Robert De Niro uno dei grandi capolavori del cinema la autobiografia del pugile Jake La Motta 17.5.2020<\/li>\n<li><strong><a href=\"http:\/\/www.longgreenlinemovie.com\" target=\"_blank\" rel=\"noopener noreferrer\">The Long green line<\/a>\u00a0<\/strong>Un documentario del 2004 racconta la storia della squadra di cross \u00a0<a title=\"York Community High School\" href=\"https:\/\/en.wikipedia.org\/wiki\/York_Community_High_School\">York Community High School<\/a>\u00a0, \u00a0di <a title=\"Elmhurst, Illinois\" href=\"https:\/\/en.wikipedia.org\/wiki\/Elmhurst,_Illinois\">Elmhurst, Illinoi<\/a>s \u00a016.5.2020<\/li>\n<li><b>Coach Carter <\/b> \u00e8 un film del 2005 ispirato alla vera vita del coach di basket\u00a0Ken Carter, diretto da Thomas Carter ed interpretato da Samuel L. Jackson. Ken Carter allenatore id un Liceo dei sobborghi di Los Angeles motiva i suoi giocatori ad ottenre una borsa di studi universitaria.15.5.2020<\/li>\n<li><b><i><b>Due donne in gara<\/b><\/i> (<i>Personal best<\/i>) <\/b>\u00e8 un film <a class=\"mw-redirect\" title=\"Statunitense\" href=\"https:\/\/it.wikipedia.org\/wiki\/Statunitense\">statunitense<\/a> del <a title=\"1982\" href=\"https:\/\/it.wikipedia.org\/wiki\/1982\">1982<\/a> diretto da <a title=\"Robert Towne\" href=\"https:\/\/it.wikipedia.org\/wiki\/Robert_Towne\">Robert Towne<\/a>. La storia di due atlete rivali nella corsa alle Olimpiadi che devono confrontarsi \u00a0con i loro sentimenti 14.5.2020<\/li>\n<li><b><i><b>Il maratoneta<\/b><\/i> (<i>Marathon Man<\/i>) \u00e8<\/b> un <a title=\"Film\" href=\"https:\/\/it.wikipedia.org\/wiki\/Film\">film<\/a> del <a title=\"1976\" href=\"https:\/\/it.wikipedia.org\/wiki\/1976\">1976<\/a>, diretto da <a title=\"John Schlesinger\" href=\"https:\/\/it.wikipedia.org\/wiki\/John_Schlesinger\">John Schlesinger<\/a> e interpretato da <a title=\"Dustin Hoffman\" href=\"https:\/\/it.wikipedia.org\/wiki\/Dustin_Hoffman\">Dustin Hoffman<\/a> e <a title=\"Laurence Olivier\" href=\"https:\/\/it.wikipedia.org\/wiki\/Laurence_Olivier\">Laurence Olivier<\/a>, tratto dal romanzo di <a title=\"William Goldman\" href=\"https:\/\/it.wikipedia.org\/wiki\/William_Goldman\">William Goldman<\/a>, autore anche della sceneggiatura. Un Timido studente di storia che prepara la maratona di New York assiste durante un allenamento all&#8217;omicidio del fratello di un criminale nazista fuggito negli USA. 13.5.2020<\/li>\n<li><b><strong><i>Remember the Titans\u00a0<\/i><\/strong><\/b>\u00e8 un <a title=\"Film\" href=\"https:\/\/it.wikipedia.org\/wiki\/Film\">film<\/a> del <a title=\"2000\" href=\"https:\/\/it.wikipedia.org\/wiki\/2000\">2000<\/a> diretto da <a title=\"Boaz Yakin\" href=\"https:\/\/it.wikipedia.org\/wiki\/Boaz_Yakin\">Boaz Yakin<\/a>, con <a title=\"Denzel Washington\" href=\"https:\/\/it.wikipedia.org\/wiki\/Denzel_Washington\">Denzel Washington<\/a>, che narra le vicende realmente accadute della squadra di <a title=\"Football americano\" href=\"https:\/\/it.wikipedia.org\/wiki\/Football_americano\">football americano<\/a> del liceo T.C. Williams High School di <a title=\"Alexandria (Virginia)\" href=\"https:\/\/it.wikipedia.org\/wiki\/Alexandria_(Virginia)\">Alexandria (Virginia)<\/a>.12.5.2020<\/li>\n<li><b><i><b>Forrest Gump\u00a0<\/b><\/i><\/b>\u00e8 un film del <a title=\"1994\" href=\"https:\/\/it.wikipedia.org\/wiki\/1994\">1994<\/a> diretto da <a title=\"Robert Zemeckis\" href=\"https:\/\/it.wikipedia.org\/wiki\/Robert_Zemeckis\">Robert Zemeckis<\/a> e interpretato da <a title=\"Tom Hanks\" href=\"https:\/\/it.wikipedia.org\/wiki\/Tom_Hanks\">Tom Hanks<\/a>. Liberamente ispirato all&#8217;<a title=\"Forrest Gump (romanzo)\" href=\"https:\/\/it.wikipedia.org\/wiki\/Forrest_Gump_(romanzo)\">omonimo romanzo<\/a> di <a title=\"Winston Groom\" href=\"https:\/\/it.wikipedia.org\/wiki\/Winston_Groom\">Winston Groom<\/a> del <a title=\"1986\" href=\"https:\/\/it.wikipedia.org\/wiki\/1986\">1986<\/a>. La Storia di un ragazzo poco dotato che con tenacia e semplicit\u00e0 riesce a vivere una vita straordinaria distinguendosi in diversi sport.10.5.2020<\/li>\n<li>\n<p><b><b style=\"color: #000000; font-family: Calibri, sans-serif; font-size: medium;\">The programm <\/b><\/b><span style=\"color: #000000; font-family: Calibri, sans-serif; font-size: medium;\">\u00e8 un film di Stephen Frears\u00a0<span style=\"caret-color: #000000;\">Racconta<\/span>\u00a0la storia di Lance Armstrong del programma che lo ha portato ha vincere 7 tour de France con l&#8217;aiuto del medico Michele Ferrari 9.5.2020<\/span><\/p>\n<\/li>\n<li><b><i><b>Miracle<\/b><\/i> \u00e8 <\/b>un <a title=\"Film\" href=\"https:\/\/it.wikipedia.org\/wiki\/Film\">film<\/a> del <a title=\"2004\" href=\"https:\/\/it.wikipedia.org\/wiki\/2004\">2004<\/a> diretto da <a title=\"Gavin O'Connor (regista)\" href=\"https:\/\/it.wikipedia.org\/wiki\/Gavin_O%27Connor_(regista)\">Gavin O&#8217;Connor<\/a>. La vera storia della Nazionale Statunitense \u00a0campionessa olimpica di Hockey nei giochi Olimpici di casa a Lake Placid nel 1980 8.5.2020<\/li>\n<li>\n<p><b><span style=\"color: #000000;\"><span style=\"font-family: Calibri, sans-serif;\"><span style=\"font-size: medium;\"><b>Unbroken<\/b><\/span><\/span><\/span><\/b><span style=\"color: #000000;\"><span style=\"font-family: Calibri, sans-serif;\"><span style=\"font-size: medium;\">film del 2014 Diretto da Angelina Jolie La vera storia dell&#8217;atleta olimpico Louis Zamperini, ottavo alle olimpiiadi del 1936. Durante la guerra finisce prigioniero dei giapponesi 6.5.2020<\/span><\/span><\/span><\/p>\n<\/li>\n<li>\n<p><b><span style=\"color: #000000;\"><span style=\"font-family: Calibri, sans-serif;\"><span style=\"font-size: medium;\"><b><i>I formidabili<\/i><\/b> (<i>The Games<\/i>) \u00e8<\/span><\/span><\/span><\/b><span style=\"color: #000000;\"><span style=\"font-family: Calibri, sans-serif;\"><span style=\"font-size: medium;\"> un <\/span><\/span><\/span><span style=\"color: #000000;\"><span style=\"font-family: Calibri, sans-serif;\"><span style=\"font-size: medium;\"><a href=\"https:\/\/it.wikipedia.org\/wiki\/Film\">film<\/a> del <a href=\"https:\/\/it.wikipedia.org\/wiki\/1970\">1970<\/a> diretto da <a href=\"https:\/\/it.wikipedia.org\/wiki\/Michael_Winner\">Michael Winner<\/a>. Quattro Maratoneti; Un aborigeno Australiano, Un cecoslovacco, un britannico, uno statunitense preparano la maratona dei giochi Olimpici. Il film la motivazione che li spinge a correre e sognare i giochi Olimpici 5.5.2020<\/span><\/span><\/span><\/p>\n<\/li>\n<li>\n<p><b><span style=\"color: #000000;\"><span style=\"font-family: Calibri, sans-serif;\"><span style=\"font-size: medium;\"><i><b>Eddie the Eagle &#8211; <\/b><\/i><\/span><\/span><\/span><\/b><span style=\"color: #000000;\"><span style=\"font-family: Calibri, sans-serif;\"><span style=\"font-size: medium;\">\u00e8 un <\/span><\/span><\/span><a href=\"https:\/\/it.wikipedia.org\/wiki\/Film\">film<\/a><span style=\"color: #000000;\"><span style=\"font-family: Calibri, sans-serif;\"><span style=\"font-size: medium;\"> del <\/span><\/span><\/span><a href=\"https:\/\/it.wikipedia.org\/wiki\/2016\">2016<\/a><span style=\"color: #000000;\"><span style=\"font-family: Calibri, sans-serif;\"><span style=\"font-size: medium;\"> diretto da <\/span><\/span><\/span><a href=\"https:\/\/it.wikipedia.org\/wiki\/Dexter_Fletcher\">Dexter Fletcher<\/a><span style=\"color: #000000;\"><span style=\"font-family: Calibri, sans-serif;\"><span style=\"font-size: medium;\">. <\/span><\/span><\/span>Il film \u00e8 ispirato alla vera storia di <a href=\"https:\/\/it.wikipedia.org\/wiki\/Eddie_Edwards_(sciatore)\">Eddie &#8220;The Eagle&#8221; Edwards<\/a>, lo sciatore britannico che nel <a href=\"https:\/\/it.wikipedia.org\/wiki\/1988\">1988<\/a> divenne il primo atleta a rappresentare il <a href=\"https:\/\/it.wikipedia.org\/wiki\/Regno_Unito\">Regno Unito<\/a> alle <a href=\"https:\/\/it.wikipedia.org\/wiki\/Giochi_olimpici_invernali\">Olimpiadi invernali<\/a> nel salto con gli Sci 4.5.2020<\/p>\n<\/li>\n<li><b><i><b>Momenti di gloria<\/b><\/i> (<i>Chariots of Fire<\/i>) <\/b>\u00e8 un <a title=\"Film\" href=\"https:\/\/it.wikipedia.org\/wiki\/Film\">film<\/a> del <a title=\"1981\" href=\"https:\/\/it.wikipedia.org\/wiki\/1981\">1981<\/a> diretto da <a title=\"Hugh Hudson\" href=\"https:\/\/it.wikipedia.org\/wiki\/Hugh_Hudson\">Hugh Hudson<\/a>. Film sulle sui velocisti britannici \u00a0Harold Abrahams ed Eric Liddel alle Olimpiadi di Parigi 1924 con la fantastica colonna sonora di Vangelis\u00a0<\/li>\n<li><b><i><b>Prefontaine<\/b><\/i> \u00e8<\/b> un film del 1997 che documenta la vita del corridore da lunga distanza <a title=\"Steve Prefontaine\" href=\"https:\/\/it.wikipedia.org\/wiki\/Steve_Prefontaine\">Steve Prefontaine<\/a>. Il film \u00e8 stato scritto da <a title=\"Steve James (regista)\" href=\"https:\/\/it.wikipedia.org\/wiki\/Steve_James_(regista)\">Steve James<\/a> e Eugene Corr e diretto da <a title=\"Steve James (regista)\" href=\"https:\/\/it.wikipedia.org\/wiki\/Steve_James_(regista)\">Steve James<\/a>, mentre il protagonista \u00e8 stato interpretato da <a title=\"Jared Leto\" href=\"https:\/\/it.wikipedia.org\/wiki\/Jared_Leto\">Jared Leto.\u00a0<\/a>\u00a0La Storia di Steve Prefontaine uno dei grandi mezzofondisti USA degli anni 70 .<\/li>\n<li><b><i><b>Without Limits<\/b><\/i><\/b>\u00e8 un <a title=\"Film\" href=\"https:\/\/it.wikipedia.org\/wiki\/Film\">film<\/a> del <a title=\"1998\" href=\"https:\/\/it.wikipedia.org\/wiki\/1998\">1998<\/a> scritto e diretto da <a title=\"Robert Towne\" href=\"https:\/\/it.wikipedia.org\/wiki\/Robert_Towne\">Robert Towne<\/a>, sulla vita dell&#8217;atleta di <a title=\"Mezzofondo\" href=\"https:\/\/it.wikipedia.org\/wiki\/Mezzofondo\">mezzofondo<\/a> degli <a title=\"Anni 1970\" href=\"https:\/\/it.wikipedia.org\/wiki\/Anni_1970\">anni settanta<\/a><a title=\"Steve Prefontaine\" href=\"https:\/\/it.wikipedia.org\/wiki\/Steve_Prefontaine\">Steve Prefontaine<\/a>, Una seconda versione della storia di Steve Prefontaine con anche appunti interessanti sullo sviluppo del Nike.\u00a0<\/li>\n<li><b><i><b>McFarland, <\/b><\/i><\/b><i>USA<\/i> \u00e8 un film del <a title=\"2015\" href=\"https:\/\/it.wikipedia.org\/wiki\/2015\">2015<\/a> diretto da <a title=\"Niki Caro\" href=\"https:\/\/it.wikipedia.org\/wiki\/Niki_Caro\">Niki Caro<\/a>, basato su una storia vera. Kevin Kostner \u00e8 un allenatore di Basket che finisce in un college dove dal nulla notando il talento dei latinoamericani lancia il programma di cross portandolo ad innumerevoli successi<\/li>\n<li><b><i><b>Glory Road<\/b><\/i><\/b>\u00e8 un film del <a title=\"2006\" href=\"https:\/\/it.wikipedia.org\/wiki\/2006\">2006<\/a> diretto da <a title=\"James Gartner\" href=\"https:\/\/it.wikipedia.org\/wiki\/James_Gartner\">James Gartner<\/a>\u00a0basato sulla vera storia del college di University Texas El Paso squadra di Basket che per prima schier\u00f2 nella stagione 1965-66 un quintetto di giocatori di afroamericani.\u00a0<\/li>\n<li><b><i><b>Free to Run<\/b><\/i><\/b>\u00e8 un documentario \u00a0del 2016 \u00a0diretto da Pierre Morath (Allenatore CHP genere) racconta la storia della corsa come fenomeno popolare dagli anni &#8217;70 quando i podisti in tutto il mondo erano malvisti fino ai giorni nostri <a href=\"https:\/\/vimeo.com\/ondemand\/freetorunde\/318984948\" target=\"_blank\" rel=\"noopener noreferrer\">su Vimeo<\/a><\/li>\n<li>\n<p><b><span style=\"color: #000000;\"><b>Run Fat boy Run <\/b><\/span><\/b><span style=\"color: #000000;\">film del 2007 di David Schwimmer con Simon Pegg commedia su di un uomo sfiduciato decide di raccogliere la sfida e si prepara per correre la maratona di Londra <\/span><\/p>\n<\/li>\n<li>\n<p><b><b style=\"color: #000000; font-family: Calibri, sans-serif; font-size: medium;\">Fast girls\u00a0<\/b><\/b><span style=\"color: #000000; font-family: Calibri, sans-serif; font-size: medium;\">e un film britannico del 2012 diretto da Regan Hall con Lily James pensato per promuovere le olimpiadi di Londra \u00e8 ambientato \u00a0nell&#8217;ambiente\u00a0della velocit\u00e0\u00a0Brittanica che punta al grande appuntamento tra \u00a0crescita personale \u00a0rivalit\u00e0\u00a0<\/span><\/p>\n<\/li>\n<li>\n<p><b><span style=\"color: #000000;\"><span style=\"font-family: Calibri, sans-serif;\"><span style=\"font-size: medium;\"><b><i>Un ragazzo di Calabria<\/i><\/b><\/span><\/span><\/span><\/b><span style=\"color: #000000;\"><span style=\"font-family: Calibri, sans-serif;\"><span style=\"font-size: medium;\">\u00e8 un <\/span><\/span><\/span><span style=\"color: #000000;\"><span style=\"font-family: Calibri, sans-serif;\"><span style=\"font-size: medium;\"><a href=\"https:\/\/it.wikipedia.org\/wiki\/Film\">film<\/a><a href=\"https:\/\/it.wikipedia.org\/wiki\/Italia\">italiano<\/a> del <a href=\"https:\/\/it.wikipedia.org\/wiki\/1987\">1987<\/a>, diretto da <a href=\"https:\/\/it.wikipedia.org\/wiki\/Luigi_Comencini\">Luigi Comencini<\/a>. Ambientato nella Calabria degli anni &#8217;60 ha una grande passione per la corsa e vedendo la vittoria di Abebe Bikila a piedi scalzi inseguir\u00e0 il songo di partecipare ai giochi della gioovent\u00f9 di Roma<\/span><\/span><\/span><\/p>\n<\/li>\n<li>\n<p><b><span style=\"color: #000000;\"><span style=\"font-family: Calibri, sans-serif;\"><span style=\"font-size: medium;\"><b>Icarus <\/b><\/span><\/span><\/span><\/b><span style=\"color: #000000;\"><span style=\"font-family: Calibri, sans-serif;\"><span style=\"font-size: medium;\">\u00e8 un film del 2017 di Bryan Fogel\u00a0<\/span><\/span><\/span><span style=\"color: #000000;\"><span style=\"font-family: Calibri, sans-serif;\"><span style=\"font-size: medium;\">\u00a0film documentario che esplora i meandri del doping<\/span><\/span><\/span><\/p>\n<\/li>\n<li>\n<p><b><span style=\"color: #000000;\"><span style=\"font-family: Calibri, sans-serif;\"><span style=\"font-size: medium;\"><b><i>A un miglio da te<\/i><\/b> (<i>1 Mile to You<\/i>) <\/span><\/span><\/span><\/b><span style=\"color: #000000;\"><span style=\"font-family: Calibri, sans-serif;\"><span style=\"font-size: medium;\">\u00e8 un <\/span><\/span><\/span><span style=\"color: #000000;\"><span style=\"font-family: Calibri, sans-serif;\"><span style=\"font-size: medium;\"><a href=\"https:\/\/it.wikipedia.org\/wiki\/Film\">film<\/a><a href=\"https:\/\/it.wikipedia.org\/wiki\/Statunitense\">statunitense<\/a> del 2017 diretto da <a href=\"https:\/\/it.wikipedia.org\/w\/index.php?title=Leif_Tindel&amp;action=edit&amp;redlink=1\">Leif Tindel<\/a>. Ispirato al libro pi\u00f9 veloce dei ricordi con Tim Roth la storia di un ragazzo che perde i compagni di squadra in un incidente, il fatto cambia il suo atteggiamento verso la corsa<\/span><\/span><\/span><\/p>\n<\/li>\n<li>\n<p><b><span style=\"color: #000000;\"><span style=\"font-family: Calibri, sans-serif;\"><span style=\"font-size: medium;\"><b>Sein Letztes Rennen\u00a0<\/b>f<\/span><\/span><\/span><\/b><span style=\"color: #000000;\"><span style=\"font-family: Calibri, sans-serif;\"><span style=\"font-size: medium;\">ilm Tedesco del 2013 regia di Kilian Riedhoff la storia di un ex campione olimpico di maratona degli anni 50 \u00a0che dalla casa anziani decide di allenarsi per correre ancora una volta la maratona di Berlino<\/span><\/span><\/span><\/p>\n<\/li>\n<li>\n<p><b><span style=\"color: #000000;\"><span style=\"font-family: Calibri, sans-serif;\"><span style=\"font-size: medium;\"><b><i>L&#8217;atleta &#8211; Abebe Bikila<\/i><\/b> (<i>Atletu<\/i>) <\/span><\/span><\/span><\/b><span style=\"color: #000000;\"><span style=\"font-family: Calibri, sans-serif;\"><span style=\"font-size: medium;\">\u00e8 un <\/span><\/span><\/span><span style=\"color: #000000;\"><span style=\"font-family: Calibri, sans-serif;\"><span style=\"font-size: medium;\"><a href=\"https:\/\/it.wikipedia.org\/wiki\/Film\">film<\/a> del <a href=\"https:\/\/it.wikipedia.org\/wiki\/2009\">2009<\/a> diretto da <a href=\"https:\/\/it.wikipedia.org\/w\/index.php?title=Davey_Frankel&amp;action=edit&amp;redlink=1\">Davey Frankel<\/a> e <a href=\"https:\/\/it.wikipedia.org\/w\/index.php?title=Rasselas_Lakew&amp;action=edit&amp;redlink=1\">Rasselas Lakew<\/a>. Il film racconta gli ultimi anni di vita del leggendario Abebe Bikila doppio campione olimpico di maratona<\/span><\/span><\/span><\/p>\n<\/li>\n<li>\n<p><b><span style=\"color: #000000;\"><span style=\"font-family: Calibri, sans-serif;\"><span style=\"font-size: medium;\"><b><i>Qualcuno con cui correre<\/i><\/b><\/span><\/span><\/span><\/b><span style=\"color: #000000;\"><span style=\"font-family: Calibri, sans-serif;\"><span style=\"font-size: medium;\">\u00e8 un <\/span><\/span><\/span><span style=\"color: #000000;\"><span style=\"font-family: Calibri, sans-serif;\"><span style=\"font-size: medium;\"><a href=\"https:\/\/it.wikipedia.org\/wiki\/Film\">film<\/a> del <a href=\"https:\/\/it.wikipedia.org\/wiki\/2006\">2006<\/a> diretto da <a href=\"https:\/\/it.wikipedia.org\/w\/index.php?title=Oded_Davidoff&amp;action=edit&amp;redlink=1\">Oded Davidoff<\/a> basato sull&#8217;<a href=\"https:\/\/it.wikipedia.org\/wiki\/Qualcuno_con_cui_correre_(romanzo)\">omonimo romanzo<\/a> di <a href=\"https:\/\/it.wikipedia.org\/wiki\/David_Grossman\">David Grossman<\/a>. Una storia fantastica che insegna a lottare e a non mollare mai, neanche quando la vita ci si rivolta contro. M<\/span><\/span><\/span><\/p>\n<\/li>\n<li>\n<p><b><span style=\"color: #000000;\"><span style=\"font-family: Calibri, sans-serif;\"><span style=\"font-size: medium;\"><strong>Pietro Menna la freccia del Sud<\/strong><\/span><\/span><\/span><\/b><span style=\"color: #000000;\"><span style=\"font-family: Calibri, sans-serif;\"><span style=\"font-size: medium;\">Un mIniserie della Rai con la regia di Ricky Tognazzi dedicata al primatista mondiale dei 200 m (attualmente ancora primatista europeo) e campione Olimpico Pietro Mennea 3.5.2020<\/span><\/span><\/span><\/p>\n<\/li>\n<li><b>\u00a0<\/b><\/li>\n<\/ul>\n<p>\u00a0<\/p>\n","protected":false},"excerpt":{"rendered":"<p>Nel periodo particolare che stiamo vivendo \u00e8 importante mantenersi in forma fisica e mentale. Basilare \u00e8 anche seguire le indicazione delle autorit\u00e0 durante lo stato di necessita. L\u2019USC propone spunti per mantenersi in forma, per curare la mente ed il corpo e per approfondire arte, letteratura e storia dello sport.\u00a0 Potete scriverci per suggerimenti e spunti\u00a0 I link istituzionali governativi\u00a0 Ufficio federale della sanit\u00e0 Il sito del cantone I link delle federazioni atletiche\u00a0 \u00a0 Ticino&#8230;<\/p>\n","protected":false},"author":4,"featured_media":10050,"comment_status":"closed","ping_status":"closed","sticky":false,"template":"","format":"standard","meta":{"jetpack_post_was_ever_published":false,"_jetpack_newsletter_access":"","_jetpack_dont_email_post_to_subs":false,"_jetpack_newsletter_tier_id":0,"_jetpack_memberships_contains_paywalled_content":false,"_jetpack_memberships_contains_paid_content":false,"footnotes":"","jetpack_publicize_message":"","jetpack_publicize_feature_enabled":true,"jetpack_social_post_already_shared":false,"jetpack_social_options":{"image_generator_settings":{"template":"highway","default_image_id":0,"font":"","enabled":false},"version":2}},"categories":[7,30,12,10,9],"tags":[],"class_list":["post-10115","post","type-post","status-publish","format-standard","has-post-thumbnail","hentry","category-cross","category-diversi","category-nostregare","category-info","category-sport"],"jetpack_publicize_connections":[],"jetpack_featured_media_url":"https:\/\/i0.wp.com\/uscatletica.ch\/wp\/wp-content\/uploads\/2020\/03\/imm.png?fit=427%2C279&ssl=1","jetpack_sharing_enabled":true,"jetpack_shortlink":"https:\/\/wp.me\/p6V7Ck-2D9","jetpack-related-posts":[{"id":6610,"url":"https:\/\/uscatletica.ch\/wp\/?p=6610","url_meta":{"origin":10115,"position":0},"title":"GP FTAL AL LIDO USCINI IN FORMA CHIARA DUE MEDAGLIE A BIELLA","author":"Leonida Stampanoni","date":"22 Settembre 2018","format":false,"excerpt":"La stagione atletica degli elite ticinesi si \u00e8 chiusa sabato al Lido di Locarno con l'ultima\u00a0\u00a0tappa del GP FTAL, Meeting lungo ma con diversi spunti interessanti in palio anche i titoli cantonali sui 3000 m vinto da Emma Lucchina ed i 5000 m vinti da Tobia Pezzati. Solo tre gli\u2026","rel":"","context":"In &quot;Pista&quot;","block_context":{"text":"Pista","link":"https:\/\/uscatletica.ch\/wp\/?cat=4"},"img":{"alt_text":"","src":"https:\/\/i0.wp.com\/uscatletica.ch\/wp\/wp-content\/uploads\/2017\/09\/gb170924.jpg?fit=532%2C398&ssl=1&resize=350%2C200","width":350,"height":200,"srcset":"https:\/\/i0.wp.com\/uscatletica.ch\/wp\/wp-content\/uploads\/2017\/09\/gb170924.jpg?fit=532%2C398&ssl=1&resize=350%2C200 1x, https:\/\/i0.wp.com\/uscatletica.ch\/wp\/wp-content\/uploads\/2017\/09\/gb170924.jpg?fit=532%2C398&ssl=1&resize=525%2C300 1.5x"},"classes":[]},{"id":9884,"url":"https:\/\/uscatletica.ch\/wp\/?p=9884","url_meta":{"origin":10115,"position":1},"title":"Vola Matilda a Macolin","author":"Leonida Stampanoni","date":"2 Febbraio 2020","format":false,"excerpt":"La giornata alla Ende Der Welt non comincia bene con Giada che per alcuni problemi deve rinunciare alla gara del peso. Ma le velociste sono in gran forma e Matilda con il personale conquista un posto nella finale B dove conferma il buono stato di forma brava anche Leila ad\u2026","rel":"","context":"In &quot;Pista&quot;","block_context":{"text":"Pista","link":"https:\/\/uscatletica.ch\/wp\/?cat=4"},"img":{"alt_text":"","src":"https:\/\/i0.wp.com\/uscatletica.ch\/wp\/wp-content\/uploads\/2018\/06\/u14ukcfinti18.jpg?fit=432%2C323&ssl=1&resize=350%2C200","width":350,"height":200},"classes":[]},{"id":17018,"url":"https:\/\/uscatletica.ch\/wp\/?p=17018","url_meta":{"origin":10115,"position":2},"title":"Il campo di allenamento a Celle per il gruppo corse brevi e tecnica","author":"Leonida Stampanoni","date":"16 Aprile 2023","format":false,"excerpt":"Trasferta al mare per il tradizionale campo primaverile per il gruppo Corse brevi e discipline tecniche che nonostante il tempo uggioso hanno potuto affinare la forma per lanciare idealmente la stagione 2023\u00a0","rel":"","context":"In &quot;Pista&quot;","block_context":{"text":"Pista","link":"https:\/\/uscatletica.ch\/wp\/?cat=4"},"img":{"alt_text":"","src":"https:\/\/i0.wp.com\/uscatletica.ch\/wp\/wp-content\/uploads\/2023\/04\/image0mini.jpg?fit=432%2C324&ssl=1&resize=350%2C200","width":350,"height":200},"classes":[]},{"id":17211,"url":"https:\/\/uscatletica.ch\/wp\/?p=17211","url_meta":{"origin":10115,"position":3},"title":"A Gola di Lago per la 41a volta","author":"Stampa E","date":"5 Maggio 2023","format":false,"excerpt":"A Gola di Lago per la 41a volta Sabato pomeriggio in Capriasca si corre la 41a Tesserete-Gola di Lago, 7 km e 494 metri di dislivello per la prima tappa della Coppa ASTi di montagna 2023 di Elia Stampanoni\/USC Sabato 6 maggio torna l\u2019appuntamento primaverile con la Tesserete-Gola di Lago\u2026","rel":"","context":"In &quot;I nostri appuntamenti&quot;","block_context":{"text":"I nostri appuntamenti","link":"https:\/\/uscatletica.ch\/wp\/?cat=12"},"img":{"alt_text":"","src":"https:\/\/i0.wp.com\/uscatletica.ch\/wp\/wp-content\/uploads\/2022\/05\/partenza-GDL-2022-sito-USC-foto-SimonaCresta.jpg?fit=1114%2C663&ssl=1&resize=350%2C200","width":350,"height":200,"srcset":"https:\/\/i0.wp.com\/uscatletica.ch\/wp\/wp-content\/uploads\/2022\/05\/partenza-GDL-2022-sito-USC-foto-SimonaCresta.jpg?fit=1114%2C663&ssl=1&resize=350%2C200 1x, https:\/\/i0.wp.com\/uscatletica.ch\/wp\/wp-content\/uploads\/2022\/05\/partenza-GDL-2022-sito-USC-foto-SimonaCresta.jpg?fit=1114%2C663&ssl=1&resize=525%2C300 1.5x, https:\/\/i0.wp.com\/uscatletica.ch\/wp\/wp-content\/uploads\/2022\/05\/partenza-GDL-2022-sito-USC-foto-SimonaCresta.jpg?fit=1114%2C663&ssl=1&resize=700%2C400 2x, https:\/\/i0.wp.com\/uscatletica.ch\/wp\/wp-content\/uploads\/2022\/05\/partenza-GDL-2022-sito-USC-foto-SimonaCresta.jpg?fit=1114%2C663&ssl=1&resize=1050%2C600 3x"},"classes":[]},{"id":18852,"url":"https:\/\/uscatletica.ch\/wp\/?p=18852","url_meta":{"origin":10115,"position":4},"title":"CHIARA RECORD DEL MONDO A SARONNO","author":"Leonida Stampanoni","date":"4 Febbraio 2024","format":false,"excerpt":"La nostra atleta Chiara Zeni ha gareggiato sabato a Saronno in un meeting indoor di Salto in lungo. La forma \u00e8 ottima, infatti la nostra atleta ha migliorato in due volte il suo primato mondiale fissato a 3.64. Prima \u00e8 atterrata a 3.65 migliorando poi fino a 3.74. La misura\u2026","rel":"","context":"In &quot;Pista&quot;","block_context":{"text":"Pista","link":"https:\/\/uscatletica.ch\/wp\/?cat=4"},"img":{"alt_text":"","src":"https:\/\/i0.wp.com\/uscatletica.ch\/wp\/wp-content\/uploads\/2023\/11\/231130chiarazeniprima.jpg?fit=432%2C322&ssl=1&resize=350%2C200","width":350,"height":200},"classes":[]},{"id":18903,"url":"https:\/\/uscatletica.ch\/wp\/?p=18903","url_meta":{"origin":10115,"position":5},"title":"Robi di nuovo sotto i 30 minuti sui 10 km","author":"Leonida Stampanoni","date":"18 Febbraio 2024","format":false,"excerpt":"Il nostro Roberto Delorenzi \u00e8 nel pieno della stagione ed in grande forma domenica ha vinto la 10 km di Massa Carrara \"Corsa per Davide\" correndo in 29\"59 secondo tempo ticinese da sempre. Giada vittima di un piccolo infortunio in settimana non ha potuto prendere il via ai campionati svizzeri\u2026","rel":"","context":"In &quot;Podismo&quot;","block_context":{"text":"Podismo","link":"https:\/\/uscatletica.ch\/wp\/?cat=5"},"img":{"alt_text":"","src":"https:\/\/i0.wp.com\/uscatletica.ch\/wp\/wp-content\/uploads\/2017\/12\/robadricnatal17.jpg?fit=529%2C365&ssl=1&resize=350%2C200","width":350,"height":200,"srcset":"https:\/\/i0.wp.com\/uscatletica.ch\/wp\/wp-content\/uploads\/2017\/12\/robadricnatal17.jpg?fit=529%2C365&ssl=1&resize=350%2C200 1x, https:\/\/i0.wp.com\/uscatletica.ch\/wp\/wp-content\/uploads\/2017\/12\/robadricnatal17.jpg?fit=529%2C365&ssl=1&resize=525%2C300 1.5x"},"classes":[]}],"_links":{"self":[{"href":"https:\/\/uscatletica.ch\/wp\/index.php?rest_route=\/wp\/v2\/posts\/10115","targetHints":{"allow":["GET"]}}],"collection":[{"href":"https:\/\/uscatletica.ch\/wp\/index.php?rest_route=\/wp\/v2\/posts"}],"about":[{"href":"https:\/\/uscatletica.ch\/wp\/index.php?rest_route=\/wp\/v2\/types\/post"}],"author":[{"embeddable":true,"href":"https:\/\/uscatletica.ch\/wp\/index.php?rest_route=\/wp\/v2\/users\/4"}],"replies":[{"embeddable":true,"href":"https:\/\/uscatletica.ch\/wp\/index.php?rest_route=%2Fwp%2Fv2%2Fcomments&post=10115"}],"version-history":[{"count":166,"href":"https:\/\/uscatletica.ch\/wp\/index.php?rest_route=\/wp\/v2\/posts\/10115\/revisions"}],"predecessor-version":[{"id":10490,"href":"https:\/\/uscatletica.ch\/wp\/index.php?rest_route=\/wp\/v2\/posts\/10115\/revisions\/10490"}],"wp:featuredmedia":[{"embeddable":true,"href":"https:\/\/uscatletica.ch\/wp\/index.php?rest_route=\/wp\/v2\/media\/10050"}],"wp:attachment":[{"href":"https:\/\/uscatletica.ch\/wp\/index.php?rest_route=%2Fwp%2Fv2%2Fmedia&parent=10115"}],"wp:term":[{"taxonomy":"category","embeddable":true,"href":"https:\/\/uscatletica.ch\/wp\/index.php?rest_route=%2Fwp%2Fv2%2Fcategories&post=10115"},{"taxonomy":"post_tag","embeddable":true,"href":"https:\/\/uscatletica.ch\/wp\/index.php?rest_route=%2Fwp%2Fv2%2Ftags&post=10115"}],"curies":[{"name":"wp","href":"https:\/\/api.w.org\/{rel}","templated":true}]}}