{"id":10320,"date":"2020-05-14T14:12:49","date_gmt":"2020-05-14T12:12:49","guid":{"rendered":"http:\/\/uscatletica.ch\/wp\/?p=10320"},"modified":"2020-06-04T07:05:04","modified_gmt":"2020-06-04T05:05:04","slug":"ripresa-attivita","status":"publish","type":"post","link":"https:\/\/uscatletica.ch\/wp\/?p=10320","title":{"rendered":"Ripresa Allenamenti (concetto di protezione SA)"},"content":{"rendered":"\n<h2>L&#8217;Arena Sportiva rimarr\u00e0 chiusa causa lavori fino a met\u00e0 agosto\u00a0<\/h2>\n<h2><a href=\"https:\/\/ftal.ch\/wp-content\/uploads\/2020\/02\/200602_Schutzkonzept-Training_It.pdf\" target=\"_blank\" rel=\"noopener noreferrer\">IL NUOVO CONCETTO DI PROTEZIONE Swiss Athletics<\/a><\/h2>\n<p><strong>Ripresa dell&#8217; attivit\u00e0 atletica per il gruppo<\/strong> <strong>velocit\u00e0 e discipline tecniche<\/strong><\/p>\n<p>\u00a0<\/p>\n<p>In ottemperanza alle norme vigenti, il gruppo velocit\u00e0 e discipline tecniche ha ripreso le attivit\u00e0 marted\u00ec e mercoled\u00ec, proponendo due fasce orarie per serata; i 4 gruppi di 4 atleti sono potuti tornare ad allenarsi in &#8220;compagnia&#8221;.<\/p>\n<p>Questo dopo aver continuato l&#8217;attivit\u00e0 singolarmente da casa, seguendo i programmi inviati regolarmente e rispettando le regole imposte dalle autorit\u00e0.<\/p>\n<p>Questa ripresa permette di rivederli tutti e far sentire loro la vicinanza della societ\u00e0, oltre a testare la loro condizione fisica e lavorare finalmente vedendosi.<\/p>\n<p>Da parte nostra cercheremo di dare una buona regolarit\u00e0 a questi incontri, cos\u00ec da mantenere una linea comune e riavvicinarci pian piano alla normalit\u00e0.<\/p>\n<p>Un grazie ai ragazzi e alle ragazze che non hanno mai mollato; ed alla prima occasione hanno subito risposto presente.<\/p>\n<p>\u00a0<\/p>\n<p>Loris<\/p>\n<p>\u00a0<\/p>\n<p><strong>Gruppo corse \u00a0<\/strong><\/p>\n<p>La prima fase della crisi sanitaria, in ottemperanza alle regole imposte dallo stato necessit\u00e0, ci ha visti impegnati in allenamenti solitari da casa\u00a0ed in alcune videochiamate per mantenere i contatti. \u00a0Nel rispetto delle norme vigenti anche il gruppo corse ha ripreso l&#8217;attivit\u00e0, 4 gruppi su due serate: \u00a0luned\u00ec e gioved\u00ec. Stasera la prima serata ha avuto un buon successo e le ragazze sono tornate a casa soddisfatte. Per questi ragazzi non \u00e8 sempre facile allenarsi con costanza e con la giusta intensit\u00e0 da soli e senza lo stimolo della competizione, ma si pu\u00f2 affermare che in questi due mesi hanno fatto un buon lavoro individuale. Ora si tratta di completare la preparazione e affinare la tecnica di corsa in attesa delle prime gare.<\/p>\n<p>\u00a0<\/p>\n<p>Leonida<\/p>\n<div data-carousel-extra='{&quot;blog_id&quot;:1,&quot;permalink&quot;:&quot;https:\/\/uscatletica.ch\/wp\/?p=10320&quot;}' id='gallery-1' class='gallery galleryid-10320 gallery-columns-3 gallery-size-thumbnail'><figure class='gallery-item'>\n\t\t\t<div class='gallery-icon landscape'>\n\t\t\t\t<a href='https:\/\/uscatletica.ch\/wp\/?attachment_id=10323'><img loading=\"lazy\" decoding=\"async\" width=\"150\" height=\"150\" src=\"https:\/\/i0.wp.com\/uscatletica.ch\/wp\/wp-content\/uploads\/2020\/05\/IMG_7728.jpg?resize=150%2C150&amp;ssl=1\" class=\"attachment-thumbnail size-thumbnail\" alt=\"\" srcset=\"https:\/\/i0.wp.com\/uscatletica.ch\/wp\/wp-content\/uploads\/2020\/05\/IMG_7728.jpg?resize=150%2C150&amp;ssl=1 150w, https:\/\/i0.wp.com\/uscatletica.ch\/wp\/wp-content\/uploads\/2020\/05\/IMG_7728.jpg?resize=83%2C83&amp;ssl=1 83w, https:\/\/i0.wp.com\/uscatletica.ch\/wp\/wp-content\/uploads\/2020\/05\/IMG_7728.jpg?zoom=2&amp;resize=150%2C150&amp;ssl=1 300w, https:\/\/i0.wp.com\/uscatletica.ch\/wp\/wp-content\/uploads\/2020\/05\/IMG_7728.jpg?zoom=3&amp;resize=150%2C150&amp;ssl=1 450w\" sizes=\"auto, (max-width: 150px) 100vw, 150px\" data-attachment-id=\"10323\" data-permalink=\"https:\/\/uscatletica.ch\/wp\/?attachment_id=10323\" data-orig-file=\"https:\/\/i0.wp.com\/uscatletica.ch\/wp\/wp-content\/uploads\/2020\/05\/IMG_7728.jpg?fit=640%2C480&amp;ssl=1\" data-orig-size=\"640,480\" data-comments-opened=\"0\" data-image-meta=\"{&quot;aperture&quot;:&quot;1.8&quot;,&quot;credit&quot;:&quot;&quot;,&quot;camera&quot;:&quot;iPhone 7&quot;,&quot;caption&quot;:&quot;&quot;,&quot;created_timestamp&quot;:&quot;1589307502&quot;,&quot;copyright&quot;:&quot;&quot;,&quot;focal_length&quot;:&quot;3.99&quot;,&quot;iso&quot;:&quot;20&quot;,&quot;shutter_speed&quot;:&quot;0.0064102564102564&quot;,&quot;title&quot;:&quot;&quot;,&quot;orientation&quot;:&quot;1&quot;}\" data-image-title=\"IMG_7728\" data-image-description=\"\" data-image-caption=\"\" data-large-file=\"https:\/\/i0.wp.com\/uscatletica.ch\/wp\/wp-content\/uploads\/2020\/05\/IMG_7728.jpg?fit=640%2C480&amp;ssl=1\" \/><\/a>\n\t\t\t<\/div><\/figure><figure class='gallery-item'>\n\t\t\t<div class='gallery-icon landscape'>\n\t\t\t\t<a href='https:\/\/uscatletica.ch\/wp\/?attachment_id=10324'><img loading=\"lazy\" decoding=\"async\" width=\"150\" height=\"150\" src=\"https:\/\/i0.wp.com\/uscatletica.ch\/wp\/wp-content\/uploads\/2020\/05\/IMG_7730.jpg?resize=150%2C150&amp;ssl=1\" class=\"attachment-thumbnail size-thumbnail\" alt=\"\" srcset=\"https:\/\/i0.wp.com\/uscatletica.ch\/wp\/wp-content\/uploads\/2020\/05\/IMG_7730.jpg?resize=150%2C150&amp;ssl=1 150w, https:\/\/i0.wp.com\/uscatletica.ch\/wp\/wp-content\/uploads\/2020\/05\/IMG_7730.jpg?resize=83%2C83&amp;ssl=1 83w, https:\/\/i0.wp.com\/uscatletica.ch\/wp\/wp-content\/uploads\/2020\/05\/IMG_7730.jpg?zoom=2&amp;resize=150%2C150&amp;ssl=1 300w, https:\/\/i0.wp.com\/uscatletica.ch\/wp\/wp-content\/uploads\/2020\/05\/IMG_7730.jpg?zoom=3&amp;resize=150%2C150&amp;ssl=1 450w\" sizes=\"auto, (max-width: 150px) 100vw, 150px\" data-attachment-id=\"10324\" data-permalink=\"https:\/\/uscatletica.ch\/wp\/?attachment_id=10324\" data-orig-file=\"https:\/\/i0.wp.com\/uscatletica.ch\/wp\/wp-content\/uploads\/2020\/05\/IMG_7730.jpg?fit=640%2C480&amp;ssl=1\" data-orig-size=\"640,480\" data-comments-opened=\"0\" data-image-meta=\"{&quot;aperture&quot;:&quot;1.8&quot;,&quot;credit&quot;:&quot;&quot;,&quot;camera&quot;:&quot;iPhone 7&quot;,&quot;caption&quot;:&quot;&quot;,&quot;created_timestamp&quot;:&quot;1589308703&quot;,&quot;copyright&quot;:&quot;&quot;,&quot;focal_length&quot;:&quot;3.99&quot;,&quot;iso&quot;:&quot;50&quot;,&quot;shutter_speed&quot;:&quot;0.058823529411765&quot;,&quot;title&quot;:&quot;&quot;,&quot;orientation&quot;:&quot;1&quot;}\" data-image-title=\"IMG_7730\" data-image-description=\"\" data-image-caption=\"\" data-large-file=\"https:\/\/i0.wp.com\/uscatletica.ch\/wp\/wp-content\/uploads\/2020\/05\/IMG_7730.jpg?fit=640%2C480&amp;ssl=1\" \/><\/a>\n\t\t\t<\/div><\/figure><figure class='gallery-item'>\n\t\t\t<div class='gallery-icon landscape'>\n\t\t\t\t<a href='https:\/\/uscatletica.ch\/wp\/?attachment_id=10325'><img loading=\"lazy\" decoding=\"async\" width=\"150\" height=\"150\" src=\"https:\/\/i0.wp.com\/uscatletica.ch\/wp\/wp-content\/uploads\/2020\/05\/IMG_7760.jpg?resize=150%2C150&amp;ssl=1\" class=\"attachment-thumbnail size-thumbnail\" alt=\"\" srcset=\"https:\/\/i0.wp.com\/uscatletica.ch\/wp\/wp-content\/uploads\/2020\/05\/IMG_7760.jpg?resize=150%2C150&amp;ssl=1 150w, https:\/\/i0.wp.com\/uscatletica.ch\/wp\/wp-content\/uploads\/2020\/05\/IMG_7760.jpg?resize=83%2C83&amp;ssl=1 83w, https:\/\/i0.wp.com\/uscatletica.ch\/wp\/wp-content\/uploads\/2020\/05\/IMG_7760.jpg?zoom=2&amp;resize=150%2C150&amp;ssl=1 300w, https:\/\/i0.wp.com\/uscatletica.ch\/wp\/wp-content\/uploads\/2020\/05\/IMG_7760.jpg?zoom=3&amp;resize=150%2C150&amp;ssl=1 450w\" sizes=\"auto, (max-width: 150px) 100vw, 150px\" data-attachment-id=\"10325\" data-permalink=\"https:\/\/uscatletica.ch\/wp\/?attachment_id=10325\" data-orig-file=\"https:\/\/i0.wp.com\/uscatletica.ch\/wp\/wp-content\/uploads\/2020\/05\/IMG_7760.jpg?fit=640%2C480&amp;ssl=1\" data-orig-size=\"640,480\" data-comments-opened=\"0\" data-image-meta=\"{&quot;aperture&quot;:&quot;1.8&quot;,&quot;credit&quot;:&quot;&quot;,&quot;camera&quot;:&quot;iPhone 7&quot;,&quot;caption&quot;:&quot;&quot;,&quot;created_timestamp&quot;:&quot;1589394269&quot;,&quot;copyright&quot;:&quot;&quot;,&quot;focal_length&quot;:&quot;3.99&quot;,&quot;iso&quot;:&quot;100&quot;,&quot;shutter_speed&quot;:&quot;0.1&quot;,&quot;title&quot;:&quot;&quot;,&quot;orientation&quot;:&quot;1&quot;}\" data-image-title=\"IMG_7760\" data-image-description=\"\" data-image-caption=\"\" data-large-file=\"https:\/\/i0.wp.com\/uscatletica.ch\/wp\/wp-content\/uploads\/2020\/05\/IMG_7760.jpg?fit=640%2C480&amp;ssl=1\" \/><\/a>\n\t\t\t<\/div><\/figure><figure class='gallery-item'>\n\t\t\t<div class='gallery-icon landscape'>\n\t\t\t\t<a href='https:\/\/uscatletica.ch\/wp\/?attachment_id=10328'><img loading=\"lazy\" decoding=\"async\" width=\"150\" height=\"150\" src=\"https:\/\/i0.wp.com\/uscatletica.ch\/wp\/wp-content\/uploads\/2020\/05\/IMG_7769.jpg?resize=150%2C150&amp;ssl=1\" class=\"attachment-thumbnail size-thumbnail\" alt=\"\" srcset=\"https:\/\/i0.wp.com\/uscatletica.ch\/wp\/wp-content\/uploads\/2020\/05\/IMG_7769.jpg?resize=150%2C150&amp;ssl=1 150w, https:\/\/i0.wp.com\/uscatletica.ch\/wp\/wp-content\/uploads\/2020\/05\/IMG_7769.jpg?resize=83%2C83&amp;ssl=1 83w, https:\/\/i0.wp.com\/uscatletica.ch\/wp\/wp-content\/uploads\/2020\/05\/IMG_7769.jpg?zoom=2&amp;resize=150%2C150&amp;ssl=1 300w, https:\/\/i0.wp.com\/uscatletica.ch\/wp\/wp-content\/uploads\/2020\/05\/IMG_7769.jpg?zoom=3&amp;resize=150%2C150&amp;ssl=1 450w\" sizes=\"auto, (max-width: 150px) 100vw, 150px\" data-attachment-id=\"10328\" data-permalink=\"https:\/\/uscatletica.ch\/wp\/?attachment_id=10328\" data-orig-file=\"https:\/\/i0.wp.com\/uscatletica.ch\/wp\/wp-content\/uploads\/2020\/05\/IMG_7769.jpg?fit=640%2C480&amp;ssl=1\" data-orig-size=\"640,480\" data-comments-opened=\"0\" data-image-meta=\"{&quot;aperture&quot;:&quot;1.8&quot;,&quot;credit&quot;:&quot;&quot;,&quot;camera&quot;:&quot;iPhone 7&quot;,&quot;caption&quot;:&quot;&quot;,&quot;created_timestamp&quot;:&quot;1589397923&quot;,&quot;copyright&quot;:&quot;&quot;,&quot;focal_length&quot;:&quot;3.99&quot;,&quot;iso&quot;:&quot;25&quot;,&quot;shutter_speed&quot;:&quot;0.02&quot;,&quot;title&quot;:&quot;&quot;,&quot;orientation&quot;:&quot;1&quot;}\" data-image-title=\"IMG_7769\" data-image-description=\"\" data-image-caption=\"\" data-large-file=\"https:\/\/i0.wp.com\/uscatletica.ch\/wp\/wp-content\/uploads\/2020\/05\/IMG_7769.jpg?fit=640%2C480&amp;ssl=1\" \/><\/a>\n\t\t\t<\/div><\/figure><figure class='gallery-item'>\n\t\t\t<div class='gallery-icon landscape'>\n\t\t\t\t<a href='https:\/\/uscatletica.ch\/wp\/?attachment_id=10330'><img loading=\"lazy\" decoding=\"async\" width=\"150\" height=\"150\" src=\"https:\/\/i0.wp.com\/uscatletica.ch\/wp\/wp-content\/uploads\/2020\/05\/IMG_7774.jpg?resize=150%2C150&amp;ssl=1\" class=\"attachment-thumbnail size-thumbnail\" alt=\"\" srcset=\"https:\/\/i0.wp.com\/uscatletica.ch\/wp\/wp-content\/uploads\/2020\/05\/IMG_7774.jpg?resize=150%2C150&amp;ssl=1 150w, https:\/\/i0.wp.com\/uscatletica.ch\/wp\/wp-content\/uploads\/2020\/05\/IMG_7774.jpg?resize=83%2C83&amp;ssl=1 83w, https:\/\/i0.wp.com\/uscatletica.ch\/wp\/wp-content\/uploads\/2020\/05\/IMG_7774.jpg?zoom=2&amp;resize=150%2C150&amp;ssl=1 300w, https:\/\/i0.wp.com\/uscatletica.ch\/wp\/wp-content\/uploads\/2020\/05\/IMG_7774.jpg?zoom=3&amp;resize=150%2C150&amp;ssl=1 450w\" sizes=\"auto, (max-width: 150px) 100vw, 150px\" data-attachment-id=\"10330\" data-permalink=\"https:\/\/uscatletica.ch\/wp\/?attachment_id=10330\" data-orig-file=\"https:\/\/i0.wp.com\/uscatletica.ch\/wp\/wp-content\/uploads\/2020\/05\/IMG_7774.jpg?fit=640%2C480&amp;ssl=1\" data-orig-size=\"640,480\" data-comments-opened=\"0\" data-image-meta=\"{&quot;aperture&quot;:&quot;1.8&quot;,&quot;credit&quot;:&quot;&quot;,&quot;camera&quot;:&quot;iPhone 7&quot;,&quot;caption&quot;:&quot;&quot;,&quot;created_timestamp&quot;:&quot;1589399155&quot;,&quot;copyright&quot;:&quot;&quot;,&quot;focal_length&quot;:&quot;3.99&quot;,&quot;iso&quot;:&quot;100&quot;,&quot;shutter_speed&quot;:&quot;0.058823529411765&quot;,&quot;title&quot;:&quot;&quot;,&quot;orientation&quot;:&quot;1&quot;}\" data-image-title=\"IMG_7774\" data-image-description=\"\" data-image-caption=\"\" data-large-file=\"https:\/\/i0.wp.com\/uscatletica.ch\/wp\/wp-content\/uploads\/2020\/05\/IMG_7774.jpg?fit=640%2C480&amp;ssl=1\" \/><\/a>\n\t\t\t<\/div><\/figure>\n\t\t<\/div>\n\n<p>\u00a0<\/p>\n","protected":false},"excerpt":{"rendered":"<p>L&#8217;Arena Sportiva rimarr\u00e0 chiusa causa lavori fino a met\u00e0 agosto\u00a0 IL NUOVO CONCETTO DI PROTEZIONE Swiss Athletics Ripresa dell&#8217; attivit\u00e0 atletica per il gruppo velocit\u00e0 e discipline tecniche \u00a0 In ottemperanza alle norme vigenti, il gruppo velocit\u00e0 e discipline tecniche ha ripreso le attivit\u00e0 marted\u00ec e mercoled\u00ec, proponendo due fasce orarie per serata; i 4 gruppi di 4 atleti sono potuti tornare ad allenarsi in &#8220;compagnia&#8221;. Questo dopo aver continuato l&#8217;attivit\u00e0 singolarmente da casa, seguendo&#8230;<\/p>\n","protected":false},"author":4,"featured_media":10324,"comment_status":"closed","ping_status":"closed","sticky":false,"template":"","format":"standard","meta":{"jetpack_post_was_ever_published":false,"_jetpack_newsletter_access":"","_jetpack_dont_email_post_to_subs":false,"_jetpack_newsletter_tier_id":0,"_jetpack_memberships_contains_paywalled_content":false,"_jetpack_memberships_contains_paid_content":false,"footnotes":"","jetpack_publicize_message":"","jetpack_publicize_feature_enabled":true,"jetpack_social_post_already_shared":false,"jetpack_social_options":{"image_generator_settings":{"template":"highway","default_image_id":0,"font":"","enabled":false},"version":2}},"categories":[19,7,6,4,5,9],"tags":[],"class_list":["post-10320","post","type-post","status-publish","format-standard","has-post-thumbnail","hentry","category-corsa-dorientamento","category-cross","category-non-catalogato","category-pista","category-podismo","category-sport"],"jetpack_publicize_connections":[],"jetpack_featured_media_url":"https:\/\/i0.wp.com\/uscatletica.ch\/wp\/wp-content\/uploads\/2020\/05\/IMG_7730.jpg?fit=640%2C480&ssl=1","jetpack_sharing_enabled":true,"jetpack_shortlink":"https:\/\/wp.me\/p6V7Ck-2Gs","jetpack-related-posts":[{"id":19746,"url":"https:\/\/uscatletica.ch\/wp\/?p=19746","url_meta":{"origin":10320,"position":0},"title":"Ripresa degli allenamenti \u2013 Arena Sportiva Capriasca e Valcolla","author":"Leonida Stampanoni","date":"24 Agosto 2024","format":false,"excerpt":"Ripresa degli allenamenti \u2013 Arena Sportiva Capriasca e Valcolla Stagione 2024-2025 Ripresa degli allenamenti \u2013 Arena Sportiva Capriasca e Valcolla L\u2019USC Capriaschese vi d\u00e0 il benvenuto alla stagione atletica 2024-2025. Ecco le prime informazioni. Gli interessati possono presentarsi al primo allenamento per una seduta di prova e per ricevere ulteriori\u2026","rel":"","context":"In &quot;Altro&quot;","block_context":{"text":"Altro","link":"https:\/\/uscatletica.ch\/wp\/?cat=11"},"img":{"alt_text":"","src":"https:\/\/i0.wp.com\/uscatletica.ch\/wp\/wp-content\/uploads\/2024\/08\/image2dd.jpg?fit=432%2C324&ssl=1&resize=350%2C200","width":350,"height":200},"classes":[]},{"id":21094,"url":"https:\/\/uscatletica.ch\/wp\/?p=21094","url_meta":{"origin":10320,"position":1},"title":"Apertura stagione 2025-2026","author":"J S","date":"20 Agosto 2025","format":false,"excerpt":"Ripresa degli allenamenti \u2013 Arena Sportiva Capriasca e Valcolla L\u2019USC Capriaschese, nata oltre 50 anni fa, vi d\u00e0 il benvenuto alla stagione 2025-2026. La nostra societ\u00e0 gode di una solida tradizione sul territorio e racchiude molte discipline dall\u2019atletica al podismo alla corsa in salita ottenendo molteplici risultati, con competizioni a\u2026","rel":"","context":"In &quot;Altro&quot;","block_context":{"text":"Altro","link":"https:\/\/uscatletica.ch\/wp\/?cat=11"},"img":{"alt_text":"","src":"https:\/\/i0.wp.com\/uscatletica.ch\/wp\/wp-content\/uploads\/2025\/08\/usc_logocapra.jpg?fit=472%2C324&ssl=1&resize=350%2C200","width":350,"height":200},"classes":[]},{"id":10762,"url":"https:\/\/uscatletica.ch\/wp\/?p=10762","url_meta":{"origin":10320,"position":2},"title":"ALLENAMENTI 2020\/2021","author":"Leonida Stampanoni","date":"4 Settembre 2020","format":false,"excerpt":"ALLENAMENTI 2020\/2021 La seconda settimana di settembre inizieranno gli allenamenti USC all\u2019Arena sportiva Capriasca e Valcolla.Informazioni riguardanti il progetto di protezione Covid-19 saranno consegnate a tutti gli iscritti. Scuole elementari Il gruppo 1a-2a elementare (2013-2014) si allena il\u00a0gioved\u00ec dalle 17:15 alle 18:30,Ripresa degli allenamenti: gioved\u00ec 10 settembre 2020. Il gruppo\u2026","rel":"","context":"In &quot;I nostri appuntamenti&quot;","block_context":{"text":"I nostri appuntamenti","link":"https:\/\/uscatletica.ch\/wp\/?cat=12"},"img":{"alt_text":"","src":"https:\/\/i0.wp.com\/uscatletica.ch\/wp\/wp-content\/uploads\/2020\/09\/200902MGRISC.jpg?fit=421%2C316&ssl=1&resize=350%2C200","width":350,"height":200},"classes":[]},{"id":10516,"url":"https:\/\/uscatletica.ch\/wp\/?p=10516","url_meta":{"origin":10320,"position":3},"title":"La stagione Ticinese riparte da Bellinzona","author":"Leonida Stampanoni","date":"23 Giugno 2020","format":false,"excerpt":"Trascorso l'emergenza sanitaria, finalmente in Ticino si torna a gareggiare ad aprire la stagione sar\u00e0 il primo meeting serale di Bellinzona dove il 15 settembre torner\u00e0 il Gal\u00e0 Dei Castelli.\u00a0\u00a0Mercoled\u00ec sera al comunale saranno tre gli USCini al via Giada nel getto del Peso Leila e Matilde sui 100 m.\u2026","rel":"","context":"In &quot;Pista&quot;","block_context":{"text":"Pista","link":"https:\/\/uscatletica.ch\/wp\/?cat=4"},"img":{"alt_text":"","src":"https:\/\/i0.wp.com\/uscatletica.ch\/wp\/wp-content\/uploads\/2019\/08\/IMG_0908.jpg?fit=640%2C480&ssl=1&resize=350%2C200","width":350,"height":200,"srcset":"https:\/\/i0.wp.com\/uscatletica.ch\/wp\/wp-content\/uploads\/2019\/08\/IMG_0908.jpg?fit=640%2C480&ssl=1&resize=350%2C200 1x, https:\/\/i0.wp.com\/uscatletica.ch\/wp\/wp-content\/uploads\/2019\/08\/IMG_0908.jpg?fit=640%2C480&ssl=1&resize=525%2C300 1.5x"},"classes":[]},{"id":6396,"url":"https:\/\/uscatletica.ch\/wp\/?p=6396","url_meta":{"origin":10320,"position":4},"title":"Berlino 2018 50 USCini a St Moritz","author":"Leonida Stampanoni","date":"12 Agosto 2018","format":false,"excerpt":"Berlino 2018 campo d'allenamento USC\u00a0 a St Moritz. Il campo di Allenamento 2018 con diversi atleti USC reduci dalle tribune dei campionati europei di atletica 2018 prende il titolo dalla mascotte dei Medesimi. Nella capitale germanica l'atletica svizzera ha confermato la sua crescita. La settimana engadinese serviva ai nostri atleti\u2026","rel":"","context":"In &quot;Diversi&quot;","block_context":{"text":"Diversi","link":"https:\/\/uscatletica.ch\/wp\/?cat=30"},"img":{"alt_text":"","src":"https:\/\/i0.wp.com\/uscatletica.ch\/wp\/wp-content\/uploads\/2018\/08\/berlinstmoritz2018.jpg?fit=432%2C293&ssl=1&resize=350%2C200","width":350,"height":200},"classes":[]},{"id":6480,"url":"https:\/\/uscatletica.ch\/wp\/?p=6480","url_meta":{"origin":10320,"position":5},"title":"Allenamenti si riparte","author":"Leonida Stampanoni","date":"3 Settembre 2018","format":false,"excerpt":"ALLENAMENTI 2018\/2019 Tesserete: Scuole elementari Il gruppo 1-2 elementare(2011-2012) si allena il gioved\u00ec dalle 17:15 alle 18:30, ritrovo presso l\u2019Arena Capriasca e Valcolla. Ripresa degli allenamenti il 13 settembre 2018. Il gruppo 3-4-5 elementare (2008-2009-2010) si allena il marted\u00ec dalle 17:15 alle 18:45, ritrovo presso l\u2019Arena Capriasca e Valcolla. Ripresa\u2026","rel":"","context":"In &quot;Altro&quot;","block_context":{"text":"Altro","link":"https:\/\/uscatletica.ch\/wp\/?cat=11"},"img":{"alt_text":"","src":"https:\/\/i0.wp.com\/uscatletica.ch\/wp\/wp-content\/uploads\/2018\/07\/ticino2018ukc.jpg?fit=432%2C288&ssl=1&resize=350%2C200","width":350,"height":200},"classes":[]}],"_links":{"self":[{"href":"https:\/\/uscatletica.ch\/wp\/index.php?rest_route=\/wp\/v2\/posts\/10320","targetHints":{"allow":["GET"]}}],"collection":[{"href":"https:\/\/uscatletica.ch\/wp\/index.php?rest_route=\/wp\/v2\/posts"}],"about":[{"href":"https:\/\/uscatletica.ch\/wp\/index.php?rest_route=\/wp\/v2\/types\/post"}],"author":[{"embeddable":true,"href":"https:\/\/uscatletica.ch\/wp\/index.php?rest_route=\/wp\/v2\/users\/4"}],"replies":[{"embeddable":true,"href":"https:\/\/uscatletica.ch\/wp\/index.php?rest_route=%2Fwp%2Fv2%2Fcomments&post=10320"}],"version-history":[{"count":9,"href":"https:\/\/uscatletica.ch\/wp\/index.php?rest_route=\/wp\/v2\/posts\/10320\/revisions"}],"predecessor-version":[{"id":10471,"href":"https:\/\/uscatletica.ch\/wp\/index.php?rest_route=\/wp\/v2\/posts\/10320\/revisions\/10471"}],"wp:featuredmedia":[{"embeddable":true,"href":"https:\/\/uscatletica.ch\/wp\/index.php?rest_route=\/wp\/v2\/media\/10324"}],"wp:attachment":[{"href":"https:\/\/uscatletica.ch\/wp\/index.php?rest_route=%2Fwp%2Fv2%2Fmedia&parent=10320"}],"wp:term":[{"taxonomy":"category","embeddable":true,"href":"https:\/\/uscatletica.ch\/wp\/index.php?rest_route=%2Fwp%2Fv2%2Fcategories&post=10320"},{"taxonomy":"post_tag","embeddable":true,"href":"https:\/\/uscatletica.ch\/wp\/index.php?rest_route=%2Fwp%2Fv2%2Ftags&post=10320"}],"curies":[{"name":"wp","href":"https:\/\/api.w.org\/{rel}","templated":true}]}}