{"id":10359,"date":"2020-05-21T05:43:22","date_gmt":"2020-05-21T03:43:22","guid":{"rendered":"http:\/\/uscatletica.ch\/wp\/?p=10359"},"modified":"2020-06-07T12:40:47","modified_gmt":"2020-06-07T10:40:47","slug":"latletica-pian-piano-si-risveglia","status":"publish","type":"post","link":"https:\/\/uscatletica.ch\/wp\/?p=10359","title":{"rendered":"L&#8217;Atletica pian piano si risveglia"},"content":{"rendered":"\n<p>Mercoledi in Norvegia a Stavanger \u00a0si \u00e8 corsa una 5 km nella quale Jakob Ingebritsen ha corso in 13.29 il nuovo primato nazionale, luned\u00ec 8 giugno a Dusseldorf ci sar\u00e0 una concorso di salto con l&#8217;asta in un cinema Drive In. World Athletics ha lanciato il Garden Clash per ora i migliori astisti si sono sfidati nei loro giardini di casa in una prova di resistenza \u00a0saltando per mezz&#8217;ora a casa loro . Tra gli uomini all&#8217;altezza di 5 m \u00a0parit\u00e0 tra gli ultimi due primatisti mondiali Armand Duplantis e Renaud Lavillenie con 36 salti \u00a0terzo Sam Kendricks. Le tre donne hanno potuto saltare i 4 m \u00a0nel loro stadio di allenamento ha vinto Katerina Stefandi 34 salti validi, \u00a0seconda Katie Nageotte terza Alysha Newman<\/p>\n<p>In Italia si \u00e8 corso 3000 Don Kenya ognuno ha corso dove poteva un 3000 m hanno vinto Yeman Crippa e Sarah Giomi.\u00a0<\/p>\n<p>In Svizzera il primo appuntamento sar\u00e0 con<a href=\"https:\/\/www.onemillionrun.ch\" target=\"_blank\" rel=\"noopener noreferrer\"> Onemillion Run\u00a0\u00a0<\/a>\u00a0il 30-31 maggio ci si pu\u00f2 iscrivere gratuitamente oppure pagando un&#8217;offerta a favore dell&#8217;aiuto allo sport svizzero. Il 30-31 maggio l&#8217;obiettivo \u00e8 di raggiungere correndo nel rispetto delle norme dello stato di necessit\u00e0 \u00a01 milione di km in Svizzera.\u00a0<\/p>\n","protected":false},"excerpt":{"rendered":"<p>Mercoledi in Norvegia a Stavanger \u00a0si \u00e8 corsa una 5 km nella quale Jakob Ingebritsen ha corso in 13.29 il nuovo primato nazionale, luned\u00ec 8 giugno a Dusseldorf ci sar\u00e0 una concorso di salto con l&#8217;asta in un cinema Drive In. World Athletics ha lanciato il Garden Clash per ora i migliori astisti si sono sfidati nei loro giardini di casa in una prova di resistenza \u00a0saltando per mezz&#8217;ora a casa loro . Tra gli&#8230;<\/p>\n","protected":false},"author":4,"featured_media":9757,"comment_status":"closed","ping_status":"closed","sticky":false,"template":"","format":"standard","meta":{"jetpack_post_was_ever_published":false,"_jetpack_newsletter_access":"","_jetpack_dont_email_post_to_subs":false,"_jetpack_newsletter_tier_id":0,"_jetpack_memberships_contains_paywalled_content":false,"_jetpack_memberships_contains_paid_content":false,"footnotes":"","jetpack_publicize_message":"","jetpack_publicize_feature_enabled":true,"jetpack_social_post_already_shared":false,"jetpack_social_options":{"image_generator_settings":{"template":"highway","default_image_id":0,"font":"","enabled":false},"version":2}},"categories":[6,4,5],"tags":[],"class_list":["post-10359","post","type-post","status-publish","format-standard","has-post-thumbnail","hentry","category-non-catalogato","category-pista","category-podismo"],"jetpack_publicize_connections":[],"jetpack_featured_media_url":"https:\/\/i0.wp.com\/uscatletica.ch\/wp\/wp-content\/uploads\/2020\/01\/08.jpg?fit=432%2C288&ssl=1","jetpack_sharing_enabled":true,"jetpack_shortlink":"https:\/\/wp.me\/p6V7Ck-2H5","jetpack-related-posts":[{"id":6610,"url":"https:\/\/uscatletica.ch\/wp\/?p=6610","url_meta":{"origin":10359,"position":0},"title":"GP FTAL AL LIDO USCINI IN FORMA CHIARA DUE MEDAGLIE A BIELLA","author":"Leonida Stampanoni","date":"22 Settembre 2018","format":false,"excerpt":"La stagione atletica degli elite ticinesi si \u00e8 chiusa sabato al Lido di Locarno con l'ultima\u00a0\u00a0tappa del GP FTAL, Meeting lungo ma con diversi spunti interessanti in palio anche i titoli cantonali sui 3000 m vinto da Emma Lucchina ed i 5000 m vinti da Tobia Pezzati. Solo tre gli\u2026","rel":"","context":"In &quot;Pista&quot;","block_context":{"text":"Pista","link":"https:\/\/uscatletica.ch\/wp\/?cat=4"},"img":{"alt_text":"","src":"https:\/\/i0.wp.com\/uscatletica.ch\/wp\/wp-content\/uploads\/2017\/09\/gb170924.jpg?fit=532%2C398&ssl=1&resize=350%2C200","width":350,"height":200,"srcset":"https:\/\/i0.wp.com\/uscatletica.ch\/wp\/wp-content\/uploads\/2017\/09\/gb170924.jpg?fit=532%2C398&ssl=1&resize=350%2C200 1x, https:\/\/i0.wp.com\/uscatletica.ch\/wp\/wp-content\/uploads\/2017\/09\/gb170924.jpg?fit=532%2C398&ssl=1&resize=525%2C300 1.5x"},"classes":[]},{"id":16761,"url":"https:\/\/uscatletica.ch\/wp\/?p=16761","url_meta":{"origin":10359,"position":1},"title":"Chiara Mondiale nel Lungo e campionessa italiana sui 200 m","author":"Leonida Stampanoni","date":"1 Marzo 2023","format":false,"excerpt":"Chiara impegnata ai campionati italiani indoor ha colto due ori sui 200 m e nel salto in lungo dove ha pure firmato il primato Italiano, europeo e mondiale.\u00a0 Chiara Mondiale nel Lungo e campionessa italiana sui 200 m La nostra infaticabile Chiara ha debuttato col botto nel 2023 ai campionati\u2026","rel":"","context":"In &quot;Pista&quot;","block_context":{"text":"Pista","link":"https:\/\/uscatletica.ch\/wp\/?cat=4"},"img":{"alt_text":"","src":"https:\/\/i0.wp.com\/uscatletica.ch\/wp\/wp-content\/uploads\/2023\/03\/chiara230226r-240x300.jpg?resize=350%2C200&ssl=1","width":350,"height":200},"classes":[]},{"id":4848,"url":"https:\/\/uscatletica.ch\/wp\/?p=4848","url_meta":{"origin":10359,"position":2},"title":"USCini Brillanti da Bellinzona a Kostanza (Triathlon e CO)","author":"Leonida Stampanoni","date":"3 Settembre 2017","format":false,"excerpt":"Fine settimana in pista caratterizzato dalla Finale del GP Ticino FTAL a Bellinzona e da Chiara impegnata ai Bodensee Games a Konstanz. Nella Capitale una quindicina di USCini impegnati in tutti i campi dell'atletica tra piste e pedane in palio anche il titoli cantonali nel fondo sui 5000m due medaglie\u2026","rel":"","context":"In &quot;CO&quot;","block_context":{"text":"CO","link":"https:\/\/uscatletica.ch\/wp\/?cat=19"},"img":{"alt_text":"","src":"https:\/\/i0.wp.com\/uscatletica.ch\/wp\/wp-content\/uploads\/2017\/06\/P1470595.jpg?fit=563%2C751&ssl=1&resize=350%2C200","width":350,"height":200,"srcset":"https:\/\/i0.wp.com\/uscatletica.ch\/wp\/wp-content\/uploads\/2017\/06\/P1470595.jpg?fit=563%2C751&ssl=1&resize=350%2C200 1x, https:\/\/i0.wp.com\/uscatletica.ch\/wp\/wp-content\/uploads\/2017\/06\/P1470595.jpg?fit=563%2C751&ssl=1&resize=525%2C300 1.5x"},"classes":[]},{"id":4295,"url":"https:\/\/uscatletica.ch\/wp\/?p=4295","url_meta":{"origin":10359,"position":3},"title":"Simone debutta sui 400 m ostacoli","author":"Leonida Stampanoni","date":"20 Maggio 2017","format":false,"excerpt":"In serata al meeting di Locarno Simone, dopo le positive esperienze dello scorso anno sui 300 m h si cimentava per la prima volta sulla distanza olimpica dei 400 m ostacoli. Alla fine ha vinto la sua batteria in 60\"56 ottenendo il limite per i campionati ticinesi assoluti dove potr\u00e0\u2026","rel":"","context":"In &quot;Pista&quot;","block_context":{"text":"Pista","link":"https:\/\/uscatletica.ch\/wp\/?cat=4"},"img":{"alt_text":"","src":"https:\/\/i0.wp.com\/uscatletica.ch\/wp\/wp-content\/uploads\/2016\/09\/P1430671.jpg?fit=563%2C422&ssl=1&resize=350%2C200","width":350,"height":200,"srcset":"https:\/\/i0.wp.com\/uscatletica.ch\/wp\/wp-content\/uploads\/2016\/09\/P1430671.jpg?fit=563%2C422&ssl=1&resize=350%2C200 1x, https:\/\/i0.wp.com\/uscatletica.ch\/wp\/wp-content\/uploads\/2016\/09\/P1430671.jpg?fit=563%2C422&ssl=1&resize=525%2C300 1.5x"},"classes":[]},{"id":17354,"url":"https:\/\/uscatletica.ch\/wp\/?p=17354","url_meta":{"origin":10359,"position":4},"title":"Un gran bel Meeting Capriaschese sotto la pioggia","author":"Leonida Stampanoni","date":"24 Maggio 2023","format":false,"excerpt":"La pioggia e le folate di vento non hanno frenato l'entusiasmo dei 200 atleti scesi in pista al meeting Capriaschese, ottimamente riuscito grazie allo sforzo organizzativo appassionato dei collaboratori USC.\u00a0 A livello agonistico sono stati sfiorati due primati dello stadio con Simone Roberto sugli 800 m e con Niang Sokhna\u2026","rel":"","context":"In &quot;Altro&quot;","block_context":{"text":"Altro","link":"https:\/\/uscatletica.ch\/wp\/?cat=11"},"img":{"alt_text":"","src":"https:\/\/i0.wp.com\/uscatletica.ch\/wp\/wp-content\/uploads\/2023\/05\/Meeting-USC-24-maggio-Foto-EliSta-5-scaled.jpg?fit=1200%2C800&ssl=1&resize=350%2C200","width":350,"height":200,"srcset":"https:\/\/i0.wp.com\/uscatletica.ch\/wp\/wp-content\/uploads\/2023\/05\/Meeting-USC-24-maggio-Foto-EliSta-5-scaled.jpg?fit=1200%2C800&ssl=1&resize=350%2C200 1x, https:\/\/i0.wp.com\/uscatletica.ch\/wp\/wp-content\/uploads\/2023\/05\/Meeting-USC-24-maggio-Foto-EliSta-5-scaled.jpg?fit=1200%2C800&ssl=1&resize=525%2C300 1.5x, https:\/\/i0.wp.com\/uscatletica.ch\/wp\/wp-content\/uploads\/2023\/05\/Meeting-USC-24-maggio-Foto-EliSta-5-scaled.jpg?fit=1200%2C800&ssl=1&resize=700%2C400 2x, https:\/\/i0.wp.com\/uscatletica.ch\/wp\/wp-content\/uploads\/2023\/05\/Meeting-USC-24-maggio-Foto-EliSta-5-scaled.jpg?fit=1200%2C800&ssl=1&resize=1050%2C600 3x"},"classes":[]},{"id":3328,"url":"https:\/\/uscatletica.ch\/wp\/?p=3328","url_meta":{"origin":10359,"position":5},"title":"CT Salti lanciata la stagione Indoor (Rassegna Stampa)","author":"Leonida Stampanoni","date":"16 Gennaio 2017","format":false,"excerpt":"Un'ottantina di atleti erano la via della seconda edizione dei campionati Ticinesi indoor di salti. l'USC era al via con un terzetto Nina Giada ed Alessia. Classifiche\u00a0Articolo la Regione\u00a0Articolo GDP Nel salto in lungo vinto da Maeva Tahou con 5.27 m Giada dopo un inizio timido \u00e8 volata \u00a0a 4.83\u2026","rel":"","context":"In &quot;Pista&quot;","block_context":{"text":"Pista","link":"https:\/\/uscatletica.ch\/wp\/?cat=4"},"img":{"alt_text":"","src":"https:\/\/i0.wp.com\/uscatletica.ch\/wp\/wp-content\/uploads\/2016\/05\/altocloeevide.png?fit=558%2C363&ssl=1&resize=350%2C200","width":350,"height":200,"srcset":"https:\/\/i0.wp.com\/uscatletica.ch\/wp\/wp-content\/uploads\/2016\/05\/altocloeevide.png?fit=558%2C363&ssl=1&resize=350%2C200 1x, https:\/\/i0.wp.com\/uscatletica.ch\/wp\/wp-content\/uploads\/2016\/05\/altocloeevide.png?fit=558%2C363&ssl=1&resize=525%2C300 1.5x"},"classes":[]}],"_links":{"self":[{"href":"https:\/\/uscatletica.ch\/wp\/index.php?rest_route=\/wp\/v2\/posts\/10359","targetHints":{"allow":["GET"]}}],"collection":[{"href":"https:\/\/uscatletica.ch\/wp\/index.php?rest_route=\/wp\/v2\/posts"}],"about":[{"href":"https:\/\/uscatletica.ch\/wp\/index.php?rest_route=\/wp\/v2\/types\/post"}],"author":[{"embeddable":true,"href":"https:\/\/uscatletica.ch\/wp\/index.php?rest_route=\/wp\/v2\/users\/4"}],"replies":[{"embeddable":true,"href":"https:\/\/uscatletica.ch\/wp\/index.php?rest_route=%2Fwp%2Fv2%2Fcomments&post=10359"}],"version-history":[{"count":3,"href":"https:\/\/uscatletica.ch\/wp\/index.php?rest_route=\/wp\/v2\/posts\/10359\/revisions"}],"predecessor-version":[{"id":10363,"href":"https:\/\/uscatletica.ch\/wp\/index.php?rest_route=\/wp\/v2\/posts\/10359\/revisions\/10363"}],"wp:featuredmedia":[{"embeddable":true,"href":"https:\/\/uscatletica.ch\/wp\/index.php?rest_route=\/wp\/v2\/media\/9757"}],"wp:attachment":[{"href":"https:\/\/uscatletica.ch\/wp\/index.php?rest_route=%2Fwp%2Fv2%2Fmedia&parent=10359"}],"wp:term":[{"taxonomy":"category","embeddable":true,"href":"https:\/\/uscatletica.ch\/wp\/index.php?rest_route=%2Fwp%2Fv2%2Fcategories&post=10359"},{"taxonomy":"post_tag","embeddable":true,"href":"https:\/\/uscatletica.ch\/wp\/index.php?rest_route=%2Fwp%2Fv2%2Ftags&post=10359"}],"curies":[{"name":"wp","href":"https:\/\/api.w.org\/{rel}","templated":true}]}}