{"id":10539,"date":"2020-06-30T22:35:26","date_gmt":"2020-06-30T20:35:26","guid":{"rendered":"http:\/\/uscatletica.ch\/wp\/?p=10539"},"modified":"2020-06-30T22:35:36","modified_gmt":"2020-06-30T20:35:36","slug":"coppe-asti-si-riparte-da-san-bernardino","status":"publish","type":"post","link":"https:\/\/uscatletica.ch\/wp\/?p=10539","title":{"rendered":"COPPE ASTi si RIPARTE  DA SAN BERNARDINO"},"content":{"rendered":"\n<p lang=\"it-IT\" align=\"justify\">Le coppe ASTi \u00a0ripartiranno domenica dalla SanBeRun\u00a0<\/p>\n<p lang=\"it-IT\" align=\"justify\">Ecco \u00a0tutte le nuove disposizione<\/p>\n<p lang=\"it-IT\" align=\"justify\"><a href=\"https:\/\/www.astiticino.ch\/storage\/documenti\/regolamento-speciale-coppe-asti-podismo-e-montagna-2020.pdf\" target=\"_blank\" rel=\"noopener noreferrer\">Regolamento coppa ASTI<\/a><\/p>\n<p lang=\"it-IT\" align=\"justify\"><a href=\"https:\/\/www.astiticino.ch\/storage\/documenti\/regolamento-speciale-coppa-asti-giovanile-2020.pdf\" target=\"_blank\" rel=\"noopener noreferrer\">Regolamento coppa ASTI Giovanile\u00a0<\/a><\/p>\n<p lang=\"it-IT\" align=\"justify\"><a href=\"https:\/\/www.astiticino.ch\/storage\/documenti\/allegato-regole-e-misure-speciali-corona-virus-per-competizioni-sportive.pdf\" target=\"_blank\" rel=\"noopener noreferrer\">Disposizione speciali \u00a0e \u00a0concetto dii protezione\u00a0<\/a><\/p>\n<p lang=\"it-IT\" align=\"justify\"><a href=\"https:\/\/uscatletica.ch\/wp\/?attachment_id=10540\" rel=\"attachment wp-att-10540\">calendario asti 20200630<\/a><a href=\"https:\/\/uscatletica.ch\/wp\/?attachment_id=10541\" rel=\"attachment wp-att-10541\"><img data-recalc-dims=\"1\" loading=\"lazy\" decoding=\"async\" data-attachment-id=\"10541\" data-permalink=\"https:\/\/uscatletica.ch\/wp\/?attachment_id=10541\" data-orig-file=\"https:\/\/i0.wp.com\/uscatletica.ch\/wp\/wp-content\/uploads\/2020\/06\/calendarioasti20200630.jpg?fit=1240%2C1754&amp;ssl=1\" data-orig-size=\"1240,1754\" data-comments-opened=\"0\" data-image-meta=\"{&quot;aperture&quot;:&quot;0&quot;,&quot;credit&quot;:&quot;&quot;,&quot;camera&quot;:&quot;&quot;,&quot;caption&quot;:&quot;&quot;,&quot;created_timestamp&quot;:&quot;0&quot;,&quot;copyright&quot;:&quot;&quot;,&quot;focal_length&quot;:&quot;0&quot;,&quot;iso&quot;:&quot;0&quot;,&quot;shutter_speed&quot;:&quot;0&quot;,&quot;title&quot;:&quot;&quot;,&quot;orientation&quot;:&quot;0&quot;}\" data-image-title=\"calendarioasti20200630\" data-image-description=\"\" data-image-caption=\"\" data-large-file=\"https:\/\/i0.wp.com\/uscatletica.ch\/wp\/wp-content\/uploads\/2020\/06\/calendarioasti20200630.jpg?fit=640%2C905&amp;ssl=1\" class=\"aligncenter size-large wp-image-10541\" src=\"https:\/\/i0.wp.com\/uscatletica.ch\/wp\/wp-content\/uploads\/2020\/06\/calendarioasti20200630.jpg?resize=640%2C905&#038;ssl=1\" alt=\"\" width=\"640\" height=\"905\" srcset=\"https:\/\/i0.wp.com\/uscatletica.ch\/wp\/wp-content\/uploads\/2020\/06\/calendarioasti20200630.jpg?resize=724%2C1024&amp;ssl=1 724w, https:\/\/i0.wp.com\/uscatletica.ch\/wp\/wp-content\/uploads\/2020\/06\/calendarioasti20200630.jpg?resize=212%2C300&amp;ssl=1 212w, https:\/\/i0.wp.com\/uscatletica.ch\/wp\/wp-content\/uploads\/2020\/06\/calendarioasti20200630.jpg?resize=768%2C1086&amp;ssl=1 768w, https:\/\/i0.wp.com\/uscatletica.ch\/wp\/wp-content\/uploads\/2020\/06\/calendarioasti20200630.jpg?resize=1086%2C1536&amp;ssl=1 1086w, https:\/\/i0.wp.com\/uscatletica.ch\/wp\/wp-content\/uploads\/2020\/06\/calendarioasti20200630.jpg?w=1240&amp;ssl=1 1240w\" sizes=\"auto, (max-width: 640px) 100vw, 640px\" \/><\/a><\/p>\n<p class=\"western\" lang=\"it-IT\" align=\"justify\"><span style=\"font-family: Arial, serif;\">ASTi \u2013 Podismo <\/span><\/p>\n<p class=\"western\" lang=\"it-IT\" align=\"justify\"><span style=\"font-family: Arial, serif;\">Comunicato <\/span><span style=\"color: #000000;\"><span style=\"font-family: Arial, serif;\"><span style=\"font-size: medium;\"><span lang=\"it-IT\">30<\/span><\/span><\/span><\/span><span style=\"font-family: Arial, serif;\">.6.2020 Coppa ASTi 2020 COPPA GIOVANILE ASTI 2020<\/span><\/p>\n<p lang=\"it-IT\" align=\"left\"><span style=\"font-family: Calibri Light, serif;\"><span style=\"font-size: large;\">#correndovinciamo <br \/>LE COPPE ASTI 2020 E IL PODISMO TICINESE RIPARTONO DALLA SANBERUN <\/span><\/span><\/p>\n<p class=\"western\" lang=\"it-IT\">L\u2019edizione 2020 premier\u00e0 la fedelt\u00e0 dei podisti con una nuova formula dettata dall\u2019emergenza sanitaria, 12 le gare di Coppa per ora in calendario.<\/p>\n<p class=\"western\" lang=\"it-IT\">.<\/p>\n<p class=\"western\" lang=\"it-IT\">#correndovinciamo \u00e8 il motto con cui l\u2019ASTi ha deciso di rilanciare la stagione podistica 2020 che debutter\u00e0 domenica con la quinta edizione della SanBeRun, dopo che a fine febbraio-inizio marzo si erano potute svolgere in extremis tre gare podistiche del calendario ASTi. Per gli appassionati di corsa, dopo una lunga pausa sar\u00e0 piacevole ritrovarsi a San Bernardino per condividere la propria passione grazie all\u2019entusiasmo di Ente Turistico e Moesa Runners. La coppa ASTi 2020 si svolger\u00e0 su dodici prove: sei dedicate alla corsa in salita e sei al podismo, compresa la prova in pista su 5000 m. Rispettando la filosofia del motto #correndovinciamo, al termine della stagione saranno premiati tutti coloro che riusciranno a partecipare ad almeno 4 prove.<\/p>\n<p class=\"western\" lang=\"it-IT\">Per le prove podistiche, dopo il doppio impegno nel Grigioni italiano con SanBeRun e Gran Premio Rossa (8 agosto,vincitrice del premio di gara dell\u2019anno 2019), in settembre ci saranno le prove Penz&#8230;iamo a Chiasso e la Stramassagno prima del finale capriaschese con il Gir Dal Diavol e il 5000 m in pista. La speciale Coppa di montagna si apre invece con una doppietta leventinese: Rodi Tremorgio e Faido Lago di Car\u00ec, prima di trasferirsi in Valle Maggia con la Gordevio-Brunescio e la Basodino Skyrace e quindi, in ottobre, con la tappa in Capriasca della Cronoascesa al Bigorio e il gran finale con la Stairway to Heaven sulle gradinate della funivia Piotta Ritom.<\/p>\n<p class=\"western\" lang=\"it-IT\">Nel 2020 ci sar\u00e0 anche una speciale Coppa giovanile ASTi dedicata agli U16, che si svolger\u00e0 su tre prove: la SanBeRun, la Stramassagno e il 1000 metri in pista in Capriasca. Anche per la Coppa giovanile verr\u00e0 premiata la partecipazione, mentre sono stati annullati il Trofeo ASTi per societ\u00e0 e il Trofeo ASTi staffette 2020, per il quale tutto \u00e8 da definire circa lo svolgimento delle previste staffette autunnali.<\/p>\n<p class=\"western\" lang=\"it-IT\">Archiviata la difficile primavera, dopo la quale molti hanno scoperto o riscoperto il piacere di correre e di fare movimento all\u2019aria aperta, \u00e8 tornato dunque il momento di trovarsi e gareggiare nel rispetto delle disposizioni delle autorit\u00e0, riassunte e sviluppate nel concetto di protezione dalla commissione tecnica dell\u2019ASTi e che guideranno gli organizzatori e i podisti nella nuova stagione. Per gli appassionati ci saranno diverse novit\u00e0: sicuramente la pi\u00f9 importante sar\u00e0 quella riguardante le iscrizioni che dovranno essere prevalentemente online e anticipate. Il giorno della gara le iscrizioni non saranno sempre possibili e ci saranno nuovi protocolli per le zone di partenza e di arrivo. A causa del continuo evolversi della situazione sanitaria, s\u2019invita a verificare regolarmente sui siti ufficiali delle singole manifestazioni gli aggiornamenti dei programmi e dei regolamenti di gara.<\/p>\n<p class=\"western\" lang=\"it-IT\">Domenica a San Bernardino la SanBeRun, con iscrizioni possibili soltanto 90\u2019 prima della partenza, sperimenter\u00e0 le novit\u00e0 e accanto alle prove di coppa offrir\u00e0 anche la categoria Dogtrail per chi vuole correre con il fedele quattrozampe. Nuovo calendario e regolamenti per l\u2019anno 2020 su www.astiticino.ch<\/p>\n<p class=\"western\" lang=\"it-IT\" align=\"justify\"><span style=\"font-family: Arial, serif;\"><span style=\"font-size: small;\"><i>ASTi\/L.S<\/i><\/span><\/span><\/p>\n<table width=\"866\" cellspacing=\"0\" cellpadding=\"5\"><colgroup><col width=\"50\" \/><col width=\"362\" \/><col width=\"50\" \/><col width=\"362\" \/><\/colgroup>\n<tbody>\n<tr valign=\"top\">\n<td colspan=\"2\" width=\"422\">\n<p class=\"western\" lang=\"it-IT\" align=\"justify\"><span style=\"font-size: small;\">COPPA ASTI PODISMO \/ COPPA GIOVANILE<\/span><\/p>\n<\/td>\n<td colspan=\"2\" width=\"422\">\n<p class=\"western\" lang=\"it-IT\" align=\"justify\"><span style=\"font-size: small;\">COPPA ASTI SALITA MONTAGNA VERTICAL<\/span><\/p>\n<\/td>\n<\/tr>\n<tr valign=\"top\">\n<td width=\"50\">\n<p class=\"western\" lang=\"it-IT\" align=\"justify\">5.7<\/p>\n<\/td>\n<td width=\"362\">\n<p class=\"western\" lang=\"it-IT\" align=\"justify\">SanBeRun \/ SanBeRun giovanile<\/p>\n<\/td>\n<td width=\"50\">\n<p class=\"western\" lang=\"it-IT\" align=\"justify\">19.7<\/p>\n<\/td>\n<td width=\"362\">\n<p class=\"western\" lang=\"it-IT\" align=\"justify\">Rodi.Tremorgio<\/p>\n<\/td>\n<\/tr>\n<tr valign=\"top\">\n<td width=\"50\">\n<p class=\"western\" lang=\"it-IT\" align=\"justify\">8.8<\/p>\n<\/td>\n<td width=\"362\">\n<p class=\"western\" lang=\"it-IT\" align=\"justify\">Gran Premio Rossa<\/p>\n<\/td>\n<td width=\"50\">\n<p class=\"western\" lang=\"it-IT\" align=\"justify\">16.8<\/p>\n<\/td>\n<td width=\"362\">\n<p class=\"western\" lang=\"it-IT\" align=\"justify\">Faido-Lago di Car\u00ec<\/p>\n<\/td>\n<\/tr>\n<tr valign=\"top\">\n<td width=\"50\">\n<p class=\"western\" lang=\"it-IT\" align=\"justify\">5.9<\/p>\n<\/td>\n<td width=\"362\">\n<p class=\"western\" lang=\"it-IT\" align=\"justify\">Penz&#8230;iamo<\/p>\n<\/td>\n<td width=\"50\">\n<p class=\"western\" lang=\"it-IT\" align=\"justify\">30.8<\/p>\n<\/td>\n<td width=\"362\">\n<p class=\"western\" lang=\"it-IT\" align=\"justify\">Gordevio.Brunescio<\/p>\n<\/td>\n<\/tr>\n<tr valign=\"top\">\n<td width=\"50\">\n<p class=\"western\" lang=\"it-IT\" align=\"justify\">27.9<\/p>\n<\/td>\n<td width=\"362\">\n<p class=\"western\" lang=\"it-IT\" align=\"justify\">Gir dal Diavol Tesserete<\/p>\n<\/td>\n<td width=\"50\">\n<p class=\"western\" lang=\"it-IT\" align=\"justify\">19.9<\/p>\n<\/td>\n<td width=\"362\">\n<p class=\"western\" lang=\"it-IT\" align=\"justify\">Basodino Skyrace<\/p>\n<\/td>\n<\/tr>\n<tr valign=\"top\">\n<td width=\"50\">\n<p class=\"western\" lang=\"it-IT\" align=\"justify\"><span style=\"font-size: small;\">3\/4.10<\/span><\/p>\n<\/td>\n<td width=\"362\">\n<p class=\"western\" lang=\"it-IT\" align=\"justify\">Stramassagno, data da confermare<\/p>\n<\/td>\n<td width=\"50\">\n<p class=\"western\" lang=\"it-IT\" align=\"justify\">11.10<\/p>\n<\/td>\n<td width=\"362\">\n<p class=\"western\" lang=\"it-IT\" align=\"justify\">Cronoascesa al Bigorio<\/p>\n<\/td>\n<\/tr>\n<tr valign=\"top\">\n<td width=\"50\">\n<p class=\"western\" lang=\"it-IT\" align=\"justify\">21.10<\/p>\n<\/td>\n<td width=\"362\">\n<p class=\"western\" lang=\"it-IT\" align=\"justify\">5000 m ASTi \/1000 m ASTi<\/p>\n<\/td>\n<td width=\"50\">\n<p class=\"western\" lang=\"it-IT\" align=\"justify\">24.10<\/p>\n<\/td>\n<td width=\"362\">\n<p class=\"western\" lang=\"it-IT\" align=\"justify\">Piotta.Ritom (Stairway to the Heaven)<\/p>\n<\/td>\n<\/tr>\n<\/tbody>\n<\/table>\n","protected":false},"excerpt":{"rendered":"<p>Le coppe ASTi \u00a0ripartiranno domenica dalla SanBeRun\u00a0 Ecco \u00a0tutte le nuove disposizione Regolamento coppa ASTI Regolamento coppa ASTI Giovanile\u00a0 Disposizione speciali \u00a0e \u00a0concetto dii protezione\u00a0 calendario asti 20200630 ASTi \u2013 Podismo Comunicato 30.6.2020 Coppa ASTi 2020 COPPA GIOVANILE ASTI 2020 #correndovinciamo LE COPPE ASTI 2020 E IL PODISMO TICINESE RIPARTONO DALLA SANBERUN L\u2019edizione 2020 premier\u00e0 la fedelt\u00e0 dei podisti con una nuova formula dettata dall\u2019emergenza sanitaria, 12 le gare di Coppa per ora in calendario&#8230;.<\/p>\n","protected":false},"author":4,"featured_media":8876,"comment_status":"closed","ping_status":"closed","sticky":false,"template":"","format":"standard","meta":{"jetpack_post_was_ever_published":false,"_jetpack_newsletter_access":"","_jetpack_dont_email_post_to_subs":false,"_jetpack_newsletter_tier_id":0,"_jetpack_memberships_contains_paywalled_content":false,"_jetpack_memberships_contains_paid_content":false,"footnotes":"","jetpack_publicize_message":"","jetpack_publicize_feature_enabled":true,"jetpack_social_post_already_shared":false,"jetpack_social_options":{"image_generator_settings":{"template":"highway","default_image_id":0,"font":"","enabled":false},"version":2}},"categories":[16,5,9,8],"tags":[],"class_list":["post-10539","post","type-post","status-publish","format-standard","has-post-thumbnail","hentry","category-montagna","category-podismo","category-sport","category-staffette"],"jetpack_publicize_connections":[],"jetpack_featured_media_url":"https:\/\/i0.wp.com\/uscatletica.ch\/wp\/wp-content\/uploads\/2019\/09\/Caslano-2019.jpg?fit=475%2C467&ssl=1","jetpack_sharing_enabled":true,"jetpack_shortlink":"https:\/\/wp.me\/p6V7Ck-2JZ","jetpack-related-posts":[{"id":14935,"url":"https:\/\/uscatletica.ch\/wp\/?p=14935","url_meta":{"origin":10539,"position":0},"title":"Domenica iniziano le coppe ASTi podismo e trail","author":"Stampa E","date":"22 Aprile 2022","format":false,"excerpt":"Domenica iniziano le coppe ASTi podismo e trail con le gare di Stabio e del Lema. Alcune novit\u00e0 per il 2022 Coppa giovanile anche per le categorie U12 e 14, oltre a U16 Ricordiamo che da regolamento ASTI, per le Coppe di podismo, montgana, trail e giovanile, \u201cnell\u2019iscrizione non \u00e8\u2026","rel":"","context":"In &quot;Montagna&quot;","block_context":{"text":"Montagna","link":"https:\/\/uscatletica.ch\/wp\/?cat=16"},"img":{"alt_text":"","src":"https:\/\/i0.wp.com\/uscatletica.ch\/wp\/wp-content\/uploads\/2022\/04\/Zizers2022.jpg?fit=602%2C811&ssl=1&resize=350%2C200","width":350,"height":200,"srcset":"https:\/\/i0.wp.com\/uscatletica.ch\/wp\/wp-content\/uploads\/2022\/04\/Zizers2022.jpg?fit=602%2C811&ssl=1&resize=350%2C200 1x, https:\/\/i0.wp.com\/uscatletica.ch\/wp\/wp-content\/uploads\/2022\/04\/Zizers2022.jpg?fit=602%2C811&ssl=1&resize=525%2C300 1.5x"},"classes":[]},{"id":17971,"url":"https:\/\/uscatletica.ch\/wp\/?p=17971","url_meta":{"origin":10539,"position":1},"title":"Coppa ASTi montagna: di nuovo Elia e Giancarlo sul podio","author":"Stampa E","date":"3 Settembre 2023","format":false,"excerpt":"S\u2019\u00e8 corsa sabato la penultima prova della Coppa ASTi BancaStato di montagna, con la ripida salita ai Monti della Ganna, la CronoverticalCDO. Dopo 1'050 metri di dislivello in soli 4.9 km, hanno vinto Paola Stampanoni (GAB) e Ga\u00ebl Droz (GhSk), mentre per l\u2019USC erano presenti i \u201csoliti\u201d Elia S. e\u2026","rel":"","context":"In &quot;Montagna&quot;","block_context":{"text":"Montagna","link":"https:\/\/uscatletica.ch\/wp\/?cat=16"},"img":{"alt_text":"","src":"https:\/\/i0.wp.com\/uscatletica.ch\/wp\/wp-content\/uploads\/2023\/09\/CDO.jpg?fit=638%2C498&ssl=1&resize=350%2C200","width":350,"height":200,"srcset":"https:\/\/i0.wp.com\/uscatletica.ch\/wp\/wp-content\/uploads\/2023\/09\/CDO.jpg?fit=638%2C498&ssl=1&resize=350%2C200 1x, https:\/\/i0.wp.com\/uscatletica.ch\/wp\/wp-content\/uploads\/2023\/09\/CDO.jpg?fit=638%2C498&ssl=1&resize=525%2C300 1.5x"},"classes":[]},{"id":17024,"url":"https:\/\/uscatletica.ch\/wp\/?p=17024","url_meta":{"origin":10539,"position":2},"title":"Le coppe ASTi debuttano a Stabio bene le USCine","author":"Leonida Stampanoni","date":"16 Aprile 2023","format":false,"excerpt":"La Coppa ASTi BancaStato Podismo e la Coppa ASTi BancaStato giovanile sono partite domenica con la 38a edizione del Giro Podistico di Stabio. Al via c'erano 150 partecipanti nelle diverse categorie e l'USC ha brillato nelle gare giovanili, dove sono arrivati ben tre podi con Viola, Anais ed Elsa. Tra\u2026","rel":"","context":"In &quot;Podismo&quot;","block_context":{"text":"Podismo","link":"https:\/\/uscatletica.ch\/wp\/?cat=5"},"img":{"alt_text":"","src":"https:\/\/i0.wp.com\/uscatletica.ch\/wp\/wp-content\/uploads\/2023\/04\/IMG_6940.jpeg?fit=1200%2C801&ssl=1&resize=350%2C200","width":350,"height":200,"srcset":"https:\/\/i0.wp.com\/uscatletica.ch\/wp\/wp-content\/uploads\/2023\/04\/IMG_6940.jpeg?fit=1200%2C801&ssl=1&resize=350%2C200 1x, https:\/\/i0.wp.com\/uscatletica.ch\/wp\/wp-content\/uploads\/2023\/04\/IMG_6940.jpeg?fit=1200%2C801&ssl=1&resize=525%2C300 1.5x, https:\/\/i0.wp.com\/uscatletica.ch\/wp\/wp-content\/uploads\/2023\/04\/IMG_6940.jpeg?fit=1200%2C801&ssl=1&resize=700%2C400 2x, https:\/\/i0.wp.com\/uscatletica.ch\/wp\/wp-content\/uploads\/2023\/04\/IMG_6940.jpeg?fit=1200%2C801&ssl=1&resize=1050%2C600 3x"},"classes":[]},{"id":19801,"url":"https:\/\/uscatletica.ch\/wp\/?p=19801","url_meta":{"origin":10539,"position":3},"title":"Alice ai Campionati svizzeri, le coppe ASTi in Calanca","author":"Leonida Stampanoni","date":"30 Agosto 2024","format":false,"excerpt":"Nel fine settimana diversi gli appuntamenti per le atlete e gli atleti USC. Oltre Gottardo ci saranno i campionati svizzeri U16-U18, dove Alice sar\u00e0 al via alla Pontaise di Losanna sui 100 m. Al via pure una cinquantina di atleti ed atlete ticinesi. L'ASTi invece propone per podisti e podiste\u2026","rel":"","context":"In &quot;Montagna&quot;","block_context":{"text":"Montagna","link":"https:\/\/uscatletica.ch\/wp\/?cat=16"},"img":{"alt_text":"","src":"https:\/\/i0.wp.com\/uscatletica.ch\/wp\/wp-content\/uploads\/2024\/08\/IMG_2185-2.jpg?fit=432%2C324&ssl=1&resize=350%2C200","width":350,"height":200},"classes":[]},{"id":21457,"url":"https:\/\/uscatletica.ch\/wp\/?p=21457","url_meta":{"origin":10539,"position":4},"title":"Coppe ASTi, primo l&#8217;USC","author":"Stampa E","date":"25 Ottobre 2025","format":false,"excerpt":"Con le ultime gare di fine settembre (StraLugano) e inizio ottobre (Corsa delle 7 chiese di Giornico Generoso trail) s\u2019\u00e8 chiusa l\u2019intensa stagione delle Coppe ASTi. Qui i risultati: https:\/\/www.asti-ticino.ch\/asti-new\/podismo\/classifiche e https:\/\/www.asti-ticino.ch\/asti-new\/podismo\/notizie Per l\u2019USC da sottolineare la vittoria assoluta e di categoria nella Coppa di montagna, cos\u00ec come tre vittorie\u2026","rel":"","context":"In &quot;Montagna&quot;","block_context":{"text":"Montagna","link":"https:\/\/uscatletica.ch\/wp\/?cat=16"},"img":{"alt_text":"","src":"https:\/\/i0.wp.com\/uscatletica.ch\/wp\/wp-content\/uploads\/2025\/05\/Gola-di-Lago-2024-Foto-Nicola-Carenini.jpg?fit=1200%2C1146&ssl=1&resize=350%2C200","width":350,"height":200,"srcset":"https:\/\/i0.wp.com\/uscatletica.ch\/wp\/wp-content\/uploads\/2025\/05\/Gola-di-Lago-2024-Foto-Nicola-Carenini.jpg?fit=1200%2C1146&ssl=1&resize=350%2C200 1x, https:\/\/i0.wp.com\/uscatletica.ch\/wp\/wp-content\/uploads\/2025\/05\/Gola-di-Lago-2024-Foto-Nicola-Carenini.jpg?fit=1200%2C1146&ssl=1&resize=525%2C300 1.5x, https:\/\/i0.wp.com\/uscatletica.ch\/wp\/wp-content\/uploads\/2025\/05\/Gola-di-Lago-2024-Foto-Nicola-Carenini.jpg?fit=1200%2C1146&ssl=1&resize=700%2C400 2x, https:\/\/i0.wp.com\/uscatletica.ch\/wp\/wp-content\/uploads\/2025\/05\/Gola-di-Lago-2024-Foto-Nicola-Carenini.jpg?fit=1200%2C1146&ssl=1&resize=1050%2C600 3x"},"classes":[]},{"id":14443,"url":"https:\/\/uscatletica.ch\/wp\/?p=14443","url_meta":{"origin":10539,"position":5},"title":"Informazioni per gli atleti USC","author":"Stampa E","date":"16 Marzo 2022","format":false,"excerpt":"Siamo felici che avete scelto di rappresentare l\u2019USC Capriaschese nell\u2019ampia gamma di attivit\u00e0 che coinvolge la nostra societ\u00e0, onorando il nome della stessa. Il vostro senso di appartenenza all\u2019USC Capriaschese \u00e8 molto importante. Riteniamo pertanto giusto e coerente che vi iscriviate a tutte le gare FTAL, SwissAthletics, ASTi, a tutte\u2026","rel":"","context":"In &quot;CO&quot;","block_context":{"text":"CO","link":"https:\/\/uscatletica.ch\/wp\/?cat=19"},"img":{"alt_text":"","src":"https:\/\/i0.wp.com\/uscatletica.ch\/wp\/wp-content\/uploads\/2022\/03\/Maglie-USC.jpg?fit=1193%2C708&ssl=1&resize=350%2C200","width":350,"height":200,"srcset":"https:\/\/i0.wp.com\/uscatletica.ch\/wp\/wp-content\/uploads\/2022\/03\/Maglie-USC.jpg?fit=1193%2C708&ssl=1&resize=350%2C200 1x, https:\/\/i0.wp.com\/uscatletica.ch\/wp\/wp-content\/uploads\/2022\/03\/Maglie-USC.jpg?fit=1193%2C708&ssl=1&resize=525%2C300 1.5x, https:\/\/i0.wp.com\/uscatletica.ch\/wp\/wp-content\/uploads\/2022\/03\/Maglie-USC.jpg?fit=1193%2C708&ssl=1&resize=700%2C400 2x, https:\/\/i0.wp.com\/uscatletica.ch\/wp\/wp-content\/uploads\/2022\/03\/Maglie-USC.jpg?fit=1193%2C708&ssl=1&resize=1050%2C600 3x"},"classes":[]}],"_links":{"self":[{"href":"https:\/\/uscatletica.ch\/wp\/index.php?rest_route=\/wp\/v2\/posts\/10539","targetHints":{"allow":["GET"]}}],"collection":[{"href":"https:\/\/uscatletica.ch\/wp\/index.php?rest_route=\/wp\/v2\/posts"}],"about":[{"href":"https:\/\/uscatletica.ch\/wp\/index.php?rest_route=\/wp\/v2\/types\/post"}],"author":[{"embeddable":true,"href":"https:\/\/uscatletica.ch\/wp\/index.php?rest_route=\/wp\/v2\/users\/4"}],"replies":[{"embeddable":true,"href":"https:\/\/uscatletica.ch\/wp\/index.php?rest_route=%2Fwp%2Fv2%2Fcomments&post=10539"}],"version-history":[{"count":1,"href":"https:\/\/uscatletica.ch\/wp\/index.php?rest_route=\/wp\/v2\/posts\/10539\/revisions"}],"predecessor-version":[{"id":10542,"href":"https:\/\/uscatletica.ch\/wp\/index.php?rest_route=\/wp\/v2\/posts\/10539\/revisions\/10542"}],"wp:featuredmedia":[{"embeddable":true,"href":"https:\/\/uscatletica.ch\/wp\/index.php?rest_route=\/wp\/v2\/media\/8876"}],"wp:attachment":[{"href":"https:\/\/uscatletica.ch\/wp\/index.php?rest_route=%2Fwp%2Fv2%2Fmedia&parent=10539"}],"wp:term":[{"taxonomy":"category","embeddable":true,"href":"https:\/\/uscatletica.ch\/wp\/index.php?rest_route=%2Fwp%2Fv2%2Fcategories&post=10539"},{"taxonomy":"post_tag","embeddable":true,"href":"https:\/\/uscatletica.ch\/wp\/index.php?rest_route=%2Fwp%2Fv2%2Ftags&post=10539"}],"curies":[{"name":"wp","href":"https:\/\/api.w.org\/{rel}","templated":true}]}}