{"id":10561,"date":"2020-07-08T08:37:22","date_gmt":"2020-07-08T06:37:22","guid":{"rendered":"http:\/\/uscatletica.ch\/wp\/?p=10561"},"modified":"2020-07-09T21:57:56","modified_gmt":"2020-07-09T19:57:56","slug":"doppio-appuntamento-in-pista-tra-bellinzona-e-locarno","status":"publish","type":"post","link":"https:\/\/uscatletica.ch\/wp\/?p=10561","title":{"rendered":"Doppio appuntamento in pista tra Bellinzona e Locarno"},"content":{"rendered":"\n<p>Una due giorni \u00a0di gare tra Bellinzona e Locarno chiuder\u00e0 la prima parte della stagione ticinese 2020 che ha confermato la crescita del movimento cantonale. I nostri atleti brillanti nelle prime uscite vorranno confermare i progressi mostrati. \u00a0Mercoled\u00ec si correr\u00e0 al comunale di Bellinzona \u00a0in programma il debutto per \u00a0giavellottiste (Giada, Morena) e altiste (Elody, Morena) ed il primo 1500 m (Elia, Giorgia, Federica, Zoe) mentre \u00a0per i velocisti l&#8217;impegno sar\u00e0 \u00a0sui 100 m (Damian, Elody, Matilda, Marco G., Leila, Chiara). Gioved\u00ec al Lido si debutta con il salto in Lungo (Elody, Chiara)mentre per le lanciatrici il programma prevede Peso (Erik, Morena, Giada) e Giavellotto (Morena. Giada). La stagione riprender\u00e0 tra 20 giorni sulla rinnovata pista del Vallone di Biasca dove ci saranno i campionati ticinesi dei 3000m e 5000 m\u00a0<\/p>\n<p><a href=\"https:\/\/ftal.ch\/wp-content\/uploads\/2020\/07\/Programma-orario.pdf\" target=\"_blank\" rel=\"noopener noreferrer\">Programma di Bellinzona\u00a0<\/a>\u00a0 <a href=\"https:\/\/ftal.ch\/wp-content\/uploads\/2020\/06\/Meeting-serale-2-09.07.2020.pdf\" target=\"_blank\" rel=\"noopener noreferrer\">Programma di Locarno\u00a0<\/a><\/p>\n<p>\u00a0Iscritti a Bellinzona<\/p>\n<table border=\"0\" cellspacing=\"0\"><colgroup width=\"306\"><\/colgroup><colgroup width=\"103\"><\/colgroup>\n<tbody>\n<tr>\n<td align=\"left\" valign=\"top\" height=\"27\"><span style=\"font-family: Verdana; font-size: xx-small;\">Baldi Federica<\/span><\/td>\n<td align=\"left\" valign=\"top\"><span style=\"font-family: Verdana; font-size: xx-small;\">1500 m<\/span><\/td>\n<\/tr>\n<tr>\n<td align=\"left\" valign=\"top\" height=\"27\"><span style=\"font-family: Verdana; font-size: xx-small;\">Battaini Giada<\/span><\/td>\n<td align=\"left\" valign=\"top\"><span style=\"font-family: Verdana; font-size: xx-small;\">Speer 600 gr<\/span><\/td>\n<\/tr>\n<tr>\n<td align=\"left\" valign=\"top\" height=\"27\"><span style=\"font-family: Verdana; font-size: xx-small;\">Battaini Giada<\/span><\/td>\n<td align=\"left\" valign=\"top\"><span style=\"font-family: Verdana; font-size: xx-small;\">Speer 600 gr<\/span><\/td>\n<\/tr>\n<tr>\n<td align=\"left\" valign=\"top\" height=\"27\"><span style=\"font-family: Verdana; font-size: xx-small;\">Berger Elody<\/span><\/td>\n<td align=\"left\" valign=\"top\"><span style=\"font-family: Verdana; font-size: xx-small;\">100 m<\/span><\/td>\n<\/tr>\n<tr>\n<td align=\"left\" valign=\"top\" height=\"27\"><span style=\"font-family: Verdana; font-size: xx-small;\">Berger Elody<\/span><\/td>\n<td align=\"left\" valign=\"top\"><span style=\"font-family: Verdana; font-size: xx-small;\">Hoch<\/span><\/td>\n<\/tr>\n<tr>\n<td align=\"left\" valign=\"top\" height=\"27\"><span style=\"font-family: Verdana; font-size: xx-small;\">Dell\u2019Andrino Zoe<\/span><\/td>\n<td align=\"left\" valign=\"top\"><span style=\"font-family: Verdana; font-size: xx-small;\">1500 m<\/span><\/td>\n<\/tr>\n<tr>\n<td align=\"left\" valign=\"top\" height=\"27\"><span style=\"font-family: Verdana; font-size: xx-small;\">Gaffuri Marco<\/span><\/td>\n<td align=\"left\" valign=\"top\"><span style=\"font-family: Verdana; font-size: xx-small;\">100 m<\/span><\/td>\n<\/tr>\n<tr>\n<td align=\"left\" valign=\"top\" height=\"27\"><span style=\"font-family: Verdana; font-size: xx-small;\">Hutter Morena<\/span><\/td>\n<td align=\"left\" valign=\"top\"><span style=\"font-family: Verdana; font-size: xx-small;\">Hoch<\/span><\/td>\n<\/tr>\n<tr>\n<td align=\"left\" valign=\"top\" height=\"27\"><span style=\"font-family: Verdana; font-size: xx-small;\">Hutter Morena<\/span><\/td>\n<td align=\"left\" valign=\"top\"><span style=\"font-family: Verdana; font-size: xx-small;\">Speer 400 gr<\/span><\/td>\n<\/tr>\n<tr>\n<td align=\"left\" valign=\"top\" height=\"27\"><span style=\"font-family: Verdana; font-size: xx-small;\">Locatelli Leila<\/span><\/td>\n<td align=\"left\" valign=\"top\"><span style=\"font-family: Verdana; font-size: xx-small;\">100 m<\/span><\/td>\n<\/tr>\n<tr>\n<td align=\"left\" valign=\"top\" height=\"27\"><span style=\"font-family: Verdana; font-size: xx-small;\">Marchesi Damian<\/span><\/td>\n<td align=\"left\" valign=\"top\"><span style=\"font-family: Verdana; font-size: xx-small;\">100 m<\/span><\/td>\n<\/tr>\n<tr>\n<td align=\"left\" valign=\"top\" height=\"27\"><span style=\"font-family: Verdana; font-size: xx-small;\">Merlani Giorgia<\/span><\/td>\n<td align=\"left\" valign=\"top\"><span style=\"font-family: Verdana; font-size: xx-small;\">1500 m<\/span><\/td>\n<\/tr>\n<tr>\n<td align=\"left\" valign=\"top\" height=\"27\"><span style=\"font-family: Verdana; font-size: xx-small;\">Rosa Matilda<\/span><\/td>\n<td align=\"left\" valign=\"top\"><span style=\"font-family: Verdana; font-size: xx-small;\">100 m<\/span><\/td>\n<\/tr>\n<tr>\n<td align=\"left\" valign=\"top\" height=\"27\"><span style=\"font-family: Verdana; font-size: xx-small;\">Stampanoni Elia<\/span><\/td>\n<td align=\"left\" valign=\"top\"><span style=\"font-family: Verdana; font-size: xx-small;\">1500 m<\/span><\/td>\n<\/tr>\n<tr>\n<td align=\"left\" valign=\"top\" height=\"27\"><span style=\"font-family: Verdana; font-size: xx-small;\">Zeni Chiara<\/span><\/td>\n<td align=\"left\" valign=\"top\"><span style=\"font-family: Verdana; font-size: xx-small;\">100 m<\/span><\/td>\n<\/tr>\n<\/tbody>\n<\/table>\n<p>Iscritte \u00a0a Locarno\u00a0<\/p>\n<table border=\"0\" cellspacing=\"0\"><colgroup width=\"306\"><\/colgroup><colgroup width=\"103\"><\/colgroup>\n<tbody>\n<tr>\n<td align=\"left\" valign=\"top\" height=\"27\"><span style=\"font-family: Verdana; font-size: xx-small;\">Silva Salmer\u00f2n Erik<\/span><\/td>\n<td align=\"left\" valign=\"top\"><span style=\"font-family: Verdana; font-size: xx-small;\">Kugel 6.00 kg<\/span><\/td>\n<\/tr>\n<tr>\n<td align=\"left\" valign=\"top\" height=\"27\"><span style=\"font-family: Verdana; font-size: xx-small;\">Hutter Morena<\/span><\/td>\n<td align=\"left\" valign=\"top\"><span style=\"font-family: Verdana; font-size: xx-small;\">Kugel 3.00 kg<\/span><\/td>\n<\/tr>\n<tr>\n<td align=\"left\" valign=\"top\" height=\"27\"><span style=\"font-family: Verdana; font-size: xx-small;\">Hutter Morena<\/span><\/td>\n<td align=\"left\" valign=\"top\"><span style=\"font-family: Verdana; font-size: xx-small;\">Speer 400 gr<\/span><\/td>\n<\/tr>\n<tr>\n<td align=\"left\" valign=\"top\" height=\"27\"><span style=\"font-family: Verdana; font-size: xx-small;\">Battaini Giada<\/span><\/td>\n<td align=\"left\" valign=\"top\"><span style=\"font-family: Verdana; font-size: xx-small;\">Speer 600 gr<\/span><\/td>\n<\/tr>\n<tr>\n<td align=\"left\" valign=\"top\" height=\"27\"><span style=\"font-family: Verdana; font-size: xx-small;\">Battaini Giada<\/span><\/td>\n<td align=\"left\" valign=\"top\"><span style=\"font-family: Verdana; font-size: xx-small;\">Kugel 4.00 kg<\/span><\/td>\n<\/tr>\n<tr>\n<td align=\"left\" valign=\"top\" height=\"27\"><span style=\"font-family: Verdana; font-size: xx-small;\">Zeni Chiara<\/span><\/td>\n<td align=\"left\" valign=\"top\"><span style=\"font-family: Verdana; font-size: xx-small;\">Weit<\/span><\/td>\n<\/tr>\n<tr>\n<td align=\"left\" valign=\"top\" height=\"27\"><span style=\"font-family: Verdana; font-size: xx-small;\">Berger Elody<\/span><\/td>\n<td align=\"left\" valign=\"top\"><span style=\"font-family: Verdana; font-size: xx-small;\">Weit<\/span><\/td>\n<\/tr>\n<\/tbody>\n<\/table>\n","protected":false},"excerpt":{"rendered":"<p>Una due giorni \u00a0di gare tra Bellinzona e Locarno chiuder\u00e0 la prima parte della stagione ticinese 2020 che ha confermato la crescita del movimento cantonale. I nostri atleti brillanti nelle prime uscite vorranno confermare i progressi mostrati. \u00a0Mercoled\u00ec si correr\u00e0 al comunale di Bellinzona \u00a0in programma il debutto per \u00a0giavellottiste (Giada, Morena) e altiste (Elody, Morena) ed il primo 1500 m (Elia, Giorgia, Federica, Zoe) mentre \u00a0per i velocisti l&#8217;impegno sar\u00e0 \u00a0sui 100 m (Damian,&#8230;<\/p>\n","protected":false},"author":4,"featured_media":8908,"comment_status":"closed","ping_status":"closed","sticky":false,"template":"","format":"standard","meta":{"jetpack_post_was_ever_published":false,"_jetpack_newsletter_access":"","_jetpack_dont_email_post_to_subs":false,"_jetpack_newsletter_tier_id":0,"_jetpack_memberships_contains_paywalled_content":false,"_jetpack_memberships_contains_paid_content":false,"footnotes":"","jetpack_publicize_message":"","jetpack_publicize_feature_enabled":true,"jetpack_social_post_already_shared":false,"jetpack_social_options":{"image_generator_settings":{"template":"highway","default_image_id":0,"font":"","enabled":false},"version":2}},"categories":[4],"tags":[],"class_list":["post-10561","post","type-post","status-publish","format-standard","has-post-thumbnail","hentry","category-pista"],"jetpack_publicize_connections":[],"jetpack_featured_media_url":"https:\/\/i0.wp.com\/uscatletica.ch\/wp\/wp-content\/uploads\/2019\/08\/IMG_0908.jpg?fit=640%2C480&ssl=1","jetpack_sharing_enabled":true,"jetpack_shortlink":"https:\/\/wp.me\/p6V7Ck-2Kl","jetpack-related-posts":[{"id":10543,"url":"https:\/\/uscatletica.ch\/wp\/?p=10543","url_meta":{"origin":10561,"position":0},"title":"Seconda uscita al comunale di Bellinzona","author":"Leonida Stampanoni","date":"30 Giugno 2020","format":false,"excerpt":"Il Trittico di Meeting di lancio della stagione nel nuovo splendido stadio comunale di Bellinzona vivr\u00e0 domani la seconda tappa con il Meeting serale 2 \u00a0organizzato dal GAB. Cresce la delegazione USC . \u00a0Sei velocisti Damian, Morena, Matilda, Elody, Chiara, Marco, 4 mezzofondisti i fratelli Delorenzi, Lea e Federica \u00a0e\u2026","rel":"","context":"In &quot;Pista&quot;","block_context":{"text":"Pista","link":"https:\/\/uscatletica.ch\/wp\/?cat=4"},"img":{"alt_text":"","src":"https:\/\/i0.wp.com\/uscatletica.ch\/wp\/wp-content\/uploads\/2018\/06\/u14ukcfinti18.jpg?fit=432%2C323&ssl=1&resize=350%2C200","width":350,"height":200},"classes":[]},{"id":10579,"url":"https:\/\/uscatletica.ch\/wp\/?p=10579","url_meta":{"origin":10561,"position":1},"title":"CT 3000-50000 metri: USCini a caccia del titolo","author":"Leonida Stampanoni","date":"27 Luglio 2020","format":false,"excerpt":"Sulla rinnovata pista del Vallone di Biasca in palio ci saranno i titoli di 3'000 m e 5'000 m,\u00a0 con diversi atleti USC al via: la campionessa uscente Letizia e Giorgia tra le donne, i fratelli Delorenzi e Enea sui 5'000 m uomini. Nelle altre discipline del meeting serale al\u2026","rel":"","context":"In &quot;Non catalogato&quot;","block_context":{"text":"Non catalogato","link":"https:\/\/uscatletica.ch\/wp\/?cat=6"},"img":{"alt_text":"","src":"https:\/\/i0.wp.com\/uscatletica.ch\/wp\/wp-content\/uploads\/2020\/07\/start100mu200807.jpg?fit=432%2C324&ssl=1&resize=350%2C200","width":350,"height":200},"classes":[]},{"id":10851,"url":"https:\/\/uscatletica.ch\/wp\/?p=10851","url_meta":{"origin":10561,"position":2},"title":"Locarno una serata di atletica","author":"Leonida Stampanoni","date":"9 Settembre 2020","format":false,"excerpt":"Stasera a Locarno\u00a0 ci sar\u00e0 un meeting C con al via una decina di USCini pronti a confermare i progressi mostrati in stagione si parte dai lanci con Giada e Morena a trainare il gruppo nella velocit\u00e0 ci sono Leila e Matilda a guidare il gruppo nel mezzofondo Elia ed\u2026","rel":"","context":"In &quot;Pista&quot;","block_context":{"text":"Pista","link":"https:\/\/uscatletica.ch\/wp\/?cat=4"},"img":{"alt_text":"","src":"https:\/\/i0.wp.com\/uscatletica.ch\/wp\/wp-content\/uploads\/2020\/09\/200902MGRISC.jpg?fit=421%2C316&ssl=1&resize=350%2C200","width":350,"height":200},"classes":[]},{"id":10860,"url":"https:\/\/uscatletica.ch\/wp\/?p=10860","url_meta":{"origin":10561,"position":3},"title":"Bravi gli USCini al Lido","author":"Leonida Stampanoni","date":"10 Settembre 2020","format":false,"excerpt":"Una serata ideale al Lido di Locarno per gareggiare ed i nostri atleti ne hanno approfittato quasi 200 gli atleti presenti nel numerose discipline proposte dalla Virtus Locarno, ottimi i mezzofondisti che hanno migliorato i propri limiti e con Roby che ha vinto la gara. Nei lanci conferme per Morena\u2026","rel":"","context":"In &quot;Pista&quot;","block_context":{"text":"Pista","link":"https:\/\/uscatletica.ch\/wp\/?cat=4"},"img":{"alt_text":"","src":"https:\/\/i0.wp.com\/uscatletica.ch\/wp\/wp-content\/uploads\/2020\/07\/start100mu200807.jpg?fit=432%2C324&ssl=1&resize=350%2C200","width":350,"height":200},"classes":[]},{"id":10587,"url":"https:\/\/uscatletica.ch\/wp\/?p=10587","url_meta":{"origin":10561,"position":4},"title":"Robi campione Ticinese Letizia argento a Biasca","author":"Leonida Stampanoni","date":"29 Luglio 2020","format":false,"excerpt":"La serata di fine luglio sulla nuova pista di Biasca ha regalato diverse soddisfazioni agli USCini. Roby con un gran finale ha vinto il titolo cantonale, mentre Letizia nonostante una caduta nelle prime fasi della gara ha conquistato l'argento inchinandosi solo ad Elena Roos. Bravi anche Giorgia, Enea, Marco e\u2026","rel":"","context":"In &quot;Pista&quot;","block_context":{"text":"Pista","link":"https:\/\/uscatletica.ch\/wp\/?cat=4"},"img":{"alt_text":"","src":"https:\/\/i0.wp.com\/uscatletica.ch\/wp\/wp-content\/uploads\/2020\/07\/podio3000m2020ftal.jpg?fit=432%2C324&ssl=1&resize=350%2C200","width":350,"height":200},"classes":[]},{"id":9165,"url":"https:\/\/uscatletica.ch\/wp\/?p=9165","url_meta":{"origin":10561,"position":5},"title":"CAMPIONATI TICINESI U16 U18 23 USCINI ALLA CARICA","author":"Leonida Stampanoni","date":"27 Settembre 2019","format":false,"excerpt":"l Domenica il nuovo stadio comunale di Bellinzona accoglier\u00e0 i campionati ticinesi U16-U18, sotto la direzione del GAB \u00a0ci saranno quasi 200 adolescenti a lottare per i 34 titoli. L'USC con 23 atleti al via sar\u00e0 la seconda societ\u00e0 pi\u00f9 numerosa al via. I nostri atleti Capitanati dalla vice campionessa\u2026","rel":"","context":"In &quot;Pista&quot;","block_context":{"text":"Pista","link":"https:\/\/uscatletica.ch\/wp\/?cat=4"},"img":{"alt_text":"","src":"https:\/\/i0.wp.com\/uscatletica.ch\/wp\/wp-content\/uploads\/2019\/08\/caratschlausc190815.jpg?fit=432%2C324&ssl=1&resize=350%2C200","width":350,"height":200},"classes":[]}],"_links":{"self":[{"href":"https:\/\/uscatletica.ch\/wp\/index.php?rest_route=\/wp\/v2\/posts\/10561","targetHints":{"allow":["GET"]}}],"collection":[{"href":"https:\/\/uscatletica.ch\/wp\/index.php?rest_route=\/wp\/v2\/posts"}],"about":[{"href":"https:\/\/uscatletica.ch\/wp\/index.php?rest_route=\/wp\/v2\/types\/post"}],"author":[{"embeddable":true,"href":"https:\/\/uscatletica.ch\/wp\/index.php?rest_route=\/wp\/v2\/users\/4"}],"replies":[{"embeddable":true,"href":"https:\/\/uscatletica.ch\/wp\/index.php?rest_route=%2Fwp%2Fv2%2Fcomments&post=10561"}],"version-history":[{"count":2,"href":"https:\/\/uscatletica.ch\/wp\/index.php?rest_route=\/wp\/v2\/posts\/10561\/revisions"}],"predecessor-version":[{"id":10563,"href":"https:\/\/uscatletica.ch\/wp\/index.php?rest_route=\/wp\/v2\/posts\/10561\/revisions\/10563"}],"wp:featuredmedia":[{"embeddable":true,"href":"https:\/\/uscatletica.ch\/wp\/index.php?rest_route=\/wp\/v2\/media\/8908"}],"wp:attachment":[{"href":"https:\/\/uscatletica.ch\/wp\/index.php?rest_route=%2Fwp%2Fv2%2Fmedia&parent=10561"}],"wp:term":[{"taxonomy":"category","embeddable":true,"href":"https:\/\/uscatletica.ch\/wp\/index.php?rest_route=%2Fwp%2Fv2%2Fcategories&post=10561"},{"taxonomy":"post_tag","embeddable":true,"href":"https:\/\/uscatletica.ch\/wp\/index.php?rest_route=%2Fwp%2Fv2%2Ftags&post=10561"}],"curies":[{"name":"wp","href":"https:\/\/api.w.org\/{rel}","templated":true}]}}