{"id":10565,"date":"2020-07-09T00:06:37","date_gmt":"2020-07-08T22:06:37","guid":{"rendered":"http:\/\/uscatletica.ch\/wp\/?p=10565"},"modified":"2020-07-09T00:26:31","modified_gmt":"2020-07-08T22:26:31","slug":"uscini-in-gran-forma-al-comunale","status":"publish","type":"post","link":"https:\/\/uscatletica.ch\/wp\/?p=10565","title":{"rendered":"USCini in gran forma al Comunale"},"content":{"rendered":"\n<p>La serata del comunale ha regalato grande Atletica notevole il 1500 m maschile con 49 partecipanti e 13 sotto i 4&#8242; . USCine in forma splendida con Matilda e Giada che piazzano due primati sociali, gran debutto sui 1500 m per Giorgia \u00a0bene anche Morena nel giavellotto buone prove anche per Elia, Federica, Leila Damian, Marco ed Elody e Zoe.\u00a0<\/p>\n<p><a href=\"https:\/\/slv.laportal.net\/Competitions\/Details\/3222\" target=\"_blank\" rel=\"noopener noreferrer\">Risultati\u00a0<\/a><\/p>\n<p>Nella pedana del Giavellotto doppia vittoria per Giada e Morena. \u00a0Giada al primo lancio infilza a 36.01 , piazzando \u00a0la quarta prestazione ticinese di tutti i tempi con il nuovo giavellotto \u00a0a soli 63 cm dal primato cantonale U20. \u00a0prosegue poi con una serie regolare con un altro lancio oltre i 35 m. Morena con il giavellotto da 400 g spara a 34.18 m confermandosi abbastanza regolare. Morena aveva iniziato la serata con 1.30 m nel salto in alto come Elody. vittoria per Ulla Rossi con 1.62 m .\u00a0<\/p>\n<p>In pista sono subito fuochi d&#8217;artificio nella prima batteria dei 100 m con .08 di vento a favore Matilda chiude quinta con un ottimo 12&#8243;66 che vale il primato sociale e conferma la brillante stagione della nostra sprinter cresce costantemente anche Leila che ferma il cronometro a 13&#8243;47 Celine Burgi in 11&#8243;91 la migliore di tutte . Tra i ragazzi Damian corre in 12&#8243;47 e Marco in 13&#8243;25 vince Matteo Brivio in 10&#8243;78.\u00a0<\/p>\n<p>Nella gara della serata i 1500 m maschile bella prova per Elia che in terza batteria chiude in 4&#8217;28&#8243;00 vittoria in 3&#8217;43&#8243;23 per Joao Bussotti Neves\u00a0Giorgia debutta sui 1500 m con un ottimo 4&#8217;56&#8243;51 \u00a0brava anche Federica in 5&#8217;25&#8243;52, Zoe debutta in 8&#8217;49&#8243;47. Vince un ex bimba prodigio Nicole Svetlana Reina in 4&#8217;30&#8243;57\u00a0<\/p>\n<div data-carousel-extra='{&quot;blog_id&quot;:1,&quot;permalink&quot;:&quot;https:\/\/uscatletica.ch\/wp\/?p=10565&quot;}' id='gallery-1' class='gallery galleryid-10565 gallery-columns-3 gallery-size-thumbnail'><figure class='gallery-item'>\n\t\t\t<div class='gallery-icon portrait'>\n\t\t\t\t<a href='https:\/\/uscatletica.ch\/wp\/?attachment_id=10566'><img loading=\"lazy\" decoding=\"async\" width=\"150\" height=\"150\" src=\"https:\/\/i0.wp.com\/uscatletica.ch\/wp\/wp-content\/uploads\/2020\/07\/mhgiav200807.png?resize=150%2C150&amp;ssl=1\" class=\"attachment-thumbnail size-thumbnail\" alt=\"\" aria-describedby=\"gallery-1-10566\" srcset=\"https:\/\/i0.wp.com\/uscatletica.ch\/wp\/wp-content\/uploads\/2020\/07\/mhgiav200807.png?resize=150%2C150&amp;ssl=1 150w, https:\/\/i0.wp.com\/uscatletica.ch\/wp\/wp-content\/uploads\/2020\/07\/mhgiav200807.png?resize=83%2C83&amp;ssl=1 83w, https:\/\/i0.wp.com\/uscatletica.ch\/wp\/wp-content\/uploads\/2020\/07\/mhgiav200807.png?zoom=2&amp;resize=150%2C150&amp;ssl=1 300w\" sizes=\"auto, (max-width: 150px) 100vw, 150px\" data-attachment-id=\"10566\" data-permalink=\"https:\/\/uscatletica.ch\/wp\/?attachment_id=10566\" data-orig-file=\"https:\/\/i0.wp.com\/uscatletica.ch\/wp\/wp-content\/uploads\/2020\/07\/mhgiav200807.png?fit=318%2C432&amp;ssl=1\" data-orig-size=\"318,432\" data-comments-opened=\"0\" data-image-meta=\"{&quot;aperture&quot;:&quot;0&quot;,&quot;credit&quot;:&quot;&quot;,&quot;camera&quot;:&quot;&quot;,&quot;caption&quot;:&quot;&quot;,&quot;created_timestamp&quot;:&quot;0&quot;,&quot;copyright&quot;:&quot;&quot;,&quot;focal_length&quot;:&quot;0&quot;,&quot;iso&quot;:&quot;0&quot;,&quot;shutter_speed&quot;:&quot;0&quot;,&quot;title&quot;:&quot;&quot;,&quot;orientation&quot;:&quot;0&quot;}\" data-image-title=\"mhgiav200807\" data-image-description=\"\" data-image-caption=\"&lt;p&gt;Morena in piena azione &lt;\/p&gt;\n\" data-large-file=\"https:\/\/i0.wp.com\/uscatletica.ch\/wp\/wp-content\/uploads\/2020\/07\/mhgiav200807.png?fit=318%2C432&amp;ssl=1\" \/><\/a>\n\t\t\t<\/div>\n\t\t\t\t<figcaption class='wp-caption-text gallery-caption' id='gallery-1-10566'>\n\t\t\t\tMorena in piena azione \n\t\t\t\t<\/figcaption><\/figure><figure class='gallery-item'>\n\t\t\t<div class='gallery-icon landscape'>\n\t\t\t\t<a href='https:\/\/uscatletica.ch\/wp\/?attachment_id=10567'><img loading=\"lazy\" decoding=\"async\" width=\"150\" height=\"150\" src=\"https:\/\/i0.wp.com\/uscatletica.ch\/wp\/wp-content\/uploads\/2020\/07\/start1500mf200807.jpg?resize=150%2C150&amp;ssl=1\" class=\"attachment-thumbnail size-thumbnail\" alt=\"\" aria-describedby=\"gallery-1-10567\" srcset=\"https:\/\/i0.wp.com\/uscatletica.ch\/wp\/wp-content\/uploads\/2020\/07\/start1500mf200807.jpg?resize=150%2C150&amp;ssl=1 150w, https:\/\/i0.wp.com\/uscatletica.ch\/wp\/wp-content\/uploads\/2020\/07\/start1500mf200807.jpg?resize=83%2C83&amp;ssl=1 83w, https:\/\/i0.wp.com\/uscatletica.ch\/wp\/wp-content\/uploads\/2020\/07\/start1500mf200807.jpg?zoom=2&amp;resize=150%2C150&amp;ssl=1 300w\" sizes=\"auto, (max-width: 150px) 100vw, 150px\" data-attachment-id=\"10567\" data-permalink=\"https:\/\/uscatletica.ch\/wp\/?attachment_id=10567\" data-orig-file=\"https:\/\/i0.wp.com\/uscatletica.ch\/wp\/wp-content\/uploads\/2020\/07\/start1500mf200807.jpg?fit=432%2C324&amp;ssl=1\" data-orig-size=\"432,324\" data-comments-opened=\"0\" data-image-meta=\"{&quot;aperture&quot;:&quot;4.2&quot;,&quot;credit&quot;:&quot;&quot;,&quot;camera&quot;:&quot;DC-TZ91&quot;,&quot;caption&quot;:&quot;&quot;,&quot;created_timestamp&quot;:&quot;1531080782&quot;,&quot;copyright&quot;:&quot;&quot;,&quot;focal_length&quot;:&quot;10.3&quot;,&quot;iso&quot;:&quot;500&quot;,&quot;shutter_speed&quot;:&quot;0.008&quot;,&quot;title&quot;:&quot;&quot;,&quot;orientation&quot;:&quot;1&quot;}\" data-image-title=\"start1500mf200807\" data-image-description=\"\" data-image-caption=\"&lt;p&gt;Giorgia Federica Zoe al via dei 1500 m&lt;\/p&gt;\n\" data-large-file=\"https:\/\/i0.wp.com\/uscatletica.ch\/wp\/wp-content\/uploads\/2020\/07\/start1500mf200807.jpg?fit=432%2C324&amp;ssl=1\" \/><\/a>\n\t\t\t<\/div>\n\t\t\t\t<figcaption class='wp-caption-text gallery-caption' id='gallery-1-10567'>\n\t\t\t\tGiorgia Federica Zoe al via dei 1500 m\n\t\t\t\t<\/figcaption><\/figure><figure class='gallery-item'>\n\t\t\t<div class='gallery-icon landscape'>\n\t\t\t\t<a href='https:\/\/uscatletica.ch\/wp\/?attachment_id=10568'><img loading=\"lazy\" decoding=\"async\" width=\"150\" height=\"150\" src=\"https:\/\/i0.wp.com\/uscatletica.ch\/wp\/wp-content\/uploads\/2020\/07\/start100mu200807.jpg?resize=150%2C150&amp;ssl=1\" class=\"attachment-thumbnail size-thumbnail\" alt=\"\" aria-describedby=\"gallery-1-10568\" srcset=\"https:\/\/i0.wp.com\/uscatletica.ch\/wp\/wp-content\/uploads\/2020\/07\/start100mu200807.jpg?resize=150%2C150&amp;ssl=1 150w, https:\/\/i0.wp.com\/uscatletica.ch\/wp\/wp-content\/uploads\/2020\/07\/start100mu200807.jpg?resize=83%2C83&amp;ssl=1 83w, https:\/\/i0.wp.com\/uscatletica.ch\/wp\/wp-content\/uploads\/2020\/07\/start100mu200807.jpg?zoom=2&amp;resize=150%2C150&amp;ssl=1 300w\" sizes=\"auto, (max-width: 150px) 100vw, 150px\" data-attachment-id=\"10568\" data-permalink=\"https:\/\/uscatletica.ch\/wp\/?attachment_id=10568\" data-orig-file=\"https:\/\/i0.wp.com\/uscatletica.ch\/wp\/wp-content\/uploads\/2020\/07\/start100mu200807.jpg?fit=432%2C324&amp;ssl=1\" data-orig-size=\"432,324\" data-comments-opened=\"0\" data-image-meta=\"{&quot;aperture&quot;:&quot;5&quot;,&quot;credit&quot;:&quot;&quot;,&quot;camera&quot;:&quot;DC-TZ91&quot;,&quot;caption&quot;:&quot;&quot;,&quot;created_timestamp&quot;:&quot;1531079387&quot;,&quot;copyright&quot;:&quot;&quot;,&quot;focal_length&quot;:&quot;17.5&quot;,&quot;iso&quot;:&quot;200&quot;,&quot;shutter_speed&quot;:&quot;0.0125&quot;,&quot;title&quot;:&quot;&quot;,&quot;orientation&quot;:&quot;1&quot;}\" data-image-title=\"start100mu200807\" data-image-description=\"\" data-image-caption=\"&lt;p&gt;Marco e Damian in uscita dai blocchi&lt;\/p&gt;\n\" data-large-file=\"https:\/\/i0.wp.com\/uscatletica.ch\/wp\/wp-content\/uploads\/2020\/07\/start100mu200807.jpg?fit=432%2C324&amp;ssl=1\" \/><\/a>\n\t\t\t<\/div>\n\t\t\t\t<figcaption class='wp-caption-text gallery-caption' id='gallery-1-10568'>\n\t\t\t\tMarco e Damian in uscita dai blocchi\n\t\t\t\t<\/figcaption><\/figure><figure class='gallery-item'>\n\t\t\t<div class='gallery-icon portrait'>\n\t\t\t\t<a href='https:\/\/uscatletica.ch\/wp\/?attachment_id=10569'><img loading=\"lazy\" decoding=\"async\" width=\"150\" height=\"150\" src=\"https:\/\/i0.wp.com\/uscatletica.ch\/wp\/wp-content\/uploads\/2020\/07\/startmatilda200807.jpg?resize=150%2C150&amp;ssl=1\" class=\"attachment-thumbnail size-thumbnail\" alt=\"\" aria-describedby=\"gallery-1-10569\" srcset=\"https:\/\/i0.wp.com\/uscatletica.ch\/wp\/wp-content\/uploads\/2020\/07\/startmatilda200807.jpg?resize=150%2C150&amp;ssl=1 150w, https:\/\/i0.wp.com\/uscatletica.ch\/wp\/wp-content\/uploads\/2020\/07\/startmatilda200807.jpg?resize=83%2C83&amp;ssl=1 83w, https:\/\/i0.wp.com\/uscatletica.ch\/wp\/wp-content\/uploads\/2020\/07\/startmatilda200807.jpg?zoom=2&amp;resize=150%2C150&amp;ssl=1 300w\" sizes=\"auto, (max-width: 150px) 100vw, 150px\" data-attachment-id=\"10569\" data-permalink=\"https:\/\/uscatletica.ch\/wp\/?attachment_id=10569\" data-orig-file=\"https:\/\/i0.wp.com\/uscatletica.ch\/wp\/wp-content\/uploads\/2020\/07\/startmatilda200807.jpg?fit=322%2C429&amp;ssl=1\" data-orig-size=\"322,429\" data-comments-opened=\"0\" data-image-meta=\"{&quot;aperture&quot;:&quot;6.4&quot;,&quot;credit&quot;:&quot;&quot;,&quot;camera&quot;:&quot;DC-TZ91&quot;,&quot;caption&quot;:&quot;&quot;,&quot;created_timestamp&quot;:&quot;1531077585&quot;,&quot;copyright&quot;:&quot;&quot;,&quot;focal_length&quot;:&quot;129&quot;,&quot;iso&quot;:&quot;160&quot;,&quot;shutter_speed&quot;:&quot;0.008&quot;,&quot;title&quot;:&quot;&quot;,&quot;orientation&quot;:&quot;1&quot;}\" data-image-title=\"startmatilda200807\" data-image-description=\"\" data-image-caption=\"&lt;p&gt;Matilda vola verso il primato sociale&lt;\/p&gt;\n\" data-large-file=\"https:\/\/i0.wp.com\/uscatletica.ch\/wp\/wp-content\/uploads\/2020\/07\/startmatilda200807.jpg?fit=322%2C429&amp;ssl=1\" \/><\/a>\n\t\t\t<\/div>\n\t\t\t\t<figcaption class='wp-caption-text gallery-caption' id='gallery-1-10569'>\n\t\t\t\tMatilda vola verso il primato sociale\n\t\t\t\t<\/figcaption><\/figure>\n\t\t<\/div>\n\n","protected":false},"excerpt":{"rendered":"<p>La serata del comunale ha regalato grande Atletica notevole il 1500 m maschile con 49 partecipanti e 13 sotto i 4&#8242; . USCine in forma splendida con Matilda e Giada che piazzano due primati sociali, gran debutto sui 1500 m per Giorgia \u00a0bene anche Morena nel giavellotto buone prove anche per Elia, Federica, Leila Damian, Marco ed Elody e Zoe.\u00a0 Risultati\u00a0 Nella pedana del Giavellotto doppia vittoria per Giada e Morena. \u00a0Giada al primo lancio&#8230;<\/p>\n","protected":false},"author":4,"featured_media":10568,"comment_status":"closed","ping_status":"closed","sticky":false,"template":"","format":"standard","meta":{"jetpack_post_was_ever_published":false,"_jetpack_newsletter_access":"","_jetpack_dont_email_post_to_subs":false,"_jetpack_newsletter_tier_id":0,"_jetpack_memberships_contains_paywalled_content":false,"_jetpack_memberships_contains_paid_content":false,"footnotes":"","jetpack_publicize_message":"","jetpack_publicize_feature_enabled":true,"jetpack_social_post_already_shared":false,"jetpack_social_options":{"image_generator_settings":{"template":"highway","default_image_id":0,"font":"","enabled":false},"version":2}},"categories":[4,9],"tags":[],"class_list":["post-10565","post","type-post","status-publish","format-standard","has-post-thumbnail","hentry","category-pista","category-sport"],"jetpack_publicize_connections":[],"jetpack_featured_media_url":"https:\/\/i0.wp.com\/uscatletica.ch\/wp\/wp-content\/uploads\/2020\/07\/start100mu200807.jpg?fit=432%2C324&ssl=1","jetpack_sharing_enabled":true,"jetpack_shortlink":"https:\/\/wp.me\/p6V7Ck-2Kp","jetpack-related-posts":[{"id":10574,"url":"https:\/\/uscatletica.ch\/wp\/?p=10574","url_meta":{"origin":10565,"position":0},"title":"Al Lido in forma i lanciatori","author":"Leonida Stampanoni","date":"9 Luglio 2020","format":false,"excerpt":"Buona serata per i nostri lanciatori a Locarno nel secondo meeting salti e lanci \u00a0dove Joanne Hartmeier \u00a0con 37.60 m ha firmato il nuovo primato U20 con il giavellotto da 600 g. Morena sua coetanea con il giavellotto da 400 g ha ritoccato il primato sociale. Nella pedana del peso\u2026","rel":"","context":"In &quot;Pista&quot;","block_context":{"text":"Pista","link":"https:\/\/uscatletica.ch\/wp\/?cat=4"},"img":{"alt_text":"","src":"https:\/\/i0.wp.com\/uscatletica.ch\/wp\/wp-content\/uploads\/2020\/07\/mhgiavor200807.png?fit=1200%2C902&ssl=1&resize=350%2C200","width":350,"height":200,"srcset":"https:\/\/i0.wp.com\/uscatletica.ch\/wp\/wp-content\/uploads\/2020\/07\/mhgiavor200807.png?fit=1200%2C902&ssl=1&resize=350%2C200 1x, https:\/\/i0.wp.com\/uscatletica.ch\/wp\/wp-content\/uploads\/2020\/07\/mhgiavor200807.png?fit=1200%2C902&ssl=1&resize=525%2C300 1.5x, https:\/\/i0.wp.com\/uscatletica.ch\/wp\/wp-content\/uploads\/2020\/07\/mhgiavor200807.png?fit=1200%2C902&ssl=1&resize=700%2C400 2x, https:\/\/i0.wp.com\/uscatletica.ch\/wp\/wp-content\/uploads\/2020\/07\/mhgiavor200807.png?fit=1200%2C902&ssl=1&resize=1050%2C600 3x"},"classes":[]},{"id":10860,"url":"https:\/\/uscatletica.ch\/wp\/?p=10860","url_meta":{"origin":10565,"position":1},"title":"Bravi gli USCini al Lido","author":"Leonida Stampanoni","date":"10 Settembre 2020","format":false,"excerpt":"Una serata ideale al Lido di Locarno per gareggiare ed i nostri atleti ne hanno approfittato quasi 200 gli atleti presenti nel numerose discipline proposte dalla Virtus Locarno, ottimi i mezzofondisti che hanno migliorato i propri limiti e con Roby che ha vinto la gara. Nei lanci conferme per Morena\u2026","rel":"","context":"In &quot;Pista&quot;","block_context":{"text":"Pista","link":"https:\/\/uscatletica.ch\/wp\/?cat=4"},"img":{"alt_text":"","src":"https:\/\/i0.wp.com\/uscatletica.ch\/wp\/wp-content\/uploads\/2020\/07\/start100mu200807.jpg?fit=432%2C324&ssl=1&resize=350%2C200","width":350,"height":200},"classes":[]},{"id":10561,"url":"https:\/\/uscatletica.ch\/wp\/?p=10561","url_meta":{"origin":10565,"position":2},"title":"Doppio appuntamento in pista tra Bellinzona e Locarno","author":"Leonida Stampanoni","date":"8 Luglio 2020","format":false,"excerpt":"Una due giorni \u00a0di gare tra Bellinzona e Locarno chiuder\u00e0 la prima parte della stagione ticinese 2020 che ha confermato la crescita del movimento cantonale. I nostri atleti brillanti nelle prime uscite vorranno confermare i progressi mostrati. \u00a0Mercoled\u00ec si correr\u00e0 al comunale di Bellinzona \u00a0in programma il debutto per \u00a0giavellottiste\u2026","rel":"","context":"In &quot;Pista&quot;","block_context":{"text":"Pista","link":"https:\/\/uscatletica.ch\/wp\/?cat=4"},"img":{"alt_text":"","src":"https:\/\/i0.wp.com\/uscatletica.ch\/wp\/wp-content\/uploads\/2019\/08\/IMG_0908.jpg?fit=640%2C480&ssl=1&resize=350%2C200","width":350,"height":200,"srcset":"https:\/\/i0.wp.com\/uscatletica.ch\/wp\/wp-content\/uploads\/2019\/08\/IMG_0908.jpg?fit=640%2C480&ssl=1&resize=350%2C200 1x, https:\/\/i0.wp.com\/uscatletica.ch\/wp\/wp-content\/uploads\/2019\/08\/IMG_0908.jpg?fit=640%2C480&ssl=1&resize=525%2C300 1.5x"},"classes":[]},{"id":10851,"url":"https:\/\/uscatletica.ch\/wp\/?p=10851","url_meta":{"origin":10565,"position":3},"title":"Locarno una serata di atletica","author":"Leonida Stampanoni","date":"9 Settembre 2020","format":false,"excerpt":"Stasera a Locarno\u00a0 ci sar\u00e0 un meeting C con al via una decina di USCini pronti a confermare i progressi mostrati in stagione si parte dai lanci con Giada e Morena a trainare il gruppo nella velocit\u00e0 ci sono Leila e Matilda a guidare il gruppo nel mezzofondo Elia ed\u2026","rel":"","context":"In &quot;Pista&quot;","block_context":{"text":"Pista","link":"https:\/\/uscatletica.ch\/wp\/?cat=4"},"img":{"alt_text":"","src":"https:\/\/i0.wp.com\/uscatletica.ch\/wp\/wp-content\/uploads\/2020\/09\/200902MGRISC.jpg?fit=421%2C316&ssl=1&resize=350%2C200","width":350,"height":200},"classes":[]},{"id":10587,"url":"https:\/\/uscatletica.ch\/wp\/?p=10587","url_meta":{"origin":10565,"position":4},"title":"Robi campione Ticinese Letizia argento a Biasca","author":"Leonida Stampanoni","date":"29 Luglio 2020","format":false,"excerpt":"La serata di fine luglio sulla nuova pista di Biasca ha regalato diverse soddisfazioni agli USCini. Roby con un gran finale ha vinto il titolo cantonale, mentre Letizia nonostante una caduta nelle prime fasi della gara ha conquistato l'argento inchinandosi solo ad Elena Roos. Bravi anche Giorgia, Enea, Marco e\u2026","rel":"","context":"In &quot;Pista&quot;","block_context":{"text":"Pista","link":"https:\/\/uscatletica.ch\/wp\/?cat=4"},"img":{"alt_text":"","src":"https:\/\/i0.wp.com\/uscatletica.ch\/wp\/wp-content\/uploads\/2020\/07\/podio3000m2020ftal.jpg?fit=432%2C324&ssl=1&resize=350%2C200","width":350,"height":200},"classes":[]},{"id":9165,"url":"https:\/\/uscatletica.ch\/wp\/?p=9165","url_meta":{"origin":10565,"position":5},"title":"CAMPIONATI TICINESI U16 U18 23 USCINI ALLA CARICA","author":"Leonida Stampanoni","date":"27 Settembre 2019","format":false,"excerpt":"l Domenica il nuovo stadio comunale di Bellinzona accoglier\u00e0 i campionati ticinesi U16-U18, sotto la direzione del GAB \u00a0ci saranno quasi 200 adolescenti a lottare per i 34 titoli. L'USC con 23 atleti al via sar\u00e0 la seconda societ\u00e0 pi\u00f9 numerosa al via. I nostri atleti Capitanati dalla vice campionessa\u2026","rel":"","context":"In &quot;Pista&quot;","block_context":{"text":"Pista","link":"https:\/\/uscatletica.ch\/wp\/?cat=4"},"img":{"alt_text":"","src":"https:\/\/i0.wp.com\/uscatletica.ch\/wp\/wp-content\/uploads\/2019\/08\/caratschlausc190815.jpg?fit=432%2C324&ssl=1&resize=350%2C200","width":350,"height":200},"classes":[]}],"_links":{"self":[{"href":"https:\/\/uscatletica.ch\/wp\/index.php?rest_route=\/wp\/v2\/posts\/10565","targetHints":{"allow":["GET"]}}],"collection":[{"href":"https:\/\/uscatletica.ch\/wp\/index.php?rest_route=\/wp\/v2\/posts"}],"about":[{"href":"https:\/\/uscatletica.ch\/wp\/index.php?rest_route=\/wp\/v2\/types\/post"}],"author":[{"embeddable":true,"href":"https:\/\/uscatletica.ch\/wp\/index.php?rest_route=\/wp\/v2\/users\/4"}],"replies":[{"embeddable":true,"href":"https:\/\/uscatletica.ch\/wp\/index.php?rest_route=%2Fwp%2Fv2%2Fcomments&post=10565"}],"version-history":[{"count":3,"href":"https:\/\/uscatletica.ch\/wp\/index.php?rest_route=\/wp\/v2\/posts\/10565\/revisions"}],"predecessor-version":[{"id":10573,"href":"https:\/\/uscatletica.ch\/wp\/index.php?rest_route=\/wp\/v2\/posts\/10565\/revisions\/10573"}],"wp:featuredmedia":[{"embeddable":true,"href":"https:\/\/uscatletica.ch\/wp\/index.php?rest_route=\/wp\/v2\/media\/10568"}],"wp:attachment":[{"href":"https:\/\/uscatletica.ch\/wp\/index.php?rest_route=%2Fwp%2Fv2%2Fmedia&parent=10565"}],"wp:term":[{"taxonomy":"category","embeddable":true,"href":"https:\/\/uscatletica.ch\/wp\/index.php?rest_route=%2Fwp%2Fv2%2Fcategories&post=10565"},{"taxonomy":"post_tag","embeddable":true,"href":"https:\/\/uscatletica.ch\/wp\/index.php?rest_route=%2Fwp%2Fv2%2Ftags&post=10565"}],"curies":[{"name":"wp","href":"https:\/\/api.w.org\/{rel}","templated":true}]}}