{"id":10616,"date":"2020-08-10T07:39:52","date_gmt":"2020-08-10T05:39:52","guid":{"rendered":"http:\/\/uscatletica.ch\/wp\/?p=10616"},"modified":"2020-08-10T08:06:33","modified_gmt":"2020-08-10T06:06:33","slug":"morena-bene-a-langenthal-due-podi-per-roby-al-sanbernardino","status":"publish","type":"post","link":"https:\/\/uscatletica.ch\/wp\/?p=10616","title":{"rendered":"Morena bene a Langenthal due podi per Roby al SANBERNARDINO"},"content":{"rendered":"\n<p>Il fine settimana si \u00e8 sviluppato tra il moesano e Langenthal dove Morena ha partecipato con successo ai campionati svizzeri di gare multiple. Al Sanbernardino in programma una due giorni con il trail i l sabato ed il vertical domenica, Robi ha chiuso secondo e terzo mentre Marco sempre nei 10 domenica pure Tommaso ha chiuso tra i primi.<\/p>\n<p><a href=\"https:\/\/www.lvl.ch\/images\/resultate\/2020\/20200809_Rangliste_MK-SMGesamt.pdf\" target=\"_blank\" rel=\"noopener noreferrer\">Le classifiche di Langenthal\u00a0 <\/a><a href=\"https:\/\/www.datasport.com\/live\/ranking\/?racenr=221043\" target=\"_blank\" rel=\"noopener noreferrer\">Risultati da San Bernardino<\/a> <a href=\"https:\/\/www.datasport.com\/live\/ranking\/?racenr=221043\" target=\"_blank\" rel=\"noopener noreferrer\">Risultati da Rossa<\/a> <a href=\"https:\/\/center.sportident.com\/results\/orienteering\/co-engiadina\/2020\/event-6-engadiner-abend-ol-2020\/3\/results\" target=\"_blank\" rel=\"noopener noreferrer\">Risultato da Cinous- Chel<\/a><\/p>\n<h2>Morena debutta\u00a0 in un contesto di alto livello<\/h2>\n<p>Il fine settimana atleticio con Morena che ha chiuso il pentathlon a 2692 punti\u00a0 11&#8243;40 suigli 80 m un buon 10.50 nel getto del peso. Nei salti 4.50 in lungo ed 1.33 m nell&#8217;alto per chiudere con un incoraggiante 1000 m in 3&#8217;52&#8243;22. A Langenthal ben tre i primati ticinesi Emma Piffaretti ha vinto l&#8217;eptathlon U20 con il nuovo primato cantonale assoluto ed U20 di 5308 punti. Sui 100 m ostacoli in 14&#8243;23 ha pareggiato il primato U20. Milgior prestazione mondiale dell&#8217;Anno per Simon Ehammer nel decathlon con 8233 punti.Ricky Petrucciani correndo i 100 m in 10&#8243;34 ha cancellato un primato ticinese storico che durava da 50 anni.<\/p>\n<h2>DUE PODI PER ROBY A SAN BERNARDINO<\/h2>\n<p>Fine settimana tutto Moesano per podisti ed amanti della corsa in montagna; a San Bernardino doppio impegno sabato trail di 31 km\u00a0 con vittoria per Hassan, nostra vecchia conoscenza davanti a Robi 3h07&#8217;59\u00a0 sesto Marco in 3h26&#8217;20 Nel vertical domenica Roby ha chiuso terzo in\u00a0 primo sempre Hassan\u00a0\u00a0 ottavo Marco e decimo Tommaso . Nel GP Rossa bella gara per il nostro infaticabile Giancarlo quarto tra gli M60. Giovedi a Cinous-chel ottavo rango per Leonida nella percorso verde della 6 CO serale dell&#8217;Engiadina .<\/p>\n","protected":false},"excerpt":{"rendered":"<p>Il fine settimana si \u00e8 sviluppato tra il moesano e Langenthal dove Morena ha partecipato con successo ai campionati svizzeri di gare multiple. Al Sanbernardino in programma una due giorni con il trail i l sabato ed il vertical domenica, Robi ha chiuso secondo e terzo mentre Marco sempre nei 10 domenica pure Tommaso ha chiuso tra i primi. Le classifiche di Langenthal\u00a0 Risultati da San Bernardino Risultati da Rossa Risultato da Cinous- Chel Morena&#8230;<\/p>\n","protected":false},"author":4,"featured_media":9684,"comment_status":"closed","ping_status":"closed","sticky":false,"template":"","format":"standard","meta":{"jetpack_post_was_ever_published":false,"_jetpack_newsletter_access":"","_jetpack_dont_email_post_to_subs":false,"_jetpack_newsletter_tier_id":0,"_jetpack_memberships_contains_paywalled_content":false,"_jetpack_memberships_contains_paid_content":false,"footnotes":"","jetpack_publicize_message":"","jetpack_publicize_feature_enabled":true,"jetpack_social_post_already_shared":false,"jetpack_social_options":{"image_generator_settings":{"template":"highway","default_image_id":0,"font":"","enabled":false},"version":2}},"categories":[19,16,4,5,9],"tags":[],"class_list":["post-10616","post","type-post","status-publish","format-standard","has-post-thumbnail","hentry","category-corsa-dorientamento","category-montagna","category-pista","category-podismo","category-sport"],"jetpack_publicize_connections":[],"jetpack_featured_media_url":"https:\/\/i0.wp.com\/uscatletica.ch\/wp\/wp-content\/uploads\/2020\/01\/campaccio2020.jpg?fit=432%2C285&ssl=1","jetpack_sharing_enabled":true,"jetpack_shortlink":"https:\/\/wp.me\/p6V7Ck-2Le","jetpack-related-posts":[{"id":10610,"url":"https:\/\/uscatletica.ch\/wp\/?p=10610","url_meta":{"origin":10616,"position":0},"title":"Morena ai campionati svizzeri di Multiple Gran Premio Rossa per i podisti","author":"Leonida Stampanoni","date":"7 Agosto 2020","format":false,"excerpt":"Sabato a Langenthal, pista che nel 2020 ha gi\u00e0 festeggiato due primati cantonali,\u00a0 i campionati svizzeri di gare multiple aprirano un intenso periodo di caccia alle medaglie nazionale.Morena inpegnata nel Pentathlon aprir\u00e0 le danze per l'USC. Sabato con il Gran Premio Rossa si disputer\u00e0 la seconda prova di coppa ASTi\u2026","rel":"","context":"In &quot;Pista&quot;","block_context":{"text":"Pista","link":"https:\/\/uscatletica.ch\/wp\/?cat=4"},"img":{"alt_text":"","src":"https:\/\/i0.wp.com\/uscatletica.ch\/wp\/wp-content\/uploads\/2020\/07\/tris200729biasca.jpg?fit=321%2C241&ssl=1&resize=350%2C200","width":350,"height":200},"classes":[]},{"id":19694,"url":"https:\/\/uscatletica.ch\/wp\/?p=19694","url_meta":{"origin":10616,"position":1},"title":"Giada e Lea ai campionati svizzeri U23\/20 a Langenthal","author":"Leonida Stampanoni","date":"16 Agosto 2024","format":false,"excerpt":"Nel fine settimana riparte a spron battuto la stagione dopo l'abbuffata internazionale con Europei ed Olimpiadi. Diversi dei protagonisti saranno a Langenthal per i campionati svizzeri giovanili U20\/U23. Nella delegazione ticinese spiccano le nostre due atlete L'esperta Giada Battaini gi\u00e0 in grado di conquistare alcune medaglie nel settore lanci, e\u2026","rel":"","context":"In &quot;Pista&quot;","block_context":{"text":"Pista","link":"https:\/\/uscatletica.ch\/wp\/?cat=4"},"img":{"alt_text":"","src":"https:\/\/i0.wp.com\/uscatletica.ch\/wp\/wp-content\/uploads\/2024\/05\/5erchi.jpg?fit=474%2C315&ssl=1&resize=350%2C200","width":350,"height":200},"classes":[]},{"id":2765,"url":"https:\/\/uscatletica.ch\/wp\/?p=2765","url_meta":{"origin":10616,"position":2},"title":"Fine settimana Da Aarau a Sportissima","author":"Leonida Stampanoni","date":"9 Settembre 2016","format":false,"excerpt":"Nel fine settimana in programma i campionati svizzeri giovanili \u00a0l'USC sar\u00e0 ad Aarau con SImone e Giada. In Ticino sabato ci sar\u00e0 la Stramassagno prova valida per la coppa Ticino di podismo. Domenica all'Arena Sportiva ci sar\u00e0 Sportissima \u00a0con la premiazione al merito sportivo del comune di Capriasca con Roberto,\u2026","rel":"","context":"In &quot;Diversi&quot;","block_context":{"text":"Diversi","link":"https:\/\/uscatletica.ch\/wp\/?cat=30"},"img":{"alt_text":"","src":"https:\/\/i0.wp.com\/uscatletica.ch\/wp\/wp-content\/uploads\/2016\/08\/IMG_7139.jpg?fit=563%2C422&ssl=1&resize=350%2C200","width":350,"height":200,"srcset":"https:\/\/i0.wp.com\/uscatletica.ch\/wp\/wp-content\/uploads\/2016\/08\/IMG_7139.jpg?fit=563%2C422&ssl=1&resize=350%2C200 1x, https:\/\/i0.wp.com\/uscatletica.ch\/wp\/wp-content\/uploads\/2016\/08\/IMG_7139.jpg?fit=563%2C422&ssl=1&resize=525%2C300 1.5x"},"classes":[]},{"id":12183,"url":"https:\/\/uscatletica.ch\/wp\/?p=12183","url_meta":{"origin":10616,"position":3},"title":"Roby vola sui 3000 m bravi gli USCini tra Biasca e Sarnen (Foto)Chiuro","author":"Leonida Stampanoni","date":"13 Maggio 2021","format":false,"excerpt":"L'intensa giornata comincia sotto la pioggia intensa ed il vento di Sarnen, grosse difficolt\u00e0 per Giada nella pedana allagata il gruppetto dei velocisti si difende bene. In chiusura di serata arriva il botto Roby a Langenthal corre un ottimo 3000 m . A Biasca le nostre giovani nonostante il forte\u2026","rel":"","context":"In &quot;Pista&quot;","block_context":{"text":"Pista","link":"https:\/\/uscatletica.ch\/wp\/?cat=4"},"img":{"alt_text":"","src":"https:\/\/i0.wp.com\/uscatletica.ch\/wp\/wp-content\/uploads\/2021\/04\/210421olist.jpg?fit=432%2C324&ssl=1&resize=350%2C200","width":350,"height":200},"classes":[]},{"id":1686,"url":"https:\/\/uscatletica.ch\/wp\/?p=1686","url_meta":{"origin":10616,"position":4},"title":"Simone  debutta a Basel (ticinesi e svizzeri partono col botto)","author":"Leonida Stampanoni","date":"7 Maggio 2016","format":false,"excerpt":"A Basel si correva la H\u00fcrden cup meeting \u00a0dedicato specialmente agli ostacoli, che presenta infatti anche la gara sui 200 m hs. Alla Sch\u00fctzenmatte debuttava in pista nel 2016 Simone che settimana prossima rappresenter\u00e0 il Ticino a Bressanone con la selezione Ticino. \u00a0Gioved\u00ec a Langenthal e a Basel gli atleti\u2026","rel":"","context":"In &quot;Pista&quot;","block_context":{"text":"Pista","link":"https:\/\/uscatletica.ch\/wp\/?cat=4"},"img":{"alt_text":"","src":"https:\/\/i0.wp.com\/uscatletica.ch\/wp\/wp-content\/uploads\/2016\/01\/P1330283.jpg?fit=640%2C480&ssl=1&resize=350%2C200","width":350,"height":200,"srcset":"https:\/\/i0.wp.com\/uscatletica.ch\/wp\/wp-content\/uploads\/2016\/01\/P1330283.jpg?fit=640%2C480&ssl=1&resize=350%2C200 1x, https:\/\/i0.wp.com\/uscatletica.ch\/wp\/wp-content\/uploads\/2016\/01\/P1330283.jpg?fit=640%2C480&ssl=1&resize=525%2C300 1.5x"},"classes":[]},{"id":19708,"url":"https:\/\/uscatletica.ch\/wp\/?p=19708","url_meta":{"origin":10616,"position":5},"title":"GIADA BRONZO NEL DISCO A LANGENTHAL","author":"Leonida Stampanoni","date":"17 Agosto 2024","format":false,"excerpt":"Grande prestazione di Giada ai campionati svizzeri U20\/U23 di Langenthal, dopo il settimo rango nel peso, la nostra lanciatrice ha vinto la medaglia di bronzo nel disco. Giada scagliando il disco a 45.00\u00a0 \u00e8 diventata la terza ticinese di tutti i tempi. Sabato ai campionati svizzeri U20\/U23 in corso a\u2026","rel":"","context":"In &quot;Pista&quot;","block_context":{"text":"Pista","link":"https:\/\/uscatletica.ch\/wp\/?cat=4"},"img":{"alt_text":"","src":"https:\/\/i0.wp.com\/uscatletica.ch\/wp\/wp-content\/uploads\/2024\/08\/20240818giadamedaglieab.jpg?fit=432%2C324&ssl=1&resize=350%2C200","width":350,"height":200},"classes":[]}],"_links":{"self":[{"href":"https:\/\/uscatletica.ch\/wp\/index.php?rest_route=\/wp\/v2\/posts\/10616","targetHints":{"allow":["GET"]}}],"collection":[{"href":"https:\/\/uscatletica.ch\/wp\/index.php?rest_route=\/wp\/v2\/posts"}],"about":[{"href":"https:\/\/uscatletica.ch\/wp\/index.php?rest_route=\/wp\/v2\/types\/post"}],"author":[{"embeddable":true,"href":"https:\/\/uscatletica.ch\/wp\/index.php?rest_route=\/wp\/v2\/users\/4"}],"replies":[{"embeddable":true,"href":"https:\/\/uscatletica.ch\/wp\/index.php?rest_route=%2Fwp%2Fv2%2Fcomments&post=10616"}],"version-history":[{"count":2,"href":"https:\/\/uscatletica.ch\/wp\/index.php?rest_route=\/wp\/v2\/posts\/10616\/revisions"}],"predecessor-version":[{"id":10619,"href":"https:\/\/uscatletica.ch\/wp\/index.php?rest_route=\/wp\/v2\/posts\/10616\/revisions\/10619"}],"wp:featuredmedia":[{"embeddable":true,"href":"https:\/\/uscatletica.ch\/wp\/index.php?rest_route=\/wp\/v2\/media\/9684"}],"wp:attachment":[{"href":"https:\/\/uscatletica.ch\/wp\/index.php?rest_route=%2Fwp%2Fv2%2Fmedia&parent=10616"}],"wp:term":[{"taxonomy":"category","embeddable":true,"href":"https:\/\/uscatletica.ch\/wp\/index.php?rest_route=%2Fwp%2Fv2%2Fcategories&post=10616"},{"taxonomy":"post_tag","embeddable":true,"href":"https:\/\/uscatletica.ch\/wp\/index.php?rest_route=%2Fwp%2Fv2%2Ftags&post=10616"}],"curies":[{"name":"wp","href":"https:\/\/api.w.org\/{rel}","templated":true}]}}