{"id":10626,"date":"2020-08-18T07:10:55","date_gmt":"2020-08-18T05:10:55","guid":{"rendered":"http:\/\/uscatletica.ch\/wp\/?p=10626"},"modified":"2020-08-18T04:23:34","modified_gmt":"2020-08-18T02:23:34","slug":"minicamp-capriasca-un-gran-bel-successo","status":"publish","type":"post","link":"https:\/\/uscatletica.ch\/wp\/?p=10626","title":{"rendered":"Minicamp Capriasca un gran bel successo"},"content":{"rendered":"\n<p>Il grande entusiasmo, passione 6 allenamenti\u00a0 una bella escursione alla Moschera a casa della nostra cara Mascotte Brighela, due allenatori ospiti\u00a0 due allenatori USC e 22 atleti motivati e pronti ad affrontare l&#8217;intensa fine estate di gare\u00a0 questi gli ingedienti principali dell&#8217;edizione 2020 del campo di allenamento svoltosi all&#8217;Arena sportiva 4 giorni di atletica e risate. Grazie all&#8217;impegno di Loris e Lorenzo che hanno guidato i nostri giovani.<\/p>\n\n\n\n<div data-carousel-extra='{&quot;blog_id&quot;:1,&quot;permalink&quot;:&quot;https:\/\/uscatletica.ch\/wp\/?p=10626&quot;}' id='gallery-1' class='gallery galleryid-10626 gallery-columns-3 gallery-size-large'><figure class='gallery-item'>\n\t\t\t<div class='gallery-icon landscape'>\n\t\t\t\t<a href='https:\/\/uscatletica.ch\/wp\/?attachment_id=10627'><img loading=\"lazy\" decoding=\"async\" width=\"640\" height=\"359\" src=\"https:\/\/i0.wp.com\/uscatletica.ch\/wp\/wp-content\/uploads\/2020\/08\/IMG_0303.png?fit=640%2C359&amp;ssl=1\" class=\"attachment-large size-large\" alt=\"\" srcset=\"https:\/\/i0.wp.com\/uscatletica.ch\/wp\/wp-content\/uploads\/2020\/08\/IMG_0303.png?w=640&amp;ssl=1 640w, https:\/\/i0.wp.com\/uscatletica.ch\/wp\/wp-content\/uploads\/2020\/08\/IMG_0303.png?resize=300%2C168&amp;ssl=1 300w, https:\/\/i0.wp.com\/uscatletica.ch\/wp\/wp-content\/uploads\/2020\/08\/IMG_0303.png?resize=71%2C40&amp;ssl=1 71w\" sizes=\"auto, (max-width: 640px) 100vw, 640px\" data-attachment-id=\"10627\" data-permalink=\"https:\/\/uscatletica.ch\/wp\/?attachment_id=10627\" data-orig-file=\"https:\/\/i0.wp.com\/uscatletica.ch\/wp\/wp-content\/uploads\/2020\/08\/IMG_0303.png?fit=640%2C359&amp;ssl=1\" data-orig-size=\"640,359\" data-comments-opened=\"0\" data-image-meta=\"{&quot;aperture&quot;:&quot;0&quot;,&quot;credit&quot;:&quot;&quot;,&quot;camera&quot;:&quot;&quot;,&quot;caption&quot;:&quot;&quot;,&quot;created_timestamp&quot;:&quot;0&quot;,&quot;copyright&quot;:&quot;&quot;,&quot;focal_length&quot;:&quot;0&quot;,&quot;iso&quot;:&quot;0&quot;,&quot;shutter_speed&quot;:&quot;0&quot;,&quot;title&quot;:&quot;&quot;,&quot;orientation&quot;:&quot;0&quot;}\" data-image-title=\"IMG_0303\" data-image-description=\"\" data-image-caption=\"\" data-large-file=\"https:\/\/i0.wp.com\/uscatletica.ch\/wp\/wp-content\/uploads\/2020\/08\/IMG_0303.png?fit=640%2C359&amp;ssl=1\" \/><\/a>\n\t\t\t<\/div><\/figure><figure class='gallery-item'>\n\t\t\t<div class='gallery-icon landscape'>\n\t\t\t\t<a href='https:\/\/uscatletica.ch\/wp\/?attachment_id=10628'><img loading=\"lazy\" decoding=\"async\" width=\"640\" height=\"480\" src=\"https:\/\/i0.wp.com\/uscatletica.ch\/wp\/wp-content\/uploads\/2020\/08\/IMG_0301.jpg?fit=640%2C480&amp;ssl=1\" class=\"attachment-large size-large\" alt=\"\" srcset=\"https:\/\/i0.wp.com\/uscatletica.ch\/wp\/wp-content\/uploads\/2020\/08\/IMG_0301.jpg?w=640&amp;ssl=1 640w, https:\/\/i0.wp.com\/uscatletica.ch\/wp\/wp-content\/uploads\/2020\/08\/IMG_0301.jpg?resize=300%2C225&amp;ssl=1 300w\" sizes=\"auto, (max-width: 640px) 100vw, 640px\" data-attachment-id=\"10628\" data-permalink=\"https:\/\/uscatletica.ch\/wp\/?attachment_id=10628\" data-orig-file=\"https:\/\/i0.wp.com\/uscatletica.ch\/wp\/wp-content\/uploads\/2020\/08\/IMG_0301.jpg?fit=640%2C480&amp;ssl=1\" data-orig-size=\"640,480\" data-comments-opened=\"0\" data-image-meta=\"{&quot;aperture&quot;:&quot;1.8&quot;,&quot;credit&quot;:&quot;&quot;,&quot;camera&quot;:&quot;iPhone 7&quot;,&quot;caption&quot;:&quot;&quot;,&quot;created_timestamp&quot;:&quot;1597500789&quot;,&quot;copyright&quot;:&quot;&quot;,&quot;focal_length&quot;:&quot;3.99&quot;,&quot;iso&quot;:&quot;20&quot;,&quot;shutter_speed&quot;:&quot;0.00031298904538341&quot;,&quot;title&quot;:&quot;&quot;,&quot;orientation&quot;:&quot;1&quot;}\" data-image-title=\"IMG_0301\" data-image-description=\"\" data-image-caption=\"\" data-large-file=\"https:\/\/i0.wp.com\/uscatletica.ch\/wp\/wp-content\/uploads\/2020\/08\/IMG_0301.jpg?fit=640%2C480&amp;ssl=1\" \/><\/a>\n\t\t\t<\/div><\/figure><figure class='gallery-item'>\n\t\t\t<div class='gallery-icon landscape'>\n\t\t\t\t<a href='https:\/\/uscatletica.ch\/wp\/?attachment_id=10629'><img loading=\"lazy\" decoding=\"async\" width=\"640\" height=\"480\" src=\"https:\/\/i0.wp.com\/uscatletica.ch\/wp\/wp-content\/uploads\/2020\/08\/IMG_0299.jpg?fit=640%2C480&amp;ssl=1\" class=\"attachment-large size-large\" alt=\"\" srcset=\"https:\/\/i0.wp.com\/uscatletica.ch\/wp\/wp-content\/uploads\/2020\/08\/IMG_0299.jpg?w=640&amp;ssl=1 640w, https:\/\/i0.wp.com\/uscatletica.ch\/wp\/wp-content\/uploads\/2020\/08\/IMG_0299.jpg?resize=300%2C225&amp;ssl=1 300w\" sizes=\"auto, (max-width: 640px) 100vw, 640px\" data-attachment-id=\"10629\" data-permalink=\"https:\/\/uscatletica.ch\/wp\/?attachment_id=10629\" data-orig-file=\"https:\/\/i0.wp.com\/uscatletica.ch\/wp\/wp-content\/uploads\/2020\/08\/IMG_0299.jpg?fit=640%2C480&amp;ssl=1\" data-orig-size=\"640,480\" data-comments-opened=\"0\" data-image-meta=\"{&quot;aperture&quot;:&quot;1.8&quot;,&quot;credit&quot;:&quot;&quot;,&quot;camera&quot;:&quot;iPhone 7&quot;,&quot;caption&quot;:&quot;&quot;,&quot;created_timestamp&quot;:&quot;1597495969&quot;,&quot;copyright&quot;:&quot;&quot;,&quot;focal_length&quot;:&quot;3.99&quot;,&quot;iso&quot;:&quot;20&quot;,&quot;shutter_speed&quot;:&quot;0.00050100200400802&quot;,&quot;title&quot;:&quot;&quot;,&quot;orientation&quot;:&quot;1&quot;}\" data-image-title=\"IMG_0299\" data-image-description=\"\" data-image-caption=\"\" data-large-file=\"https:\/\/i0.wp.com\/uscatletica.ch\/wp\/wp-content\/uploads\/2020\/08\/IMG_0299.jpg?fit=640%2C480&amp;ssl=1\" \/><\/a>\n\t\t\t<\/div><\/figure><figure class='gallery-item'>\n\t\t\t<div class='gallery-icon landscape'>\n\t\t\t\t<a href='https:\/\/uscatletica.ch\/wp\/?attachment_id=10630'><img loading=\"lazy\" decoding=\"async\" width=\"640\" height=\"480\" src=\"https:\/\/i0.wp.com\/uscatletica.ch\/wp\/wp-content\/uploads\/2020\/08\/IMG_0292.jpg?fit=640%2C480&amp;ssl=1\" class=\"attachment-large size-large\" alt=\"\" srcset=\"https:\/\/i0.wp.com\/uscatletica.ch\/wp\/wp-content\/uploads\/2020\/08\/IMG_0292.jpg?w=640&amp;ssl=1 640w, https:\/\/i0.wp.com\/uscatletica.ch\/wp\/wp-content\/uploads\/2020\/08\/IMG_0292.jpg?resize=300%2C225&amp;ssl=1 300w\" sizes=\"auto, (max-width: 640px) 100vw, 640px\" data-attachment-id=\"10630\" data-permalink=\"https:\/\/uscatletica.ch\/wp\/?attachment_id=10630\" data-orig-file=\"https:\/\/i0.wp.com\/uscatletica.ch\/wp\/wp-content\/uploads\/2020\/08\/IMG_0292.jpg?fit=640%2C480&amp;ssl=1\" data-orig-size=\"640,480\" data-comments-opened=\"0\" data-image-meta=\"{&quot;aperture&quot;:&quot;1.8&quot;,&quot;credit&quot;:&quot;&quot;,&quot;camera&quot;:&quot;iPhone 7&quot;,&quot;caption&quot;:&quot;&quot;,&quot;created_timestamp&quot;:&quot;1597494422&quot;,&quot;copyright&quot;:&quot;&quot;,&quot;focal_length&quot;:&quot;3.99&quot;,&quot;iso&quot;:&quot;20&quot;,&quot;shutter_speed&quot;:&quot;0.00057405281285878&quot;,&quot;title&quot;:&quot;&quot;,&quot;orientation&quot;:&quot;1&quot;}\" data-image-title=\"IMG_0292\" data-image-description=\"\" data-image-caption=\"\" data-large-file=\"https:\/\/i0.wp.com\/uscatletica.ch\/wp\/wp-content\/uploads\/2020\/08\/IMG_0292.jpg?fit=640%2C480&amp;ssl=1\" \/><\/a>\n\t\t\t<\/div><\/figure><figure class='gallery-item'>\n\t\t\t<div class='gallery-icon landscape'>\n\t\t\t\t<a href='https:\/\/uscatletica.ch\/wp\/?attachment_id=10631'><img loading=\"lazy\" decoding=\"async\" width=\"640\" height=\"480\" src=\"https:\/\/i0.wp.com\/uscatletica.ch\/wp\/wp-content\/uploads\/2020\/08\/IMG_0272.jpg?fit=640%2C480&amp;ssl=1\" class=\"attachment-large size-large\" alt=\"\" srcset=\"https:\/\/i0.wp.com\/uscatletica.ch\/wp\/wp-content\/uploads\/2020\/08\/IMG_0272.jpg?w=640&amp;ssl=1 640w, https:\/\/i0.wp.com\/uscatletica.ch\/wp\/wp-content\/uploads\/2020\/08\/IMG_0272.jpg?resize=300%2C225&amp;ssl=1 300w\" sizes=\"auto, (max-width: 640px) 100vw, 640px\" data-attachment-id=\"10631\" data-permalink=\"https:\/\/uscatletica.ch\/wp\/?attachment_id=10631\" data-orig-file=\"https:\/\/i0.wp.com\/uscatletica.ch\/wp\/wp-content\/uploads\/2020\/08\/IMG_0272.jpg?fit=640%2C480&amp;ssl=1\" data-orig-size=\"640,480\" data-comments-opened=\"0\" data-image-meta=\"{&quot;aperture&quot;:&quot;1.8&quot;,&quot;credit&quot;:&quot;&quot;,&quot;camera&quot;:&quot;iPhone 7&quot;,&quot;caption&quot;:&quot;&quot;,&quot;created_timestamp&quot;:&quot;1597488684&quot;,&quot;copyright&quot;:&quot;&quot;,&quot;focal_length&quot;:&quot;3.99&quot;,&quot;iso&quot;:&quot;20&quot;,&quot;shutter_speed&quot;:&quot;0.00082508250825083&quot;,&quot;title&quot;:&quot;&quot;,&quot;orientation&quot;:&quot;1&quot;}\" data-image-title=\"IMG_0272\" data-image-description=\"\" data-image-caption=\"\" data-large-file=\"https:\/\/i0.wp.com\/uscatletica.ch\/wp\/wp-content\/uploads\/2020\/08\/IMG_0272.jpg?fit=640%2C480&amp;ssl=1\" \/><\/a>\n\t\t\t<\/div><\/figure><figure class='gallery-item'>\n\t\t\t<div class='gallery-icon landscape'>\n\t\t\t\t<a href='https:\/\/uscatletica.ch\/wp\/?attachment_id=10632'><img loading=\"lazy\" decoding=\"async\" width=\"640\" height=\"480\" src=\"https:\/\/i0.wp.com\/uscatletica.ch\/wp\/wp-content\/uploads\/2020\/08\/IMG_0267.jpg?fit=640%2C480&amp;ssl=1\" class=\"attachment-large size-large\" alt=\"\" srcset=\"https:\/\/i0.wp.com\/uscatletica.ch\/wp\/wp-content\/uploads\/2020\/08\/IMG_0267.jpg?w=640&amp;ssl=1 640w, https:\/\/i0.wp.com\/uscatletica.ch\/wp\/wp-content\/uploads\/2020\/08\/IMG_0267.jpg?resize=300%2C225&amp;ssl=1 300w\" sizes=\"auto, (max-width: 640px) 100vw, 640px\" data-attachment-id=\"10632\" data-permalink=\"https:\/\/uscatletica.ch\/wp\/?attachment_id=10632\" data-orig-file=\"https:\/\/i0.wp.com\/uscatletica.ch\/wp\/wp-content\/uploads\/2020\/08\/IMG_0267.jpg?fit=640%2C480&amp;ssl=1\" data-orig-size=\"640,480\" data-comments-opened=\"0\" data-image-meta=\"{&quot;aperture&quot;:&quot;1.8&quot;,&quot;credit&quot;:&quot;&quot;,&quot;camera&quot;:&quot;iPhone 7&quot;,&quot;caption&quot;:&quot;&quot;,&quot;created_timestamp&quot;:&quot;1597485766&quot;,&quot;copyright&quot;:&quot;&quot;,&quot;focal_length&quot;:&quot;3.99&quot;,&quot;iso&quot;:&quot;20&quot;,&quot;shutter_speed&quot;:&quot;0.0021321961620469&quot;,&quot;title&quot;:&quot;&quot;,&quot;orientation&quot;:&quot;1&quot;}\" data-image-title=\"IMG_0267\" data-image-description=\"\" data-image-caption=\"\" data-large-file=\"https:\/\/i0.wp.com\/uscatletica.ch\/wp\/wp-content\/uploads\/2020\/08\/IMG_0267.jpg?fit=640%2C480&amp;ssl=1\" \/><\/a>\n\t\t\t<\/div><\/figure><figure class='gallery-item'>\n\t\t\t<div class='gallery-icon landscape'>\n\t\t\t\t<a href='https:\/\/uscatletica.ch\/wp\/?attachment_id=10633'><img loading=\"lazy\" decoding=\"async\" width=\"640\" height=\"480\" src=\"https:\/\/i0.wp.com\/uscatletica.ch\/wp\/wp-content\/uploads\/2020\/08\/IMG_0247.jpg?fit=640%2C480&amp;ssl=1\" class=\"attachment-large size-large\" alt=\"\" srcset=\"https:\/\/i0.wp.com\/uscatletica.ch\/wp\/wp-content\/uploads\/2020\/08\/IMG_0247.jpg?w=640&amp;ssl=1 640w, https:\/\/i0.wp.com\/uscatletica.ch\/wp\/wp-content\/uploads\/2020\/08\/IMG_0247.jpg?resize=300%2C225&amp;ssl=1 300w\" sizes=\"auto, (max-width: 640px) 100vw, 640px\" data-attachment-id=\"10633\" data-permalink=\"https:\/\/uscatletica.ch\/wp\/?attachment_id=10633\" data-orig-file=\"https:\/\/i0.wp.com\/uscatletica.ch\/wp\/wp-content\/uploads\/2020\/08\/IMG_0247.jpg?fit=640%2C480&amp;ssl=1\" data-orig-size=\"640,480\" data-comments-opened=\"0\" data-image-meta=\"{&quot;aperture&quot;:&quot;1.8&quot;,&quot;credit&quot;:&quot;&quot;,&quot;camera&quot;:&quot;iPhone 7&quot;,&quot;caption&quot;:&quot;&quot;,&quot;created_timestamp&quot;:&quot;1597423102&quot;,&quot;copyright&quot;:&quot;&quot;,&quot;focal_length&quot;:&quot;3.99&quot;,&quot;iso&quot;:&quot;20&quot;,&quot;shutter_speed&quot;:&quot;0.0010438413361169&quot;,&quot;title&quot;:&quot;&quot;,&quot;orientation&quot;:&quot;1&quot;}\" data-image-title=\"IMG_0247\" data-image-description=\"\" data-image-caption=\"\" data-large-file=\"https:\/\/i0.wp.com\/uscatletica.ch\/wp\/wp-content\/uploads\/2020\/08\/IMG_0247.jpg?fit=640%2C480&amp;ssl=1\" \/><\/a>\n\t\t\t<\/div><\/figure><figure class='gallery-item'>\n\t\t\t<div class='gallery-icon landscape'>\n\t\t\t\t<a href='https:\/\/uscatletica.ch\/wp\/?attachment_id=10634'><img loading=\"lazy\" decoding=\"async\" width=\"640\" height=\"480\" src=\"https:\/\/i0.wp.com\/uscatletica.ch\/wp\/wp-content\/uploads\/2020\/08\/IMG_0234.jpg?fit=640%2C480&amp;ssl=1\" class=\"attachment-large size-large\" alt=\"\" srcset=\"https:\/\/i0.wp.com\/uscatletica.ch\/wp\/wp-content\/uploads\/2020\/08\/IMG_0234.jpg?w=640&amp;ssl=1 640w, https:\/\/i0.wp.com\/uscatletica.ch\/wp\/wp-content\/uploads\/2020\/08\/IMG_0234.jpg?resize=300%2C225&amp;ssl=1 300w\" sizes=\"auto, (max-width: 640px) 100vw, 640px\" data-attachment-id=\"10634\" data-permalink=\"https:\/\/uscatletica.ch\/wp\/?attachment_id=10634\" data-orig-file=\"https:\/\/i0.wp.com\/uscatletica.ch\/wp\/wp-content\/uploads\/2020\/08\/IMG_0234.jpg?fit=640%2C480&amp;ssl=1\" data-orig-size=\"640,480\" data-comments-opened=\"0\" data-image-meta=\"{&quot;aperture&quot;:&quot;1.8&quot;,&quot;credit&quot;:&quot;&quot;,&quot;camera&quot;:&quot;iPhone 7&quot;,&quot;caption&quot;:&quot;&quot;,&quot;created_timestamp&quot;:&quot;1597398537&quot;,&quot;copyright&quot;:&quot;&quot;,&quot;focal_length&quot;:&quot;3.99&quot;,&quot;iso&quot;:&quot;20&quot;,&quot;shutter_speed&quot;:&quot;0.00051203277009729&quot;,&quot;title&quot;:&quot;&quot;,&quot;orientation&quot;:&quot;1&quot;}\" data-image-title=\"IMG_0234\" data-image-description=\"\" data-image-caption=\"\" data-large-file=\"https:\/\/i0.wp.com\/uscatletica.ch\/wp\/wp-content\/uploads\/2020\/08\/IMG_0234.jpg?fit=640%2C480&amp;ssl=1\" \/><\/a>\n\t\t\t<\/div><\/figure><figure class='gallery-item'>\n\t\t\t<div class='gallery-icon landscape'>\n\t\t\t\t<a href='https:\/\/uscatletica.ch\/wp\/?attachment_id=10635'><img loading=\"lazy\" decoding=\"async\" width=\"640\" height=\"480\" src=\"https:\/\/i0.wp.com\/uscatletica.ch\/wp\/wp-content\/uploads\/2020\/08\/IMG_0188.jpg?fit=640%2C480&amp;ssl=1\" class=\"attachment-large size-large\" alt=\"\" srcset=\"https:\/\/i0.wp.com\/uscatletica.ch\/wp\/wp-content\/uploads\/2020\/08\/IMG_0188.jpg?w=640&amp;ssl=1 640w, https:\/\/i0.wp.com\/uscatletica.ch\/wp\/wp-content\/uploads\/2020\/08\/IMG_0188.jpg?resize=300%2C225&amp;ssl=1 300w\" sizes=\"auto, (max-width: 640px) 100vw, 640px\" data-attachment-id=\"10635\" data-permalink=\"https:\/\/uscatletica.ch\/wp\/?attachment_id=10635\" data-orig-file=\"https:\/\/i0.wp.com\/uscatletica.ch\/wp\/wp-content\/uploads\/2020\/08\/IMG_0188.jpg?fit=640%2C480&amp;ssl=1\" data-orig-size=\"640,480\" data-comments-opened=\"0\" data-image-meta=\"{&quot;aperture&quot;:&quot;1.8&quot;,&quot;credit&quot;:&quot;&quot;,&quot;camera&quot;:&quot;iPhone 7&quot;,&quot;caption&quot;:&quot;&quot;,&quot;created_timestamp&quot;:&quot;1597337564&quot;,&quot;copyright&quot;:&quot;&quot;,&quot;focal_length&quot;:&quot;3.99&quot;,&quot;iso&quot;:&quot;20&quot;,&quot;shutter_speed&quot;:&quot;0.0014306151645207&quot;,&quot;title&quot;:&quot;&quot;,&quot;orientation&quot;:&quot;1&quot;}\" data-image-title=\"IMG_0188\" data-image-description=\"\" data-image-caption=\"\" data-large-file=\"https:\/\/i0.wp.com\/uscatletica.ch\/wp\/wp-content\/uploads\/2020\/08\/IMG_0188.jpg?fit=640%2C480&amp;ssl=1\" \/><\/a>\n\t\t\t<\/div><\/figure><figure class='gallery-item'>\n\t\t\t<div class='gallery-icon landscape'>\n\t\t\t\t<a href='https:\/\/uscatletica.ch\/wp\/?attachment_id=10636'><img loading=\"lazy\" decoding=\"async\" width=\"640\" height=\"480\" src=\"https:\/\/i0.wp.com\/uscatletica.ch\/wp\/wp-content\/uploads\/2020\/08\/IMG_0175.jpg?fit=640%2C480&amp;ssl=1\" class=\"attachment-large size-large\" alt=\"\" srcset=\"https:\/\/i0.wp.com\/uscatletica.ch\/wp\/wp-content\/uploads\/2020\/08\/IMG_0175.jpg?w=640&amp;ssl=1 640w, https:\/\/i0.wp.com\/uscatletica.ch\/wp\/wp-content\/uploads\/2020\/08\/IMG_0175.jpg?resize=300%2C225&amp;ssl=1 300w\" sizes=\"auto, (max-width: 640px) 100vw, 640px\" data-attachment-id=\"10636\" data-permalink=\"https:\/\/uscatletica.ch\/wp\/?attachment_id=10636\" data-orig-file=\"https:\/\/i0.wp.com\/uscatletica.ch\/wp\/wp-content\/uploads\/2020\/08\/IMG_0175.jpg?fit=640%2C480&amp;ssl=1\" data-orig-size=\"640,480\" data-comments-opened=\"0\" data-image-meta=\"{&quot;aperture&quot;:&quot;1.8&quot;,&quot;credit&quot;:&quot;&quot;,&quot;camera&quot;:&quot;iPhone 7&quot;,&quot;caption&quot;:&quot;&quot;,&quot;created_timestamp&quot;:&quot;1597247001&quot;,&quot;copyright&quot;:&quot;&quot;,&quot;focal_length&quot;:&quot;3.99&quot;,&quot;iso&quot;:&quot;20&quot;,&quot;shutter_speed&quot;:&quot;0.00032299741602067&quot;,&quot;title&quot;:&quot;&quot;,&quot;orientation&quot;:&quot;1&quot;}\" data-image-title=\"IMG_0175\" data-image-description=\"\" data-image-caption=\"\" data-large-file=\"https:\/\/i0.wp.com\/uscatletica.ch\/wp\/wp-content\/uploads\/2020\/08\/IMG_0175.jpg?fit=640%2C480&amp;ssl=1\" \/><\/a>\n\t\t\t<\/div><\/figure><figure class='gallery-item'>\n\t\t\t<div class='gallery-icon landscape'>\n\t\t\t\t<a href='https:\/\/uscatletica.ch\/wp\/?attachment_id=10637'><img loading=\"lazy\" decoding=\"async\" width=\"640\" height=\"480\" src=\"https:\/\/i0.wp.com\/uscatletica.ch\/wp\/wp-content\/uploads\/2020\/08\/IMG_0172.jpg?fit=640%2C480&amp;ssl=1\" class=\"attachment-large size-large\" alt=\"\" srcset=\"https:\/\/i0.wp.com\/uscatletica.ch\/wp\/wp-content\/uploads\/2020\/08\/IMG_0172.jpg?w=640&amp;ssl=1 640w, https:\/\/i0.wp.com\/uscatletica.ch\/wp\/wp-content\/uploads\/2020\/08\/IMG_0172.jpg?resize=300%2C225&amp;ssl=1 300w\" sizes=\"auto, (max-width: 640px) 100vw, 640px\" data-attachment-id=\"10637\" data-permalink=\"https:\/\/uscatletica.ch\/wp\/?attachment_id=10637\" data-orig-file=\"https:\/\/i0.wp.com\/uscatletica.ch\/wp\/wp-content\/uploads\/2020\/08\/IMG_0172.jpg?fit=640%2C480&amp;ssl=1\" data-orig-size=\"640,480\" data-comments-opened=\"0\" data-image-meta=\"{&quot;aperture&quot;:&quot;1.8&quot;,&quot;credit&quot;:&quot;&quot;,&quot;camera&quot;:&quot;iPhone 7&quot;,&quot;caption&quot;:&quot;&quot;,&quot;created_timestamp&quot;:&quot;1597246921&quot;,&quot;copyright&quot;:&quot;&quot;,&quot;focal_length&quot;:&quot;3.99&quot;,&quot;iso&quot;:&quot;20&quot;,&quot;shutter_speed&quot;:&quot;0.00048007681228997&quot;,&quot;title&quot;:&quot;&quot;,&quot;orientation&quot;:&quot;1&quot;}\" data-image-title=\"IMG_0172\" data-image-description=\"\" data-image-caption=\"\" data-large-file=\"https:\/\/i0.wp.com\/uscatletica.ch\/wp\/wp-content\/uploads\/2020\/08\/IMG_0172.jpg?fit=640%2C480&amp;ssl=1\" \/><\/a>\n\t\t\t<\/div><\/figure><figure class='gallery-item'>\n\t\t\t<div class='gallery-icon landscape'>\n\t\t\t\t<a href='https:\/\/uscatletica.ch\/wp\/?attachment_id=10638'><img loading=\"lazy\" decoding=\"async\" width=\"640\" height=\"480\" src=\"https:\/\/i0.wp.com\/uscatletica.ch\/wp\/wp-content\/uploads\/2020\/08\/IMG_0168.jpg?fit=640%2C480&amp;ssl=1\" class=\"attachment-large size-large\" alt=\"\" srcset=\"https:\/\/i0.wp.com\/uscatletica.ch\/wp\/wp-content\/uploads\/2020\/08\/IMG_0168.jpg?w=640&amp;ssl=1 640w, https:\/\/i0.wp.com\/uscatletica.ch\/wp\/wp-content\/uploads\/2020\/08\/IMG_0168.jpg?resize=300%2C225&amp;ssl=1 300w\" sizes=\"auto, (max-width: 640px) 100vw, 640px\" data-attachment-id=\"10638\" data-permalink=\"https:\/\/uscatletica.ch\/wp\/?attachment_id=10638\" data-orig-file=\"https:\/\/i0.wp.com\/uscatletica.ch\/wp\/wp-content\/uploads\/2020\/08\/IMG_0168.jpg?fit=640%2C480&amp;ssl=1\" data-orig-size=\"640,480\" data-comments-opened=\"0\" data-image-meta=\"{&quot;aperture&quot;:&quot;1.8&quot;,&quot;credit&quot;:&quot;&quot;,&quot;camera&quot;:&quot;iPhone 7&quot;,&quot;caption&quot;:&quot;&quot;,&quot;created_timestamp&quot;:&quot;1597230771&quot;,&quot;copyright&quot;:&quot;&quot;,&quot;focal_length&quot;:&quot;3.99&quot;,&quot;iso&quot;:&quot;20&quot;,&quot;shutter_speed&quot;:&quot;0.00033400133600534&quot;,&quot;title&quot;:&quot;&quot;,&quot;orientation&quot;:&quot;1&quot;}\" data-image-title=\"IMG_0168\" data-image-description=\"\" data-image-caption=\"\" data-large-file=\"https:\/\/i0.wp.com\/uscatletica.ch\/wp\/wp-content\/uploads\/2020\/08\/IMG_0168.jpg?fit=640%2C480&amp;ssl=1\" \/><\/a>\n\t\t\t<\/div><\/figure>\n\t\t<\/div>\n\n","protected":false},"excerpt":{"rendered":"<p>Il grande entusiasmo, passione 6 allenamenti\u00a0 una bella escursione alla Moschera a casa della nostra cara Mascotte Brighela, due allenatori ospiti\u00a0 due allenatori USC e 22 atleti motivati e pronti ad affrontare l&#8217;intensa fine estate di gare\u00a0 questi gli ingedienti principali dell&#8217;edizione 2020 del campo di allenamento svoltosi all&#8217;Arena sportiva 4 giorni di atletica e risate. Grazie all&#8217;impegno di Loris e Lorenzo che hanno guidato i nostri giovani.<\/p>\n","protected":false},"author":4,"featured_media":10629,"comment_status":"closed","ping_status":"closed","sticky":false,"template":"","format":"standard","meta":{"jetpack_post_was_ever_published":false,"_jetpack_newsletter_access":"","_jetpack_dont_email_post_to_subs":false,"_jetpack_newsletter_tier_id":0,"_jetpack_memberships_contains_paywalled_content":false,"_jetpack_memberships_contains_paid_content":false,"footnotes":"","jetpack_publicize_message":"","jetpack_publicize_feature_enabled":true,"jetpack_social_post_already_shared":false,"jetpack_social_options":{"image_generator_settings":{"template":"highway","default_image_id":0,"font":"","enabled":false},"version":2}},"categories":[4,5,9],"tags":[],"class_list":["post-10626","post","type-post","status-publish","format-standard","has-post-thumbnail","hentry","category-pista","category-podismo","category-sport"],"jetpack_publicize_connections":[],"jetpack_featured_media_url":"https:\/\/i0.wp.com\/uscatletica.ch\/wp\/wp-content\/uploads\/2020\/08\/IMG_0299.jpg?fit=640%2C480&ssl=1","jetpack_sharing_enabled":true,"jetpack_shortlink":"https:\/\/wp.me\/p6V7Ck-2Lo","jetpack-related-posts":[{"id":4828,"url":"https:\/\/uscatletica.ch\/wp\/?p=4828","url_meta":{"origin":10626,"position":0},"title":"Chiara Zeni prima svizzera ai campionati europei IAADS","author":"Leonida Stampanoni","date":"1 Settembre 2017","format":false,"excerpt":"Campionati Europei il grande sogno di Chiara Una piccola bimba di 4 anni si presentava nel 2008 in palestra dell'USC a cominciava con l'aiuto della mamma a seguire gli allenamenti con il gruppo dei pi\u00f9 piccoli guidato da Anna e Moira, con impegno \u00a0e determinazione e molta allegria Chiara \u00e8\u2026","rel":"","context":"In &quot;Altro&quot;","block_context":{"text":"Altro","link":"https:\/\/uscatletica.ch\/wp\/?cat=11"},"img":{"alt_text":"","src":"https:\/\/i0.wp.com\/uscatletica.ch\/wp\/wp-content\/uploads\/2017\/03\/chiaranaconamed17.jpg?fit=532%2C299&ssl=1&resize=350%2C200","width":350,"height":200,"srcset":"https:\/\/i0.wp.com\/uscatletica.ch\/wp\/wp-content\/uploads\/2017\/03\/chiaranaconamed17.jpg?fit=532%2C299&ssl=1&resize=350%2C200 1x, https:\/\/i0.wp.com\/uscatletica.ch\/wp\/wp-content\/uploads\/2017\/03\/chiaranaconamed17.jpg?fit=532%2C299&ssl=1&resize=525%2C300 1.5x"},"classes":[]},{"id":1356,"url":"https:\/\/uscatletica.ch\/wp\/?p=1356","url_meta":{"origin":10626,"position":1},"title":"Roberto Delorenzi a Tenero con la nazionale di corsa in montagna","author":"Leonida Stampanoni","date":"21 Aprile 2016","format":false,"excerpt":"Roberto Delorenzi, il nostro giovane Talento specialista di corsa in montagna e Skyrace, lo scorso anno a settembre Roberto ebbe l'onore di partecipare ai campionati del mondo di corsa in montagna in Galles, A marzo ai campionati svizzeri di cross sfior\u00f2 il podio. La nazionale svizzera si trovava questa settimana\u2026","rel":"","context":"In &quot;Montagna&quot;","block_context":{"text":"Montagna","link":"https:\/\/uscatletica.ch\/wp\/?cat=16"},"img":{"alt_text":"","src":"https:\/\/i0.wp.com\/uscatletica.ch\/wp\/wp-content\/uploads\/2016\/04\/robitamaroprima.png?fit=538%2C307&ssl=1&resize=350%2C200","width":350,"height":200,"srcset":"https:\/\/i0.wp.com\/uscatletica.ch\/wp\/wp-content\/uploads\/2016\/04\/robitamaroprima.png?fit=538%2C307&ssl=1&resize=350%2C200 1x, https:\/\/i0.wp.com\/uscatletica.ch\/wp\/wp-content\/uploads\/2016\/04\/robitamaroprima.png?fit=538%2C307&ssl=1&resize=525%2C300 1.5x"},"classes":[]},{"id":19731,"url":"https:\/\/uscatletica.ch\/wp\/?p=19731","url_meta":{"origin":10626,"position":2},"title":"Campo estivo St Moritz 2024","author":"Leonida Stampanoni","date":"18 Agosto 2024","format":false,"excerpt":"Si \u00e8 concluso nel migliore dei modi il tradizionale Campo d\u2019allenamento USC a St. Moritz con piena soddisfazione di tutti: atleti, allenatori, accompagnatori. Molte e variate le attivit\u00e0 svolte, incentrate ovviamente sull\u2019atletica e sul podismo.\u00a0 A tutti un augurio per ottimi risultati nelle gare autunnali. \u00a0","rel":"","context":"In &quot;Diversi&quot;","block_context":{"text":"Diversi","link":"https:\/\/uscatletica.ch\/wp\/?cat=30"},"img":{"alt_text":"","src":"https:\/\/i0.wp.com\/uscatletica.ch\/wp\/wp-content\/uploads\/2024\/08\/image2dd.jpg?fit=432%2C324&ssl=1&resize=350%2C200","width":350,"height":200},"classes":[]},{"id":8772,"url":"https:\/\/uscatletica.ch\/wp\/?p=8772","url_meta":{"origin":10626,"position":3},"title":"CRATSCHLA 2019 CAMPO ALLENAMENTO ENGIADINA 2019","author":"Leonida Stampanoni","date":"12 Agosto 2019","format":false,"excerpt":"L'ottava edizione del campo d'allenamento all'ostello della gioventu di St Moritz ha portato 36 giovani USCini Nella giornata di sabato il campo \u00e8 partito in condizioni ideali dopo i primi tuffi nel lago di Savognin una volta preso possesso delle camere il grosso del gruppo \u00e8 andato al Lej Marsch\u2026","rel":"","context":"In &quot;I nostri appuntamenti&quot;","block_context":{"text":"I nostri appuntamenti","link":"https:\/\/uscatletica.ch\/wp\/?cat=12"},"img":{"alt_text":"","src":"https:\/\/i0.wp.com\/uscatletica.ch\/wp\/wp-content\/uploads\/2019\/08\/lejgrischus2010815.jpg?fit=432%2C324&ssl=1&resize=350%2C200","width":350,"height":200},"classes":[]},{"id":2920,"url":"https:\/\/uscatletica.ch\/wp\/?p=2920","url_meta":{"origin":10626,"position":4},"title":"GIADA E JANET SI LANCIANO NEL CAT FUTURE","author":"Leonida Stampanoni","date":"3 Ottobre 2016","format":false,"excerpt":"Il CAT FUTURE \u00e8 il nuovo progetto giovanile proposto dal Centro Atletico Ticino e dalla FTAL per offrire ai giovani di 12 giovani di 3 e 4 media l'opportunit\u00e0 di allenarsi settimanalmente seguiti da allenatori di alto livello. Tra i 12 prescelti per la stagione 2016 e 2017 troviamo anche\u2026","rel":"","context":"In &quot;Altro&quot;","block_context":{"text":"Altro","link":"https:\/\/uscatletica.ch\/wp\/?cat=11"},"img":{"alt_text":"","src":"https:\/\/i0.wp.com\/uscatletica.ch\/wp\/wp-content\/uploads\/2016\/08\/4x100.jpg?fit=557%2C372&ssl=1&resize=350%2C200","width":350,"height":200,"srcset":"https:\/\/i0.wp.com\/uscatletica.ch\/wp\/wp-content\/uploads\/2016\/08\/4x100.jpg?fit=557%2C372&ssl=1&resize=350%2C200 1x, https:\/\/i0.wp.com\/uscatletica.ch\/wp\/wp-content\/uploads\/2016\/08\/4x100.jpg?fit=557%2C372&ssl=1&resize=525%2C300 1.5x"},"classes":[]},{"id":6370,"url":"https:\/\/uscatletica.ch\/wp\/?p=6370","url_meta":{"origin":10626,"position":5},"title":"Giada allo scouting day di Swiss Athletics","author":"Leonida Stampanoni","date":"25 Luglio 2018","format":false,"excerpt":"Fine luglio \u00e8 tempo di campi di allenamento con Swiss Athletics e nel 2018 l'USC\u00a0 \u00e8 presente a Tenero con la nostra Giada finalista della Kids Cup lo scorso anno. La nostra Giada trascorrer\u00e0 una settimana in compagnia di alcune delle pi\u00f9 grandi promesse dell'atletica svizzera. Lunedi Giada ha avuto\u2026","rel":"","context":"In &quot;Pista&quot;","block_context":{"text":"Pista","link":"https:\/\/uscatletica.ch\/wp\/?cat=4"},"img":{"alt_text":"","src":"https:\/\/i0.wp.com\/uscatletica.ch\/wp\/wp-content\/uploads\/2018\/07\/ticino2018ukc.jpg?fit=432%2C288&ssl=1&resize=350%2C200","width":350,"height":200},"classes":[]}],"_links":{"self":[{"href":"https:\/\/uscatletica.ch\/wp\/index.php?rest_route=\/wp\/v2\/posts\/10626","targetHints":{"allow":["GET"]}}],"collection":[{"href":"https:\/\/uscatletica.ch\/wp\/index.php?rest_route=\/wp\/v2\/posts"}],"about":[{"href":"https:\/\/uscatletica.ch\/wp\/index.php?rest_route=\/wp\/v2\/types\/post"}],"author":[{"embeddable":true,"href":"https:\/\/uscatletica.ch\/wp\/index.php?rest_route=\/wp\/v2\/users\/4"}],"replies":[{"embeddable":true,"href":"https:\/\/uscatletica.ch\/wp\/index.php?rest_route=%2Fwp%2Fv2%2Fcomments&post=10626"}],"version-history":[{"count":1,"href":"https:\/\/uscatletica.ch\/wp\/index.php?rest_route=\/wp\/v2\/posts\/10626\/revisions"}],"predecessor-version":[{"id":10639,"href":"https:\/\/uscatletica.ch\/wp\/index.php?rest_route=\/wp\/v2\/posts\/10626\/revisions\/10639"}],"wp:featuredmedia":[{"embeddable":true,"href":"https:\/\/uscatletica.ch\/wp\/index.php?rest_route=\/wp\/v2\/media\/10629"}],"wp:attachment":[{"href":"https:\/\/uscatletica.ch\/wp\/index.php?rest_route=%2Fwp%2Fv2%2Fmedia&parent=10626"}],"wp:term":[{"taxonomy":"category","embeddable":true,"href":"https:\/\/uscatletica.ch\/wp\/index.php?rest_route=%2Fwp%2Fv2%2Fcategories&post=10626"},{"taxonomy":"post_tag","embeddable":true,"href":"https:\/\/uscatletica.ch\/wp\/index.php?rest_route=%2Fwp%2Fv2%2Ftags&post=10626"}],"curies":[{"name":"wp","href":"https:\/\/api.w.org\/{rel}","templated":true}]}}