{"id":10640,"date":"2020-08-18T06:23:57","date_gmt":"2020-08-18T04:23:57","guid":{"rendered":"http:\/\/uscatletica.ch\/wp\/?p=10640"},"modified":"2020-08-19T09:38:32","modified_gmt":"2020-08-19T07:38:32","slug":"ct-4x100-m-e-meeting-lugano-ultimo-test-prima-dei-tris-di-campionati","status":"publish","type":"post","link":"https:\/\/uscatletica.ch\/wp\/?p=10640","title":{"rendered":"CT 4X100 m e Meeting Lugano ultimo test prima dei tris di campionati"},"content":{"rendered":"\n<p>Marted\u00ec sera a Cornaredo&nbsp; si terranno i campionati ticinesi di 4&#215;100 m ed il meeting di Lugano, a cui seguiranno 4 fine settimana dedicate ai campionati a cominciare dai campionati svizzeri U20 e U23 di Frauenfeld per finire con gli assoluti di Basel .Nella corsa al titolo della 4&#215;100 m ci saranno <a href=\"https:\/\/uscatletica.ch\/wp\/?p=8927\" target=\"_blank\" rel=\"noopener noreferrer\">le nostre ragazze che lo scorso anno al comunale vinsero l&#8217;argento.&nbsp;<\/a> Lo scorso fine settimana il Ticino ha potuto festeggiare la prima vittoria in Diamond League grazie ad Ajla Del Ponte impostasi al Herculis di Monaco.<\/p>\n<p>In pista a titolo individuale ci saranno molte delle nostre U16&nbsp; sugli Matilda Pauline ed Elody Marco sui 100 m Chiara sui 600 Morena Carolina e Federica mentre Lea correr\u00e0 i 2000 m<\/p>\n<p><a href=\"https:\/\/slv.laportal.net\/Competitions\/Details\/3425\" target=\"_blank\" rel=\"noopener noreferrer\">Liste di partenza&nbsp;<\/a> <a href=\"https:\/\/slv.laportal.net\/CIS\/Timetable?compid=3425\" target=\"_blank\" rel=\"noopener noreferrer\">risultati live<\/a><\/p>\n<table cellspacing=\"0\" border=\"0\"><colgroup width=\"90\" span=\"7\"><\/colgroup>\n<tbody>\n<tr>\n<td valign=\"middle\" height=\"26\" bgcolor=\"#C0C0C0\" align=\"left\"><b><span style=\"font-family: Verdana; font-size: xx-small;\">Mitglieder-\/Lizenznummer<\/span><\/b><\/td>\n<td valign=\"middle\" bgcolor=\"#C0C0C0\" align=\"left\"><b><span style=\"font-family: Verdana; font-size: xx-small;\">Geschlecht<\/span><\/b><\/td>\n<td valign=\"middle\" bgcolor=\"#C0C0C0\" align=\"left\"><b><span style=\"font-family: Verdana; font-size: xx-small;\">Nachname<\/span><\/b><\/td>\n<td valign=\"middle\" bgcolor=\"#C0C0C0\" align=\"left\"><b><span style=\"font-family: Verdana; font-size: xx-small;\">Vorname<\/span><\/b><\/td>\n<td valign=\"middle\" bgcolor=\"#C0C0C0\" align=\"left\"><b><span style=\"font-family: Verdana; font-size: xx-small;\">Geburtsdatum<\/span><\/b><\/td>\n<td valign=\"middle\" bgcolor=\"#C0C0C0\" align=\"left\"><b><span style=\"font-family: Verdana; font-size: xx-small;\">Kategorie<\/span><\/b><\/td>\n<td valign=\"middle\" bgcolor=\"#C0C0C0\" align=\"left\"><b><span style=\"font-family: Verdana; font-size: xx-small;\">Disciplina<\/span><\/b><\/td>\n<\/tr>\n<tr>\n<td valign=\"top\" height=\"26\" align=\"left\"><span style=\"font-family: Verdana; font-size: xx-small;\">252876<\/span><\/td>\n<td valign=\"top\" align=\"left\"><span style=\"font-family: Verdana; font-size: xx-small;\">Weiblich<\/span><\/td>\n<td valign=\"top\" align=\"left\"><span style=\"font-family: Verdana; font-size: xx-small;\">Zeni<\/span><\/td>\n<td valign=\"top\" align=\"left\"><span style=\"font-family: Verdana; font-size: xx-small;\">Chiara<\/span><\/td>\n<td valign=\"top\" align=\"left\"><span style=\"font-family: Verdana; font-size: xx-small;\">30.08.2004<\/span><\/td>\n<td valign=\"top\" align=\"left\"><span style=\"font-family: Verdana; font-size: xx-small;\">U18 Frauen<\/span><\/td>\n<td align=\"left\">100 m<\/td>\n<\/tr>\n<tr>\n<td valign=\"top\" height=\"26\" align=\"left\"><span style=\"font-family: Verdana; font-size: xx-small;\">245660<\/span><\/td>\n<td valign=\"top\" align=\"left\"><span style=\"font-family: Verdana; font-size: xx-small;\">Weiblich<\/span><\/td>\n<td valign=\"top\" align=\"left\"><span style=\"font-family: Verdana; font-size: xx-small;\">Cocconi<\/span><\/td>\n<td valign=\"top\" align=\"left\"><span style=\"font-family: Verdana; font-size: xx-small;\">Lea<\/span><\/td>\n<td valign=\"top\" align=\"left\"><span style=\"font-family: Verdana; font-size: xx-small;\">09.08.2006<\/span><\/td>\n<td valign=\"top\" align=\"left\"><span style=\"font-family: Verdana; font-size: xx-small;\">U16 Frauen<\/span><\/td>\n<td valign=\"top\" align=\"left\"><span style=\"font-family: Verdana; font-size: xx-small;\">2000 m<\/span><\/td>\n<\/tr>\n<tr>\n<td valign=\"top\" height=\"26\" align=\"left\"><span style=\"font-family: Verdana; font-size: xx-small;\">174535<\/span><\/td>\n<td valign=\"top\" align=\"left\"><span style=\"font-family: Verdana; font-size: xx-small;\">Weiblich<\/span><\/td>\n<td valign=\"top\" align=\"left\"><span style=\"font-family: Verdana; font-size: xx-small;\">Baldi<\/span><\/td>\n<td valign=\"top\" align=\"left\"><span style=\"font-family: Verdana; font-size: xx-small;\">Federica<\/span><\/td>\n<td valign=\"top\" align=\"left\"><span style=\"font-family: Verdana; font-size: xx-small;\">04.03.2005<\/span><\/td>\n<td valign=\"top\" align=\"left\"><span style=\"font-family: Verdana; font-size: xx-small;\">U16 Frauen<\/span><\/td>\n<td valign=\"top\" align=\"left\"><span style=\"font-family: Verdana; font-size: xx-small;\">600 m <\/span><\/td>\n<\/tr>\n<tr>\n<td valign=\"top\" height=\"26\" align=\"left\"><span style=\"font-family: Verdana; font-size: xx-small;\">149096<\/span><\/td>\n<td valign=\"top\" align=\"left\"><span style=\"font-family: Verdana; font-size: xx-small;\">Weiblich<\/span><\/td>\n<td valign=\"top\" align=\"left\"><span style=\"font-family: Verdana; font-size: xx-small;\">Hutter<\/span><\/td>\n<td valign=\"top\" align=\"left\"><span style=\"font-family: Verdana; font-size: xx-small;\">Morena<\/span><\/td>\n<td valign=\"top\" align=\"left\"><span style=\"font-family: Verdana; font-size: xx-small;\">26.04.2005<\/span><\/td>\n<td valign=\"top\" align=\"left\"><span style=\"font-family: Verdana; font-size: xx-small;\">U16 Frauen<\/span><\/td>\n<td align=\"left\">600 m<\/td>\n<\/tr>\n<tr>\n<td valign=\"top\" height=\"26\" align=\"left\"><span style=\"font-family: Verdana; font-size: xx-small;\">245655<\/span><\/td>\n<td valign=\"top\" align=\"left\"><span style=\"font-family: Verdana; font-size: xx-small;\">Weiblich<\/span><\/td>\n<td valign=\"top\" align=\"left\"><span style=\"font-family: Verdana; font-size: xx-small;\">Berger<\/span><\/td>\n<td valign=\"top\" align=\"left\"><span style=\"font-family: Verdana; font-size: xx-small;\">Elody<\/span><\/td>\n<td valign=\"top\" align=\"left\"><span style=\"font-family: Verdana; font-size: xx-small;\">06.11.2006<\/span><\/td>\n<td valign=\"top\" align=\"left\"><span style=\"font-family: Verdana; font-size: xx-small;\">U16 Frauen<\/span><\/td>\n<td valign=\"top\" align=\"left\"><span style=\"font-family: Verdana; font-size: xx-small;\">80 m<\/span><\/td>\n<\/tr>\n<tr>\n<td valign=\"top\" height=\"26\" align=\"left\"><span style=\"font-family: Verdana; font-size: xx-small;\">252574<\/span><\/td>\n<td valign=\"top\" align=\"left\"><span style=\"font-family: Verdana; font-size: xx-small;\">Weiblich<\/span><\/td>\n<td valign=\"top\" align=\"left\"><span style=\"font-family: Verdana; font-size: xx-small;\">Magistra<\/span><\/td>\n<td valign=\"top\" align=\"left\"><span style=\"font-family: Verdana; font-size: xx-small;\">Pauline<\/span><\/td>\n<td valign=\"top\" align=\"left\"><span style=\"font-family: Verdana; font-size: xx-small;\">27.02.2006<\/span><\/td>\n<td valign=\"top\" align=\"left\"><span style=\"font-family: Verdana; font-size: xx-small;\">U16 Frauen<\/span><\/td>\n<td align=\"left\">80 m<\/td>\n<\/tr>\n<tr>\n<td valign=\"top\" height=\"26\" align=\"left\"><span style=\"font-family: Verdana; font-size: xx-small;\">245666<\/span><\/td>\n<td valign=\"top\" align=\"left\"><span style=\"font-family: Verdana; font-size: xx-small;\">Weiblich<\/span><\/td>\n<td valign=\"top\" align=\"left\"><span style=\"font-family: Verdana; font-size: xx-small;\">Rosa<\/span><\/td>\n<td valign=\"top\" align=\"left\"><span style=\"font-family: Verdana; font-size: xx-small;\">Matilda<\/span><\/td>\n<td valign=\"top\" align=\"left\"><span style=\"font-family: Verdana; font-size: xx-small;\">12.05.2005<\/span><\/td>\n<td valign=\"top\" align=\"left\"><span style=\"font-family: Verdana; font-size: xx-small;\">U16 Frauen<\/span><\/td>\n<td align=\"left\">80 m<\/td>\n<\/tr>\n<tr>\n<td valign=\"top\" height=\"26\" align=\"left\"><span style=\"font-family: Verdana; font-size: xx-small;\">175521<\/span><\/td>\n<td valign=\"top\" align=\"left\"><span style=\"font-family: Verdana; font-size: xx-small;\">M\u00e4nnlich<\/span><\/td>\n<td valign=\"top\" align=\"left\"><span style=\"font-family: Verdana; font-size: xx-small;\">Gaffuri<\/span><\/td>\n<td valign=\"top\" align=\"left\"><span style=\"font-family: Verdana; font-size: xx-small;\">Marco<\/span><\/td>\n<td valign=\"top\" align=\"left\"><span style=\"font-family: Verdana; font-size: xx-small;\">18.12.2005<\/span><\/td>\n<td valign=\"top\" align=\"left\"><span style=\"font-family: Verdana; font-size: xx-small;\">U16 M\u00e4nner<\/span><\/td>\n<td align=\"left\">80 m<\/td>\n<\/tr>\n<tr>\n<td valign=\"top\" height=\"26\" align=\"left\"><span style=\"font-family: Verdana; font-size: xx-small;\">245659<\/span><\/td>\n<td valign=\"top\" align=\"left\"><span style=\"font-family: Verdana; font-size: xx-small;\">femminile<\/span><\/td>\n<td valign=\"top\" align=\"left\"><span style=\"font-family: Verdana; font-size: xx-small;\">Campana<\/span><\/td>\n<td valign=\"top\" align=\"left\"><span style=\"font-family: Verdana; font-size: xx-small;\">Carolina<\/span><\/td>\n<td valign=\"top\" align=\"left\"><span style=\"font-family: Verdana; font-size: xx-small;\">05.01.2005<\/span><\/td>\n<td valign=\"top\" align=\"left\"><span style=\"font-family: Verdana; font-size: xx-small;\">U16 Frauen<\/span><\/td>\n<td align=\"left\">600 m<\/td>\n<\/tr>\n<\/tbody>\n<\/table>\n<p><a name=\"_Hlk19452896\"><\/a><a name=\"_Hlk20209874\"><\/a><a name=\"_Hlk29387341\"><\/a><a name=\"_Hlk30093693\"><\/a> <span style=\"font-family: Calibri Light, serif;\"><span style=\"font-size: xx-large;\">Successi e primati per i ticinesi oltre i confini cantonali<\/span><\/span><\/p>\n<p><span style=\"font-size: small;\">Dopo il successo di Ajla Del Ponte a Monaco, ticinesi in evidenza Oltralpe con Ricky Petrucciani e il nuovo primato ticinese U20 nel lancio del giavellotto di Joanne Hartmeier<\/span><b> <\/b><\/p>\n<p><span style=\"font-size: small;\"><span lang=\"it-IT\"><b>FTAL\/elista<\/b><\/span><\/span><span style=\"font-size: small;\"> \u2013 Accanto all\u2019esordio vincente di Ajla Del Ponte nel circuito della Diamond League, dove la velocista dell\u2019USA Ascona ha colto venerd\u00ec la vittoria nella tappa di Monaco vincendo i 100 metri in 11\u2019\u201916, il fine settimana ha regalato altre soddisfazioni agli atleti ticinesi impegnati nei vari meeting organizzati in Svizzera.<\/span><\/p>\n<p><span style=\"font-size: small;\">Venerd\u00ec sera a Rapperswil si \u00e8 corso un meeting serale e dalla pedana del giavellotto \u00e8 arrivato un nuovo primato cantonale U20 grazie al 38.47 metri ottenuto dalla giovane, classe 2005, Joanne Hartmeier della Virtus Locarno che ha cos\u00ec ritoccato il suo precedente limite di 37.60 m ottenuto a inizio luglio. Nella stessa gara la collega di club Lisa Patocchi ha chiuso quarta con 30.47 metri.<\/span><\/p>\n<p><span style=\"font-size: small;\">Sui 400 metri altra bella gara per Tessa Tedeschi della SFG Airolo con la vittoria sui 400 metri in 56\u2019\u201948, a pochi decimi dal suo personale, mentre la compagna di club Nina Altoni ha ottenuto il suo primato avvicinando la soglia del minuto (60\u2019\u201924). Sui 110 ostacoli U18 (91.4 cm) vittoria e personale per Nathan Oberti del GAB Bellinzona in 14\u2019\u201914, mentre sui 1&#8217;500 metri Enea Ratti del GAD Dongio si \u00e8 avvicinato ancor di pi\u00f9 ai 4 minuti ottenendo il personale di 4\u201903\u2019\u201941. Sui 100 metri Simon Calderari ha chiuso in 11\u2019\u201952.<\/span><\/p>\n<p><span style=\"font-size: small;\">Sulla stessa distanza ma al meeting internazionale di La Chaux-de-Fonds disputato nella giornata di sabato, altra bella prestazione per Daniele Angelella della Virtus che in una gara viziata de vento eccessivo (+3.2 m\/s) ha chiuso in 10\u2019\u201986. Ricky Petrucciani del LC Zurigo, dopo le faville sui 100 e 200 metri \u00e8 tornato in pista sulla sua gara, chiudendo con il quinto tempo di giornata sui 400 metri in 46\u2019\u201988 in un contesto internazionale. Tra le donne, Mara Moser del GAB ha corso in 58\u203347, mentre sempre sul giro di pista ma con ostacoli, 52\u2019\u201964 per Mattia Tajana del GAB. Nella pedana del lungo vittoria per la fresca campionessa svizzera di eptathlon U20 Emma Piffaretti dell\u2019USA Ascona con un miglior salto a 6.17 metri. <\/span><\/p>\n<p><span style=\"font-size: small;\">Sempre sabato, si \u00e8 corso anche a Sarnen nel nel canton Obwald. Mattia Schenk (Frecce Gialle Malcantone) ha corso in 22\u2019\u201945 i 200 metri (personale e miglior prestazione svizzera dell\u2019anno U18) e 11\u2019\u201962 i 100 metri, mentre la compagna di club Desir\u00e9e Regazzoni ha chiuso in 25\u2019\u201972 e rispettivamente 12\u2019\u201976. Sugli 800 metri 2\u201919\u2019\u201916 di Zoe Ranzoni della Virtus e 1\u201954\u203394 per Mirko Tam\u00f2 del GAB, che ha ottenuto il personale e anche il limite per partecipare ai Campionati svizzeri assoluti, previsti a Basilea l\u201911-12 settembre.<\/span><\/p>\n<p><a name=\"_GoBack\"><\/a> <span style=\"font-size: small;\">Marted\u00ec 18 agosto l\u2019atletica torna in Ticino con il meeting serale di Lugano, abbinato ai Campionati ticinesi 4&#215;100 metri. Le gare della serata organizzata dalla SAL Lugano inizieranno alle 19.10 per chiudersi con le staffette. Oltre alle 4&#215;100 metri, previste le corse sugli 80 metri (U16), 100, 600 e 2&#8217;000 metri. Informazioni e dettagli su <\/span><span style=\"color: #0563c1;\"><u><a href=\"http:\/\/www.ftal.ch\/\"><span style=\"font-size: small;\">www.ftal.ch<\/span><\/a><\/u><\/span><\/p>\n<p><span style=\"font-size: small;\"><span lang=\"it-IT\"><b>17 agosto 2020, FTAL\/elista<\/b><\/span><\/span><\/p>\n","protected":false},"excerpt":{"rendered":"<p>Marted\u00ec sera a Cornaredo&nbsp; si terranno i campionati ticinesi di 4&#215;100 m ed il meeting di Lugano, a cui seguiranno 4 fine settimana dedicate ai campionati a cominciare dai campionati svizzeri U20 e U23 di Frauenfeld per finire con gli assoluti di Basel .Nella corsa al titolo della 4&#215;100 m ci saranno le nostre ragazze che lo scorso anno al comunale vinsero l&#8217;argento.&nbsp; Lo scorso fine settimana il Ticino ha potuto festeggiare la prima vittoria&#8230;<\/p>\n","protected":false},"author":4,"featured_media":8908,"comment_status":"closed","ping_status":"closed","sticky":false,"template":"","format":"standard","meta":{"jetpack_post_was_ever_published":false,"_jetpack_newsletter_access":"","_jetpack_dont_email_post_to_subs":false,"_jetpack_newsletter_tier_id":0,"_jetpack_memberships_contains_paywalled_content":false,"_jetpack_memberships_contains_paid_content":false,"footnotes":"","jetpack_publicize_message":"","jetpack_publicize_feature_enabled":true,"jetpack_social_post_already_shared":false,"jetpack_social_options":{"image_generator_settings":{"template":"highway","default_image_id":0,"font":"","enabled":false},"version":2}},"categories":[4],"tags":[],"class_list":["post-10640","post","type-post","status-publish","format-standard","has-post-thumbnail","hentry","category-pista"],"jetpack_publicize_connections":[],"jetpack_featured_media_url":"https:\/\/i0.wp.com\/uscatletica.ch\/wp\/wp-content\/uploads\/2019\/08\/IMG_0908.jpg?fit=640%2C480&ssl=1","jetpack_sharing_enabled":true,"jetpack_shortlink":"https:\/\/wp.me\/p6V7Ck-2LC","jetpack-related-posts":[{"id":13069,"url":"https:\/\/uscatletica.ch\/wp\/?p=13069","url_meta":{"origin":10640,"position":0},"title":"A Cornaredo riparte la stagione la nostra 4&#215;100 ambiziosa","author":"Leonida Stampanoni","date":"20 Agosto 2021","format":false,"excerpt":"Sabato sera saranno una decina gli atleti USC al via del Meeting Serale di Lugano abbinato ai campionati ticinesi di 4x100 e staffetta Olimpionica. Il nostro quartetto sar\u00e0 al via della 4x100 m femminile \u00a0sei atleti al via nelle gare individuali \u00a0su 100 m e 600 m. Nei prossimi due\u2026","rel":"","context":"In &quot;Pista&quot;","block_context":{"text":"Pista","link":"https:\/\/uscatletica.ch\/wp\/?cat=4"},"img":{"alt_text":"","src":"https:\/\/i0.wp.com\/uscatletica.ch\/wp\/wp-content\/uploads\/2021\/07\/210721leilamatilda.jpg?fit=432%2C324&ssl=1&resize=350%2C200","width":350,"height":200},"classes":[]},{"id":10648,"url":"https:\/\/uscatletica.ch\/wp\/?p=10648","url_meta":{"origin":10640,"position":1},"title":"Buon rientro alle gare per gli USCini","author":"Leonida Stampanoni","date":"18 Agosto 2020","format":false,"excerpt":"In una serata dal clima ideale erano una decina gli USCini al via del Meeting di Lugano e del campionato ticinese della 4x100 m\u00a0 diversi i personali\u00a0 ottenuti dalle nostre ragazze. Matilda ha vinto gli 80 m personale invece per Pauline, Elody, Marco\u00a0 e per concludere per Morena sui 600\u2026","rel":"","context":"In &quot;Pista&quot;","block_context":{"text":"Pista","link":"https:\/\/uscatletica.ch\/wp\/?cat=4"},"img":{"alt_text":"","src":"https:\/\/i0.wp.com\/uscatletica.ch\/wp\/wp-content\/uploads\/2020\/08\/4x100m2020.jpg?fit=410%2C308&ssl=1&resize=350%2C200","width":350,"height":200},"classes":[]},{"id":4763,"url":"https:\/\/uscatletica.ch\/wp\/?p=4763","url_meta":{"origin":10640,"position":2},"title":"A Lugano la 4&#215;100 m sfiora il podio (Rachele in forma)","author":"Leonida Stampanoni","date":"20 Agosto 2017","format":false,"excerpt":"Sabato sera a Cornaredo c'era un meeting corse con in particolare i campionati tcinesi della 4x100 m una decina gli USCini reduci\u00a0dal campo di allenamento .\u00a0La 4x100 ha firmato il nuovo primato sociale ma non \u00e8 riuscita a difendere la medaglia vinta lo scorso anno. \u00a0Simone, Johanna e Katharina si\u2026","rel":"","context":"In &quot;Pista&quot;","block_context":{"text":"Pista","link":"https:\/\/uscatletica.ch\/wp\/?cat=4"},"img":{"alt_text":"","src":"https:\/\/i0.wp.com\/uscatletica.ch\/wp\/wp-content\/uploads\/2016\/05\/csi2016TEnero10.jpg?fit=563%2C422&ssl=1&resize=350%2C200","width":350,"height":200,"srcset":"https:\/\/i0.wp.com\/uscatletica.ch\/wp\/wp-content\/uploads\/2016\/05\/csi2016TEnero10.jpg?fit=563%2C422&ssl=1&resize=350%2C200 1x, https:\/\/i0.wp.com\/uscatletica.ch\/wp\/wp-content\/uploads\/2016\/05\/csi2016TEnero10.jpg?fit=563%2C422&ssl=1&resize=525%2C300 1.5x"},"classes":[]},{"id":2674,"url":"https:\/\/uscatletica.ch\/wp\/?p=2674","url_meta":{"origin":10640,"position":3},"title":"Intenso fine settimana di gare da Bellinzona a Chiasso","author":"Leonida Stampanoni","date":"25 Agosto 2016","format":false,"excerpt":"Le scuole bussano alla porta e l'attivit\u00e0 podistica ed atletica in Ticino si risveglia nel prossimo fine settimana ben tre appuntamenti di grande spessore . Il venerd\u00ec sera la Bellinzona GO & Run pure svago agonistico per gli adulti e la coppa Ticino giovanile per i nostri U16. \u00a0Sabato coppa\u2026","rel":"","context":"In &quot;Non catalogato&quot;","block_context":{"text":"Non catalogato","link":"https:\/\/uscatletica.ch\/wp\/?cat=6"},"img":{"alt_text":"","src":"https:\/\/i0.wp.com\/uscatletica.ch\/wp\/wp-content\/uploads\/2016\/08\/IMG_7145.jpg?fit=563%2C422&ssl=1&resize=350%2C200","width":350,"height":200,"srcset":"https:\/\/i0.wp.com\/uscatletica.ch\/wp\/wp-content\/uploads\/2016\/08\/IMG_7145.jpg?fit=563%2C422&ssl=1&resize=350%2C200 1x, https:\/\/i0.wp.com\/uscatletica.ch\/wp\/wp-content\/uploads\/2016\/08\/IMG_7145.jpg?fit=563%2C422&ssl=1&resize=525%2C300 1.5x"},"classes":[]},{"id":2705,"url":"https:\/\/uscatletica.ch\/wp\/?p=2705","url_meta":{"origin":10640,"position":4},"title":"CT 4X100 Meeting Serale Lugano","author":"Leonida Stampanoni","date":"31 Agosto 2016","format":false,"excerpt":"Mercoled\u00ec a Cornaredo si correranno i campionati ticinesi assoluti di 4x100 m \u00a0dopo diversi anni l'USC si ripresenta al via arricchendo la manifestazione con ben tre squadre \u00a02 quartetti femminili ed un quartetto maschile . Al via nei 600 m le nostre due esperte mezzofondiste Johanna e Flavie impegnati in\u2026","rel":"","context":"In &quot;Pista&quot;","block_context":{"text":"Pista","link":"https:\/\/uscatletica.ch\/wp\/?cat=4"},"img":{"alt_text":"","src":"https:\/\/i0.wp.com\/uscatletica.ch\/wp\/wp-content\/uploads\/2016\/08\/IMG_7145.jpg?fit=563%2C422&ssl=1&resize=350%2C200","width":350,"height":200,"srcset":"https:\/\/i0.wp.com\/uscatletica.ch\/wp\/wp-content\/uploads\/2016\/08\/IMG_7145.jpg?fit=563%2C422&ssl=1&resize=350%2C200 1x, https:\/\/i0.wp.com\/uscatletica.ch\/wp\/wp-content\/uploads\/2016\/08\/IMG_7145.jpg?fit=563%2C422&ssl=1&resize=525%2C300 1.5x"},"classes":[]},{"id":15398,"url":"https:\/\/uscatletica.ch\/wp\/?p=15398","url_meta":{"origin":10640,"position":5},"title":"Matilda debutta nella 4&#215;100 nazionale a Zofingen Chiara ai campionati italiani in Puglia","author":"Leonida Stampanoni","date":"3 Giugno 2022","format":false,"excerpt":"La Pentecoste per l'atletica \u00e8 sinonimo da sempre di due grandi meeting svizzeri a Zofingen e Basilea dove in pista scenderanno\u00a0 molti atleti nazionali reduci dalla scorsa trionfale stagione olimpica.\u00a0 Sar\u00e0 un momento storico per l'USC che vedr\u00e0 per la prima volta una sua atleta vestire la maglia nazionale in\u2026","rel":"","context":"In &quot;Pista&quot;","block_context":{"text":"Pista","link":"https:\/\/uscatletica.ch\/wp\/?cat=4"},"img":{"alt_text":"","src":"https:\/\/i0.wp.com\/uscatletica.ch\/wp\/wp-content\/uploads\/2020\/09\/P1040451.jpeg?fit=315%2C420&ssl=1&resize=350%2C200","width":350,"height":200},"classes":[]}],"_links":{"self":[{"href":"https:\/\/uscatletica.ch\/wp\/index.php?rest_route=\/wp\/v2\/posts\/10640","targetHints":{"allow":["GET"]}}],"collection":[{"href":"https:\/\/uscatletica.ch\/wp\/index.php?rest_route=\/wp\/v2\/posts"}],"about":[{"href":"https:\/\/uscatletica.ch\/wp\/index.php?rest_route=\/wp\/v2\/types\/post"}],"author":[{"embeddable":true,"href":"https:\/\/uscatletica.ch\/wp\/index.php?rest_route=\/wp\/v2\/users\/4"}],"replies":[{"embeddable":true,"href":"https:\/\/uscatletica.ch\/wp\/index.php?rest_route=%2Fwp%2Fv2%2Fcomments&post=10640"}],"version-history":[{"count":6,"href":"https:\/\/uscatletica.ch\/wp\/index.php?rest_route=\/wp\/v2\/posts\/10640\/revisions"}],"predecessor-version":[{"id":10658,"href":"https:\/\/uscatletica.ch\/wp\/index.php?rest_route=\/wp\/v2\/posts\/10640\/revisions\/10658"}],"wp:featuredmedia":[{"embeddable":true,"href":"https:\/\/uscatletica.ch\/wp\/index.php?rest_route=\/wp\/v2\/media\/8908"}],"wp:attachment":[{"href":"https:\/\/uscatletica.ch\/wp\/index.php?rest_route=%2Fwp%2Fv2%2Fmedia&parent=10640"}],"wp:term":[{"taxonomy":"category","embeddable":true,"href":"https:\/\/uscatletica.ch\/wp\/index.php?rest_route=%2Fwp%2Fv2%2Fcategories&post=10640"},{"taxonomy":"post_tag","embeddable":true,"href":"https:\/\/uscatletica.ch\/wp\/index.php?rest_route=%2Fwp%2Fv2%2Ftags&post=10640"}],"curies":[{"name":"wp","href":"https:\/\/api.w.org\/{rel}","templated":true}]}}