{"id":10662,"date":"2020-08-20T13:05:17","date_gmt":"2020-08-20T11:05:17","guid":{"rendered":"http:\/\/uscatletica.ch\/wp\/?p=10662"},"modified":"2020-08-20T13:05:22","modified_gmt":"2020-08-20T11:05:22","slug":"campionati-svizzeri-giada-sofia-ed-enea-a-frauenfeld","status":"publish","type":"post","link":"https:\/\/uscatletica.ch\/wp\/?p=10662","title":{"rendered":"Campionati Svizzeri Giada Sofia ed Enea a Frauenfeld"},"content":{"rendered":"\n<p>Nel fine settimana si terrano a Frauenfeld i Campionati svizzeri U20 U23 Tra la quarantina di Ticinesi ci saranno tre USCini Giada nei lanci , Sofia nella velocit\u00e0 tra le U20 e nel mezzofondo ci sar\u00e0 Enea tra gli U23. Alla Kleine Allmend ci saranno anche quattro campioni europei giovanili con Simon Ehammer, Jason Joseph gi\u00e0 molto brillanti in stagione e le ragazze Delia Sclabas e Geraldine Ruckstuhl.<\/p>\n<h2><a href=\"https:\/\/www.ubs-athletics.fans\/\" target=\"_blank\" rel=\"noopener noreferrer\">LIVE STREAMING<\/a>\u00a0 <a href=\"https:\/\/slv.laportal.net\/Competitions\/Details\/3573\" target=\"_blank\" rel=\"noopener noreferrer\">RISULTATI LIVE\u00a0<\/a><\/h2>\n<p>Giada nelle ultime tre uscite ai campionati svizzeri giovanili nel peso si \u00e8 assicurata la medaglia e parte ancora una volta in buona posizione per salire sul podio sabato comincer\u00e0 la sua due giorni di gara con il giavellotto mentre domenica avr\u00e0 il doppio impegno di con peso e giavellotto. Su 100 e 200 m Sofia debutter\u00e0 con la maglia USC\u00a0 mentre l&#8217;ultima gara di sabato sera saranno i 5000 m di Enea.<\/p>\n<p>Per il Ticino\u00a0 che sta vivendo un ottimo 2020 sar\u00e0 un poker d&#8217;assi a guidare l&#8217;assalto alle medaglie con Ricky Petrucciani Gian Vetterli\u00a0 , Emma Piffaretti gi\u00e0 capace di ottenere dei primati cantonali e la miglior dell&#8217;anno sui 400 Tessa Tedeschi<\/p>\n<h2><a href=\"https:\/\/ftal.ch\/petrucciani-piffaretti-tedeschi-e-vetterli-guidano-la-carica-ai-campionati-svizzeri-u20-e-u23\/\" target=\"_blank\" rel=\"noopener noreferrer\">Presentazione Stampa<\/a><\/h2>\n<div class=\"fusion-post-title-meta-wrap\">\n<h1 class=\"entry-title fusion-post-title fusion-responsive-typography-calculated\" data-fontsize=\"45\" data-lineheight=\"42px\">Petrucciani, Piffaretti, Tedeschi e Vetterli guidano la carica ai Campionati Svizzeri U20 e U23<\/h1>\n<\/div>\n<div class=\"fusion-flexslider flexslider post-slideshow fusion-post-slideshow\">\n<ul class=\"slides\">\n<li class=\"flex-active-slide\">\u00a0<\/li>\n<\/ul>\n<\/div>\n<div class=\"fusion-flexslider flexslider post-slideshow fusion-post-slideshow\">\n<ul class=\"flex-direction-nav\">\n<li class=\"flex-nav-prev\">\u00a0<\/li>\n<li class=\"flex-nav-next\">\u00a0<\/li>\n<\/ul>\n<\/div>\n<div class=\"post-content\">\n<h3 class=\"fusion-responsive-typography-calculated\" data-fontsize=\"36\" data-lineheight=\"39.9667px\">Ticinesi ambiziosi alla rassegna nazionale in programma a Frauenfeld<\/h3>\n<p>Il prossimo weekend di agosto, in versione anticipata rispetto al tradizionale calendario, lo Sportplatz Kleine Allmend di Frauenfeld accoglier\u00e0 i Campionati Svizzeri giovanili, la pi\u00f9 importante manifestazione a livello nazionale per le categorie U20 e U23. Le atlete e gli atleti ticinesi al via saranno numerosi e si attendono prestazioni significative da parte di diversi giovani, tra i quali <strong>Ricky<\/strong> <strong>Petrucciani<\/strong> (LC Zurigo),<strong> Emma Piffaretti<\/strong> (US Ascona), <strong>Gian Vetterli<\/strong> (US Ascona) e <strong>Tessa Tedeschi<\/strong> (SFG Airolo), favoriti in alcune delle rispettive discipline.<\/p>\n<p>Petrucciani si presenta nettamente come l\u2019uomo da battere sia nei 100 che nei 200 metri, distanze sulle quali ha recentemente ritoccato i primati cantonali fermando il cronometro rispettivamente a 10\u2019\u201937 e 21\u2019\u201903, vantando un netto vantaggio nei confronti degli avversari.\u00a0Bottino di medaglie atteso per la neo campionessa svizzera U20 di eptathlon <strong>Emma Piffaretti<\/strong> che \u00e8 iscritta nei 100, 100h, 200 e nel salto in lungo, presentandosi all\u2019altezza delle migliori in tutte le discipline. Il compagno di squadra <strong>Gian Vetterli<\/strong>, che aveva particolarmente brillato nel getto del peso gi\u00e0 in occasione dei Campionati Svizzeri indoor assoluti dello scorso febbraio, guida la lista di iscrizione nel lancio del disco, disciplina in cui a giugno ha ottenuto il record ticinese assoluto oltrepassando la misura dei 50 metri. Ottime possibilit\u00e0 di piazzamento anche nel getto del peso dove si dovr\u00e0 per\u00f2 confrontare con Simon Wieland (ST Bern), campione europeo U20 del lancio del giavellotto. Occhi puntati anche su <strong>Tessa<\/strong> <strong>Tedeschi<\/strong>, che nel mese di agosto ha dato prova di un eccellente stato di forma coprendo il giro di pista in 56\u2019\u201932, al momento migior prestazione nazionale di categoria. Per l\u2019SFG Airolo ottime possibilit\u00e0 di medaglia anche per <strong>Nina Altoni<\/strong> nei 400 ostacoli U20.<\/p>\n<p>Dal fronte dei lanci, importanti piazzamenti sono attesi anche per <strong>Gillian<\/strong> <strong>Ferrari<\/strong> (GA Bellinzona) e <strong>Giada<\/strong> <strong>Battaini<\/strong> (US Capriaschese), iscritte entrambe nel getto del peso e nel lancio del disco U20; Battaini potr\u00e0 dire la sua anche nel lancio del giavellotto. La VIRTUS Locarno giocher\u00e0 invece le sue carte nel lancio del martello con <strong>Anthony De la Paz<\/strong> tra gli U20 ed <strong>Emanuele Rizzi<\/strong> tra gli U23, entrambi papabili per un piazzamento sul podio. In gara al fianco di Rizzi ci sar\u00e0 anche <strong>Stefano Morandini<\/strong> (ASSPO Riva San Vitale).<\/p>\n<p>Interesasanti prestazioni e qualificazioni per le rispettive finali sono alla portata di numerosi altri atleti ticinesi: per esempio nei 1\u2019500 metri U20 <strong>Mattia Verzaroli<\/strong> (GA Bellinzona) e <strong>Daniele Romelli<\/strong> (VIGOR Ligornetto), cos\u00ec come <strong>Zoe Ranzoni<\/strong> (VIRTUS Locarno) che lo scorso anno aveva ottenuto il quarto posto. Ranzoni sar\u00e0 al via anche degli 800 metri U20 al fianco di <strong>Mara Moser<\/strong> (GA Bellinzona), che a sua volta ha buone probabilit\u00e0 di qualificarsi per la finale e ottenere un piazzamento sul podio. Nel doppio giro di pista U23 sar\u00e0 invece presente <strong>Cecilia Conforto Galli<\/strong> (SA Lugano) che assieme ai compagni di squadra <strong>Tommaso Marani<\/strong> (1\u2019500 m e 5\u2019000 m U23) e <strong>Ismail Sebghatullah<\/strong> (1\u2019500m U23) prover\u00e0 ad agguantare la finale o un piazzamento sul podio.<\/p>\n<p>Per le discipline veloci, in lizza con Petrucciani ci saranno altri due ticinesi: <strong>Simon Calderari<\/strong> (SFG Chiasso) sui 100 metri e <strong>Julian R\u00fcfenacht<\/strong> (GA Bellinzona) sui 200 metri. Nei 100 metri al femminile sar\u00e0 <strong>Rachele Pasteris<\/strong> (SA Bellinzona) ad affiancare <strong>Emma Piffaretti<\/strong>. Nei 400 metri U20 <strong>Matteo Romano<\/strong> (Atletica Mendrisiotto) e <strong>Nicola Lo Russo<\/strong> (GA Bellinzona) duellaranno per un posto in finale. L\u2019US Ascona sar\u00e0 rappresentata anche da<strong> Mia Vetterli<\/strong> nei 100 ostacoli U23 e da <strong>Ettore Poroli<\/strong> e <strong>Nathan Soldati<\/strong>,\u00a0entrambi presenti sia nel lancio del giavellotto U20 che nel salto in alto, dove sar\u00e0 al via anche <strong>Daniel Barta<\/strong> della SA Massagno.<\/p>\n<blockquote>\n<p><strong>Emma Lucchina, foto archivio<\/strong><\/p>\n<\/blockquote>\n<\/div>\n","protected":false},"excerpt":{"rendered":"<p>Nel fine settimana si terrano a Frauenfeld i Campionati svizzeri U20 U23 Tra la quarantina di Ticinesi ci saranno tre USCini Giada nei lanci , Sofia nella velocit\u00e0 tra le U20 e nel mezzofondo ci sar\u00e0 Enea tra gli U23. Alla Kleine Allmend ci saranno anche quattro campioni europei giovanili con Simon Ehammer, Jason Joseph gi\u00e0 molto brillanti in stagione e le ragazze Delia Sclabas e Geraldine Ruckstuhl. LIVE STREAMING\u00a0 RISULTATI LIVE\u00a0 Giada nelle ultime&#8230;<\/p>\n","protected":false},"author":4,"featured_media":9760,"comment_status":"closed","ping_status":"closed","sticky":false,"template":"","format":"standard","meta":{"jetpack_post_was_ever_published":false,"_jetpack_newsletter_access":"","_jetpack_dont_email_post_to_subs":false,"_jetpack_newsletter_tier_id":0,"_jetpack_memberships_contains_paywalled_content":false,"_jetpack_memberships_contains_paid_content":false,"footnotes":"","jetpack_publicize_message":"","jetpack_publicize_feature_enabled":true,"jetpack_social_post_already_shared":false,"jetpack_social_options":{"image_generator_settings":{"template":"highway","default_image_id":0,"font":"","enabled":false},"version":2}},"categories":[4,9],"tags":[],"class_list":["post-10662","post","type-post","status-publish","format-standard","has-post-thumbnail","hentry","category-pista","category-sport"],"jetpack_publicize_connections":[],"jetpack_featured_media_url":"https:\/\/i0.wp.com\/uscatletica.ch\/wp\/wp-content\/uploads\/2020\/01\/11.jpg?fit=432%2C288&ssl=1","jetpack_sharing_enabled":true,"jetpack_shortlink":"https:\/\/wp.me\/p6V7Ck-2LY","jetpack-related-posts":[{"id":6486,"url":"https:\/\/uscatletica.ch\/wp\/?p=6486","url_meta":{"origin":10662,"position":0},"title":"Campionati svizzeri giovanili una mezza dozzina di USCini tra Aarau e Frauenfeld","author":"Leonida Stampanoni","date":"8 Settembre 2018","format":false,"excerpt":"Il primo fine settimana di settembre\u00a0 da tradizione \u00e8 dedicato ai campionati svizzeri giovanili, il 2018 vedr\u00e0 gli u20 u23 impegnati in quel di Aarau e tra diversi campioni mondiali ed europei giovanili\u00a0 e reduci dagli europei di Berlino ci saranno anche Simone con grandi ambizioni sui 400 m\u00a0ostacoli ,\u2026","rel":"","context":"In &quot;Pista&quot;","block_context":{"text":"Pista","link":"https:\/\/uscatletica.ch\/wp\/?cat=4"},"img":{"alt_text":"","src":"https:\/\/i0.wp.com\/uscatletica.ch\/wp\/wp-content\/uploads\/2018\/06\/CTASS2018400mmaschili.jpg?fit=422%2C316&ssl=1&resize=350%2C200","width":350,"height":200},"classes":[]},{"id":10664,"url":"https:\/\/uscatletica.ch\/wp\/?p=10664","url_meta":{"origin":10662,"position":1},"title":"CS U23\/U20 Brillante sabato USC domenica Giada quarta nel peso","author":"Leonida Stampanoni","date":"22 Agosto 2020","format":false,"excerpt":"\u00a0 La prima giornata dei campionati svizzeri U20\/U23 di Frauenfeld ha regalato agli USCini buone soddisfazione grazie a Sofia sui 100 ed Enea su 5000 m tre medaglie per il Ticino oro per Petrucciani sui 100 argento per Barta nell'alto e bronzo per Piffaretti nei 100m. Domenica \u00e8 il turno\u2026","rel":"","context":"In &quot;Pista&quot;","block_context":{"text":"Pista","link":"https:\/\/uscatletica.ch\/wp\/?cat=4"},"img":{"alt_text":"","src":"https:\/\/i0.wp.com\/uscatletica.ch\/wp\/wp-content\/uploads\/2020\/07\/start100mu200807.jpg?fit=432%2C324&ssl=1&resize=350%2C200","width":350,"height":200},"classes":[]},{"id":13188,"url":"https:\/\/uscatletica.ch\/wp\/?p=13188","url_meta":{"origin":10662,"position":2},"title":"Fine settimana da Massagno ai campionati svizzeri giovanili","author":"Leonida Stampanoni","date":"2 Settembre 2021","format":false,"excerpt":"Fine settimana intenso per l'USC \u00a0che sar\u00e0 impegnata su pi\u00f9 fronti \u00a0Venerd\u00ec sera alla Stramassagno in palio ci saranno i primi titoli di campione ASTi, mentre nel fine settimana ci saranno i campionati svizzeri giovanili \u00a0tra Winterthur e Nottwil sei atlete ed atleti USC saranno in pista con ambizioni di\u2026","rel":"","context":"In &quot;Non catalogato&quot;","block_context":{"text":"Non catalogato","link":"https:\/\/uscatletica.ch\/wp\/?cat=6"},"img":{"alt_text":"","src":"https:\/\/i0.wp.com\/uscatletica.ch\/wp\/wp-content\/uploads\/2021\/06\/GIADAPODIOCS21.jpg?fit=640%2C480&ssl=1&resize=350%2C200","width":350,"height":200,"srcset":"https:\/\/i0.wp.com\/uscatletica.ch\/wp\/wp-content\/uploads\/2021\/06\/GIADAPODIOCS21.jpg?fit=640%2C480&ssl=1&resize=350%2C200 1x, https:\/\/i0.wp.com\/uscatletica.ch\/wp\/wp-content\/uploads\/2021\/06\/GIADAPODIOCS21.jpg?fit=640%2C480&ssl=1&resize=525%2C300 1.5x"},"classes":[]},{"id":13214,"url":"https:\/\/uscatletica.ch\/wp\/?p=13214","url_meta":{"origin":10662,"position":3},"title":"CS GIOVANILI GIADA DOPPIO ARGENTO NEI LANCI FEDERICA IN FINALE SUI 1500 m","author":"Leonida Stampanoni","date":"4 Settembre 2021","format":false,"excerpt":"La prima giornata dei campionati svizzeri giovanili ha regalato all'USC ben due medaglie grazie a Giada (peso e disco) \u00a0ed una finale grazie a Federica \u00a0sui 1500. A Nottwil c'erano i campionati U20 con Giada e Sofia in pista mentre a Winterthur erano 4 le gare da seguire per l'USC\u2026","rel":"","context":"In &quot;Pista&quot;","block_context":{"text":"Pista","link":"https:\/\/uscatletica.ch\/wp\/?cat=4"},"img":{"alt_text":"","src":"https:\/\/i0.wp.com\/uscatletica.ch\/wp\/wp-content\/uploads\/2021\/06\/GIADAPODIOCS21BC.jpg?fit=480%2C640&ssl=1&resize=350%2C200","width":350,"height":200},"classes":[]},{"id":10682,"url":"https:\/\/uscatletica.ch\/wp\/?p=10682","url_meta":{"origin":10662,"position":4},"title":"I magnifici 8 agli assoluti al comunale","author":"Leonida Stampanoni","date":"28 Agosto 2020","format":false,"excerpt":"Nel fine settimana al comunale di Bellinzona la SAB ospiter\u00e0 i campionati ticinesi assoluti. Nella due giorni 136 atleti si contenderanno 24 titoli cantonali. Per l'USC al via 8 atleti\u00a0 5 donne con Giada, Matilda, Leila, Giorgia, Sofia e tre uomini con Erik, Roberto ed Elia. il programma e la\u2026","rel":"","context":"In &quot;Pista&quot;","block_context":{"text":"Pista","link":"https:\/\/uscatletica.ch\/wp\/?cat=4"},"img":{"alt_text":"","src":"https:\/\/i0.wp.com\/uscatletica.ch\/wp\/wp-content\/uploads\/2019\/06\/altoct2019.jpg?fit=640%2C480&ssl=1&resize=350%2C200","width":350,"height":200,"srcset":"https:\/\/i0.wp.com\/uscatletica.ch\/wp\/wp-content\/uploads\/2019\/06\/altoct2019.jpg?fit=640%2C480&ssl=1&resize=350%2C200 1x, https:\/\/i0.wp.com\/uscatletica.ch\/wp\/wp-content\/uploads\/2019\/06\/altoct2019.jpg?fit=640%2C480&ssl=1&resize=525%2C300 1.5x"},"classes":[]},{"id":19708,"url":"https:\/\/uscatletica.ch\/wp\/?p=19708","url_meta":{"origin":10662,"position":5},"title":"GIADA BRONZO NEL DISCO A LANGENTHAL","author":"Leonida Stampanoni","date":"17 Agosto 2024","format":false,"excerpt":"Grande prestazione di Giada ai campionati svizzeri U20\/U23 di Langenthal, dopo il settimo rango nel peso, la nostra lanciatrice ha vinto la medaglia di bronzo nel disco. Giada scagliando il disco a 45.00\u00a0 \u00e8 diventata la terza ticinese di tutti i tempi. Sabato ai campionati svizzeri U20\/U23 in corso a\u2026","rel":"","context":"In &quot;Pista&quot;","block_context":{"text":"Pista","link":"https:\/\/uscatletica.ch\/wp\/?cat=4"},"img":{"alt_text":"","src":"https:\/\/i0.wp.com\/uscatletica.ch\/wp\/wp-content\/uploads\/2024\/08\/20240818giadamedaglieab.jpg?fit=432%2C324&ssl=1&resize=350%2C200","width":350,"height":200},"classes":[]}],"_links":{"self":[{"href":"https:\/\/uscatletica.ch\/wp\/index.php?rest_route=\/wp\/v2\/posts\/10662","targetHints":{"allow":["GET"]}}],"collection":[{"href":"https:\/\/uscatletica.ch\/wp\/index.php?rest_route=\/wp\/v2\/posts"}],"about":[{"href":"https:\/\/uscatletica.ch\/wp\/index.php?rest_route=\/wp\/v2\/types\/post"}],"author":[{"embeddable":true,"href":"https:\/\/uscatletica.ch\/wp\/index.php?rest_route=\/wp\/v2\/users\/4"}],"replies":[{"embeddable":true,"href":"https:\/\/uscatletica.ch\/wp\/index.php?rest_route=%2Fwp%2Fv2%2Fcomments&post=10662"}],"version-history":[{"count":2,"href":"https:\/\/uscatletica.ch\/wp\/index.php?rest_route=\/wp\/v2\/posts\/10662\/revisions"}],"predecessor-version":[{"id":10665,"href":"https:\/\/uscatletica.ch\/wp\/index.php?rest_route=\/wp\/v2\/posts\/10662\/revisions\/10665"}],"wp:featuredmedia":[{"embeddable":true,"href":"https:\/\/uscatletica.ch\/wp\/index.php?rest_route=\/wp\/v2\/media\/9760"}],"wp:attachment":[{"href":"https:\/\/uscatletica.ch\/wp\/index.php?rest_route=%2Fwp%2Fv2%2Fmedia&parent=10662"}],"wp:term":[{"taxonomy":"category","embeddable":true,"href":"https:\/\/uscatletica.ch\/wp\/index.php?rest_route=%2Fwp%2Fv2%2Fcategories&post=10662"},{"taxonomy":"post_tag","embeddable":true,"href":"https:\/\/uscatletica.ch\/wp\/index.php?rest_route=%2Fwp%2Fv2%2Ftags&post=10662"}],"curies":[{"name":"wp","href":"https:\/\/api.w.org\/{rel}","templated":true}]}}