{"id":10682,"date":"2020-08-28T11:00:24","date_gmt":"2020-08-28T09:00:24","guid":{"rendered":"http:\/\/uscatletica.ch\/wp\/?p=10682"},"modified":"2020-08-31T06:18:21","modified_gmt":"2020-08-31T04:18:21","slug":"i-magnifici-8-agli-assoluti-al-comunale","status":"publish","type":"post","link":"https:\/\/uscatletica.ch\/wp\/?p=10682","title":{"rendered":"I magnifici 8 agli assoluti al comunale"},"content":{"rendered":"\n<p>Nel fine settimana al comunale di Bellinzona la SAB ospiter\u00e0 i campionati ticinesi assoluti. Nella due giorni 136 atleti si contenderanno 24 titoli cantonali. Per l&#8217;USC al via 8 atleti\u00a0 5 donne con Giada, Matilda, Leila, Giorgia, Sofia e tre uomini con Erik, Roberto ed Elia. <\/p>\n<p><a href=\"https:\/\/ftal.ch\/wp-content\/uploads\/2020\/08\/Programma-CT-2020.pdf\" target=\"_blank\" rel=\"noopener noreferrer\">il programma e la lista iscritti\u00a0<\/a><\/p>\n<p>Sabato in pista ci saranno velociste e mezzofondisti. Sui 100 m\u00a0 con Sofia debuttano Matilda e Leila\u00a0\u00a0 la finale \u00e8 un obbiettivo\u00a0 realistico. Tris di atleti al via dei 1500 m molto ben frequentati con 18 iscritti ci saranno Roberto ed Elia. Tra le donne 10 atlete al via con Giorgia .<\/p>\n<p>Domenica spazio ai lanciatori\u00a0 Giada si cimenter\u00e0 nel peso e nel disco dopo l&#8217;uscita dei campionati svizzeri di Frauenfeld. Debutto agli assoluti per Erik nel getto del peso<\/p>\n<p><a href=\"https:\/\/ftal.ch\/titoli-cantonali-assoluti-in-palio-a-bellinzona\/\" target=\"_blank\" rel=\"noopener noreferrer\">Articolo FTAL<\/a><\/p>\n<div class=\"fusion-post-title-meta-wrap\">\n<h1 class=\"entry-title fusion-post-title fusion-responsive-typography-calculated\" data-fontsize=\"45\" data-lineheight=\"42px\">Titoli cantonali assoluti in palio a Bellinzona<\/h1>\n<\/div>\n<div class=\"fusion-flexslider flexslider post-slideshow fusion-post-slideshow\">\n<ul class=\"slides\">\n<li class=\"flex-active-slide\">\u00a0<\/li>\n<\/ul>\n<\/div>\n<div class=\"fusion-flexslider flexslider post-slideshow fusion-post-slideshow\">\n<ul class=\"flex-direction-nav\">\n<li class=\"flex-nav-prev\">\u00a0<\/li>\n<li class=\"flex-nav-next\">\u00a0<\/li>\n<\/ul>\n<\/div>\n<div class=\"post-content\">\n<h3 class=\"fusion-responsive-typography-calculated\" data-fontsize=\"36\" data-lineheight=\"39.9667px\">Angelella, Moggi, Tedeschi, Vetterli e Pusterla tra i pi\u00f9 attesi al Comunale<\/h3>\n<p>Sabato e domenica i migliori atleti cantonali si sfideranno al rinnovato Stadio Comunale di Bellinzona dove, in attesa del noto Gal\u00e0 dei Castelli del prossimo 15 settembre, avranno luogo i Campionati Ticinesi Assoluti e U20. Tra i partecipanti ci saranno anche alcuni atleti della vicina penisola, che renderanno le gare in programma ancora pi\u00f9 competitive.<\/p>\n<p>Nella giornata di sabato si attendono interessanti duelli soprattutto nei 100 e 400 metri al maschile, discipline in cui la presenza di atleti esperti e affermati render\u00e0 pi\u00f9 avvincenti le gare. Nei 100 metri, cos\u00ed come nei 200 metri in programma domenica, \u00e8 l\u2019esperto\u00a0<strong>Daniele Angelella<\/strong> della VIRTUS Locarno a presentarsi da favorito, avendo fatto segnare in stagione i migliori tempi di 10\u2019\u201992 e di 21\u2019\u201946, a soli pochi centesimi dai rispettivi record personali risalenti al 2013. Angelella potr\u00e0 tentare la tripletta conquistando l\u2019oro anche nei 400 metri, dove dovr\u00e0 confrontarsi con <strong>Filippo Moggi<\/strong> (LC Zurigo) artefice di un 47\u2019\u201928 a inizio stagione e rientrante da un leggero infortunio, <strong>Silvio Barandun<\/strong> (VIRTUS Locarno), e <strong>Mattia Tajana<\/strong> (GA Bellinzona) che quest\u2019anno ha gi\u00e0 corso in 48\u2019\u201963. <strong>Tajana<\/strong> sar\u00e0 al via anche nei 400h, disciplina in cui \u00e8 nettamente il favorito. <strong>Barandun<\/strong>, in eccellente stato di forma e recente bronzo ai Campionati Svizzeri giovanili, si presenta da capolista stagionale sugli 800 metri, distanza sulla quale a sfidarlo ci sar\u00e0 <strong>Mirko Tam\u00f2<\/strong> del GA Bellinzona.<\/p>\n<p>Al femminile, le gare dei 100, 200 e 400 metri vedranno impegnata la neocampionessa svizzera U20 dei 400\u00a0<strong>Tessa Tedeschi<\/strong> (SFG Airolo), detentrice dei migliori tempi stagionali sui 200 e sui 400 metri. Nella gara dei 100 metri \u00e8 invece <strong>Rachele Pasteris<\/strong>, finalista ai Campionati Svizzeri U20, a detenere la miglior prestazione stagionale pari a 12\u2019\u201902. Dal fronte dei salti sar\u00e0 l\u2019olimpionica del 2012 <strong>Irene Pusterla<\/strong> (VIGOR Ligornetto) a guidare le liste del salto in lungo e del salto triplo, quest\u2019ultima una discipina da cui \u00e8 assente da diversi anni.<\/p>\n<p>Spettacolo garantito anche nei concorsi del lancio del disco e del getto del peso, discipline in cui sar\u00e0 al via <strong>Gian Vetterli<\/strong> (US Ascona), plurimedagliato ai recenti Campionati Svizzeri U23 e detentore del record ticinese assoluto nel lancio del disco (50.06 m). Tra i protagonisti del salto in alto \u00e8 atteso <strong>Daniel Barta<\/strong> (SA Massagno), che ai Campionati nazionali U20 ha valicato la misura di 1.96 metri mettendosi al collo la medaglia d\u2019argento.<\/p>\n<\/div>\n","protected":false},"excerpt":{"rendered":"<p>Nel fine settimana al comunale di Bellinzona la SAB ospiter\u00e0 i campionati ticinesi assoluti. Nella due giorni 136 atleti si contenderanno 24 titoli cantonali. Per l&#8217;USC al via 8 atleti\u00a0 5 donne con Giada, Matilda, Leila, Giorgia, Sofia e tre uomini con Erik, Roberto ed Elia. il programma e la lista iscritti\u00a0 Sabato in pista ci saranno velociste e mezzofondisti. Sui 100 m\u00a0 con Sofia debuttano Matilda e Leila\u00a0\u00a0 la finale \u00e8 un obbiettivo\u00a0 realistico&#8230;.<\/p>\n","protected":false},"author":4,"featured_media":8495,"comment_status":"closed","ping_status":"closed","sticky":false,"template":"","format":"standard","meta":{"jetpack_post_was_ever_published":false,"_jetpack_newsletter_access":"","_jetpack_dont_email_post_to_subs":false,"_jetpack_newsletter_tier_id":0,"_jetpack_memberships_contains_paywalled_content":false,"_jetpack_memberships_contains_paid_content":false,"footnotes":"","jetpack_publicize_message":"","jetpack_publicize_feature_enabled":true,"jetpack_social_post_already_shared":false,"jetpack_social_options":{"image_generator_settings":{"template":"highway","default_image_id":0,"font":"","enabled":false},"version":2}},"categories":[4],"tags":[],"class_list":["post-10682","post","type-post","status-publish","format-standard","has-post-thumbnail","hentry","category-pista"],"jetpack_publicize_connections":[],"jetpack_featured_media_url":"https:\/\/i0.wp.com\/uscatletica.ch\/wp\/wp-content\/uploads\/2019\/06\/altoct2019.jpg?fit=640%2C480&ssl=1","jetpack_sharing_enabled":true,"jetpack_shortlink":"https:\/\/wp.me\/p6V7Ck-2Mi","jetpack-related-posts":[{"id":13096,"url":"https:\/\/uscatletica.ch\/wp\/?p=13096","url_meta":{"origin":10682,"position":0},"title":"A Bellinzona gli assoluti Stralugano CS E CT 10km","author":"Leonida Stampanoni","date":"28 Agosto 2021","format":false,"excerpt":"Nel fine settimana ci saranno i campionati ticinesi assoluti al comunale di Bellinzona al via ci saranno 8 USCIni\/e. Nella due giorni di gare due atlete hanno chiare ambizioni da podio Giada nei lanci e Matilda nella velocit\u00e0. Nel fine settimana ci sar\u00e0 anche la Stralugano con in palio i\u2026","rel":"","context":"In &quot;Pista&quot;","block_context":{"text":"Pista","link":"https:\/\/uscatletica.ch\/wp\/?cat=4"},"img":{"alt_text":"","src":"https:\/\/i0.wp.com\/uscatletica.ch\/wp\/wp-content\/uploads\/2021\/08\/4x100210821podio.jpg?fit=432%2C324&ssl=1&resize=350%2C200","width":350,"height":200},"classes":[]},{"id":10561,"url":"https:\/\/uscatletica.ch\/wp\/?p=10561","url_meta":{"origin":10682,"position":1},"title":"Doppio appuntamento in pista tra Bellinzona e Locarno","author":"Leonida Stampanoni","date":"8 Luglio 2020","format":false,"excerpt":"Una due giorni \u00a0di gare tra Bellinzona e Locarno chiuder\u00e0 la prima parte della stagione ticinese 2020 che ha confermato la crescita del movimento cantonale. I nostri atleti brillanti nelle prime uscite vorranno confermare i progressi mostrati. \u00a0Mercoled\u00ec si correr\u00e0 al comunale di Bellinzona \u00a0in programma il debutto per \u00a0giavellottiste\u2026","rel":"","context":"In &quot;Pista&quot;","block_context":{"text":"Pista","link":"https:\/\/uscatletica.ch\/wp\/?cat=4"},"img":{"alt_text":"","src":"https:\/\/i0.wp.com\/uscatletica.ch\/wp\/wp-content\/uploads\/2019\/08\/IMG_0908.jpg?fit=640%2C480&ssl=1&resize=350%2C200","width":350,"height":200,"srcset":"https:\/\/i0.wp.com\/uscatletica.ch\/wp\/wp-content\/uploads\/2019\/08\/IMG_0908.jpg?fit=640%2C480&ssl=1&resize=350%2C200 1x, https:\/\/i0.wp.com\/uscatletica.ch\/wp\/wp-content\/uploads\/2019\/08\/IMG_0908.jpg?fit=640%2C480&ssl=1&resize=525%2C300 1.5x"},"classes":[]},{"id":10579,"url":"https:\/\/uscatletica.ch\/wp\/?p=10579","url_meta":{"origin":10682,"position":2},"title":"CT 3000-50000 metri: USCini a caccia del titolo","author":"Leonida Stampanoni","date":"27 Luglio 2020","format":false,"excerpt":"Sulla rinnovata pista del Vallone di Biasca in palio ci saranno i titoli di 3'000 m e 5'000 m,\u00a0 con diversi atleti USC al via: la campionessa uscente Letizia e Giorgia tra le donne, i fratelli Delorenzi e Enea sui 5'000 m uomini. Nelle altre discipline del meeting serale al\u2026","rel":"","context":"In &quot;Non catalogato&quot;","block_context":{"text":"Non catalogato","link":"https:\/\/uscatletica.ch\/wp\/?cat=6"},"img":{"alt_text":"","src":"https:\/\/i0.wp.com\/uscatletica.ch\/wp\/wp-content\/uploads\/2020\/07\/start100mu200807.jpg?fit=432%2C324&ssl=1&resize=350%2C200","width":350,"height":200},"classes":[]},{"id":10686,"url":"https:\/\/uscatletica.ch\/wp\/?p=10686","url_meta":{"origin":10682,"position":3},"title":"CT ASSOLUTI  DUE MEDAGLIE PER ROBY E MATILDA","author":"Leonida Stampanoni","date":"29 Agosto 2020","format":false,"excerpt":"Al comunale di Bellinzona le piogge incessanti hanno concesso tregua ai protagonisti dei campionati ticinesi assoluti.\u00a0 La prima giornata ha regalato due medaglie all'USC e due quarti ranghi. Sul podio vanno Matilda e Roby, la medaglia di cioccolato (o legno) invece \u00e8 per Sofia e Giorgia. RISULTATI Le prime a\u2026","rel":"","context":"In &quot;Pista&quot;","block_context":{"text":"Pista","link":"https:\/\/uscatletica.ch\/wp\/?cat=4"},"img":{"alt_text":"","src":"https:\/\/i0.wp.com\/uscatletica.ch\/wp\/wp-content\/uploads\/2020\/08\/podio100mct2020.jpg?fit=421%2C316&ssl=1&resize=350%2C200","width":350,"height":200},"classes":[]},{"id":13069,"url":"https:\/\/uscatletica.ch\/wp\/?p=13069","url_meta":{"origin":10682,"position":4},"title":"A Cornaredo riparte la stagione la nostra 4&#215;100 ambiziosa","author":"Leonida Stampanoni","date":"20 Agosto 2021","format":false,"excerpt":"Sabato sera saranno una decina gli atleti USC al via del Meeting Serale di Lugano abbinato ai campionati ticinesi di 4x100 e staffetta Olimpionica. Il nostro quartetto sar\u00e0 al via della 4x100 m femminile \u00a0sei atleti al via nelle gare individuali \u00a0su 100 m e 600 m. Nei prossimi due\u2026","rel":"","context":"In &quot;Pista&quot;","block_context":{"text":"Pista","link":"https:\/\/uscatletica.ch\/wp\/?cat=4"},"img":{"alt_text":"","src":"https:\/\/i0.wp.com\/uscatletica.ch\/wp\/wp-content\/uploads\/2021\/07\/210721leilamatilda.jpg?fit=432%2C324&ssl=1&resize=350%2C200","width":350,"height":200},"classes":[]},{"id":12529,"url":"https:\/\/uscatletica.ch\/wp\/?p=12529","url_meta":{"origin":10682,"position":5},"title":"GRAND PRIX FTAL A LUGANO LA PRIMA TAPPA 2021","author":"Leonida Stampanoni","date":"12 Giugno 2021","format":false,"excerpt":"La stagione agonistica 2021 sta entrando nel vivo domenica 13 giugno si correr\u00e0 la prima tappa del GRAND PRIX BANCASTATO allo stadio di Cornaredo ben 14 gli USCini al via nell'ultima gara prima del nostro meeting casalingo.Per i pi\u00f9 giovani si avvicinano anche i campionati regionali di Zurich.\u00a0 La domani\u2026","rel":"","context":"In &quot;Pista&quot;","block_context":{"text":"Pista","link":"https:\/\/uscatletica.ch\/wp\/?cat=4"},"img":{"alt_text":"","src":"https:\/\/i0.wp.com\/uscatletica.ch\/wp\/wp-content\/uploads\/2021\/03\/P1060810.jpeg?fit=420%2C315&ssl=1&resize=350%2C200","width":350,"height":200},"classes":[]}],"_links":{"self":[{"href":"https:\/\/uscatletica.ch\/wp\/index.php?rest_route=\/wp\/v2\/posts\/10682","targetHints":{"allow":["GET"]}}],"collection":[{"href":"https:\/\/uscatletica.ch\/wp\/index.php?rest_route=\/wp\/v2\/posts"}],"about":[{"href":"https:\/\/uscatletica.ch\/wp\/index.php?rest_route=\/wp\/v2\/types\/post"}],"author":[{"embeddable":true,"href":"https:\/\/uscatletica.ch\/wp\/index.php?rest_route=\/wp\/v2\/users\/4"}],"replies":[{"embeddable":true,"href":"https:\/\/uscatletica.ch\/wp\/index.php?rest_route=%2Fwp%2Fv2%2Fcomments&post=10682"}],"version-history":[{"count":3,"href":"https:\/\/uscatletica.ch\/wp\/index.php?rest_route=\/wp\/v2\/posts\/10682\/revisions"}],"predecessor-version":[{"id":10685,"href":"https:\/\/uscatletica.ch\/wp\/index.php?rest_route=\/wp\/v2\/posts\/10682\/revisions\/10685"}],"wp:featuredmedia":[{"embeddable":true,"href":"https:\/\/uscatletica.ch\/wp\/index.php?rest_route=\/wp\/v2\/media\/8495"}],"wp:attachment":[{"href":"https:\/\/uscatletica.ch\/wp\/index.php?rest_route=%2Fwp%2Fv2%2Fmedia&parent=10682"}],"wp:term":[{"taxonomy":"category","embeddable":true,"href":"https:\/\/uscatletica.ch\/wp\/index.php?rest_route=%2Fwp%2Fv2%2Fcategories&post=10682"},{"taxonomy":"post_tag","embeddable":true,"href":"https:\/\/uscatletica.ch\/wp\/index.php?rest_route=%2Fwp%2Fv2%2Ftags&post=10682"}],"curies":[{"name":"wp","href":"https:\/\/api.w.org\/{rel}","templated":true}]}}