{"id":10713,"date":"2020-09-21T19:30:00","date_gmt":"2020-09-21T17:30:00","guid":{"rendered":"http:\/\/uscatletica.ch\/wp\/?p=10713"},"modified":"2020-09-30T09:32:06","modified_gmt":"2020-09-30T07:32:06","slug":"programma-e-iscrizioni-gir-dal-diavol-e-altre-gare-usc","status":"publish","type":"post","link":"https:\/\/uscatletica.ch\/wp\/?p=10713","title":{"rendered":"Gir dal diavol, iscrizioni e presentazione"},"content":{"rendered":"\n<p><\/p>\n\n\n\n<figure class=\"wp-block-image size-large\"><img data-recalc-dims=\"1\" loading=\"lazy\" decoding=\"async\" width=\"640\" height=\"689\" data-attachment-id=\"11085\" data-permalink=\"https:\/\/uscatletica.ch\/wp\/?attachment_id=11085\" data-orig-file=\"https:\/\/i0.wp.com\/uscatletica.ch\/wp\/wp-content\/uploads\/2020\/09\/Domenica-si-corre-attorno-al-sasso-del-diavolo.jpg?fit=775%2C834&amp;ssl=1\" data-orig-size=\"775,834\" data-comments-opened=\"0\" data-image-meta=\"{&quot;aperture&quot;:&quot;0&quot;,&quot;credit&quot;:&quot;Lenovo&quot;,&quot;camera&quot;:&quot;&quot;,&quot;caption&quot;:&quot;&quot;,&quot;created_timestamp&quot;:&quot;1600964163&quot;,&quot;copyright&quot;:&quot;&quot;,&quot;focal_length&quot;:&quot;0&quot;,&quot;iso&quot;:&quot;0&quot;,&quot;shutter_speed&quot;:&quot;0&quot;,&quot;title&quot;:&quot;&quot;,&quot;orientation&quot;:&quot;0&quot;}\" data-image-title=\"Domenica si corre attorno al sasso del diavolo\" data-image-description=\"\" data-image-caption=\"\" data-large-file=\"https:\/\/i0.wp.com\/uscatletica.ch\/wp\/wp-content\/uploads\/2020\/09\/Domenica-si-corre-attorno-al-sasso-del-diavolo.jpg?fit=640%2C689&amp;ssl=1\" src=\"https:\/\/i0.wp.com\/uscatletica.ch\/wp\/wp-content\/uploads\/2020\/09\/Domenica-si-corre-attorno-al-sasso-del-diavolo.jpg?resize=640%2C689&#038;ssl=1\" alt=\"\" class=\"wp-image-11085\" srcset=\"https:\/\/i0.wp.com\/uscatletica.ch\/wp\/wp-content\/uploads\/2020\/09\/Domenica-si-corre-attorno-al-sasso-del-diavolo.jpg?w=775&amp;ssl=1 775w, https:\/\/i0.wp.com\/uscatletica.ch\/wp\/wp-content\/uploads\/2020\/09\/Domenica-si-corre-attorno-al-sasso-del-diavolo.jpg?resize=279%2C300&amp;ssl=1 279w, https:\/\/i0.wp.com\/uscatletica.ch\/wp\/wp-content\/uploads\/2020\/09\/Domenica-si-corre-attorno-al-sasso-del-diavolo.jpg?resize=768%2C826&amp;ssl=1 768w\" sizes=\"auto, (max-width: 640px) 100vw, 640px\" \/><\/figure>\n\n\n\n<div class=\"wp-block-file\"><a href=\"blob:http:\/\/uscatletica.ch\/b3bb6cd5-87cd-451a-995a-f64939637c39\"><strong><span style=\"color:#cf2e2e\" class=\"tadv-color\">Presentazione della gara Gir dal diavol (PDF):<\/span><\/strong><\/a><a href=\"blob:http:\/\/uscatletica.ch\/b3bb6cd5-87cd-451a-995a-f64939637c39\" class=\"wp-block-file__button\" download>Download<\/a><\/div>\n\n\n\n<p class=\"has-text-align-left\"><strong>Le gare del TRIS Capriaschese (con programmi e regolamenti):<\/strong><\/p>\n\n\n\n<ul class=\"wp-block-list\"><li><strong><span style=\"color:#cf2e2e\" class=\"tadv-color\">Domenica 27 settembre, <a href=\"https:\/\/uscatletica.ch\/wp\/?page_id=8892\" data-type=\"page\" data-id=\"8892\">Gir dal diavol<\/a><\/span><\/strong><\/li><li><strong><span style=\"color:#00d084\" class=\"tadv-color\">Domenica 11 ottobre, <a href=\"https:\/\/uscatletica.ch\/wp\/?page_id=299\" data-type=\"page\" data-id=\"299\">Cronoascesa del Bigorio<\/a><\/span><\/strong><\/li><li><strong><span style=\"color:#0693e3\" class=\"tadv-color\">Mercoled\u00ec 21 ottobre, <a href=\"https:\/\/uscatletica.ch\/wp\/?page_id=297\" data-type=\"page\" data-id=\"297\">1&#8217;000 m e 5&#8217;000 ASTi<\/a><\/span><\/strong><\/li><\/ul>\n\n\n\n<p><\/p>\n\n\n\n<h2 class=\"wp-block-heading\">Ricordiamo che le iscrizioni sono quest&#8217;anno da effettuare ONLINE:<\/h2>\n\n\n\n<p><strong><span style=\"color:#cf2e2e\" class=\"tadv-color\">Gir dal diavol<\/span>: entro gioved\u00ec 24.09.2020 -&gt; <a href=\"https:\/\/uscatletica.ch\/wp\/?page_id=10725\"><mark>CLICCA QUI<\/mark><\/a><\/strong><\/p>\n\n\n\n<p><strong><span style=\"color:#00d084\" class=\"tadv-color\">Cronoascesa del Bigorio<\/span>: entro gioved\u00ec 8.10.2020 -&gt; <a href=\"https:\/\/uscatletica.ch\/wp\/?page_id=10725\"><mark>CLICCA QUI<\/mark><\/a> <\/strong><\/p>\n\n\n\n<p><strong><span style=\"color:#0693e3\" class=\"tadv-color\">1000m e 5000m ASTI<\/span>: entro luned\u00ec 19.10.2020 -&gt; <a href=\"https:\/\/uscatletica.ch\/wp\/?page_id=10725\"><mark>CLICCA QUI<\/mark><\/a><\/strong><\/p>\n\n\n\n<p><a href=\"https:\/\/i0.wp.com\/uscatletica.ch\/wp\/wp-content\/uploads\/2019\/08\/Gir-dal-diavol-logo-piccolo.jpg?ssl=1\"><img data-recalc-dims=\"1\" loading=\"lazy\" decoding=\"async\" data-attachment-id=\"8836\" data-permalink=\"https:\/\/uscatletica.ch\/wp\/?attachment_id=8836\" data-orig-file=\"https:\/\/i0.wp.com\/uscatletica.ch\/wp\/wp-content\/uploads\/2019\/08\/Gir-dal-diavol-logo-piccolo.jpg?fit=1002%2C755&amp;ssl=1\" data-orig-size=\"1002,755\" data-comments-opened=\"0\" data-image-meta=\"{&quot;aperture&quot;:&quot;0&quot;,&quot;credit&quot;:&quot;&quot;,&quot;camera&quot;:&quot;&quot;,&quot;caption&quot;:&quot;&quot;,&quot;created_timestamp&quot;:&quot;0&quot;,&quot;copyright&quot;:&quot;&quot;,&quot;focal_length&quot;:&quot;0&quot;,&quot;iso&quot;:&quot;0&quot;,&quot;shutter_speed&quot;:&quot;0&quot;,&quot;title&quot;:&quot;&quot;,&quot;orientation&quot;:&quot;0&quot;}\" data-image-title=\"Gir dal diavol-logo piccolo\" data-image-description=\"\" data-image-caption=\"\" data-large-file=\"https:\/\/i0.wp.com\/uscatletica.ch\/wp\/wp-content\/uploads\/2019\/08\/Gir-dal-diavol-logo-piccolo.jpg?fit=640%2C482&amp;ssl=1\" class=\"alignleft size-full wp-image-8836\" src=\"https:\/\/i0.wp.com\/uscatletica.ch\/wp\/wp-content\/uploads\/2019\/08\/Gir-dal-diavol-logo-piccolo.jpg?resize=640%2C482&#038;ssl=1\" alt=\"\" width=\"640\" height=\"482\" srcset=\"https:\/\/i0.wp.com\/uscatletica.ch\/wp\/wp-content\/uploads\/2019\/08\/Gir-dal-diavol-logo-piccolo.jpg?w=1002&amp;ssl=1 1002w, https:\/\/i0.wp.com\/uscatletica.ch\/wp\/wp-content\/uploads\/2019\/08\/Gir-dal-diavol-logo-piccolo.jpg?resize=300%2C226&amp;ssl=1 300w, https:\/\/i0.wp.com\/uscatletica.ch\/wp\/wp-content\/uploads\/2019\/08\/Gir-dal-diavol-logo-piccolo.jpg?resize=768%2C579&amp;ssl=1 768w\" sizes=\"auto, (max-width: 640px) 100vw, 640px\" \/><\/a><\/p>\n\n\n\n<h2 class=\"wp-block-heading\">TRIS Capriaschese. <strong>Vai ai programmi e leggi i regolamenti<\/strong>:<\/h2>\n\n\n\n<ul class=\"wp-block-list\"><li><strong><span style=\"color:#cf2e2e\" class=\"tadv-color\">Domenica 27 settembre, <a href=\"https:\/\/uscatletica.ch\/wp\/?page_id=8892\" data-type=\"page\" data-id=\"8892\">Gir dal diavol<\/a> <\/span><\/strong><\/li><li><strong><span style=\"color:#00d084\" class=\"tadv-color\">Domenica 11 ottobre, <a href=\"https:\/\/uscatletica.ch\/wp\/?page_id=299\" data-type=\"page\" data-id=\"299\">Cronoascesa del Bigorio<\/a><\/span><\/strong><\/li><li><strong><span style=\"color:#0693e3\" class=\"tadv-color\">Mercoled\u00ec 21 ottobre, <a href=\"https:\/\/uscatletica.ch\/wp\/?page_id=297\" data-type=\"page\" data-id=\"297\">1&#8217;000 m e 5&#8217;000 ASTi<\/a><\/span><\/strong><\/li><\/ul>\n\n\n\n<p><a href=\"https:\/\/uscatletica.ch\/wp\/?page_id=299\" data-type=\"page\" data-id=\"299\"><span style=\"color:#cf2e2e\" class=\"tadv-color\"><\/span><\/a><\/p>\n\n\n","protected":false},"excerpt":{"rendered":"<p>Le gare del TRIS Capriaschese (con programmi e regolamenti): Domenica 27 settembre, Gir dal diavol Domenica 11 ottobre, Cronoascesa del Bigorio Mercoled\u00ec 21 ottobre, 1&#8217;000 m e 5&#8217;000 ASTi Ricordiamo che le iscrizioni sono quest&#8217;anno da effettuare ONLINE: Gir dal diavol: entro gioved\u00ec 24.09.2020 -&gt; CLICCA QUI Cronoascesa del Bigorio: entro gioved\u00ec 8.10.2020 -&gt; CLICCA QUI 1000m e 5000m ASTI: entro luned\u00ec 19.10.2020 -&gt; CLICCA QUI TRIS Capriaschese. Vai ai programmi e leggi i regolamenti:&#8230;<\/p>\n","protected":false},"author":3,"featured_media":8836,"comment_status":"closed","ping_status":"closed","sticky":false,"template":"","format":"standard","meta":{"jetpack_post_was_ever_published":false,"_jetpack_newsletter_access":"","_jetpack_dont_email_post_to_subs":false,"_jetpack_newsletter_tier_id":0,"_jetpack_memberships_contains_paywalled_content":false,"_jetpack_memberships_contains_paid_content":false,"footnotes":"","jetpack_publicize_message":"","jetpack_publicize_feature_enabled":true,"jetpack_social_post_already_shared":false,"jetpack_social_options":{"image_generator_settings":{"template":"highway","default_image_id":0,"font":"","enabled":false},"version":2}},"categories":[12,5],"tags":[],"class_list":["post-10713","post","type-post","status-publish","format-standard","has-post-thumbnail","hentry","category-nostregare","category-podismo"],"jetpack_publicize_connections":[],"jetpack_featured_media_url":"https:\/\/i0.wp.com\/uscatletica.ch\/wp\/wp-content\/uploads\/2019\/08\/Gir-dal-diavol-logo-piccolo.jpg?fit=1002%2C755&ssl=1","jetpack_sharing_enabled":true,"jetpack_shortlink":"https:\/\/wp.me\/p6V7Ck-2MN","jetpack-related-posts":[{"id":16083,"url":"https:\/\/uscatletica.ch\/wp\/?p=16083","url_meta":{"origin":10713,"position":0},"title":"La grande festa del Gir dal diavol","author":"Stampa E","date":"19 Ottobre 2022","format":false,"excerpt":"Mancano poche ore alla quarta edizione del Gir dal diavol che si svolger\u00e0 sabato 22 ottobre 2022 e le iscrizioni sono ancora possibili sul posto il giorno della gara: dalle 13.30 e entro le 14.15 di sabato 22 ottobre (Minigir e Gir dal diavol), entro le 15.15 (gare dei bambini).\u2026","rel":"","context":"In &quot;I nostri appuntamenti&quot;","block_context":{"text":"I nostri appuntamenti","link":"https:\/\/uscatletica.ch\/wp\/?cat=12"},"img":{"alt_text":"","src":"https:\/\/i0.wp.com\/uscatletica.ch\/wp\/wp-content\/uploads\/2022\/09\/Volantino-diavol-22-10-22.jpg?fit=554%2C792&ssl=1&resize=350%2C200","width":350,"height":200,"srcset":"https:\/\/i0.wp.com\/uscatletica.ch\/wp\/wp-content\/uploads\/2022\/09\/Volantino-diavol-22-10-22.jpg?fit=554%2C792&ssl=1&resize=350%2C200 1x, https:\/\/i0.wp.com\/uscatletica.ch\/wp\/wp-content\/uploads\/2022\/09\/Volantino-diavol-22-10-22.jpg?fit=554%2C792&ssl=1&resize=525%2C300 1.5x"},"classes":[]},{"id":13643,"url":"https:\/\/uscatletica.ch\/wp\/?p=13643","url_meta":{"origin":10713,"position":1},"title":"Sabato si corre al Gir dal diavol","author":"Stampa E","date":"21 Ottobre 2021","format":false,"excerpt":"Il programma, con regolamento e concetto di protezione: pagina Gir dal diavol Il volantino per la gara dei bambini: pagina Gir dal diavol Il lancio della manifestazione-Comunicato Stampa USC del 12 ottobre 2021 La Coppa ASTi si decide al Gir dal diavol. Sabato 23 a Tesserete l\u2019ultima prova della Coppa\u2026","rel":"","context":"In &quot;I nostri appuntamenti&quot;","block_context":{"text":"I nostri appuntamenti","link":"https:\/\/uscatletica.ch\/wp\/?cat=12"},"img":{"alt_text":"","src":"https:\/\/i0.wp.com\/uscatletica.ch\/wp\/wp-content\/uploads\/2019\/08\/Gir-dal-diavol-logo-piccolo.jpg?fit=1002%2C755&ssl=1&resize=350%2C200","width":350,"height":200,"srcset":"https:\/\/i0.wp.com\/uscatletica.ch\/wp\/wp-content\/uploads\/2019\/08\/Gir-dal-diavol-logo-piccolo.jpg?fit=1002%2C755&ssl=1&resize=350%2C200 1x, https:\/\/i0.wp.com\/uscatletica.ch\/wp\/wp-content\/uploads\/2019\/08\/Gir-dal-diavol-logo-piccolo.jpg?fit=1002%2C755&ssl=1&resize=525%2C300 1.5x, https:\/\/i0.wp.com\/uscatletica.ch\/wp\/wp-content\/uploads\/2019\/08\/Gir-dal-diavol-logo-piccolo.jpg?fit=1002%2C755&ssl=1&resize=700%2C400 2x"},"classes":[]},{"id":18309,"url":"https:\/\/uscatletica.ch\/wp\/?p=18309","url_meta":{"origin":10713,"position":2},"title":"Il Gir dal diavol si fa Micro e Mezz","author":"Stampa E","date":"20 Ottobre 2023","format":false,"excerpt":"Il lancio del Gir dal diavol 2023 sui quotidiani ticinesi Il comunicato: LancioGdd2023 La pagina del Gir dal diavol 2023","rel":"","context":"In &quot;Podismo&quot;","block_context":{"text":"Podismo","link":"https:\/\/uscatletica.ch\/wp\/?cat=5"},"img":{"alt_text":"","src":"https:\/\/i0.wp.com\/uscatletica.ch\/wp\/wp-content\/uploads\/2023\/09\/GirDiavol_Volantino2023-FOTO.jpg?fit=563%2C483&ssl=1&resize=350%2C200","width":350,"height":200,"srcset":"https:\/\/i0.wp.com\/uscatletica.ch\/wp\/wp-content\/uploads\/2023\/09\/GirDiavol_Volantino2023-FOTO.jpg?fit=563%2C483&ssl=1&resize=350%2C200 1x, https:\/\/i0.wp.com\/uscatletica.ch\/wp\/wp-content\/uploads\/2023\/09\/GirDiavol_Volantino2023-FOTO.jpg?fit=563%2C483&ssl=1&resize=525%2C300 1.5x"},"classes":[]},{"id":13473,"url":"https:\/\/uscatletica.ch\/wp\/?p=13473","url_meta":{"origin":10713,"position":3},"title":"Programma Gir dal diavol","author":"Stampa E","date":"29 Settembre 2021","format":false,"excerpt":"IL PROGRAMMA, con regolamento e concetto di protezione:pagina Gir dal diavol ...e anche il volantino per la gara dei bambini:pagina Gir dal diavol","rel":"","context":"In &quot;I nostri appuntamenti&quot;","block_context":{"text":"I nostri appuntamenti","link":"https:\/\/uscatletica.ch\/wp\/?cat=12"},"img":{"alt_text":"","src":"https:\/\/i0.wp.com\/uscatletica.ch\/wp\/wp-content\/uploads\/2019\/08\/Gir-dal-diavol-logo-piccolo.jpg?fit=1002%2C755&ssl=1&resize=350%2C200","width":350,"height":200,"srcset":"https:\/\/i0.wp.com\/uscatletica.ch\/wp\/wp-content\/uploads\/2019\/08\/Gir-dal-diavol-logo-piccolo.jpg?fit=1002%2C755&ssl=1&resize=350%2C200 1x, https:\/\/i0.wp.com\/uscatletica.ch\/wp\/wp-content\/uploads\/2019\/08\/Gir-dal-diavol-logo-piccolo.jpg?fit=1002%2C755&ssl=1&resize=525%2C300 1.5x, https:\/\/i0.wp.com\/uscatletica.ch\/wp\/wp-content\/uploads\/2019\/08\/Gir-dal-diavol-logo-piccolo.jpg?fit=1002%2C755&ssl=1&resize=700%2C400 2x"},"classes":[]},{"id":18220,"url":"https:\/\/uscatletica.ch\/wp\/?p=18220","url_meta":{"origin":10713,"position":4},"title":"Gir dal diavol, iscrizioni aperte","author":"Stampa E","date":"9 Ottobre 2023","format":false,"excerpt":"Il gran finale al Gir dal diavol L\u2019appuntamento finale della Coppa ASTi di podismo \u00e8 per sabato 21 ottobre nel pomeriggio in Capriasca, con il Gir dal diavol organizzato dall'USC e i suoi preziosi collaboratori. Oltre alla gara sui 4 giri attorno al \u201cSass dal diavol\u201d, ci saranno anche il\u2026","rel":"","context":"In &quot;Podismo&quot;","block_context":{"text":"Podismo","link":"https:\/\/uscatletica.ch\/wp\/?cat=5"},"img":{"alt_text":"","src":"https:\/\/i0.wp.com\/uscatletica.ch\/wp\/wp-content\/uploads\/2020\/09\/FotoDiavol2020.jpg?fit=755%2C1007&ssl=1&resize=350%2C200","width":350,"height":200,"srcset":"https:\/\/i0.wp.com\/uscatletica.ch\/wp\/wp-content\/uploads\/2020\/09\/FotoDiavol2020.jpg?fit=755%2C1007&ssl=1&resize=350%2C200 1x, https:\/\/i0.wp.com\/uscatletica.ch\/wp\/wp-content\/uploads\/2020\/09\/FotoDiavol2020.jpg?fit=755%2C1007&ssl=1&resize=525%2C300 1.5x, https:\/\/i0.wp.com\/uscatletica.ch\/wp\/wp-content\/uploads\/2020\/09\/FotoDiavol2020.jpg?fit=755%2C1007&ssl=1&resize=700%2C400 2x"},"classes":[]},{"id":11154,"url":"https:\/\/uscatletica.ch\/wp\/?p=11154","url_meta":{"origin":10713,"position":5},"title":"Gir dal diavol: risultati,  commento, foto e TV","author":"Stampa E","date":"27 Settembre 2020","format":false,"excerpt":"Doppietta del GAB Bellinzona alla seconda edizione della corsa podistica Gir dal diavol Qualche defezione di troppo dell'ultimo momento ha assottigliato il numero di partenti alla seconda edizione del Gir dal diavol, ma la gara \u00e8 stata un bel successo. Le bandierine Cool and clean hanno segnato la via dei\u2026","rel":"","context":"In &quot;I nostri appuntamenti&quot;","block_context":{"text":"I nostri appuntamenti","link":"https:\/\/uscatletica.ch\/wp\/?cat=12"},"img":{"alt_text":"","src":"https:\/\/i0.wp.com\/uscatletica.ch\/wp\/wp-content\/uploads\/2019\/08\/Gir-dal-diavol-logo-piccolo.jpg?fit=1002%2C755&ssl=1&resize=350%2C200","width":350,"height":200,"srcset":"https:\/\/i0.wp.com\/uscatletica.ch\/wp\/wp-content\/uploads\/2019\/08\/Gir-dal-diavol-logo-piccolo.jpg?fit=1002%2C755&ssl=1&resize=350%2C200 1x, https:\/\/i0.wp.com\/uscatletica.ch\/wp\/wp-content\/uploads\/2019\/08\/Gir-dal-diavol-logo-piccolo.jpg?fit=1002%2C755&ssl=1&resize=525%2C300 1.5x, https:\/\/i0.wp.com\/uscatletica.ch\/wp\/wp-content\/uploads\/2019\/08\/Gir-dal-diavol-logo-piccolo.jpg?fit=1002%2C755&ssl=1&resize=700%2C400 2x"},"classes":[]}],"_links":{"self":[{"href":"https:\/\/uscatletica.ch\/wp\/index.php?rest_route=\/wp\/v2\/posts\/10713","targetHints":{"allow":["GET"]}}],"collection":[{"href":"https:\/\/uscatletica.ch\/wp\/index.php?rest_route=\/wp\/v2\/posts"}],"about":[{"href":"https:\/\/uscatletica.ch\/wp\/index.php?rest_route=\/wp\/v2\/types\/post"}],"author":[{"embeddable":true,"href":"https:\/\/uscatletica.ch\/wp\/index.php?rest_route=\/wp\/v2\/users\/3"}],"replies":[{"embeddable":true,"href":"https:\/\/uscatletica.ch\/wp\/index.php?rest_route=%2Fwp%2Fv2%2Fcomments&post=10713"}],"version-history":[{"count":24,"href":"https:\/\/uscatletica.ch\/wp\/index.php?rest_route=\/wp\/v2\/posts\/10713\/revisions"}],"predecessor-version":[{"id":11160,"href":"https:\/\/uscatletica.ch\/wp\/index.php?rest_route=\/wp\/v2\/posts\/10713\/revisions\/11160"}],"wp:featuredmedia":[{"embeddable":true,"href":"https:\/\/uscatletica.ch\/wp\/index.php?rest_route=\/wp\/v2\/media\/8836"}],"wp:attachment":[{"href":"https:\/\/uscatletica.ch\/wp\/index.php?rest_route=%2Fwp%2Fv2%2Fmedia&parent=10713"}],"wp:term":[{"taxonomy":"category","embeddable":true,"href":"https:\/\/uscatletica.ch\/wp\/index.php?rest_route=%2Fwp%2Fv2%2Fcategories&post=10713"},{"taxonomy":"post_tag","embeddable":true,"href":"https:\/\/uscatletica.ch\/wp\/index.php?rest_route=%2Fwp%2Fv2%2Ftags&post=10713"}],"curies":[{"name":"wp","href":"https:\/\/api.w.org\/{rel}","templated":true}]}}