{"id":10717,"date":"2020-09-08T15:55:00","date_gmt":"2020-09-08T13:55:00","guid":{"rendered":"http:\/\/uscatletica.ch\/wp\/?p=10717"},"modified":"2020-09-30T09:42:33","modified_gmt":"2020-09-30T07:42:33","slug":"meeting-ftal-e-tris-di-gare-asti-in-capriasca","status":"publish","type":"post","link":"https:\/\/uscatletica.ch\/wp\/?p=10717","title":{"rendered":"Meeting FTAL e tris di gare ASTi in Capriasca"},"content":{"rendered":"\n<p><strong>Comunicato Stampa USC del 8 settembre 2020<\/strong><\/p>\n\n\n\n<h2 class=\"wp-block-heading\"><span class=\"has-inline-color has-vivid-red-color\">Meeting FTAL e tris di gare ASTi in Capriasca<\/span><\/h2>\n\n\n\n<p>L\u2019USC, Unione Sportiva Capriaschese sezione atletica, recuperer\u00e0 nei mesi di settembre e ottobre alcune delle gare rinviate in primavera a causa della pandemia, che affiancheranno alcuni eventi gi\u00e0 in calendario.<\/p>\n\n\n\n<p>Inserite nei calendari della Federazione di atletica leggera FTAL e rispettivamente dell\u2019Associazione sportiva ticinese ASTi, le seguenti quattro manifestazioni si svolgeranno:<\/p>\n\n\n\n<ul class=\"wp-block-list\"><li><strong><span class=\"has-inline-color has-vivid-cyan-blue-color\">Mercoled\u00ec 23 settembre, Meeting della Capriasca e CT Olimpionica (nuova data) -&gt; Calendario FTAL<\/span><\/strong><\/li><li><strong><span class=\"has-inline-color has-vivid-green-cyan-color\">Domenica 27 settembre, Gir dal diavol (data confermata) -&gt; Coppa ASTi podismo<\/span><\/strong><\/li><li><strong><span class=\"has-inline-color has-luminous-vivid-amber-color\">Domenica 11 ottobre, Cronoascesa del Bigorio (recupero data) -&gt; Coppa ASTi montagna salita e vertical<\/span><\/strong><\/li><li><strong><span class=\"has-inline-color has-vivid-green-cyan-color\">Mercoled\u00ec 21 ottobre, 1&#8217;000 m e 5&#8217;000 ASTi (recupero data) -&gt; Coppa ASTi podismo<\/span><\/strong><\/li><\/ul>\n\n\n\n<p>Le manifestazioni si svolgeranno in ottemperanza ai concetti di protezione di Swiss athletics e dell\u2019ASTI, visibili sui siti internet <a href=\"http:\/\/www.ftal.ch\">www.ftal.ch<\/a> e <a href=\"http:\/\/www.astiticino.ch\">www.astiticino.ch<\/a>, oppure pubblicati accanto ai programmi delle singole gare sul sito USC <a href=\"http:\/\/uscatletica.ch\">http:\/\/uscatletica.ch<\/a>, dove sono pure indicate le misure supplementari.<\/p>\n\n\n\n<p>Mercoled\u00ec 23 settembre, il meeting della Capriasca inserito nel calendario <strong>FTAL<\/strong>, si svolger\u00e0 a partire dalle 18.40 su piste e pedane dell\u2019Arena sportiva di Tesserete. Accanto alle prove di corsa sui 100 e 1&#8217;500 metri (80 e 600 metri per gli U16), si terr\u00e0 il concorso del getto del peso e s\u2019assegneranno pure i titoli cantonali delle staffette olimpioniche. <a href=\"https:\/\/uscatletica.ch\/wp\/?page_id=295\">-&gt; Pagina meeting<\/a> <\/p>\n\n\n\n<p>Le tre gare del circuito <strong>ASTi<\/strong> sono invece valide per le rispettive Coppe di podismo o montagna e sono pure raggruppate nel tris capriaschese. Il <strong>TRIS capriaschese <\/strong>prevede un omaggio a chi s\u2019iscrive contemporaneamente alle 3 gare Gir dal Diavol (27.9), Crono Bigorio (11.10) e 5\u2019000 metri ASTi (21.10) e poi parteciper\u00e0. Il premio sar\u00e0 consegnato in occasione dell\u2019ultima prova. L\u2019iscrizione per il TRIS, cos\u00ec come per le singole gare, \u00e8 da effettuarsi <strong>online<\/strong>.<br>-&gt; Pagine <a href=\"https:\/\/uscatletica.ch\/wp\/?page_id=8892\">Diavol<\/a> \/ <a href=\"https:\/\/uscatletica.ch\/wp\/?page_id=299\">Crono <\/a>\/ <a href=\"https:\/\/uscatletica.ch\/wp\/?page_id=297\">5&#8217;000 ASTi<\/a>, <a href=\"https:\/\/uscatletica.ch\/wp\/?page_id=10725\">-&gt; Pagina iscrizioni<\/a><\/p>\n\n\n\n<p>Non verranno invece disputate nel 2020 le manifestazioni Tesserete-Gola di Lago e Staffetta Capriaschese, inizialmente previste in marzo e aprile, che si spera possano tornare ad essere organizzate regolarmente nel <strong>2021<\/strong>.<\/p>\n\n\n\n<p>Sportivi saluti USC Capriaschese atletica<\/p>\n\n\n\n<p><\/p>\n\n\n\n<p><a href=\"https:\/\/i0.wp.com\/uscatletica.ch\/wp\/wp-content\/uploads\/2019\/08\/Gir-dal-Diavol-Sasso-E.S..jpg?ssl=1\"><img data-recalc-dims=\"1\" loading=\"lazy\" decoding=\"async\" data-attachment-id=\"8850\" data-permalink=\"https:\/\/uscatletica.ch\/wp\/?attachment_id=8850\" data-orig-file=\"https:\/\/i0.wp.com\/uscatletica.ch\/wp\/wp-content\/uploads\/2019\/08\/Gir-dal-Diavol-Sasso-E.S..jpg?fit=800%2C600&amp;ssl=1\" data-orig-size=\"800,600\" data-comments-opened=\"0\" data-image-meta=\"{&quot;aperture&quot;:&quot;0&quot;,&quot;credit&quot;:&quot;&quot;,&quot;camera&quot;:&quot;&quot;,&quot;caption&quot;:&quot;&quot;,&quot;created_timestamp&quot;:&quot;0&quot;,&quot;copyright&quot;:&quot;&quot;,&quot;focal_length&quot;:&quot;0&quot;,&quot;iso&quot;:&quot;0&quot;,&quot;shutter_speed&quot;:&quot;0&quot;,&quot;title&quot;:&quot;&quot;,&quot;orientation&quot;:&quot;0&quot;}\" data-image-title=\"Gir dal Diavol &amp;#8211; Sasso (E.S.)\" data-image-description=\"\" data-image-caption=\"\" data-large-file=\"https:\/\/i0.wp.com\/uscatletica.ch\/wp\/wp-content\/uploads\/2019\/08\/Gir-dal-Diavol-Sasso-E.S..jpg?fit=640%2C480&amp;ssl=1\" class=\"alignleft size-full wp-image-8850\" src=\"https:\/\/i0.wp.com\/uscatletica.ch\/wp\/wp-content\/uploads\/2019\/08\/Gir-dal-Diavol-Sasso-E.S..jpg?resize=640%2C480&#038;ssl=1\" alt=\"\" width=\"640\" height=\"480\" srcset=\"https:\/\/i0.wp.com\/uscatletica.ch\/wp\/wp-content\/uploads\/2019\/08\/Gir-dal-Diavol-Sasso-E.S..jpg?w=800&amp;ssl=1 800w, https:\/\/i0.wp.com\/uscatletica.ch\/wp\/wp-content\/uploads\/2019\/08\/Gir-dal-Diavol-Sasso-E.S..jpg?resize=300%2C225&amp;ssl=1 300w, https:\/\/i0.wp.com\/uscatletica.ch\/wp\/wp-content\/uploads\/2019\/08\/Gir-dal-Diavol-Sasso-E.S..jpg?resize=768%2C576&amp;ssl=1 768w\" sizes=\"auto, (max-width: 640px) 100vw, 640px\" \/><\/a><a href=\"https:\/\/i0.wp.com\/uscatletica.ch\/wp\/wp-content\/uploads\/2017\/05\/start5000mastiusc2017.jpg?ssl=1\"><img data-recalc-dims=\"1\" loading=\"lazy\" decoding=\"async\" data-attachment-id=\"4426\" data-permalink=\"https:\/\/uscatletica.ch\/wp\/?attachment_id=4426\" data-orig-file=\"https:\/\/i0.wp.com\/uscatletica.ch\/wp\/wp-content\/uploads\/2017\/05\/start5000mastiusc2017.jpg?fit=564%2C266&amp;ssl=1\" data-orig-size=\"564,266\" data-comments-opened=\"0\" data-image-meta=\"{&quot;aperture&quot;:&quot;0&quot;,&quot;credit&quot;:&quot;&quot;,&quot;camera&quot;:&quot;&quot;,&quot;caption&quot;:&quot;&quot;,&quot;created_timestamp&quot;:&quot;0&quot;,&quot;copyright&quot;:&quot;&quot;,&quot;focal_length&quot;:&quot;0&quot;,&quot;iso&quot;:&quot;0&quot;,&quot;shutter_speed&quot;:&quot;0&quot;,&quot;title&quot;:&quot;&quot;,&quot;orientation&quot;:&quot;0&quot;}\" data-image-title=\"start5000mastiusc2017\" data-image-description=\"\" data-image-caption=\"\" data-large-file=\"https:\/\/i0.wp.com\/uscatletica.ch\/wp\/wp-content\/uploads\/2017\/05\/start5000mastiusc2017.jpg?fit=564%2C266&amp;ssl=1\" class=\"alignleft size-full wp-image-4426\" src=\"https:\/\/i0.wp.com\/uscatletica.ch\/wp\/wp-content\/uploads\/2017\/05\/start5000mastiusc2017.jpg?resize=564%2C266&#038;ssl=1\" alt=\"\" width=\"564\" height=\"266\" srcset=\"https:\/\/i0.wp.com\/uscatletica.ch\/wp\/wp-content\/uploads\/2017\/05\/start5000mastiusc2017.jpg?w=564&amp;ssl=1 564w, https:\/\/i0.wp.com\/uscatletica.ch\/wp\/wp-content\/uploads\/2017\/05\/start5000mastiusc2017.jpg?resize=300%2C141&amp;ssl=1 300w, https:\/\/i0.wp.com\/uscatletica.ch\/wp\/wp-content\/uploads\/2017\/05\/start5000mastiusc2017.jpg?resize=563%2C266&amp;ssl=1 563w, https:\/\/i0.wp.com\/uscatletica.ch\/wp\/wp-content\/uploads\/2017\/05\/start5000mastiusc2017.jpg?resize=318%2C150&amp;ssl=1 318w\" sizes=\"auto, (max-width: 564px) 100vw, 564px\" \/><\/a><\/p>\n","protected":false},"excerpt":{"rendered":"<p>Comunicato Stampa USC del 8 settembre 2020 Meeting FTAL e tris di gare ASTi in Capriasca L\u2019USC, Unione Sportiva Capriaschese sezione atletica, recuperer\u00e0 nei mesi di settembre e ottobre alcune delle gare rinviate in primavera a causa della pandemia, che affiancheranno alcuni eventi gi\u00e0 in calendario. Inserite nei calendari della Federazione di atletica leggera FTAL e rispettivamente dell\u2019Associazione sportiva ticinese ASTi, le seguenti quattro manifestazioni si svolgeranno: Mercoled\u00ec 23 settembre, Meeting della Capriasca e CT&#8230;<\/p>\n","protected":false},"author":3,"featured_media":10856,"comment_status":"closed","ping_status":"closed","sticky":false,"template":"","format":"standard","meta":{"jetpack_post_was_ever_published":false,"_jetpack_newsletter_access":"","_jetpack_dont_email_post_to_subs":false,"_jetpack_newsletter_tier_id":0,"_jetpack_memberships_contains_paywalled_content":false,"_jetpack_memberships_contains_paid_content":false,"footnotes":"","jetpack_publicize_message":"","jetpack_publicize_feature_enabled":true,"jetpack_social_post_already_shared":false,"jetpack_social_options":{"image_generator_settings":{"template":"highway","default_image_id":0,"font":"","enabled":false},"version":2}},"categories":[12,16,4,5,9],"tags":[],"class_list":["post-10717","post","type-post","status-publish","format-standard","has-post-thumbnail","hentry","category-nostregare","category-montagna","category-pista","category-podismo","category-sport"],"jetpack_publicize_connections":[],"jetpack_featured_media_url":"https:\/\/i0.wp.com\/uscatletica.ch\/wp\/wp-content\/uploads\/2020\/09\/Arena-sportiva-pista.jpg?fit=800%2C600&ssl=1","jetpack_sharing_enabled":true,"jetpack_shortlink":"https:\/\/wp.me\/p6V7Ck-2MR","jetpack-related-posts":[{"id":4392,"url":"https:\/\/uscatletica.ch\/wp\/?p=4392","url_meta":{"origin":10717,"position":0},"title":"TUTTI IN PISTA MERCOLED\u00ec CON LA NUOVA TORRETTA DI CRONOMETRAGGIO (FOTO TORRETTA)","author":"Leonida Stampanoni","date":"29 Maggio 2017","format":false,"excerpt":"\u00a0 \u00a0 In Capriasca una serata di corsa ASTI e FTAL a braccetto: mercoled\u00ec sera sulla pista di Tesserete l\u2019USC Capriasca organizza un meeting FTAL con i 2'000 e i 5'000 ASTi asat- \u00c8 un mercoled\u00ec sera intenso quello proposto dalla locale USC Capriaschese sulle piste d\u2019atletica di Teserete. L\u2019Arena\u2026","rel":"","context":"In &quot;I nostri appuntamenti&quot;","block_context":{"text":"I nostri appuntamenti","link":"https:\/\/uscatletica.ch\/wp\/?cat=12"},"img":{"alt_text":"","src":"https:\/\/i0.wp.com\/uscatletica.ch\/wp\/wp-content\/uploads\/2016\/06\/P1400750.jpg?fit=563%2C422&ssl=1&resize=350%2C200","width":350,"height":200,"srcset":"https:\/\/i0.wp.com\/uscatletica.ch\/wp\/wp-content\/uploads\/2016\/06\/P1400750.jpg?fit=563%2C422&ssl=1&resize=350%2C200 1x, https:\/\/i0.wp.com\/uscatletica.ch\/wp\/wp-content\/uploads\/2016\/06\/P1400750.jpg?fit=563%2C422&ssl=1&resize=525%2C300 1.5x"},"classes":[]},{"id":9584,"url":"https:\/\/uscatletica.ch\/wp\/?p=9584","url_meta":{"origin":10717,"position":1},"title":"Appuntamenti USC per il 2020","author":"Stampa E","date":"11 Dicembre 2019","format":false,"excerpt":"I calendari FTAL e ASTi per il 2020 sono pronti. Qui gli appuntamenti USC da non mancare: Cross Capriaschese (Coppa Ticino FTAL 2019\/2020) domenica 24 novembre 2019 (gi\u00e0 disputato)Cronoascesa al Bigorio (Coppa ASTi montagna) sabato 21 marzo 2020 Staffetta Capriaschese (Trofeo ASTi Staffette) domenica 29 marzo 2020\u00a0\u00a0\u00a0\u00a0\u00a0\u00a0\u00a0\u00a0 Tesserete-Gola di lago\u2026","rel":"","context":"In &quot;Cross&quot;","block_context":{"text":"Cross","link":"https:\/\/uscatletica.ch\/wp\/?cat=7"},"img":{"alt_text":"","src":"https:\/\/i0.wp.com\/uscatletica.ch\/wp\/wp-content\/uploads\/2018\/12\/sstef2019usc.jpg?fit=532%2C399&ssl=1&resize=350%2C200","width":350,"height":200,"srcset":"https:\/\/i0.wp.com\/uscatletica.ch\/wp\/wp-content\/uploads\/2018\/12\/sstef2019usc.jpg?fit=532%2C399&ssl=1&resize=350%2C200 1x, https:\/\/i0.wp.com\/uscatletica.ch\/wp\/wp-content\/uploads\/2018\/12\/sstef2019usc.jpg?fit=532%2C399&ssl=1&resize=525%2C300 1.5x"},"classes":[]},{"id":8166,"url":"https:\/\/uscatletica.ch\/wp\/?p=8166","url_meta":{"origin":10717,"position":2},"title":"TUTTI IN PISTA ULTIMI PREPARATIVI","author":"Leonida Stampanoni","date":"20 Maggio 2019","format":false,"excerpt":"Tutto \u00e8 pronto per il primo dei tre meeting 2019 all'Arena Sportiva di Capriasca e Valcolla. oggi scadono le iscrizioni in programma 1000 m U16 100 m 800 m e per la prima volta su suolo svizzero per le societ\u00e0 la 4x400 m mista Liste di partenzaScarica Le listec di\u2026","rel":"","context":"In &quot;Pista&quot;","block_context":{"text":"Pista","link":"https:\/\/uscatletica.ch\/wp\/?cat=4"},"img":{"alt_text":"","src":"https:\/\/i0.wp.com\/uscatletica.ch\/wp\/wp-content\/uploads\/2017\/05\/P1470012-1.jpg?fit=563%2C422&ssl=1&resize=350%2C200","width":350,"height":200,"srcset":"https:\/\/i0.wp.com\/uscatletica.ch\/wp\/wp-content\/uploads\/2017\/05\/P1470012-1.jpg?fit=563%2C422&ssl=1&resize=350%2C200 1x, https:\/\/i0.wp.com\/uscatletica.ch\/wp\/wp-content\/uploads\/2017\/05\/P1470012-1.jpg?fit=563%2C422&ssl=1&resize=525%2C300 1.5x"},"classes":[]},{"id":9001,"url":"https:\/\/uscatletica.ch\/wp\/?p=9001","url_meta":{"origin":10717,"position":3},"title":"Meeting Capriaschese CT Staffetta Olimpionica","author":"Leonida Stampanoni","date":"11 Settembre 2019","format":false,"excerpt":"La 13 edizione del meeting Capriachese \u00e8 pronta siamo lieti di accogliere in Capriasca \u00a0le dodici squadre che si contenderanno i i titoli di campione ticinese. Benvenuti anche tutti gli atleti che gareggeranno nelle gare individuali\u00a0 SAM E GAB Trionfano nella staffetta olimpionica echi dell'edizione 2018 Iscritti \u00a0 Comunicato FTAL,\u2026","rel":"","context":"In &quot;Non catalogato&quot;","block_context":{"text":"Non catalogato","link":"https:\/\/uscatletica.ch\/wp\/?cat=6"},"img":{"alt_text":"","src":"https:\/\/i0.wp.com\/uscatletica.ch\/wp\/wp-content\/uploads\/2016\/01\/LOGOUSC2015.jpg?fit=1200%2C626&ssl=1&resize=350%2C200","width":350,"height":200,"srcset":"https:\/\/i0.wp.com\/uscatletica.ch\/wp\/wp-content\/uploads\/2016\/01\/LOGOUSC2015.jpg?fit=1200%2C626&ssl=1&resize=350%2C200 1x, https:\/\/i0.wp.com\/uscatletica.ch\/wp\/wp-content\/uploads\/2016\/01\/LOGOUSC2015.jpg?fit=1200%2C626&ssl=1&resize=525%2C300 1.5x, https:\/\/i0.wp.com\/uscatletica.ch\/wp\/wp-content\/uploads\/2016\/01\/LOGOUSC2015.jpg?fit=1200%2C626&ssl=1&resize=700%2C400 2x, https:\/\/i0.wp.com\/uscatletica.ch\/wp\/wp-content\/uploads\/2016\/01\/LOGOUSC2015.jpg?fit=1200%2C626&ssl=1&resize=1050%2C600 3x"},"classes":[]},{"id":6516,"url":"https:\/\/uscatletica.ch\/wp\/?p=6516","url_meta":{"origin":10717,"position":4},"title":"Campionati Ticinesi di olimpionica 12 Meeting Capriaschese tutto pronto stampa","author":"Leonida Stampanoni","date":"11 Settembre 2018","format":false,"excerpt":"Staffette olimpioniche in Capriasca Meeting serale mercoled\u00ec a Tesserete con anche i Campionati ticinesi di staffetta olimpionica, dove Virtus Locarno e SAL Lugano cercheranno di difendere il titolo conquistato nel 2017 liste di partenza 2018 \ufeff 12 edizione Meeting Capriaschese \u00a0Campionati Ticinesi Olimpionica 12 settembre 2018 PrCToli18 il programma 2018\u2026","rel":"","context":"In &quot;Pista&quot;","block_context":{"text":"Pista","link":"https:\/\/uscatletica.ch\/wp\/?cat=4"},"img":{"alt_text":"","src":"https:\/\/i0.wp.com\/uscatletica.ch\/wp\/wp-content\/uploads\/2018\/08\/berlinstmoritz2018.jpg?fit=432%2C293&ssl=1&resize=350%2C200","width":350,"height":200},"classes":[]},{"id":10516,"url":"https:\/\/uscatletica.ch\/wp\/?p=10516","url_meta":{"origin":10717,"position":5},"title":"La stagione Ticinese riparte da Bellinzona","author":"Leonida Stampanoni","date":"23 Giugno 2020","format":false,"excerpt":"Trascorso l'emergenza sanitaria, finalmente in Ticino si torna a gareggiare ad aprire la stagione sar\u00e0 il primo meeting serale di Bellinzona dove il 15 settembre torner\u00e0 il Gal\u00e0 Dei Castelli.\u00a0\u00a0Mercoled\u00ec sera al comunale saranno tre gli USCini al via Giada nel getto del Peso Leila e Matilde sui 100 m.\u2026","rel":"","context":"In &quot;Pista&quot;","block_context":{"text":"Pista","link":"https:\/\/uscatletica.ch\/wp\/?cat=4"},"img":{"alt_text":"","src":"https:\/\/i0.wp.com\/uscatletica.ch\/wp\/wp-content\/uploads\/2019\/08\/IMG_0908.jpg?fit=640%2C480&ssl=1&resize=350%2C200","width":350,"height":200,"srcset":"https:\/\/i0.wp.com\/uscatletica.ch\/wp\/wp-content\/uploads\/2019\/08\/IMG_0908.jpg?fit=640%2C480&ssl=1&resize=350%2C200 1x, https:\/\/i0.wp.com\/uscatletica.ch\/wp\/wp-content\/uploads\/2019\/08\/IMG_0908.jpg?fit=640%2C480&ssl=1&resize=525%2C300 1.5x"},"classes":[]}],"_links":{"self":[{"href":"https:\/\/uscatletica.ch\/wp\/index.php?rest_route=\/wp\/v2\/posts\/10717","targetHints":{"allow":["GET"]}}],"collection":[{"href":"https:\/\/uscatletica.ch\/wp\/index.php?rest_route=\/wp\/v2\/posts"}],"about":[{"href":"https:\/\/uscatletica.ch\/wp\/index.php?rest_route=\/wp\/v2\/types\/post"}],"author":[{"embeddable":true,"href":"https:\/\/uscatletica.ch\/wp\/index.php?rest_route=\/wp\/v2\/users\/3"}],"replies":[{"embeddable":true,"href":"https:\/\/uscatletica.ch\/wp\/index.php?rest_route=%2Fwp%2Fv2%2Fcomments&post=10717"}],"version-history":[{"count":9,"href":"https:\/\/uscatletica.ch\/wp\/index.php?rest_route=\/wp\/v2\/posts\/10717\/revisions"}],"predecessor-version":[{"id":10855,"href":"https:\/\/uscatletica.ch\/wp\/index.php?rest_route=\/wp\/v2\/posts\/10717\/revisions\/10855"}],"wp:featuredmedia":[{"embeddable":true,"href":"https:\/\/uscatletica.ch\/wp\/index.php?rest_route=\/wp\/v2\/media\/10856"}],"wp:attachment":[{"href":"https:\/\/uscatletica.ch\/wp\/index.php?rest_route=%2Fwp%2Fv2%2Fmedia&parent=10717"}],"wp:term":[{"taxonomy":"category","embeddable":true,"href":"https:\/\/uscatletica.ch\/wp\/index.php?rest_route=%2Fwp%2Fv2%2Fcategories&post=10717"},{"taxonomy":"post_tag","embeddable":true,"href":"https:\/\/uscatletica.ch\/wp\/index.php?rest_route=%2Fwp%2Fv2%2Ftags&post=10717"}],"curies":[{"name":"wp","href":"https:\/\/api.w.org\/{rel}","templated":true}]}}