{"id":10851,"date":"2020-09-09T12:06:40","date_gmt":"2020-09-09T10:06:40","guid":{"rendered":"http:\/\/uscatletica.ch\/wp\/?p=10851"},"modified":"2020-09-14T21:36:39","modified_gmt":"2020-09-14T19:36:39","slug":"locarno-una-serata-di-atletica","status":"publish","type":"post","link":"https:\/\/uscatletica.ch\/wp\/?p=10851","title":{"rendered":"Locarno una serata di atletica"},"content":{"rendered":"\n<p>Stasera a Locarno\u00a0 ci sar\u00e0 un meeting C con al via una decina di USCini pronti a confermare i progressi mostrati in stagione si parte dai lanci con Giada e Morena a trainare il gruppo nella velocit\u00e0 ci sono Leila e Matilda a guidare il gruppo nel mezzofondo Elia ed i fratelli Delorenzi <\/p>\n<h2><a href=\"https:\/\/slv.laportal.net\/CIS\/Timetable?compid=3761\" target=\"_blank\" rel=\"noopener noreferrer\">RISULTATI LIVE<\/a>\u00a0 <a href=\"https:\/\/slv.laportal.net\/Competitions\/Details\/3761\" target=\"_blank\" rel=\"noopener noreferrer\">RISULTATI<\/a><\/h2>\n<p>Morena reduce dai campionati svizzeri giovanili sar\u00e0 al via nel Giavellotto. Giada, che venerdi segner\u00e0 il ritorno dell&#8217;USC ai campionati svizzeri assoluti nel getto del peso, sar\u00e0 impeganta nel disco. Nell&#8217;alto ci saranno Morena ed Elody. Nella velocit\u00e0 oltre a Matilda e Leila ci saranno anche Chiara, Marco ed Elody.\u00a0 Sui 1500 m ci saranno Roby e Marco accompagnati da Elia.\u00a0<\/p>\n<p>\u00a0<\/p>\n","protected":false},"excerpt":{"rendered":"<p>Stasera a Locarno\u00a0 ci sar\u00e0 un meeting C con al via una decina di USCini pronti a confermare i progressi mostrati in stagione si parte dai lanci con Giada e Morena a trainare il gruppo nella velocit\u00e0 ci sono Leila e Matilda a guidare il gruppo nel mezzofondo Elia ed i fratelli Delorenzi RISULTATI LIVE\u00a0 RISULTATI Morena reduce dai campionati svizzeri giovanili sar\u00e0 al via nel Giavellotto. Giada, che venerdi segner\u00e0 il ritorno dell&#8217;USC ai&#8230;<\/p>\n","protected":false},"author":4,"featured_media":10754,"comment_status":"closed","ping_status":"closed","sticky":false,"template":"","format":"standard","meta":{"jetpack_post_was_ever_published":false,"_jetpack_newsletter_access":"","_jetpack_dont_email_post_to_subs":false,"_jetpack_newsletter_tier_id":0,"_jetpack_memberships_contains_paywalled_content":false,"_jetpack_memberships_contains_paid_content":false,"footnotes":"","jetpack_publicize_message":"","jetpack_publicize_feature_enabled":true,"jetpack_social_post_already_shared":false,"jetpack_social_options":{"image_generator_settings":{"template":"highway","default_image_id":0,"font":"","enabled":false},"version":2}},"categories":[4],"tags":[],"class_list":["post-10851","post","type-post","status-publish","format-standard","has-post-thumbnail","hentry","category-pista"],"jetpack_publicize_connections":[],"jetpack_featured_media_url":"https:\/\/i0.wp.com\/uscatletica.ch\/wp\/wp-content\/uploads\/2020\/09\/200902MGRISC.jpg?fit=421%2C316&ssl=1","jetpack_sharing_enabled":true,"jetpack_shortlink":"https:\/\/wp.me\/p6V7Ck-2P1","jetpack-related-posts":[{"id":10561,"url":"https:\/\/uscatletica.ch\/wp\/?p=10561","url_meta":{"origin":10851,"position":0},"title":"Doppio appuntamento in pista tra Bellinzona e Locarno","author":"Leonida Stampanoni","date":"8 Luglio 2020","format":false,"excerpt":"Una due giorni \u00a0di gare tra Bellinzona e Locarno chiuder\u00e0 la prima parte della stagione ticinese 2020 che ha confermato la crescita del movimento cantonale. I nostri atleti brillanti nelle prime uscite vorranno confermare i progressi mostrati. \u00a0Mercoled\u00ec si correr\u00e0 al comunale di Bellinzona \u00a0in programma il debutto per \u00a0giavellottiste\u2026","rel":"","context":"In &quot;Pista&quot;","block_context":{"text":"Pista","link":"https:\/\/uscatletica.ch\/wp\/?cat=4"},"img":{"alt_text":"","src":"https:\/\/i0.wp.com\/uscatletica.ch\/wp\/wp-content\/uploads\/2019\/08\/IMG_0908.jpg?fit=640%2C480&ssl=1&resize=350%2C200","width":350,"height":200,"srcset":"https:\/\/i0.wp.com\/uscatletica.ch\/wp\/wp-content\/uploads\/2019\/08\/IMG_0908.jpg?fit=640%2C480&ssl=1&resize=350%2C200 1x, https:\/\/i0.wp.com\/uscatletica.ch\/wp\/wp-content\/uploads\/2019\/08\/IMG_0908.jpg?fit=640%2C480&ssl=1&resize=525%2C300 1.5x"},"classes":[]},{"id":10860,"url":"https:\/\/uscatletica.ch\/wp\/?p=10860","url_meta":{"origin":10851,"position":1},"title":"Bravi gli USCini al Lido","author":"Leonida Stampanoni","date":"10 Settembre 2020","format":false,"excerpt":"Una serata ideale al Lido di Locarno per gareggiare ed i nostri atleti ne hanno approfittato quasi 200 gli atleti presenti nel numerose discipline proposte dalla Virtus Locarno, ottimi i mezzofondisti che hanno migliorato i propri limiti e con Roby che ha vinto la gara. Nei lanci conferme per Morena\u2026","rel":"","context":"In &quot;Pista&quot;","block_context":{"text":"Pista","link":"https:\/\/uscatletica.ch\/wp\/?cat=4"},"img":{"alt_text":"","src":"https:\/\/i0.wp.com\/uscatletica.ch\/wp\/wp-content\/uploads\/2020\/07\/start100mu200807.jpg?fit=432%2C324&ssl=1&resize=350%2C200","width":350,"height":200},"classes":[]},{"id":12430,"url":"https:\/\/uscatletica.ch\/wp\/?p=12430","url_meta":{"origin":10851,"position":2},"title":"Da Uster a Locarno molti USCini in pista","author":"Leonida Stampanoni","date":"4 Giugno 2021","format":false,"excerpt":"Il primo fine settimana di giugno prevede per l' USC due impegni : Venerd\u00ec sera \u00a0Roby sar\u00e0 ad Uster per i campionati svizzeri dei 10000 m mentre sabato a Locarno ci sar\u00e0 il primo meeting aperto a tutti gli atleti. con una quindicina di nostre atleti al via.\u00a0 I risultati\u2026","rel":"","context":"In &quot;Pista&quot;","block_context":{"text":"Pista","link":"https:\/\/uscatletica.ch\/wp\/?cat=4"},"img":{"alt_text":"","src":"https:\/\/i0.wp.com\/uscatletica.ch\/wp\/wp-content\/uploads\/2021\/04\/P1070134oli.jpg?fit=432%2C324&ssl=1&resize=350%2C200","width":350,"height":200},"classes":[]},{"id":11112,"url":"https:\/\/uscatletica.ch\/wp\/?p=11112","url_meta":{"origin":10851,"position":3},"title":"Monthey Bellinzona Tesserete Lugano si chiude la stagione con i giovanili","author":"Leonida Stampanoni","date":"25 Settembre 2020","format":false,"excerpt":"Intenso fine settimana per gli atleti USC ,sabato No\u00e9, Jennis, e Federica saranno a Monthey per la finale del MilLe Gruyere Kariem Hussein far\u00e0 tappa ai campionati svizzeri Masters dove Elia chiuder\u00e0 la sua stagione. Domenica dopo la seconda edizione del Gir dal Diavol a Lugano ci saranno i Campionati\u2026","rel":"","context":"In &quot;Pista&quot;","block_context":{"text":"Pista","link":"https:\/\/uscatletica.ch\/wp\/?cat=4"},"img":{"alt_text":"","src":"https:\/\/i0.wp.com\/uscatletica.ch\/wp\/wp-content\/uploads\/2020\/09\/1.jpeg?fit=420%2C315&ssl=1&resize=350%2C200","width":350,"height":200},"classes":[]},{"id":10587,"url":"https:\/\/uscatletica.ch\/wp\/?p=10587","url_meta":{"origin":10851,"position":4},"title":"Robi campione Ticinese Letizia argento a Biasca","author":"Leonida Stampanoni","date":"29 Luglio 2020","format":false,"excerpt":"La serata di fine luglio sulla nuova pista di Biasca ha regalato diverse soddisfazioni agli USCini. Roby con un gran finale ha vinto il titolo cantonale, mentre Letizia nonostante una caduta nelle prime fasi della gara ha conquistato l'argento inchinandosi solo ad Elena Roos. Bravi anche Giorgia, Enea, Marco e\u2026","rel":"","context":"In &quot;Pista&quot;","block_context":{"text":"Pista","link":"https:\/\/uscatletica.ch\/wp\/?cat=4"},"img":{"alt_text":"","src":"https:\/\/i0.wp.com\/uscatletica.ch\/wp\/wp-content\/uploads\/2020\/07\/podio3000m2020ftal.jpg?fit=432%2C324&ssl=1&resize=350%2C200","width":350,"height":200},"classes":[]},{"id":9165,"url":"https:\/\/uscatletica.ch\/wp\/?p=9165","url_meta":{"origin":10851,"position":5},"title":"CAMPIONATI TICINESI U16 U18 23 USCINI ALLA CARICA","author":"Leonida Stampanoni","date":"27 Settembre 2019","format":false,"excerpt":"l Domenica il nuovo stadio comunale di Bellinzona accoglier\u00e0 i campionati ticinesi U16-U18, sotto la direzione del GAB \u00a0ci saranno quasi 200 adolescenti a lottare per i 34 titoli. L'USC con 23 atleti al via sar\u00e0 la seconda societ\u00e0 pi\u00f9 numerosa al via. I nostri atleti Capitanati dalla vice campionessa\u2026","rel":"","context":"In &quot;Pista&quot;","block_context":{"text":"Pista","link":"https:\/\/uscatletica.ch\/wp\/?cat=4"},"img":{"alt_text":"","src":"https:\/\/i0.wp.com\/uscatletica.ch\/wp\/wp-content\/uploads\/2019\/08\/caratschlausc190815.jpg?fit=432%2C324&ssl=1&resize=350%2C200","width":350,"height":200},"classes":[]}],"_links":{"self":[{"href":"https:\/\/uscatletica.ch\/wp\/index.php?rest_route=\/wp\/v2\/posts\/10851","targetHints":{"allow":["GET"]}}],"collection":[{"href":"https:\/\/uscatletica.ch\/wp\/index.php?rest_route=\/wp\/v2\/posts"}],"about":[{"href":"https:\/\/uscatletica.ch\/wp\/index.php?rest_route=\/wp\/v2\/types\/post"}],"author":[{"embeddable":true,"href":"https:\/\/uscatletica.ch\/wp\/index.php?rest_route=\/wp\/v2\/users\/4"}],"replies":[{"embeddable":true,"href":"https:\/\/uscatletica.ch\/wp\/index.php?rest_route=%2Fwp%2Fv2%2Fcomments&post=10851"}],"version-history":[{"count":1,"href":"https:\/\/uscatletica.ch\/wp\/index.php?rest_route=\/wp\/v2\/posts\/10851\/revisions"}],"predecessor-version":[{"id":10852,"href":"https:\/\/uscatletica.ch\/wp\/index.php?rest_route=\/wp\/v2\/posts\/10851\/revisions\/10852"}],"wp:featuredmedia":[{"embeddable":true,"href":"https:\/\/uscatletica.ch\/wp\/index.php?rest_route=\/wp\/v2\/media\/10754"}],"wp:attachment":[{"href":"https:\/\/uscatletica.ch\/wp\/index.php?rest_route=%2Fwp%2Fv2%2Fmedia&parent=10851"}],"wp:term":[{"taxonomy":"category","embeddable":true,"href":"https:\/\/uscatletica.ch\/wp\/index.php?rest_route=%2Fwp%2Fv2%2Fcategories&post=10851"},{"taxonomy":"post_tag","embeddable":true,"href":"https:\/\/uscatletica.ch\/wp\/index.php?rest_route=%2Fwp%2Fv2%2Ftags&post=10851"}],"curies":[{"name":"wp","href":"https:\/\/api.w.org\/{rel}","templated":true}]}}