{"id":10955,"date":"2020-09-18T11:02:49","date_gmt":"2020-09-18T09:02:49","guid":{"rendered":"http:\/\/uscatletica.ch\/wp\/?p=10955"},"modified":"2020-09-22T07:14:30","modified_gmt":"2020-09-22T05:14:30","slug":"da-interlaken-al-basodino-il-fine-settimana-usc","status":"publish","type":"post","link":"https:\/\/uscatletica.ch\/wp\/?p=10955","title":{"rendered":"Da Interlaken al Basodino il fine settimana USC"},"content":{"rendered":"\n<p>Fine settimana storico per l&#8217;USC sabato ad Interlake Matilda sar\u00e0 al via della finale Swiss Athletics Sprint il pi\u00f9 longevo dei progetti giovanili rossocrociati nato oramai 60 anni orsono . La nostra atleta dopo il 10 posto ai campionati svizzeri e pronta ancora una volta a ben figurare per la seconda volta del millennio un&#8217;atleta USC sar\u00e0 al via della finalissima. Per il podismo entro i nostri confini la Basodino Skyrace sar\u00e0 l&#8217;ultimo appuntamento prima di una serie di gare USC che cominceranno mercoled\u00ec con il meeting ed i<a href=\"https:\/\/uscatletica.ch\/wp\/?p=10800\" target=\"_blank\" rel=\"noopener noreferrer\"> campionati ticinesi di Olimpionica<\/a> per poi proseguire con il<a href=\"https:\/\/uscatletica.ch\/wp\/?p=10713\" target=\"_blank\" rel=\"noopener noreferrer\"> Gir dal Diavol<\/a>, <a href=\"https:\/\/uscatletica.ch\/wp\/?page_id=299\" target=\"_blank\" rel=\"noopener noreferrer\">la Cronoascesa al Bigorio<\/a> ed infine il <a href=\"https:\/\/uscatletica.ch\/wp\/?page_id=297\" target=\"_blank\" rel=\"noopener noreferrer\">5000 m ASTi\u00a0<\/a><\/p>\n<p><a href=\"http:\/\/www.tvunterseen.ch\/fileadmin\/anlaesse\/sas_ch_final2020\/Zeitplan_CH_Final_Sprint_2020.pdf\" target=\"_blank\" rel=\"noopener noreferrer\">Programma<\/a><\/p>\n<h2><a href=\"https:\/\/slv.laportal.net\/Competitions\/Details\/3918\" target=\"_blank\" rel=\"noopener noreferrer\">RISULTATI LIVE\u00a0<\/a><\/h2>\n<p>Matilda \u00a0scender\u00e0 in pista per le eliminatorie alle 14.35 obbiettivo certamente la semifinale delle prime 18 \u00a0per poi giocarsi il tutto per tutto . Nel centro di Interlaken \u00a0all&#8217;ombra di Eiger e Monch Matilda potr\u00e0 assaporare un&#8217;esperienza unica\u00a0<\/p>\n<p>\u00a0<\/p>\n<p>\u00a0<\/p>\n<h2 class=\"western\">\u200b<span style=\"font-family: Calibri, serif;\">Comunicato FTAL 16.09.2020 <\/span><span style=\"color: #2e74b5;\"><span style=\"font-family: Calibri, serif;\"><span style=\"font-size: medium;\"><span lang=\"it-CH\">SWISS ATHLETICS SPRINT <\/span><\/span><\/span><\/span><\/h2>\n<p class=\"western\"><span style=\"font-size: large;\">SWISS ATHLETICS SPRINT 14 TICINESI ALLA FINALISSIMA DI INTERLAKEN<\/span><\/p>\n<p class=\"western\"><span style=\"font-size: small;\"><span lang=\"it-IT\">Leonida Stampanoni<\/span><\/span><\/p>\n<p class=\"western\" lang=\"it-IT\">Sabato tra i laghi e le maestose cime di Eiger Monch e Jungfraujoch si disputer\u00e0 la finale di Swiss Athletics Sprint, la Hohenmatte di Interlaken sar\u00e0 lo scenario di gara delle sfide alla ricerca degli eredi di Mujinga Kambundji. Da quasi 65 anni il progetto giovanile esplora la svizzera a caccia dei talenti dello sprint. Nella scia dell\u2019entusiasmo per la costante crescita di Ajla Del Ponte, atleta europea del mese, il Ticino nelle ultime 5 edizioni ha festeggiato ben 6 vittorie. Da notare che Del Ponte non ha mai partecipato alla finale svizzera, emergendo poi per\u00f2 con costanza e determinazione con il passare degli anni. <br \/>Tra le vincitrici dell\u2019ultimo decennio ricordiamo anche Emma Piffaretti capace poi di vincere una medaglia giovanile a livello internazionale.<\/p>\n<p class=\"western\" lang=\"it-IT\">Sabato, sugli 80 m, saranno cinque i ticinesi al via. All\u2019ultimo assalto al titolo ci saranno Giona Pasteris(SAB) campione svizzero dei 100 m ostacoli, Joao Moreira Sepulveda (ASSPO) e Matilda Rosa (USC). Tra i nati del 2006 l\u2019esperta Ivana Pirolli (USA) pi\u00f9 volte finalista, sar\u00e0 accompagnata dal secondo dello scorso anno Leonardo Ambiveri (SAL).<\/p>\n<p class=\"western\" lang=\"it-IT\">All\u2019ultimo anno sui 60 m Giona Losa (ASSPO) prover\u00e0 a confermare la vittoria dello scorso anno. Accanto a lui ci sar\u00e0 Martin Malinverno nel solco della tradizione SAB. Tra le ragazze al via Emma Rosa (SAM) che sar\u00e0 accompagnata da due giovani compagni di societ\u00e0 Mattia Genini (2009) e Novak Stosic (2010). Tra i nati del 2008 saranno i gemelli Ilian ed Aicha Pirotta (USA) a rappresentare il Ticino. Completano la delegazione Ticinese Rebecca Trevisan (Vigor) e Gaia Rudelli (ASM).<\/p>\n<p class=\"western\" lang=\"it-IT\"><span style=\"font-size: small;\">Il rettilineo piazzato nel centro di Interlaken promette come sempre di regalare tante emozioni nella speranza che a gioire ci siano anche gli atleti della FTAL. <\/span><\/p>\n<table width=\"917\" cellspacing=\"0\" cellpadding=\"3\"><colgroup><col width=\"46\" \/><col width=\"183\" \/><col width=\"80\" \/><col width=\"77\" \/><col width=\"182\" \/><col width=\"108\" \/><col width=\"199\" \/><\/colgroup>\n<tbody>\n<tr>\n<td colspan=\"7\" width=\"911\">\n<p class=\"western\" align=\"center\">80 m Swiss Athletics Sprint qualificati per la finale nazionale di <span style=\"color: #000000;\"><span style=\"font-size: small;\"><span lang=\"it-CH\">Interlaken<\/span><\/span><\/span><\/p>\n<\/td>\n<\/tr>\n<tr>\n<td width=\"46\">\n<p class=\"western\" align=\"center\">2005<\/p>\n<\/td>\n<td width=\"183\">\n<p class=\"western\" align=\"center\"><span style=\"font-size: small;\">Matilda Rosa<\/span><\/p>\n<\/td>\n<td width=\"80\">\n<p class=\"western\" align=\"center\"><span style=\"font-size: small;\">USC<\/span><\/p>\n<\/td>\n<td width=\"77\">\u00a0<\/td>\n<td width=\"182\">\n<p class=\"western\" align=\"center\">Giona Pasteris<\/p>\n<p class=\"western\" align=\"center\">Joao Sepulveda Moreira<\/p>\n<\/td>\n<td width=\"108\">\n<p class=\"western\" align=\"center\">SAB<\/p>\n<p class=\"western\" align=\"center\">ASSPO<\/p>\n<\/td>\n<td width=\"199\">\u00a0<\/td>\n<\/tr>\n<tr>\n<td width=\"46\">\n<p class=\"western\" align=\"center\">2006<\/p>\n<\/td>\n<td width=\"183\">\n<p class=\"western\" align=\"center\">Ivana Pirolli<\/p>\n<\/td>\n<td width=\"80\">\n<p class=\"western\" align=\"center\">USA<\/p>\n<\/td>\n<td width=\"77\">\u00a0<\/td>\n<td width=\"182\">\n<p class=\"western\" align=\"center\"><span style=\"font-size: small;\">Leonardo Ambiveri<\/span><\/p>\n<\/td>\n<td width=\"108\">\n<p class=\"western\" align=\"center\">SAL<\/p>\n<\/td>\n<td width=\"199\">\u00a0<\/td>\n<\/tr>\n<tr>\n<td colspan=\"7\" width=\"911\">\n<p class=\"western\" align=\"center\">60 m Swiss Athletics Sprint qualificati per la finale nazionale di <span style=\"color: #000000;\"><span style=\"font-size: small;\"><span lang=\"it-CH\">Interlaken<\/span><\/span><\/span><\/p>\n<\/td>\n<\/tr>\n<tr>\n<td width=\"46\">\n<p class=\"western\" align=\"center\">2007<\/p>\n<\/td>\n<td width=\"183\">\n<p class=\"western\" align=\"center\"><span style=\"font-size: small;\">Emma Rosa<\/span><\/p>\n<\/td>\n<td width=\"80\">\n<p class=\"western\" align=\"center\">SAM<\/p>\n<\/td>\n<td width=\"77\">\u00a0<\/td>\n<td width=\"182\">\n<p class=\"western\" align=\"center\">Giona Losa<\/p>\n<p class=\"western\" align=\"center\">Martin Malinverno<\/p>\n<\/td>\n<td width=\"108\">\n<p class=\"western\" align=\"center\"><span style=\"font-size: small;\">ASSPO<\/span><\/p>\n<p class=\"western\" align=\"center\"><span style=\"font-size: small;\">SAB <\/span><\/p>\n<\/td>\n<td width=\"199\">\u00a0<\/td>\n<\/tr>\n<tr>\n<td width=\"46\">\n<p class=\"western\" align=\"center\">2008<\/p>\n<\/td>\n<td width=\"183\">\n<p class=\"western\" align=\"center\"><span style=\"font-size: small;\">Aicha Pirotta<\/span><\/p>\n<\/td>\n<td width=\"80\">\n<p class=\"western\" align=\"center\">USA<\/p>\n<\/td>\n<td width=\"77\">\u00a0<\/td>\n<td width=\"182\">\n<p class=\"western\" align=\"center\">Ilian Pirotta<\/p>\n<\/td>\n<td width=\"108\">\n<p class=\"western\" align=\"center\">USA<\/p>\n<\/td>\n<td width=\"199\">\u00a0<\/td>\n<\/tr>\n<tr>\n<td width=\"46\">\n<p class=\"western\" align=\"center\">2009<\/p>\n<\/td>\n<td width=\"183\">\n<p class=\"western\" align=\"center\"><span style=\"font-size: small;\">Rebecca Trevisan<\/span><\/p>\n<\/td>\n<td width=\"80\">\n<p class=\"western\" align=\"center\">Vigor<\/p>\n<\/td>\n<td width=\"77\">\u00a0<\/td>\n<td width=\"182\">\n<p class=\"western\" align=\"center\"><span style=\"font-size: small;\">Mattia Genini<\/span><\/p>\n<\/td>\n<td width=\"108\">\n<p class=\"western\" align=\"center\">SAM<\/p>\n<\/td>\n<td width=\"199\">\u00a0<\/td>\n<\/tr>\n<tr>\n<td width=\"46\">\n<p class=\"western\" align=\"center\">2010<\/p>\n<\/td>\n<td width=\"183\">\n<p class=\"western\" align=\"center\"><span style=\"font-size: small;\">Gaia Rudelli<\/span><\/p>\n<\/td>\n<td width=\"80\">\n<p class=\"western\" align=\"center\"><span style=\"font-size: small;\">ASM<\/span><\/p>\n<\/td>\n<td width=\"77\">\u00a0<\/td>\n<td width=\"182\">\n<p class=\"western\" align=\"center\"><span style=\"font-size: small;\">Novak Stosic <\/span><\/p>\n<\/td>\n<td width=\"108\">\n<p class=\"western\" align=\"center\">SAM<\/p>\n<\/td>\n<td width=\"199\">\u00a0<\/td>\n<\/tr>\n<\/tbody>\n<\/table>\n<p class=\"western\"><br \/><br \/><\/p>\n<p lang=\"it-IT\" align=\"justify\">\u00a0<\/p>\n<p class=\"western\" lang=\"it-IT\" align=\"justify\"><span style=\"font-family: Arial, serif;\">ASTi \u2013 Podismo <\/span><\/p>\n<p class=\"western\" lang=\"it-IT\" align=\"justify\"><span style=\"font-family: Arial, serif;\">Comunicato <\/span><span style=\"color: #000000;\"><span style=\"font-family: Arial, serif;\"><span style=\"font-size: medium;\"><span lang=\"it-IT\">18<\/span><\/span><\/span><\/span><span style=\"font-family: Arial, serif;\">.9.2020 Coppa ASTi 2020 COPPA GIOVANILE ASTI 2020<\/span><\/p>\n<p lang=\"it-IT\" align=\"left\"><span style=\"font-family: Calibri Light, serif;\"><span style=\"font-size: large;\">#correndovinciamo<\/span><\/span><\/p>\n<p lang=\"it-IT\" align=\"left\"><span style=\"font-family: Calibri Light, serif;\"><span style=\"font-size: large;\">COPPE ASTI 2020 E PODISMO TICINESE <\/span><span style=\"color: #000000;\"><span style=\"font-size: large;\"><span lang=\"it-IT\">UN AUTUNNO DI PASSIONE<\/span><\/span><\/span><\/span><\/p>\n<p class=\"western\" lang=\"it-IT\">L\u2019edizione 2020 premier\u00e0 la fedelt\u00e0 dei podisti con una nuova formula dettata dall\u2019emergenza sanitaria, 10 le gare di Coppa per ora in calendario.<\/p>\n<p class=\"western\" lang=\"it-IT\">.<\/p>\n<p class=\"western\" lang=\"it-IT\">#correndovinciamo \u00e8 il motto con cui l\u2019ASTi ha deciso di vivere la stagione podistica 2020 che ha ormai raggiunto la boa di met\u00e0 percorso. L\u2019estate ha proposto 5 delle 6 gare in programma E i podisti hanno cos\u00ec potuto sfogare il loro ardore agonistico grazie alla passione ed alla dedizione degli organizzatori che nel pieno rispetto delle norme cantonali e del concetto di protezione sviluppato dall\u2019ASTi hanno saputo soddisfare i fedeli appassionati. Diversi noti protagonisti del panorama cantonale e della vicina penisola hanno assicurato un buon livello tecnico delle gare.<\/p>\n<p class=\"western\" lang=\"it-IT\">L\u2019estate ha visto gli appassionati correre principalmente nell\u2019alto Ticino con una puntata a Chiasso per una riuscita edizione della Penz&#8230;iamo. Sono ancora diverse le manifestazioni in programma del calendario ASTI e sabato si correr\u00e0 ancora in Vallemaggia con la Basodino Skyrace, una splendida opportunit\u00e0 per scoprire una zona pregiata del nostro cantone superando i 1\u2019000 metri di dislivello tra San Carlo e la capanna Basodino. Le iscrizioni tardive saranno ancora possibili sul posto un\u2019ora prima della prima partenza, prevista alle 10.00 con la formula a cronometro ogni 15 secondi.<\/p>\n<p class=\"western\" lang=\"it-IT\">La Coppa ASTi, prima dell\u2019epilogo con la Piotta-Ritom prevista il 24 ottobre, proseguir\u00e0 con le gare del tris capriaschese, tre prove brevi e alla portata di tutti. Domenica 27 si comincia con il Gir dal diavol, giunto alla seconda edizione e che si sviluppa nei boschi di Tesserete su un circuito da ripetere quattro volte per un totale di 6.8 km (1 giro per la prova non competitiva). Domenica 11 ottobre ci sar\u00e0 la Cronoascesa al Bigorio e il 21 ottobre ci sar\u00e0 l\u2019unica prova in pista: con i 5\u2019000 m per gli adulti i 1&#8217;000 metri per i ragazzi U16, ultima prova valida per la coppa giovanile ASTi..<\/p>\n<p class=\"western\" lang=\"it-IT\">Archiviata la difficile primavera, dopo la quale molti hanno scoperto o riscoperto il piacere di correre e di fare movimento all\u2019aria aperta, resta importante tenersi in forma, anche con le valide proposte del calendario ASTi. Calendario aggiornato e regolamenti per l\u2019anno 2020 su www.astiticino.ch<\/p>\n<p class=\"western\" lang=\"it-IT\" align=\"justify\"><span style=\"font-family: Arial, serif;\"><span style=\"font-size: small;\"><i>ASTi\/L.S<\/i><\/span><\/span><\/p>\n<table width=\"886\" cellspacing=\"0\" cellpadding=\"5\"><colgroup><col width=\"51\" \/><col width=\"370\" \/><col width=\"52\" \/><col width=\"370\" \/><\/colgroup>\n<tbody>\n<tr valign=\"top\">\n<td colspan=\"2\" width=\"432\">\n<p class=\"western\" lang=\"it-IT\" align=\"justify\"><span style=\"font-size: small;\">COPPA ASTI PODISMO \/ COPPA GIOVANILE<\/span><\/p>\n<\/td>\n<td colspan=\"2\" width=\"432\">\n<p class=\"western\" lang=\"it-IT\" align=\"justify\"><span style=\"font-size: small;\">COPPA ASTI SALITA MONTAGNA VERTICAL<\/span><\/p>\n<\/td>\n<\/tr>\n<tr valign=\"top\">\n<td width=\"51\">\n<p class=\"western\" lang=\"it-IT\" align=\"justify\">27.9<\/p>\n<\/td>\n<td width=\"370\">\n<p class=\"western\" lang=\"it-IT\" align=\"justify\">Gir dal Diavol Tesserete<\/p>\n<\/td>\n<td width=\"52\">\n<p class=\"western\" lang=\"it-IT\" align=\"justify\">19.9<\/p>\n<\/td>\n<td width=\"370\">\n<p class=\"western\" lang=\"it-IT\" align=\"justify\">Basodino Skyrace<\/p>\n<\/td>\n<\/tr>\n<tr valign=\"top\">\n<td width=\"51\">\u00a0<\/td>\n<td width=\"370\">\u00a0<\/td>\n<td width=\"52\">\n<p class=\"western\" lang=\"it-IT\" align=\"justify\">11.10<\/p>\n<\/td>\n<td width=\"370\">\n<p class=\"western\" lang=\"it-IT\" align=\"justify\">Cronoascesa al Bigorio<\/p>\n<\/td>\n<\/tr>\n<tr valign=\"top\">\n<td width=\"51\">\n<p class=\"western\" lang=\"it-IT\" align=\"justify\">21.10<\/p>\n<\/td>\n<td width=\"370\">\n<p class=\"western\" lang=\"it-IT\" align=\"justify\">5000 m ASTi \/1000 m ASTi<\/p>\n<\/td>\n<td width=\"52\">\n<p class=\"western\" lang=\"it-IT\" align=\"justify\">24.10<\/p>\n<\/td>\n<td width=\"370\">\n<p class=\"western\" lang=\"it-IT\" align=\"justify\">Piotta. Ritom (Stairway to the Heaven)<\/p>\n<\/td>\n<\/tr>\n<\/tbody>\n<\/table>\n","protected":false},"excerpt":{"rendered":"<p>Fine settimana storico per l&#8217;USC sabato ad Interlake Matilda sar\u00e0 al via della finale Swiss Athletics Sprint il pi\u00f9 longevo dei progetti giovanili rossocrociati nato oramai 60 anni orsono . La nostra atleta dopo il 10 posto ai campionati svizzeri e pronta ancora una volta a ben figurare per la seconda volta del millennio un&#8217;atleta USC sar\u00e0 al via della finalissima. Per il podismo entro i nostri confini la Basodino Skyrace sar\u00e0 l&#8217;ultimo appuntamento prima&#8230;<\/p>\n","protected":false},"author":4,"featured_media":10895,"comment_status":"closed","ping_status":"closed","sticky":false,"template":"","format":"standard","meta":{"jetpack_post_was_ever_published":false,"_jetpack_newsletter_access":"","_jetpack_dont_email_post_to_subs":false,"_jetpack_newsletter_tier_id":0,"_jetpack_memberships_contains_paywalled_content":false,"_jetpack_memberships_contains_paid_content":false,"footnotes":"","jetpack_publicize_message":"","jetpack_publicize_feature_enabled":true,"jetpack_social_post_already_shared":false,"jetpack_social_options":{"image_generator_settings":{"template":"highway","default_image_id":0,"font":"","enabled":false},"version":2}},"categories":[16,4,5],"tags":[],"class_list":["post-10955","post","type-post","status-publish","format-standard","has-post-thumbnail","hentry","category-montagna","category-pista","category-podismo"],"jetpack_publicize_connections":[],"jetpack_featured_media_url":"https:\/\/i0.wp.com\/uscatletica.ch\/wp\/wp-content\/uploads\/2020\/09\/P1030551.jpeg?fit=420%2C315&ssl=1","jetpack_sharing_enabled":true,"jetpack_shortlink":"https:\/\/wp.me\/p6V7Ck-2QH","jetpack-related-posts":[{"id":15949,"url":"https:\/\/uscatletica.ch\/wp\/?p=15949","url_meta":{"origin":10955,"position":0},"title":"Chiasso, Locarno, Basodino, dagli assoluti alle Coppe ASTi","author":"Leonida Stampanoni","date":"16 Settembre 2022","format":false,"excerpt":"Fine settimana ricco di appuntamenti per l'USC: le coppe ASTi BancaStato entrano nella fase decisiva \u00e8 mercoled\u00ec faranno tappa all'Arena Sportiva con \"Tutti in pista\". Sabato i podisti saranno in gara a Chiasso mentre domenica gli specialisti di montagna chiuderanno la stagione al Basodino con Elia in lotta per la\u2026","rel":"","context":"In &quot;Montagna&quot;","block_context":{"text":"Montagna","link":"https:\/\/uscatletica.ch\/wp\/?cat=16"},"img":{"alt_text":"","src":"https:\/\/i0.wp.com\/uscatletica.ch\/wp\/wp-content\/uploads\/2022\/09\/Gala.jpg?fit=753%2C257&ssl=1&resize=350%2C200","width":350,"height":200,"srcset":"https:\/\/i0.wp.com\/uscatletica.ch\/wp\/wp-content\/uploads\/2022\/09\/Gala.jpg?fit=753%2C257&ssl=1&resize=350%2C200 1x, https:\/\/i0.wp.com\/uscatletica.ch\/wp\/wp-content\/uploads\/2022\/09\/Gala.jpg?fit=753%2C257&ssl=1&resize=525%2C300 1.5x, https:\/\/i0.wp.com\/uscatletica.ch\/wp\/wp-content\/uploads\/2022\/09\/Gala.jpg?fit=753%2C257&ssl=1&resize=700%2C400 2x"},"classes":[]},{"id":13188,"url":"https:\/\/uscatletica.ch\/wp\/?p=13188","url_meta":{"origin":10955,"position":1},"title":"Fine settimana da Massagno ai campionati svizzeri giovanili","author":"Leonida Stampanoni","date":"2 Settembre 2021","format":false,"excerpt":"Fine settimana intenso per l'USC \u00a0che sar\u00e0 impegnata su pi\u00f9 fronti \u00a0Venerd\u00ec sera alla Stramassagno in palio ci saranno i primi titoli di campione ASTi, mentre nel fine settimana ci saranno i campionati svizzeri giovanili \u00a0tra Winterthur e Nottwil sei atlete ed atleti USC saranno in pista con ambizioni di\u2026","rel":"","context":"In &quot;Non catalogato&quot;","block_context":{"text":"Non catalogato","link":"https:\/\/uscatletica.ch\/wp\/?cat=6"},"img":{"alt_text":"","src":"https:\/\/i0.wp.com\/uscatletica.ch\/wp\/wp-content\/uploads\/2021\/06\/GIADAPODIOCS21.jpg?fit=640%2C480&ssl=1&resize=350%2C200","width":350,"height":200,"srcset":"https:\/\/i0.wp.com\/uscatletica.ch\/wp\/wp-content\/uploads\/2021\/06\/GIADAPODIOCS21.jpg?fit=640%2C480&ssl=1&resize=350%2C200 1x, https:\/\/i0.wp.com\/uscatletica.ch\/wp\/wp-content\/uploads\/2021\/06\/GIADAPODIOCS21.jpg?fit=640%2C480&ssl=1&resize=525%2C300 1.5x"},"classes":[]},{"id":9109,"url":"https:\/\/uscatletica.ch\/wp\/?p=9109","url_meta":{"origin":10955,"position":2},"title":"Bellinzona Isone Basodino Locarno Uster USC a 360 gradi","author":"Leonida Stampanoni","date":"20 Settembre 2019","format":false,"excerpt":"Il primo fine settimana autunnale sar\u00e0 veramente ricco di impegni per gli atleti USC. In pista si chiude il Gran Prix FTAL al comunale di Bellinzona con i palio pure i titoli suo 5000 m e 3000 m prima di ospitare il classico meeting Masters giunto alla 19 edizioni. Locarno\u2026","rel":"","context":"In &quot;Montagna&quot;","block_context":{"text":"Montagna","link":"https:\/\/uscatletica.ch\/wp\/?cat=16"},"img":{"alt_text":"","src":"https:\/\/i0.wp.com\/uscatletica.ch\/wp\/wp-content\/uploads\/2019\/08\/caratschlausc190815.jpg?fit=432%2C324&ssl=1&resize=350%2C200","width":350,"height":200},"classes":[]},{"id":13413,"url":"https:\/\/uscatletica.ch\/wp\/?p=13413","url_meta":{"origin":10955,"position":3},"title":"Basodino: Tommaso ed Elia vincono; bene Selina e Leonida alla Lui e Lei","author":"Leonida Stampanoni","date":"19 Settembre 2021","format":false,"excerpt":"La corsa in montagna del Basodino ha laureato i primi campioni e campionesse ASTI di salita montagna e vertical. L'USC torna a casa con tre titoli: Tommaso vince il titolo assoluto e quello U20, Elia vince il titolo M40 quello, forse maggiormente conteso, e si assicura l'argento assoluto, come gi\u00e0\u2026","rel":"","context":"In &quot;CO&quot;","block_context":{"text":"CO","link":"https:\/\/uscatletica.ch\/wp\/?cat=19"},"img":{"alt_text":"","src":"https:\/\/i0.wp.com\/uscatletica.ch\/wp\/wp-content\/uploads\/2021\/09\/casbasodino.jpg?fit=288%2C312&ssl=1&resize=350%2C200","width":350,"height":200},"classes":[]},{"id":4599,"url":"https:\/\/uscatletica.ch\/wp\/?p=4599","url_meta":{"origin":10955,"position":4},"title":"Fine settimana da Zurich al Basodino","author":"Leonida Stampanoni","date":"23 Giugno 2017","format":false,"excerpt":"Ultimo fine settimana di Giugno \u00a0in programma i campionati della svizzera orientale al Sihlholzli di Zurich con al via 500 atleti \u00a091 ticinesi e 6 USCini Alessia, Benedetta, Giada, Nina e Vera. L'indimenticabile edizione della Cronoascesa era la seconda di cinque gare in 21 giorni in montagna sabato si continua\u2026","rel":"","context":"In &quot;Montagna&quot;","block_context":{"text":"Montagna","link":"https:\/\/uscatletica.ch\/wp\/?cat=16"},"img":{"alt_text":"","src":"https:\/\/i0.wp.com\/uscatletica.ch\/wp\/wp-content\/uploads\/2017\/05\/start5000mastiusc2017.jpg?fit=564%2C266&ssl=1&resize=350%2C200","width":350,"height":200,"srcset":"https:\/\/i0.wp.com\/uscatletica.ch\/wp\/wp-content\/uploads\/2017\/05\/start5000mastiusc2017.jpg?fit=564%2C266&ssl=1&resize=350%2C200 1x, https:\/\/i0.wp.com\/uscatletica.ch\/wp\/wp-content\/uploads\/2017\/05\/start5000mastiusc2017.jpg?fit=564%2C266&ssl=1&resize=525%2C300 1.5x"},"classes":[]},{"id":17117,"url":"https:\/\/uscatletica.ch\/wp\/?p=17117","url_meta":{"origin":10955,"position":5},"title":"Nel fine settimana da Lucerna a Losone passando da Locarno, Riva S. Vitale e La Croce","author":"Leonida Stampanoni","date":"28 Aprile 2023","format":false,"excerpt":"Il lungo fine settimana sar\u00e0 molto intenso per le atlete e gli atleti USC. Sabato alla Luzernerstadtlauf nella corsa \u00e9lite avremo al via sia Federica che Martina grazie al brillante risultato nella Cross Cup di Swiss Athletics. Al Lido di Locarno andranno invece in scena i Campionati ticinesi giovanili di\u2026","rel":"","context":"In &quot;Pista&quot;","block_context":{"text":"Pista","link":"https:\/\/uscatletica.ch\/wp\/?cat=4"},"img":{"alt_text":"","src":"https:\/\/i0.wp.com\/uscatletica.ch\/wp\/wp-content\/uploads\/2023\/04\/230401mendru114f.jpg?fit=432%2C324&ssl=1&resize=350%2C200","width":350,"height":200},"classes":[]}],"_links":{"self":[{"href":"https:\/\/uscatletica.ch\/wp\/index.php?rest_route=\/wp\/v2\/posts\/10955","targetHints":{"allow":["GET"]}}],"collection":[{"href":"https:\/\/uscatletica.ch\/wp\/index.php?rest_route=\/wp\/v2\/posts"}],"about":[{"href":"https:\/\/uscatletica.ch\/wp\/index.php?rest_route=\/wp\/v2\/types\/post"}],"author":[{"embeddable":true,"href":"https:\/\/uscatletica.ch\/wp\/index.php?rest_route=\/wp\/v2\/users\/4"}],"replies":[{"embeddable":true,"href":"https:\/\/uscatletica.ch\/wp\/index.php?rest_route=%2Fwp%2Fv2%2Fcomments&post=10955"}],"version-history":[{"count":2,"href":"https:\/\/uscatletica.ch\/wp\/index.php?rest_route=\/wp\/v2\/posts\/10955\/revisions"}],"predecessor-version":[{"id":10957,"href":"https:\/\/uscatletica.ch\/wp\/index.php?rest_route=\/wp\/v2\/posts\/10955\/revisions\/10957"}],"wp:featuredmedia":[{"embeddable":true,"href":"https:\/\/uscatletica.ch\/wp\/index.php?rest_route=\/wp\/v2\/media\/10895"}],"wp:attachment":[{"href":"https:\/\/uscatletica.ch\/wp\/index.php?rest_route=%2Fwp%2Fv2%2Fmedia&parent=10955"}],"wp:term":[{"taxonomy":"category","embeddable":true,"href":"https:\/\/uscatletica.ch\/wp\/index.php?rest_route=%2Fwp%2Fv2%2Fcategories&post=10955"},{"taxonomy":"post_tag","embeddable":true,"href":"https:\/\/uscatletica.ch\/wp\/index.php?rest_route=%2Fwp%2Fv2%2Ftags&post=10955"}],"curies":[{"name":"wp","href":"https:\/\/api.w.org\/{rel}","templated":true}]}}