{"id":10961,"date":"2020-09-19T17:53:11","date_gmt":"2020-09-19T15:53:11","guid":{"rendered":"http:\/\/uscatletica.ch\/wp\/?p=10961"},"modified":"2020-09-22T07:11:58","modified_gmt":"2020-09-22T05:11:58","slug":"matilda-rosa-quarta-alla-finale-nazionale","status":"publish","type":"post","link":"https:\/\/uscatletica.ch\/wp\/?p=10961","title":{"rendered":"Matilda Rosa quarta alla finale nazionale!"},"content":{"rendered":"\n<div class=\"col-2\">\n<div>La lunga giornata alla finale svizzera di Swiss Athletics nel centro di Interlaken \u00a0ha visto l&#8217;ottimo quarto rango di Matilda Rosa tra le W15. Il secondo miglior piazzamento \u00a0tra gli atleti ticinesi. Giona Losa ha vinto per il secondo anno consecutivo tra i nati nel 2007, sesto posto finale per Ivana Pirolli e Joao Sepulveda Moreira\u00a0<\/div>\n<\/div>\n<div>\u00a0<\/div>\n<div><a href=\"https:\/\/www.swiss-athletics.ch\/de\/blog\/2020\/09\/19\/nachwuchs-sprinttalente-begeistern-in-interlaken\/\">La news sul sito Swiss Athletics<\/a><\/div>\n<h3><a href=\"https:\/\/slv.laportal.net\/Competitions\/CurrentList\/224895\/3918\" target=\"_blank\" rel=\"noopener noreferrer\">risultati\u00a0<\/a><a href=\"https:\/\/www.swiss-athletics-sprint.ch\/wp-content\/uploads\/sites\/5\/2020\/09\/2020-Rangliste-Swiss-Athletics-Sprint-CH-Final-Interlaken.pdf\" target=\"_blank\" rel=\"noopener noreferrer\">\u00a0le classifiche<\/a><\/h3>\n<p>All&#8217;ultimo anno Matilda coglie l&#8217;attimo e pu\u00f2 godersi la finale nazionale di Swiss Athletics Sprint, il tempo uggioso ci accoglie nella splendida cornice di Interlaken. Prima della partenza Matilda trova Lisa ticinese d&#8217;Argovia.\u00a0<\/p>\n<p>Nella seconda batteria delle eliminatorie Matilda chiude terza in 10&#8243;47 prenotando la semifinale, ma la nostra non \u00e8 pienamente soddisfatta della sua corsa. Al secondo turno si scalda con \u00a0Lisa \u00a0e nella prima serie vola verso la vittoria in 10&#8243;24 e in carrozza di trova in finale il morale \u00e8 alto \u00a0per l&#8217;ultima gara.\u00a0<\/p>\n<p>Nella finalissima vola Lia Thalmann in 9&#8243;80 \u00a0Matilda \u00e8 nel trio che si gioca il podio al fotofinish per la nostra atleta uno storico quarto posto che le lascia una gran voglia di rivincita ma vale oro ed sei giri di Ruota Panoramica in compagnia dell&#8217;altra finalista ticinese Ivana Pirolli .\u00a0<\/p>\n<p>Vincitori e ticinesi\u00a0<\/p>\n<p class=\"western\">80 m Swiss Athletics Sprint Vincitori e ticinesi della finale Nazionale di <span style=\"color: #000000;\"><span style=\"font-family: Calibri, serif;\"><span style=\"font-size: small;\"><span lang=\"it-CH\">Interlaken<\/span><\/span><\/span><\/span><\/p>\n<p class=\"western\">2005 1.Lia Thalmann KTVW 10.03 1.Dominic Larbi LARB 9.18<\/p>\n<p class=\"western\"><span style=\"color: #000000;\"><span style=\"font-family: Calibri, serif;\"><span style=\"font-size: small;\"><span lang=\"it-CH\">4<\/span><\/span><\/span><\/span>.<span style=\"color: #000000;\"><span style=\"font-family: Calibri, serif;\"><span style=\"font-size: small;\"><span lang=\"it-CH\">Matilda Rosa<\/span><\/span><\/span><\/span> <span style=\"color: #000000;\"><span style=\"font-family: Calibri, serif;\"><span style=\"font-size: small;\"><span lang=\"it-CH\">USC<\/span><\/span><\/span><\/span> 10.23(10.24&lt;10.47) 6.Joao Sepulveda ASSPO 9.<span style=\"color: #000000;\"><span style=\"font-family: Calibri, serif;\"><span style=\"font-size: small;\"><span lang=\"it-CH\">48<\/span><\/span><\/span><\/span>(9.<span style=\"color: #000000;\"><span style=\"font-family: Calibri, serif;\"><span style=\"font-size: small;\"><span lang=\"it-CH\">40<\/span><\/span><\/span><\/span>&lt;<span style=\"color: #000000;\"><span style=\"font-family: Calibri, serif;\"><span style=\"font-size: small;\"><span lang=\"it-CH\">9.52<\/span><\/span><\/span><\/span><\/p>\n<p class=\"western\">7.Giona Pasteris SAB 9.46(&lt;9.<span style=\"color: #000000;\"><span style=\"font-family: Calibri, serif;\"><span style=\"font-size: small;\"><span lang=\"it-CH\">36<\/span><\/span><\/span><\/span>)<\/p>\n<p class=\"western\">\u00a0<\/p>\n<p class=\"western\">2006 1.Elisabetta Soldo 8.01 1.Fionn Bolliger TVZ 7.64<\/p>\n<p class=\"western\">6.Ivana Pirolli USA 10.51(&lt;10.41&lt;<span style=\"color: #000000;\"><span style=\"font-family: Calibri, serif;\"><span style=\"font-size: small;\"><span lang=\"it-CH\">10.58<\/span><\/span><\/span><\/span>)<\/p>\n<p class=\"western\"><br \/><br \/><\/p>\n<p class=\"western\">60 m Swiss Athletics Sprint Vincitori e ticinesi della finale nazionale di <span style=\"color: #000000;\"><span style=\"font-family: Calibri, serif;\"><span style=\"font-size: small;\"><span lang=\"it-CH\">Interlaken<\/span><\/span><\/span><\/span><\/p>\n<p class=\"western\"><br \/><br \/><\/p>\n<p class=\"western\">\u00a0<\/p>\n<p class=\"western\">2007 1. Jill Sanchez 7.90 8.21 1.Giona Losa ASSPO <span style=\"color: #000000;\"><span style=\"font-family: Calibri, serif;\"><span style=\"font-size: small;\"><span lang=\"it-CH\">7.55<\/span><\/span><\/span><\/span>(&lt;7.67&lt;7.77)<\/p>\n<p class=\"western\">22. <span style=\"color: #000000;\"><span style=\"font-family: Calibri, serif;\"><span style=\"font-size: small;\"><span lang=\"it-CH\">Emma Rosa<\/span><\/span><\/span><\/span> SAM 8.<span style=\"color: #000000;\"><span style=\"font-family: Calibri, serif;\"><span style=\"font-size: small;\"><span lang=\"it-CH\">54<\/span><\/span><\/span><\/span> 15.Martin Malinverno SAB 8.27(&lt;8.16)<\/p>\n<p class=\"western\">2008 1. Xenia Buri LCK 8.<span style=\"color: #000000;\"><span style=\"font-family: Calibri, serif;\"><span style=\"font-size: small;\"><span lang=\"it-CH\">15<\/span><\/span><\/span><\/span> 1.<span style=\"color: #000000;\"><span style=\"font-family: Calibri, serif;\"><span style=\"font-size: small;\"><span lang=\"it-CH\">Florian Steffen<\/span><\/span><\/span><\/span> SAROT 7.93<\/p>\n<p class=\"western\">23.<span style=\"color: #000000;\"><span style=\"font-family: Calibri, serif;\"><span style=\"font-size: small;\"><span lang=\"it-CH\">Aicha Pirotta<\/span><\/span><\/span><\/span> <span style=\"color: #000000;\"><span style=\"font-family: Calibri, serif;\"><span style=\"font-size: small;\"><span lang=\"it-CH\">USA<\/span><\/span><\/span><\/span> 9.07 <span style=\"color: #000000;\"><span style=\"font-family: Calibri, serif;\"><span style=\"font-size: small;\"><span lang=\"it-CH\">12<\/span><\/span><\/span><\/span>.<span style=\"color: #000000;\"><span style=\"font-family: Calibri, serif;\"><span style=\"font-size: small;\"><span lang=\"it-CH\">Ilian Pirotta<\/span><\/span><\/span><\/span> <span style=\"color: #000000;\"><span style=\"font-family: Calibri, serif;\"><span style=\"font-size: small;\"><span lang=\"it-CH\">USA<\/span><\/span><\/span><\/span> 8.54(&lt;8.51)<\/p>\n<p class=\"western\">2009 1.<span style=\"color: #000000;\"><span style=\"font-family: Calibri, serif;\"><span style=\"font-size: small;\"><span lang=\"it-CH\"> Leonora Eka Essola<\/span><\/span><\/span><\/span> DELA 8.31 1.Elias Muzek LGB 8.29<\/p>\n<p class=\"western\">13.<span style=\"color: #000000;\"><span style=\"font-family: Calibri, serif;\"><span style=\"font-size: small;\"><span lang=\"it-CH\">Mattia Genini <\/span><\/span><\/span><\/span>SAM 8.92(&lt;8.84)<\/p>\n<p class=\"western\">2010 1. Lina Joelle Rindle LCR 8.79 1. Zrakic Noah <span style=\"color: #000000;\"><span style=\"font-family: Calibri, serif;\"><span style=\"font-size: small;\"><span lang=\"it-CH\">LAM<\/span><\/span><\/span><\/span> 8.<span style=\"color: #000000;\"><span style=\"font-family: Calibri, serif;\"><span style=\"font-size: small;\"><span lang=\"it-CH\">40<\/span><\/span><\/span><\/span><\/p>\n<p class=\"western\">24. <span style=\"color: #000000;\"><span style=\"font-family: Calibri, serif;\"><span style=\"font-size: small;\"><span lang=\"it-CH\">Gaia Rudelli<\/span><\/span><\/span><\/span> ASM 9.69 9.<span style=\"color: #000000;\"><span style=\"font-family: Calibri, serif;\"><span style=\"font-size: small;\"><span lang=\"it-CH\">Novak Stosic<\/span><\/span><\/span><\/span> SAM 9.50<\/p>\n<p><blockquote class=\"wp-embedded-content\" data-secret=\"FQRknwrEjd\"><a href=\"https:\/\/ftal.ch\/giona-losa-e-di-nuovo-il-piu-veloce-della-svizzera\/\">Giona Losa \u00e8 di nuovo il pi\u00f9 veloce della Svizzera<\/a><\/blockquote><iframe loading=\"lazy\" class=\"wp-embedded-content\" sandbox=\"allow-scripts\" security=\"restricted\" style=\"position: absolute; clip: rect(1px, 1px, 1px, 1px);\" title=\"&#8220;Giona Losa \u00e8 di nuovo il pi\u00f9 veloce della Svizzera&#8221; &#8212; FTAL\" src=\"https:\/\/ftal.ch\/giona-losa-e-di-nuovo-il-piu-veloce-della-svizzera\/embed\/#?secret=ZQvz2JqM2b#?secret=FQRknwrEjd\" data-secret=\"FQRknwrEjd\" width=\"600\" height=\"338\" frameborder=\"0\" marginwidth=\"0\" marginheight=\"0\" scrolling=\"no\"><\/iframe><\/p>\n<div class=\"col-2\">\n<div>\n<div data-carousel-extra='{&quot;blog_id&quot;:1,&quot;permalink&quot;:&quot;https:\/\/uscatletica.ch\/wp\/?p=10961&quot;}' id='gallery-1' class='gallery galleryid-10961 gallery-columns-2 gallery-size-full'><figure class='gallery-item'>\n\t\t\t<div class='gallery-icon landscape'>\n\t\t\t\t<a href='https:\/\/uscatletica.ch\/wp\/?attachment_id=10969'><img loading=\"lazy\" decoding=\"async\" width=\"420\" height=\"315\" src=\"https:\/\/i0.wp.com\/uscatletica.ch\/wp\/wp-content\/uploads\/2020\/09\/P1040494.jpeg?fit=420%2C315&amp;ssl=1\" class=\"attachment-full size-full\" alt=\"\" aria-describedby=\"gallery-1-10969\" srcset=\"https:\/\/i0.wp.com\/uscatletica.ch\/wp\/wp-content\/uploads\/2020\/09\/P1040494.jpeg?w=420&amp;ssl=1 420w, https:\/\/i0.wp.com\/uscatletica.ch\/wp\/wp-content\/uploads\/2020\/09\/P1040494.jpeg?resize=300%2C225&amp;ssl=1 300w\" sizes=\"auto, (max-width: 420px) 100vw, 420px\" data-attachment-id=\"10969\" data-permalink=\"https:\/\/uscatletica.ch\/wp\/?attachment_id=10969\" data-orig-file=\"https:\/\/i0.wp.com\/uscatletica.ch\/wp\/wp-content\/uploads\/2020\/09\/P1040494.jpeg?fit=420%2C315&amp;ssl=1\" data-orig-size=\"420,315\" data-comments-opened=\"0\" data-image-meta=\"{&quot;aperture&quot;:&quot;3.5&quot;,&quot;credit&quot;:&quot;&quot;,&quot;camera&quot;:&quot;DC-TZ91&quot;,&quot;caption&quot;:&quot;&quot;,&quot;created_timestamp&quot;:&quot;1600537924&quot;,&quot;copyright&quot;:&quot;&quot;,&quot;focal_length&quot;:&quot;5&quot;,&quot;iso&quot;:&quot;1600&quot;,&quot;shutter_speed&quot;:&quot;0.066666666666667&quot;,&quot;title&quot;:&quot;&quot;,&quot;orientation&quot;:&quot;0&quot;}\" data-image-title=\"P1040494\" data-image-description=\"\" data-image-caption=\"&lt;p&gt;In vetta al Susten &lt;\/p&gt;\n\" data-large-file=\"https:\/\/i0.wp.com\/uscatletica.ch\/wp\/wp-content\/uploads\/2020\/09\/P1040494.jpeg?fit=420%2C315&amp;ssl=1\" \/><\/a>\n\t\t\t<\/div>\n\t\t\t\t<figcaption class='wp-caption-text gallery-caption' id='gallery-1-10969'>\n\t\t\t\tIn vetta al Susten \n\t\t\t\t<\/figcaption><\/figure><figure class='gallery-item'>\n\t\t\t<div class='gallery-icon landscape'>\n\t\t\t\t<a href='https:\/\/uscatletica.ch\/wp\/?attachment_id=10979'><img loading=\"lazy\" decoding=\"async\" width=\"420\" height=\"315\" src=\"https:\/\/i0.wp.com\/uscatletica.ch\/wp\/wp-content\/uploads\/2020\/09\/P1040036.jpeg?fit=420%2C315&amp;ssl=1\" class=\"attachment-full size-full\" alt=\"\" srcset=\"https:\/\/i0.wp.com\/uscatletica.ch\/wp\/wp-content\/uploads\/2020\/09\/P1040036.jpeg?w=420&amp;ssl=1 420w, https:\/\/i0.wp.com\/uscatletica.ch\/wp\/wp-content\/uploads\/2020\/09\/P1040036.jpeg?resize=300%2C225&amp;ssl=1 300w\" sizes=\"auto, (max-width: 420px) 100vw, 420px\" data-attachment-id=\"10979\" data-permalink=\"https:\/\/uscatletica.ch\/wp\/?attachment_id=10979\" data-orig-file=\"https:\/\/i0.wp.com\/uscatletica.ch\/wp\/wp-content\/uploads\/2020\/09\/P1040036.jpeg?fit=420%2C315&amp;ssl=1\" data-orig-size=\"420,315\" data-comments-opened=\"0\" data-image-meta=\"{&quot;aperture&quot;:&quot;6&quot;,&quot;credit&quot;:&quot;&quot;,&quot;camera&quot;:&quot;DC-TZ91&quot;,&quot;caption&quot;:&quot;&quot;,&quot;created_timestamp&quot;:&quot;1600520576&quot;,&quot;copyright&quot;:&quot;&quot;,&quot;focal_length&quot;:&quot;83.4&quot;,&quot;iso&quot;:&quot;250&quot;,&quot;shutter_speed&quot;:&quot;0.004&quot;,&quot;title&quot;:&quot;&quot;,&quot;orientation&quot;:&quot;0&quot;}\" data-image-title=\"P1040036\" data-image-description=\"\" data-image-caption=\"\" data-large-file=\"https:\/\/i0.wp.com\/uscatletica.ch\/wp\/wp-content\/uploads\/2020\/09\/P1040036.jpeg?fit=420%2C315&amp;ssl=1\" \/><\/a>\n\t\t\t<\/div><\/figure><figure class='gallery-item'>\n\t\t\t<div class='gallery-icon portrait'>\n\t\t\t\t<a href='https:\/\/uscatletica.ch\/wp\/?attachment_id=10978'><img loading=\"lazy\" decoding=\"async\" width=\"315\" height=\"420\" src=\"https:\/\/i0.wp.com\/uscatletica.ch\/wp\/wp-content\/uploads\/2020\/09\/P1040047.jpeg?fit=315%2C420&amp;ssl=1\" class=\"attachment-full size-full\" alt=\"\" srcset=\"https:\/\/i0.wp.com\/uscatletica.ch\/wp\/wp-content\/uploads\/2020\/09\/P1040047.jpeg?w=315&amp;ssl=1 315w, https:\/\/i0.wp.com\/uscatletica.ch\/wp\/wp-content\/uploads\/2020\/09\/P1040047.jpeg?resize=225%2C300&amp;ssl=1 225w\" sizes=\"auto, (max-width: 315px) 100vw, 315px\" data-attachment-id=\"10978\" data-permalink=\"https:\/\/uscatletica.ch\/wp\/?attachment_id=10978\" data-orig-file=\"https:\/\/i0.wp.com\/uscatletica.ch\/wp\/wp-content\/uploads\/2020\/09\/P1040047.jpeg?fit=315%2C420&amp;ssl=1\" data-orig-size=\"315,420\" data-comments-opened=\"0\" data-image-meta=\"{&quot;aperture&quot;:&quot;6&quot;,&quot;credit&quot;:&quot;&quot;,&quot;camera&quot;:&quot;DC-TZ91&quot;,&quot;caption&quot;:&quot;&quot;,&quot;created_timestamp&quot;:&quot;1600520614&quot;,&quot;copyright&quot;:&quot;&quot;,&quot;focal_length&quot;:&quot;62.1&quot;,&quot;iso&quot;:&quot;250&quot;,&quot;shutter_speed&quot;:&quot;0.004&quot;,&quot;title&quot;:&quot;&quot;,&quot;orientation&quot;:&quot;0&quot;}\" data-image-title=\"P1040047\" data-image-description=\"\" data-image-caption=\"\" data-large-file=\"https:\/\/i0.wp.com\/uscatletica.ch\/wp\/wp-content\/uploads\/2020\/09\/P1040047.jpeg?fit=315%2C420&amp;ssl=1\" \/><\/a>\n\t\t\t<\/div><\/figure><figure class='gallery-item'>\n\t\t\t<div class='gallery-icon portrait'>\n\t\t\t\t<a href='https:\/\/uscatletica.ch\/wp\/?attachment_id=10977'><img loading=\"lazy\" decoding=\"async\" width=\"315\" height=\"420\" src=\"https:\/\/i0.wp.com\/uscatletica.ch\/wp\/wp-content\/uploads\/2020\/09\/P1040057.jpeg?fit=315%2C420&amp;ssl=1\" class=\"attachment-full size-full\" alt=\"\" srcset=\"https:\/\/i0.wp.com\/uscatletica.ch\/wp\/wp-content\/uploads\/2020\/09\/P1040057.jpeg?w=315&amp;ssl=1 315w, https:\/\/i0.wp.com\/uscatletica.ch\/wp\/wp-content\/uploads\/2020\/09\/P1040057.jpeg?resize=225%2C300&amp;ssl=1 225w\" sizes=\"auto, (max-width: 315px) 100vw, 315px\" data-attachment-id=\"10977\" data-permalink=\"https:\/\/uscatletica.ch\/wp\/?attachment_id=10977\" data-orig-file=\"https:\/\/i0.wp.com\/uscatletica.ch\/wp\/wp-content\/uploads\/2020\/09\/P1040057.jpeg?fit=315%2C420&amp;ssl=1\" data-orig-size=\"315,420\" data-comments-opened=\"0\" data-image-meta=\"{&quot;aperture&quot;:&quot;6&quot;,&quot;credit&quot;:&quot;&quot;,&quot;camera&quot;:&quot;DC-TZ91&quot;,&quot;caption&quot;:&quot;&quot;,&quot;created_timestamp&quot;:&quot;1600520662&quot;,&quot;copyright&quot;:&quot;&quot;,&quot;focal_length&quot;:&quot;83.4&quot;,&quot;iso&quot;:&quot;400&quot;,&quot;shutter_speed&quot;:&quot;0.004&quot;,&quot;title&quot;:&quot;&quot;,&quot;orientation&quot;:&quot;0&quot;}\" data-image-title=\"P1040057\" data-image-description=\"\" data-image-caption=\"\" data-large-file=\"https:\/\/i0.wp.com\/uscatletica.ch\/wp\/wp-content\/uploads\/2020\/09\/P1040057.jpeg?fit=315%2C420&amp;ssl=1\" \/><\/a>\n\t\t\t<\/div><\/figure><figure class='gallery-item'>\n\t\t\t<div class='gallery-icon portrait'>\n\t\t\t\t<a href='https:\/\/uscatletica.ch\/wp\/?attachment_id=10976'><img loading=\"lazy\" decoding=\"async\" width=\"315\" height=\"420\" src=\"https:\/\/i0.wp.com\/uscatletica.ch\/wp\/wp-content\/uploads\/2020\/09\/P1040063.jpeg?fit=315%2C420&amp;ssl=1\" class=\"attachment-full size-full\" alt=\"\" srcset=\"https:\/\/i0.wp.com\/uscatletica.ch\/wp\/wp-content\/uploads\/2020\/09\/P1040063.jpeg?w=315&amp;ssl=1 315w, https:\/\/i0.wp.com\/uscatletica.ch\/wp\/wp-content\/uploads\/2020\/09\/P1040063.jpeg?resize=225%2C300&amp;ssl=1 225w\" sizes=\"auto, (max-width: 315px) 100vw, 315px\" data-attachment-id=\"10976\" data-permalink=\"https:\/\/uscatletica.ch\/wp\/?attachment_id=10976\" data-orig-file=\"https:\/\/i0.wp.com\/uscatletica.ch\/wp\/wp-content\/uploads\/2020\/09\/P1040063.jpeg?fit=315%2C420&amp;ssl=1\" data-orig-size=\"315,420\" data-comments-opened=\"0\" data-image-meta=\"{&quot;aperture&quot;:&quot;5.9&quot;,&quot;credit&quot;:&quot;&quot;,&quot;camera&quot;:&quot;DC-TZ91&quot;,&quot;caption&quot;:&quot;&quot;,&quot;created_timestamp&quot;:&quot;1600520669&quot;,&quot;copyright&quot;:&quot;&quot;,&quot;focal_length&quot;:&quot;57.7&quot;,&quot;iso&quot;:&quot;250&quot;,&quot;shutter_speed&quot;:&quot;0.004&quot;,&quot;title&quot;:&quot;&quot;,&quot;orientation&quot;:&quot;0&quot;}\" data-image-title=\"P1040063\" data-image-description=\"\" data-image-caption=\"\" data-large-file=\"https:\/\/i0.wp.com\/uscatletica.ch\/wp\/wp-content\/uploads\/2020\/09\/P1040063.jpeg?fit=315%2C420&amp;ssl=1\" \/><\/a>\n\t\t\t<\/div><\/figure><figure class='gallery-item'>\n\t\t\t<div class='gallery-icon portrait'>\n\t\t\t\t<a href='https:\/\/uscatletica.ch\/wp\/?attachment_id=10975'><img loading=\"lazy\" decoding=\"async\" width=\"315\" height=\"420\" src=\"https:\/\/i0.wp.com\/uscatletica.ch\/wp\/wp-content\/uploads\/2020\/09\/P1040266.jpeg?fit=315%2C420&amp;ssl=1\" class=\"attachment-full size-full\" alt=\"\" srcset=\"https:\/\/i0.wp.com\/uscatletica.ch\/wp\/wp-content\/uploads\/2020\/09\/P1040266.jpeg?w=315&amp;ssl=1 315w, https:\/\/i0.wp.com\/uscatletica.ch\/wp\/wp-content\/uploads\/2020\/09\/P1040266.jpeg?resize=225%2C300&amp;ssl=1 225w\" sizes=\"auto, (max-width: 315px) 100vw, 315px\" data-attachment-id=\"10975\" data-permalink=\"https:\/\/uscatletica.ch\/wp\/?attachment_id=10975\" data-orig-file=\"https:\/\/i0.wp.com\/uscatletica.ch\/wp\/wp-content\/uploads\/2020\/09\/P1040266.jpeg?fit=315%2C420&amp;ssl=1\" data-orig-size=\"315,420\" data-comments-opened=\"0\" data-image-meta=\"{&quot;aperture&quot;:&quot;5.6&quot;,&quot;credit&quot;:&quot;&quot;,&quot;camera&quot;:&quot;DC-TZ91&quot;,&quot;caption&quot;:&quot;&quot;,&quot;created_timestamp&quot;:&quot;1600524908&quot;,&quot;copyright&quot;:&quot;&quot;,&quot;focal_length&quot;:&quot;41.4&quot;,&quot;iso&quot;:&quot;80&quot;,&quot;shutter_speed&quot;:&quot;0.004&quot;,&quot;title&quot;:&quot;&quot;,&quot;orientation&quot;:&quot;0&quot;}\" data-image-title=\"P1040266\" data-image-description=\"\" data-image-caption=\"\" data-large-file=\"https:\/\/i0.wp.com\/uscatletica.ch\/wp\/wp-content\/uploads\/2020\/09\/P1040266.jpeg?fit=315%2C420&amp;ssl=1\" \/><\/a>\n\t\t\t<\/div><\/figure><figure class='gallery-item'>\n\t\t\t<div class='gallery-icon portrait'>\n\t\t\t\t<a href='https:\/\/uscatletica.ch\/wp\/?attachment_id=10974'><img loading=\"lazy\" decoding=\"async\" width=\"315\" height=\"420\" src=\"https:\/\/i0.wp.com\/uscatletica.ch\/wp\/wp-content\/uploads\/2020\/09\/P1040432.jpeg?fit=315%2C420&amp;ssl=1\" class=\"attachment-full size-full\" alt=\"\" srcset=\"https:\/\/i0.wp.com\/uscatletica.ch\/wp\/wp-content\/uploads\/2020\/09\/P1040432.jpeg?w=315&amp;ssl=1 315w, https:\/\/i0.wp.com\/uscatletica.ch\/wp\/wp-content\/uploads\/2020\/09\/P1040432.jpeg?resize=225%2C300&amp;ssl=1 225w\" sizes=\"auto, (max-width: 315px) 100vw, 315px\" data-attachment-id=\"10974\" data-permalink=\"https:\/\/uscatletica.ch\/wp\/?attachment_id=10974\" data-orig-file=\"https:\/\/i0.wp.com\/uscatletica.ch\/wp\/wp-content\/uploads\/2020\/09\/P1040432.jpeg?fit=315%2C420&amp;ssl=1\" data-orig-size=\"315,420\" data-comments-opened=\"0\" data-image-meta=\"{&quot;aperture&quot;:&quot;6&quot;,&quot;credit&quot;:&quot;&quot;,&quot;camera&quot;:&quot;DC-TZ91&quot;,&quot;caption&quot;:&quot;&quot;,&quot;created_timestamp&quot;:&quot;1600529102&quot;,&quot;copyright&quot;:&quot;&quot;,&quot;focal_length&quot;:&quot;62.1&quot;,&quot;iso&quot;:&quot;250&quot;,&quot;shutter_speed&quot;:&quot;0.004&quot;,&quot;title&quot;:&quot;&quot;,&quot;orientation&quot;:&quot;0&quot;}\" data-image-title=\"P1040432\" data-image-description=\"\" data-image-caption=\"\" data-large-file=\"https:\/\/i0.wp.com\/uscatletica.ch\/wp\/wp-content\/uploads\/2020\/09\/P1040432.jpeg?fit=315%2C420&amp;ssl=1\" \/><\/a>\n\t\t\t<\/div><\/figure><figure class='gallery-item'>\n\t\t\t<div class='gallery-icon portrait'>\n\t\t\t\t<a href='https:\/\/uscatletica.ch\/wp\/?attachment_id=10973'><img loading=\"lazy\" decoding=\"async\" width=\"315\" height=\"420\" src=\"https:\/\/i0.wp.com\/uscatletica.ch\/wp\/wp-content\/uploads\/2020\/09\/P1040451.jpeg?fit=315%2C420&amp;ssl=1\" class=\"attachment-full size-full\" alt=\"\" srcset=\"https:\/\/i0.wp.com\/uscatletica.ch\/wp\/wp-content\/uploads\/2020\/09\/P1040451.jpeg?w=315&amp;ssl=1 315w, https:\/\/i0.wp.com\/uscatletica.ch\/wp\/wp-content\/uploads\/2020\/09\/P1040451.jpeg?resize=225%2C300&amp;ssl=1 225w\" sizes=\"auto, (max-width: 315px) 100vw, 315px\" data-attachment-id=\"10973\" data-permalink=\"https:\/\/uscatletica.ch\/wp\/?attachment_id=10973\" data-orig-file=\"https:\/\/i0.wp.com\/uscatletica.ch\/wp\/wp-content\/uploads\/2020\/09\/P1040451.jpeg?fit=315%2C420&amp;ssl=1\" data-orig-size=\"315,420\" data-comments-opened=\"0\" data-image-meta=\"{&quot;aperture&quot;:&quot;5.6&quot;,&quot;credit&quot;:&quot;&quot;,&quot;camera&quot;:&quot;DC-TZ91&quot;,&quot;caption&quot;:&quot;&quot;,&quot;created_timestamp&quot;:&quot;1600529220&quot;,&quot;copyright&quot;:&quot;&quot;,&quot;focal_length&quot;:&quot;38.4&quot;,&quot;iso&quot;:&quot;160&quot;,&quot;shutter_speed&quot;:&quot;0.004&quot;,&quot;title&quot;:&quot;&quot;,&quot;orientation&quot;:&quot;0&quot;}\" data-image-title=\"P1040451\" data-image-description=\"\" data-image-caption=\"\" data-large-file=\"https:\/\/i0.wp.com\/uscatletica.ch\/wp\/wp-content\/uploads\/2020\/09\/P1040451.jpeg?fit=315%2C420&amp;ssl=1\" \/><\/a>\n\t\t\t<\/div><\/figure><figure class='gallery-item'>\n\t\t\t<div class='gallery-icon portrait'>\n\t\t\t\t<a href='https:\/\/uscatletica.ch\/wp\/?attachment_id=10972'><img loading=\"lazy\" decoding=\"async\" width=\"315\" height=\"420\" src=\"https:\/\/i0.wp.com\/uscatletica.ch\/wp\/wp-content\/uploads\/2020\/09\/P1040481.jpeg?fit=315%2C420&amp;ssl=1\" class=\"attachment-full size-full\" alt=\"\" srcset=\"https:\/\/i0.wp.com\/uscatletica.ch\/wp\/wp-content\/uploads\/2020\/09\/P1040481.jpeg?w=315&amp;ssl=1 315w, https:\/\/i0.wp.com\/uscatletica.ch\/wp\/wp-content\/uploads\/2020\/09\/P1040481.jpeg?resize=225%2C300&amp;ssl=1 225w\" sizes=\"auto, (max-width: 315px) 100vw, 315px\" data-attachment-id=\"10972\" data-permalink=\"https:\/\/uscatletica.ch\/wp\/?attachment_id=10972\" data-orig-file=\"https:\/\/i0.wp.com\/uscatletica.ch\/wp\/wp-content\/uploads\/2020\/09\/P1040481.jpeg?fit=315%2C420&amp;ssl=1\" data-orig-size=\"315,420\" data-comments-opened=\"0\" data-image-meta=\"{&quot;aperture&quot;:&quot;5.5&quot;,&quot;credit&quot;:&quot;&quot;,&quot;camera&quot;:&quot;DC-TZ91&quot;,&quot;caption&quot;:&quot;&quot;,&quot;created_timestamp&quot;:&quot;1600530266&quot;,&quot;copyright&quot;:&quot;&quot;,&quot;focal_length&quot;:&quot;28.7&quot;,&quot;iso&quot;:&quot;640&quot;,&quot;shutter_speed&quot;:&quot;0.004&quot;,&quot;title&quot;:&quot;&quot;,&quot;orientation&quot;:&quot;0&quot;}\" data-image-title=\"P1040481\" data-image-description=\"\" data-image-caption=\"\" data-large-file=\"https:\/\/i0.wp.com\/uscatletica.ch\/wp\/wp-content\/uploads\/2020\/09\/P1040481.jpeg?fit=315%2C420&amp;ssl=1\" \/><\/a>\n\t\t\t<\/div><\/figure><figure class='gallery-item'>\n\t\t\t<div class='gallery-icon landscape'>\n\t\t\t\t<a href='https:\/\/uscatletica.ch\/wp\/?attachment_id=10971'><img loading=\"lazy\" decoding=\"async\" width=\"420\" height=\"315\" src=\"https:\/\/i0.wp.com\/uscatletica.ch\/wp\/wp-content\/uploads\/2020\/09\/P1040485.jpeg?fit=420%2C315&amp;ssl=1\" class=\"attachment-full size-full\" alt=\"\" aria-describedby=\"gallery-1-10971\" srcset=\"https:\/\/i0.wp.com\/uscatletica.ch\/wp\/wp-content\/uploads\/2020\/09\/P1040485.jpeg?w=420&amp;ssl=1 420w, https:\/\/i0.wp.com\/uscatletica.ch\/wp\/wp-content\/uploads\/2020\/09\/P1040485.jpeg?resize=300%2C225&amp;ssl=1 300w\" sizes=\"auto, (max-width: 420px) 100vw, 420px\" data-attachment-id=\"10971\" data-permalink=\"https:\/\/uscatletica.ch\/wp\/?attachment_id=10971\" data-orig-file=\"https:\/\/i0.wp.com\/uscatletica.ch\/wp\/wp-content\/uploads\/2020\/09\/P1040485.jpeg?fit=420%2C315&amp;ssl=1\" data-orig-size=\"420,315\" data-comments-opened=\"0\" data-image-meta=\"{&quot;aperture&quot;:&quot;4.4&quot;,&quot;credit&quot;:&quot;&quot;,&quot;camera&quot;:&quot;DC-TZ91&quot;,&quot;caption&quot;:&quot;&quot;,&quot;created_timestamp&quot;:&quot;1600530364&quot;,&quot;copyright&quot;:&quot;&quot;,&quot;focal_length&quot;:&quot;11.7&quot;,&quot;iso&quot;:&quot;250&quot;,&quot;shutter_speed&quot;:&quot;0.004&quot;,&quot;title&quot;:&quot;&quot;,&quot;orientation&quot;:&quot;0&quot;}\" data-image-title=\"P1040485\" data-image-description=\"\" data-image-caption=\"&lt;p&gt;Matilda sul podio con la nuova valigia della nazionale &lt;\/p&gt;\n\" data-large-file=\"https:\/\/i0.wp.com\/uscatletica.ch\/wp\/wp-content\/uploads\/2020\/09\/P1040485.jpeg?fit=420%2C315&amp;ssl=1\" \/><\/a>\n\t\t\t<\/div>\n\t\t\t\t<figcaption class='wp-caption-text gallery-caption' id='gallery-1-10971'>\n\t\t\t\tMatilda sul podio con la nuova valigia della nazionale \n\t\t\t\t<\/figcaption><\/figure><figure class='gallery-item'>\n\t\t\t<div class='gallery-icon landscape'>\n\t\t\t\t<a href='https:\/\/uscatletica.ch\/wp\/?attachment_id=10970'><img loading=\"lazy\" decoding=\"async\" width=\"420\" height=\"315\" src=\"https:\/\/i0.wp.com\/uscatletica.ch\/wp\/wp-content\/uploads\/2020\/09\/P1040491.jpeg?fit=420%2C315&amp;ssl=1\" class=\"attachment-full size-full\" alt=\"\" aria-describedby=\"gallery-1-10970\" srcset=\"https:\/\/i0.wp.com\/uscatletica.ch\/wp\/wp-content\/uploads\/2020\/09\/P1040491.jpeg?w=420&amp;ssl=1 420w, https:\/\/i0.wp.com\/uscatletica.ch\/wp\/wp-content\/uploads\/2020\/09\/P1040491.jpeg?resize=300%2C225&amp;ssl=1 300w\" sizes=\"auto, (max-width: 420px) 100vw, 420px\" data-attachment-id=\"10970\" data-permalink=\"https:\/\/uscatletica.ch\/wp\/?attachment_id=10970\" data-orig-file=\"https:\/\/i0.wp.com\/uscatletica.ch\/wp\/wp-content\/uploads\/2020\/09\/P1040491.jpeg?fit=420%2C315&amp;ssl=1\" data-orig-size=\"420,315\" data-comments-opened=\"0\" data-image-meta=\"{&quot;aperture&quot;:&quot;4.2&quot;,&quot;credit&quot;:&quot;&quot;,&quot;camera&quot;:&quot;DC-TZ91&quot;,&quot;caption&quot;:&quot;&quot;,&quot;created_timestamp&quot;:&quot;1600530671&quot;,&quot;copyright&quot;:&quot;&quot;,&quot;focal_length&quot;:&quot;10.3&quot;,&quot;iso&quot;:&quot;320&quot;,&quot;shutter_speed&quot;:&quot;0.004&quot;,&quot;title&quot;:&quot;&quot;,&quot;orientation&quot;:&quot;0&quot;}\" data-image-title=\"P1040491\" data-image-description=\"\" data-image-caption=\"&lt;p&gt;I Magnifici 4 i ticinesi nella finalissima&lt;\/p&gt;\n\" data-large-file=\"https:\/\/i0.wp.com\/uscatletica.ch\/wp\/wp-content\/uploads\/2020\/09\/P1040491.jpeg?fit=420%2C315&amp;ssl=1\" \/><\/a>\n\t\t\t<\/div>\n\t\t\t\t<figcaption class='wp-caption-text gallery-caption' id='gallery-1-10970'>\n\t\t\t\tI Magnifici 4 i ticinesi nella finalissima\n\t\t\t\t<\/figcaption><\/figure><figure class='gallery-item'>\n\t\t\t<div class='gallery-icon portrait'>\n\t\t\t\t<a href='https:\/\/uscatletica.ch\/wp\/?attachment_id=10982'><img loading=\"lazy\" decoding=\"async\" width=\"315\" height=\"420\" src=\"https:\/\/i0.wp.com\/uscatletica.ch\/wp\/wp-content\/uploads\/2020\/09\/P1040465.jpeg?fit=315%2C420&amp;ssl=1\" class=\"attachment-full size-full\" alt=\"\" srcset=\"https:\/\/i0.wp.com\/uscatletica.ch\/wp\/wp-content\/uploads\/2020\/09\/P1040465.jpeg?w=315&amp;ssl=1 315w, https:\/\/i0.wp.com\/uscatletica.ch\/wp\/wp-content\/uploads\/2020\/09\/P1040465.jpeg?resize=225%2C300&amp;ssl=1 225w\" sizes=\"auto, (max-width: 315px) 100vw, 315px\" data-attachment-id=\"10982\" data-permalink=\"https:\/\/uscatletica.ch\/wp\/?attachment_id=10982\" data-orig-file=\"https:\/\/i0.wp.com\/uscatletica.ch\/wp\/wp-content\/uploads\/2020\/09\/P1040465.jpeg?fit=315%2C420&amp;ssl=1\" data-orig-size=\"315,420\" data-comments-opened=\"0\" data-image-meta=\"{&quot;aperture&quot;:&quot;3.7&quot;,&quot;credit&quot;:&quot;&quot;,&quot;camera&quot;:&quot;DC-TZ91&quot;,&quot;caption&quot;:&quot;&quot;,&quot;created_timestamp&quot;:&quot;1600529764&quot;,&quot;copyright&quot;:&quot;&quot;,&quot;focal_length&quot;:&quot;6.3&quot;,&quot;iso&quot;:&quot;400&quot;,&quot;shutter_speed&quot;:&quot;0.004&quot;,&quot;title&quot;:&quot;&quot;,&quot;orientation&quot;:&quot;0&quot;}\" data-image-title=\"P1040465\" data-image-description=\"\" data-image-caption=\"\" data-large-file=\"https:\/\/i0.wp.com\/uscatletica.ch\/wp\/wp-content\/uploads\/2020\/09\/P1040465.jpeg?fit=315%2C420&amp;ssl=1\" \/><\/a>\n\t\t\t<\/div><\/figure>\n\t\t<\/div>\n\n<\/div>\n<div>\u00a0<\/div>\n<div class=\"firstline\"><strong>Matilda Rosa<\/strong> si \u00e8 classificata al quarto rango tra le W15 nella finale nazionale dello Swiss Athletics Sprint disputata a Interlaken!<\/div>\n<div>Ha corso la finale in 10&#8221;23, sesto tempo di giornata.<\/div>\n<div>\u00a0<\/div>\nRisultati <span style=\"text-decoration: underline; color: #ff0000;\"><a style=\"color: #ff0000; text-decoration: underline;\" href=\"https:\/\/slv.laportal.net\/Competitions\/CurrentList\/224895\/3918\">qui<\/a><\/span><\/div>\n","protected":false},"excerpt":{"rendered":"<p>La lunga giornata alla finale svizzera di Swiss Athletics nel centro di Interlaken \u00a0ha visto l&#8217;ottimo quarto rango di Matilda Rosa tra le W15. Il secondo miglior piazzamento \u00a0tra gli atleti ticinesi. Giona Losa ha vinto per il secondo anno consecutivo tra i nati nel 2007, sesto posto finale per Ivana Pirolli e Joao Sepulveda Moreira\u00a0 \u00a0 La news sul sito Swiss Athletics risultati\u00a0\u00a0le classifiche All&#8217;ultimo anno Matilda coglie l&#8217;attimo e pu\u00f2 godersi la finale&#8230;<\/p>\n","protected":false},"author":3,"featured_media":10971,"comment_status":"closed","ping_status":"closed","sticky":false,"template":"","format":"standard","meta":{"jetpack_post_was_ever_published":false,"_jetpack_newsletter_access":"","_jetpack_dont_email_post_to_subs":false,"_jetpack_newsletter_tier_id":0,"_jetpack_memberships_contains_paywalled_content":false,"_jetpack_memberships_contains_paid_content":false,"footnotes":"","jetpack_publicize_message":"","jetpack_publicize_feature_enabled":true,"jetpack_social_post_already_shared":false,"jetpack_social_options":{"image_generator_settings":{"template":"highway","default_image_id":0,"font":"","enabled":false},"version":2}},"categories":[4,9],"tags":[],"class_list":["post-10961","post","type-post","status-publish","format-standard","has-post-thumbnail","hentry","category-pista","category-sport"],"jetpack_publicize_connections":[],"jetpack_featured_media_url":"https:\/\/i0.wp.com\/uscatletica.ch\/wp\/wp-content\/uploads\/2020\/09\/P1040485.jpeg?fit=420%2C315&ssl=1","jetpack_sharing_enabled":true,"jetpack_shortlink":"https:\/\/wp.me\/p6V7Ck-2QN","jetpack-related-posts":[{"id":10892,"url":"https:\/\/uscatletica.ch\/wp\/?p=10892","url_meta":{"origin":10961,"position":0},"title":"MATILDA RAGAZZA PIU VELOCE DEL TICINO","author":"Leonida Stampanoni","date":"13 Settembre 2020","format":false,"excerpt":"Lanciata da poker d'assi Ajla Del Ponte Ricky Petrucciani L\u00e9a Sprunger Mujinga Kambundji \u00a0l'edizione 2020 di Swiss Athletics Sprint \u00e8 stata storica per l'USC a quasi 15 anni dall'ultima qualifica per la finale svizzera Matilda ci ha regalato questa soddisfazione vincendo per la prima volta nel nella storia USCil titolo\u2026","rel":"","context":"In &quot;Pista&quot;","block_context":{"text":"Pista","link":"https:\/\/uscatletica.ch\/wp\/?cat=4"},"img":{"alt_text":"","src":"https:\/\/i0.wp.com\/uscatletica.ch\/wp\/wp-content\/uploads\/2020\/09\/pasterisrosapiuveloceTi2020.jpg?fit=420%2C279&ssl=1&resize=350%2C200","width":350,"height":200},"classes":[]},{"id":12413,"url":"https:\/\/uscatletica.ch\/wp\/?p=12413","url_meta":{"origin":10961,"position":1},"title":"Swiss Athletics Sprint Anais e Alice in finale","author":"Leonida Stampanoni","date":"2 Giugno 2021","format":false,"excerpt":"Lo scorso anno la finale cantonale di Swiss Athletics Sprint regal\u00f2 all'USC una rara e preziosa vittoria grazie a Matilda che poi colse il quarto posto alla finale svizzera di Interlaken. Domani a Cornaredo \u00a0saranno Anais ed Alice brave. a qualificarsi a Valgersa a battersi sui 60 m mentre sugli\u2026","rel":"","context":"In &quot;Pista&quot;","block_context":{"text":"Pista","link":"https:\/\/uscatletica.ch\/wp\/?cat=4"},"img":{"alt_text":"","src":"https:\/\/i0.wp.com\/uscatletica.ch\/wp\/wp-content\/uploads\/2021\/05\/210519rv2008OO.jpg?fit=432%2C324&ssl=1&resize=350%2C200","width":350,"height":200},"classes":[]},{"id":10955,"url":"https:\/\/uscatletica.ch\/wp\/?p=10955","url_meta":{"origin":10961,"position":2},"title":"Da Interlaken al Basodino il fine settimana USC","author":"Leonida Stampanoni","date":"18 Settembre 2020","format":false,"excerpt":"Fine settimana storico per l'USC sabato ad Interlake Matilda sar\u00e0 al via della finale Swiss Athletics Sprint il pi\u00f9 longevo dei progetti giovanili rossocrociati nato oramai 60 anni orsono . La nostra atleta dopo il 10 posto ai campionati svizzeri e pronta ancora una volta a ben figurare per la\u2026","rel":"","context":"In &quot;Montagna&quot;","block_context":{"text":"Montagna","link":"https:\/\/uscatletica.ch\/wp\/?cat=16"},"img":{"alt_text":"","src":"https:\/\/i0.wp.com\/uscatletica.ch\/wp\/wp-content\/uploads\/2020\/09\/P1030551.jpeg?fit=420%2C315&ssl=1&resize=350%2C200","width":350,"height":200},"classes":[]},{"id":10886,"url":"https:\/\/uscatletica.ch\/wp\/?p=10886","url_meta":{"origin":10961,"position":3},"title":"Matilda R+V del Ticino!","author":"Stampa E","date":"13 Settembre 2020","format":false,"excerpt":"Matilda Rosa R+V del Ticino! A Lugano ha vinto oggi la finale cantonale femminile in 10''37 sugli 80 metri dello Swiss Athletics Sprint. Tra i maschi vittoria per Giona Pasteris della SAB. \u00a0 Tutti i risultati qui \u00a0","rel":"","context":"In &quot;Pista&quot;","block_context":{"text":"Pista","link":"https:\/\/uscatletica.ch\/wp\/?cat=4"},"img":{"alt_text":"","src":"https:\/\/i0.wp.com\/uscatletica.ch\/wp\/wp-content\/uploads\/2020\/07\/matilda200729biasca.jpg?resize=350%2C200&ssl=1","width":350,"height":200},"classes":[]},{"id":12167,"url":"https:\/\/uscatletica.ch\/wp\/?p=12167","url_meta":{"origin":10961,"position":4},"title":"Eliminatoria Swiss Athletics Sprint","author":"Leonida Stampanoni","date":"9 Maggio 2021","format":false,"excerpt":"Tra i grandi momenti del 2020 ciecherei sicuramente il 4 rango di Matilda alla finale svizzera di Matilda ragazza pi\u00f9 veloce del Ticino 2020. Mercoled\u00ec 19 riparte l'avventura di Swiss Athletics sprint il progetto giovanile pi\u00f9 anziano della svizzera che ha gi\u00e0 passato i 70 anni.\u00a0 ragazzoveloce2021","rel":"","context":"In &quot;I nostri appuntamenti&quot;","block_context":{"text":"I nostri appuntamenti","link":"https:\/\/uscatletica.ch\/wp\/?cat=12"},"img":{"alt_text":"","src":"https:\/\/i0.wp.com\/uscatletica.ch\/wp\/wp-content\/uploads\/2020\/09\/P1040485.jpeg?fit=420%2C315&ssl=1&resize=350%2C200","width":350,"height":200},"classes":[]},{"id":6104,"url":"https:\/\/uscatletica.ch\/wp\/?p=6104","url_meta":{"origin":10961,"position":5},"title":"UKC  E SWISS ATHLETICS SPRINT  TUTTI I FINALISTI USC","author":"Leonida Stampanoni","date":"26 Maggio 2018","format":false,"excerpt":"Al comunale le finali cantonali Gioved\u00ec 31 maggio la SAB , in collaborazione con la SAL, organizzer\u00e0 al comunale di Bellinzona le finali cantonali del ragazzo pi\u00f9 veloce del Ticino. Quattro i qualificati nelle categorie U14 e pi\u00f9 giovani, mentre gara aperta per tutti gli U16. Domenica il gran finale\u2026","rel":"","context":"In &quot;Pista&quot;","block_context":{"text":"Pista","link":"https:\/\/uscatletica.ch\/wp\/?cat=4"},"img":{"alt_text":"","src":"https:\/\/i0.wp.com\/uscatletica.ch\/wp\/wp-content\/uploads\/2018\/04\/podiow13ukcbe18.jpg?fit=532%2C407&ssl=1&resize=350%2C200","width":350,"height":200,"srcset":"https:\/\/i0.wp.com\/uscatletica.ch\/wp\/wp-content\/uploads\/2018\/04\/podiow13ukcbe18.jpg?fit=532%2C407&ssl=1&resize=350%2C200 1x, https:\/\/i0.wp.com\/uscatletica.ch\/wp\/wp-content\/uploads\/2018\/04\/podiow13ukcbe18.jpg?fit=532%2C407&ssl=1&resize=525%2C300 1.5x"},"classes":[]}],"_links":{"self":[{"href":"https:\/\/uscatletica.ch\/wp\/index.php?rest_route=\/wp\/v2\/posts\/10961","targetHints":{"allow":["GET"]}}],"collection":[{"href":"https:\/\/uscatletica.ch\/wp\/index.php?rest_route=\/wp\/v2\/posts"}],"about":[{"href":"https:\/\/uscatletica.ch\/wp\/index.php?rest_route=\/wp\/v2\/types\/post"}],"author":[{"embeddable":true,"href":"https:\/\/uscatletica.ch\/wp\/index.php?rest_route=\/wp\/v2\/users\/3"}],"replies":[{"embeddable":true,"href":"https:\/\/uscatletica.ch\/wp\/index.php?rest_route=%2Fwp%2Fv2%2Fcomments&post=10961"}],"version-history":[{"count":6,"href":"https:\/\/uscatletica.ch\/wp\/index.php?rest_route=\/wp\/v2\/posts\/10961\/revisions"}],"predecessor-version":[{"id":11013,"href":"https:\/\/uscatletica.ch\/wp\/index.php?rest_route=\/wp\/v2\/posts\/10961\/revisions\/11013"}],"wp:featuredmedia":[{"embeddable":true,"href":"https:\/\/uscatletica.ch\/wp\/index.php?rest_route=\/wp\/v2\/media\/10971"}],"wp:attachment":[{"href":"https:\/\/uscatletica.ch\/wp\/index.php?rest_route=%2Fwp%2Fv2%2Fmedia&parent=10961"}],"wp:term":[{"taxonomy":"category","embeddable":true,"href":"https:\/\/uscatletica.ch\/wp\/index.php?rest_route=%2Fwp%2Fv2%2Fcategories&post=10961"},{"taxonomy":"post_tag","embeddable":true,"href":"https:\/\/uscatletica.ch\/wp\/index.php?rest_route=%2Fwp%2Fv2%2Ftags&post=10961"}],"curies":[{"name":"wp","href":"https:\/\/api.w.org\/{rel}","templated":true}]}}