{"id":11033,"date":"2020-09-23T22:31:22","date_gmt":"2020-09-23T20:31:22","guid":{"rendered":"http:\/\/uscatletica.ch\/wp\/?p=11033"},"modified":"2020-09-25T04:53:31","modified_gmt":"2020-09-25T02:53:31","slug":"kariem-hussein-e-le-staffette-del-gab","status":"publish","type":"post","link":"https:\/\/uscatletica.ch\/wp\/?p=11033","title":{"rendered":"Kariem Hussein e le Staffette del GAB"},"content":{"rendered":"\n<p>La 14 edizione del Meeting Capriaschese rester\u00e0 certamente negli annali della nostra piccola USC il campione europeo dei 400 m di Zurich 2014 Kariem Hussein ci ha onorato della sua presenza e grazie ad un team affiatato e motivato i 200 atleti presenti hanno potuto gareggiare e godersi una splendida serata di atletica \u00a0nonostante una fastidiosa pioggerellina Da Milano \u00e8 arrivato ad assistere i suoi giovani atleti il leggendario coach Giorgio Rondelli uno dei grandi maestri del mezzofondo azzurro. Il GAB ha vinto i due titoli cantonali in palio. Tre vittorie USC con Robi, Giada e Morena due vittorie per i campioni svizzeri Giona Pasteris 80 m e Desir\u00e9e Regazzoni . Primati dello stadio per Pasteris sugli 80 m e sui 1500 m femminili con Cecilia Conforto Galli.\u00a0<\/p>\n<p><a href=\"https:\/\/uscatletica.ch\/wp\/wp-content\/uploads\/2020\/09\/Classificameeting20200923T.pdf\" rel=\"attachment wp-att-11058\"><img data-recalc-dims=\"1\" loading=\"lazy\" decoding=\"async\" data-attachment-id=\"11058\" data-permalink=\"https:\/\/uscatletica.ch\/wp\/?attachment_id=11058\" data-orig-file=\"https:\/\/i0.wp.com\/uscatletica.ch\/wp\/wp-content\/uploads\/2020\/09\/Intestazionectolii2020.jpg?fit=1240%2C1753&amp;ssl=1\" data-orig-size=\"1240,1753\" data-comments-opened=\"0\" data-image-meta=\"{&quot;aperture&quot;:&quot;0&quot;,&quot;credit&quot;:&quot;&quot;,&quot;camera&quot;:&quot;&quot;,&quot;caption&quot;:&quot;&quot;,&quot;created_timestamp&quot;:&quot;0&quot;,&quot;copyright&quot;:&quot;&quot;,&quot;focal_length&quot;:&quot;0&quot;,&quot;iso&quot;:&quot;0&quot;,&quot;shutter_speed&quot;:&quot;0&quot;,&quot;title&quot;:&quot;&quot;,&quot;orientation&quot;:&quot;0&quot;}\" data-image-title=\"Intestazionectolii2020\" data-image-description=\"\" data-image-caption=\"\" data-large-file=\"https:\/\/i0.wp.com\/uscatletica.ch\/wp\/wp-content\/uploads\/2020\/09\/Intestazionectolii2020.jpg?fit=640%2C905&amp;ssl=1\" class=\"aligncenter wp-image-11058 size-large\" src=\"https:\/\/i0.wp.com\/uscatletica.ch\/wp\/wp-content\/uploads\/2020\/09\/Intestazionectolii2020.jpg?resize=640%2C905&#038;ssl=1\" alt=\"\" width=\"640\" height=\"905\" srcset=\"https:\/\/i0.wp.com\/uscatletica.ch\/wp\/wp-content\/uploads\/2020\/09\/Intestazionectolii2020.jpg?resize=724%2C1024&amp;ssl=1 724w, https:\/\/i0.wp.com\/uscatletica.ch\/wp\/wp-content\/uploads\/2020\/09\/Intestazionectolii2020.jpg?resize=212%2C300&amp;ssl=1 212w, https:\/\/i0.wp.com\/uscatletica.ch\/wp\/wp-content\/uploads\/2020\/09\/Intestazionectolii2020.jpg?resize=768%2C1086&amp;ssl=1 768w, https:\/\/i0.wp.com\/uscatletica.ch\/wp\/wp-content\/uploads\/2020\/09\/Intestazionectolii2020.jpg?resize=1087%2C1536&amp;ssl=1 1087w, https:\/\/i0.wp.com\/uscatletica.ch\/wp\/wp-content\/uploads\/2020\/09\/Intestazionectolii2020.jpg?w=1240&amp;ssl=1 1240w\" sizes=\"auto, (max-width: 640px) 100vw, 640px\" \/><\/a><\/p>\n<h2 style=\"text-align: center;\"><a href=\"https:\/\/slv.laportal.net\/Competitions\/Details\/3962\" target=\"_blank\" rel=\"noopener noreferrer\">RISULTATI\u00a0<\/a><\/h2>\n<p>\u00a0<\/p>\n<p>La gara pi\u00f9 attesa della serata era la prima batteria dei 100 m uomini con al via il campione europeo 2014 dei 400 m ostacoli Kariem Hussein. l&#8217;ostacolista stimolato a dovere da Mattia Schenk e dal rientro del nostro nuovo atleta Mattia Zorzi \u00e8 andato a vincere in 11&#8243;05 abbassando il personale di 0.08s. Schenk chiude in 11&#8243;08 mentre alla prima uscita dopo due anni Mattia chiude in 11&#8243;50. Per i nostri colori altra gara attesa erano i 1500 m maschili con l&#8217;attacco di Robi alla barriera dei 4&#8242;. Partenza folle in 61&#8243; per i primi 400 m e finale comunque buono in 4&#8217;05&#8243;24. Sempre in prima batteria personale in 4&#8217;21&#8243;21 per Marco e \u00a0Elia chiude in 4&#8217;22&#8243;72. \u00a0Nella pedana del peso due vittorie Giada vince i 4 kg con 10.67m \u00a0e Morena vince i 3 kg con 10.32 m. \u00a0Elody 7.22 m. \u00a0Ottima prestazione tra i ragazzi con i 16.15 dell&#8217;italiano Castagna con i 6 kg. \u00a0L&#8217;Olimpionica femminile \u00e8 stata dominata dal GAB con Moser Innocenti Vitali Colotti in 3&#8217;56&#8243;60 avvincente la lotta a tre per le restanti due medaglie, La SAB \u00e8 uscita nel finale grazie alle sue velociste argento per Arini Rossi Tahou Gervasoni davanti al GAB 2 \u00a0Cariboni Moser Tajana Treppiedi. A causa di alcune defezioni dell&#8217;ultimo minuto al maschile abbiamo assistito al campionato sociale GAB ottimo tempo per Gentilini Balestra Oberti Cariboni 3&#8217;28&#8243;98. Sui 100 femminili vittoria per la campionessa svizzera Desir\u00e8e Regazzoni (FGM) 12&#8243;60 ed un 13&#8243;82 per la gi\u00e0 primatista ticinese del salto triplo Laura Torino. Per l&#8217;USC tra gli uomini 13&#8243;99 per Christian. Tra le ragazze 13&#8243;77 per Leila, personale di \u00a0 14.27 per Elody \u00a0e gran personale per Chiara in 15&#8243;71. Sugli 80 \u00a0m un risentimento ferma Matilda ai Box, ma Marco si migliora fino a 10&#8243;49 mentre tra le ragazze Pauline 11&#8243;56 bene le giovanissime Melissa 11&#8243;96, Alice P. 12&#8243;27 e Olivia O. 13&#8243;22. Vittorie per Sara Broggini 10&#8243;77 e nuovo strepitoso primato dello stadio per il campione svizzero Giona Pasteris in 9&#8243;29. Nei 1500 donne primato dello stadio per Cecilia Galli Conforto in 4&#8243;48&#8243;37, seguono le nostre atlete Giorgia 5&#8217;10&#8243;37. Matilde 5&#8217;56&#8243;17 e la debuttante Sara 5&#8217;56&#8243;54. Sui 600m U16 tante USCine al via vince l&#8217;italiana Virginia Olivieri 1&#8217;42&#8243;59 grazie all&#8217;ottima partenza della nostra Federica che chiude quinta in 1&#8217;48&#8243;39 un buon test in vista della finale MilLe Gruyere e dei campionati ticinesi giovanili. Tra i ragazzi Pietro al debutto ottiene un bel quarto rango in 1&#8217;40&#8243;68 nella gara vinta da Nikolas Tognetti 1&#8217;31&#8243;90. Gli altri giovani USCini sui 600 m No\u00e9 1&#8217;56&#8243;18 e Jennis 1&#8217;57&#8243;97 pronti per la finale MilLe Gruyere. , Carolina 2&#8217;01&#8243;79, Cecilia 2&#8217;05&#8243;83, Selina 2&#8217;11&#8243;17, Zoe 2&#8217;12&#8243;39, Elsa 2&#8217;14&#8243;14, Lara G. 2&#8217;14&#8243;27 Olivia S. 2&#8217;19&#8243;13.\u00a0<\/p>\n<p>Il nostro affiatattissimo Team al netto del faro in zona peso che ci ha tradito ha assicurato ancora una volta un splendida serata di atletica.\u00a0<\/p>\n<p><blockquote class=\"wp-embedded-content\" data-secret=\"QmhCACZZBh\"><a href=\"https:\/\/ftal.ch\/hussein-vince-a-tesserete-doppietta-del-gab-nelle-staffette\/\">Hussein vince a Tesserete, doppietta del GAB nelle staffette<\/a><\/blockquote><iframe loading=\"lazy\" class=\"wp-embedded-content\" sandbox=\"allow-scripts\" security=\"restricted\" style=\"position: absolute; clip: rect(1px, 1px, 1px, 1px);\" title=\"&#8220;Hussein vince a Tesserete, doppietta del GAB nelle staffette&#8221; &#8212; FTAL\" src=\"https:\/\/ftal.ch\/hussein-vince-a-tesserete-doppietta-del-gab-nelle-staffette\/embed\/#?secret=RRsMHUGmt0#?secret=QmhCACZZBh\" data-secret=\"QmhCACZZBh\" width=\"600\" height=\"338\" frameborder=\"0\" marginwidth=\"0\" marginheight=\"0\" scrolling=\"no\"><\/iframe><\/p>\n<p>\u00a0<\/p>\n<div data-carousel-extra='{&quot;blog_id&quot;:1,&quot;permalink&quot;:&quot;https:\/\/uscatletica.ch\/wp\/?p=11033&quot;}' id='gallery-1' class='gallery galleryid-11033 gallery-columns-3 gallery-size-large'><figure class='gallery-item'>\n\t\t\t<div class='gallery-icon landscape'>\n\t\t\t\t<a href='https:\/\/uscatletica.ch\/wp\/?attachment_id=11034'><img loading=\"lazy\" decoding=\"async\" width=\"420\" height=\"315\" src=\"https:\/\/i0.wp.com\/uscatletica.ch\/wp\/wp-content\/uploads\/2020\/09\/20.jpeg?fit=420%2C315&amp;ssl=1\" class=\"attachment-large size-large\" alt=\"\" aria-describedby=\"gallery-1-11034\" srcset=\"https:\/\/i0.wp.com\/uscatletica.ch\/wp\/wp-content\/uploads\/2020\/09\/20.jpeg?w=420&amp;ssl=1 420w, https:\/\/i0.wp.com\/uscatletica.ch\/wp\/wp-content\/uploads\/2020\/09\/20.jpeg?resize=300%2C225&amp;ssl=1 300w\" sizes=\"auto, (max-width: 420px) 100vw, 420px\" data-attachment-id=\"11034\" data-permalink=\"https:\/\/uscatletica.ch\/wp\/?attachment_id=11034\" data-orig-file=\"https:\/\/i0.wp.com\/uscatletica.ch\/wp\/wp-content\/uploads\/2020\/09\/20.jpeg?fit=420%2C315&amp;ssl=1\" data-orig-size=\"420,315\" data-comments-opened=\"0\" data-image-meta=\"{&quot;aperture&quot;:&quot;3.9&quot;,&quot;credit&quot;:&quot;&quot;,&quot;camera&quot;:&quot;DC-TZ91&quot;,&quot;caption&quot;:&quot;&quot;,&quot;created_timestamp&quot;:&quot;1600887074&quot;,&quot;copyright&quot;:&quot;&quot;,&quot;focal_length&quot;:&quot;7.8&quot;,&quot;iso&quot;:&quot;1600&quot;,&quot;shutter_speed&quot;:&quot;0.2&quot;,&quot;title&quot;:&quot;&quot;,&quot;orientation&quot;:&quot;0&quot;}\" data-image-title=\"20\" data-image-description=\"\" data-image-caption=\"&lt;p&gt;Podio Femminile  SAB GAB1 gAB2&lt;\/p&gt;\n\" data-large-file=\"https:\/\/i0.wp.com\/uscatletica.ch\/wp\/wp-content\/uploads\/2020\/09\/20.jpeg?fit=420%2C315&amp;ssl=1\" \/><\/a>\n\t\t\t<\/div>\n\t\t\t\t<figcaption class='wp-caption-text gallery-caption' id='gallery-1-11034'>\n\t\t\t\tPodio Femminile  SAB GAB1 gAB2\n\t\t\t\t<\/figcaption><\/figure><figure class='gallery-item'>\n\t\t\t<div class='gallery-icon landscape'>\n\t\t\t\t<a href='https:\/\/uscatletica.ch\/wp\/?attachment_id=11035'><img loading=\"lazy\" decoding=\"async\" width=\"420\" height=\"315\" src=\"https:\/\/i0.wp.com\/uscatletica.ch\/wp\/wp-content\/uploads\/2020\/09\/19.jpeg?fit=420%2C315&amp;ssl=1\" class=\"attachment-large size-large\" alt=\"\" aria-describedby=\"gallery-1-11035\" srcset=\"https:\/\/i0.wp.com\/uscatletica.ch\/wp\/wp-content\/uploads\/2020\/09\/19.jpeg?w=420&amp;ssl=1 420w, https:\/\/i0.wp.com\/uscatletica.ch\/wp\/wp-content\/uploads\/2020\/09\/19.jpeg?resize=300%2C225&amp;ssl=1 300w\" sizes=\"auto, (max-width: 420px) 100vw, 420px\" data-attachment-id=\"11035\" data-permalink=\"https:\/\/uscatletica.ch\/wp\/?attachment_id=11035\" data-orig-file=\"https:\/\/i0.wp.com\/uscatletica.ch\/wp\/wp-content\/uploads\/2020\/09\/19.jpeg?fit=420%2C315&amp;ssl=1\" data-orig-size=\"420,315\" data-comments-opened=\"0\" data-image-meta=\"{&quot;aperture&quot;:&quot;3.7&quot;,&quot;credit&quot;:&quot;&quot;,&quot;camera&quot;:&quot;DC-TZ91&quot;,&quot;caption&quot;:&quot;&quot;,&quot;created_timestamp&quot;:&quot;1600886904&quot;,&quot;copyright&quot;:&quot;&quot;,&quot;focal_length&quot;:&quot;6.7&quot;,&quot;iso&quot;:&quot;1600&quot;,&quot;shutter_speed&quot;:&quot;0.066666666666667&quot;,&quot;title&quot;:&quot;&quot;,&quot;orientation&quot;:&quot;0&quot;}\" data-image-title=\"19\" data-image-description=\"\" data-image-caption=\"&lt;p&gt;podio completo GAB&lt;\/p&gt;\n\" data-large-file=\"https:\/\/i0.wp.com\/uscatletica.ch\/wp\/wp-content\/uploads\/2020\/09\/19.jpeg?fit=420%2C315&amp;ssl=1\" \/><\/a>\n\t\t\t<\/div>\n\t\t\t\t<figcaption class='wp-caption-text gallery-caption' id='gallery-1-11035'>\n\t\t\t\tpodio completo GAB\n\t\t\t\t<\/figcaption><\/figure><figure class='gallery-item'>\n\t\t\t<div class='gallery-icon portrait'>\n\t\t\t\t<a href='https:\/\/uscatletica.ch\/wp\/?attachment_id=11036'><img loading=\"lazy\" decoding=\"async\" width=\"315\" height=\"420\" src=\"https:\/\/i0.wp.com\/uscatletica.ch\/wp\/wp-content\/uploads\/2020\/09\/18.jpeg?fit=315%2C420&amp;ssl=1\" class=\"attachment-large size-large\" alt=\"\" aria-describedby=\"gallery-1-11036\" srcset=\"https:\/\/i0.wp.com\/uscatletica.ch\/wp\/wp-content\/uploads\/2020\/09\/18.jpeg?w=315&amp;ssl=1 315w, https:\/\/i0.wp.com\/uscatletica.ch\/wp\/wp-content\/uploads\/2020\/09\/18.jpeg?resize=225%2C300&amp;ssl=1 225w\" sizes=\"auto, (max-width: 315px) 100vw, 315px\" data-attachment-id=\"11036\" data-permalink=\"https:\/\/uscatletica.ch\/wp\/?attachment_id=11036\" data-orig-file=\"https:\/\/i0.wp.com\/uscatletica.ch\/wp\/wp-content\/uploads\/2020\/09\/18.jpeg?fit=315%2C420&amp;ssl=1\" data-orig-size=\"315,420\" data-comments-opened=\"0\" data-image-meta=\"{&quot;aperture&quot;:&quot;5&quot;,&quot;credit&quot;:&quot;&quot;,&quot;camera&quot;:&quot;DC-TZ91&quot;,&quot;caption&quot;:&quot;&quot;,&quot;created_timestamp&quot;:&quot;1600882080&quot;,&quot;copyright&quot;:&quot;&quot;,&quot;focal_length&quot;:&quot;17.5&quot;,&quot;iso&quot;:&quot;1600&quot;,&quot;shutter_speed&quot;:&quot;0.066666666666667&quot;,&quot;title&quot;:&quot;&quot;,&quot;orientation&quot;:&quot;0&quot;}\" data-image-title=\"18\" data-image-description=\"\" data-image-caption=\"&lt;p&gt;Mattia Zorzi Kariem Hussein Mattia Schenk&lt;\/p&gt;\n\" data-large-file=\"https:\/\/i0.wp.com\/uscatletica.ch\/wp\/wp-content\/uploads\/2020\/09\/18.jpeg?fit=315%2C420&amp;ssl=1\" \/><\/a>\n\t\t\t<\/div>\n\t\t\t\t<figcaption class='wp-caption-text gallery-caption' id='gallery-1-11036'>\n\t\t\t\tMattia Zorzi Kariem Hussein Mattia Schenk\n\t\t\t\t<\/figcaption><\/figure><figure class='gallery-item'>\n\t\t\t<div class='gallery-icon landscape'>\n\t\t\t\t<a href='https:\/\/uscatletica.ch\/wp\/?attachment_id=11037'><img loading=\"lazy\" decoding=\"async\" width=\"420\" height=\"315\" src=\"https:\/\/i0.wp.com\/uscatletica.ch\/wp\/wp-content\/uploads\/2020\/09\/17.jpeg?fit=420%2C315&amp;ssl=1\" class=\"attachment-large size-large\" alt=\"\" aria-describedby=\"gallery-1-11037\" srcset=\"https:\/\/i0.wp.com\/uscatletica.ch\/wp\/wp-content\/uploads\/2020\/09\/17.jpeg?w=420&amp;ssl=1 420w, https:\/\/i0.wp.com\/uscatletica.ch\/wp\/wp-content\/uploads\/2020\/09\/17.jpeg?resize=300%2C225&amp;ssl=1 300w\" sizes=\"auto, (max-width: 420px) 100vw, 420px\" data-attachment-id=\"11037\" data-permalink=\"https:\/\/uscatletica.ch\/wp\/?attachment_id=11037\" data-orig-file=\"https:\/\/i0.wp.com\/uscatletica.ch\/wp\/wp-content\/uploads\/2020\/09\/17.jpeg?fit=420%2C315&amp;ssl=1\" data-orig-size=\"420,315\" data-comments-opened=\"0\" data-image-meta=\"{&quot;aperture&quot;:&quot;5.2&quot;,&quot;credit&quot;:&quot;&quot;,&quot;camera&quot;:&quot;DC-TZ91&quot;,&quot;caption&quot;:&quot;&quot;,&quot;created_timestamp&quot;:&quot;1600882056&quot;,&quot;copyright&quot;:&quot;&quot;,&quot;focal_length&quot;:&quot;22.3&quot;,&quot;iso&quot;:&quot;1600&quot;,&quot;shutter_speed&quot;:&quot;0.04&quot;,&quot;title&quot;:&quot;&quot;,&quot;orientation&quot;:&quot;0&quot;}\" data-image-title=\"17\" data-image-description=\"\" data-image-caption=\"&lt;p&gt;Mattia con un campione europeo ed un campione svizzero U18&lt;\/p&gt;\n\" data-large-file=\"https:\/\/i0.wp.com\/uscatletica.ch\/wp\/wp-content\/uploads\/2020\/09\/17.jpeg?fit=420%2C315&amp;ssl=1\" \/><\/a>\n\t\t\t<\/div>\n\t\t\t\t<figcaption class='wp-caption-text gallery-caption' id='gallery-1-11037'>\n\t\t\t\tMattia con un campione europeo ed un campione svizzero U18\n\t\t\t\t<\/figcaption><\/figure><figure class='gallery-item'>\n\t\t\t<div class='gallery-icon portrait'>\n\t\t\t\t<a href='https:\/\/uscatletica.ch\/wp\/?attachment_id=11038'><img loading=\"lazy\" decoding=\"async\" width=\"315\" height=\"420\" src=\"https:\/\/i0.wp.com\/uscatletica.ch\/wp\/wp-content\/uploads\/2020\/09\/16.jpeg?fit=315%2C420&amp;ssl=1\" class=\"attachment-large size-large\" alt=\"\" srcset=\"https:\/\/i0.wp.com\/uscatletica.ch\/wp\/wp-content\/uploads\/2020\/09\/16.jpeg?w=315&amp;ssl=1 315w, https:\/\/i0.wp.com\/uscatletica.ch\/wp\/wp-content\/uploads\/2020\/09\/16.jpeg?resize=225%2C300&amp;ssl=1 225w\" sizes=\"auto, (max-width: 315px) 100vw, 315px\" data-attachment-id=\"11038\" data-permalink=\"https:\/\/uscatletica.ch\/wp\/?attachment_id=11038\" data-orig-file=\"https:\/\/i0.wp.com\/uscatletica.ch\/wp\/wp-content\/uploads\/2020\/09\/16.jpeg?fit=315%2C420&amp;ssl=1\" data-orig-size=\"315,420\" data-comments-opened=\"0\" data-image-meta=\"{&quot;aperture&quot;:&quot;5.4&quot;,&quot;credit&quot;:&quot;&quot;,&quot;camera&quot;:&quot;DC-TZ91&quot;,&quot;caption&quot;:&quot;&quot;,&quot;created_timestamp&quot;:&quot;1600882038&quot;,&quot;copyright&quot;:&quot;&quot;,&quot;focal_length&quot;:&quot;25.6&quot;,&quot;iso&quot;:&quot;1600&quot;,&quot;shutter_speed&quot;:&quot;0.066666666666667&quot;,&quot;title&quot;:&quot;&quot;,&quot;orientation&quot;:&quot;0&quot;}\" data-image-title=\"16\" data-image-description=\"\" data-image-caption=\"\" data-large-file=\"https:\/\/i0.wp.com\/uscatletica.ch\/wp\/wp-content\/uploads\/2020\/09\/16.jpeg?fit=315%2C420&amp;ssl=1\" \/><\/a>\n\t\t\t<\/div><\/figure><figure class='gallery-item'>\n\t\t\t<div class='gallery-icon portrait'>\n\t\t\t\t<a href='https:\/\/uscatletica.ch\/wp\/?attachment_id=11039'><img loading=\"lazy\" decoding=\"async\" width=\"315\" height=\"420\" src=\"https:\/\/i0.wp.com\/uscatletica.ch\/wp\/wp-content\/uploads\/2020\/09\/15.jpeg?fit=315%2C420&amp;ssl=1\" class=\"attachment-large size-large\" alt=\"\" srcset=\"https:\/\/i0.wp.com\/uscatletica.ch\/wp\/wp-content\/uploads\/2020\/09\/15.jpeg?w=315&amp;ssl=1 315w, https:\/\/i0.wp.com\/uscatletica.ch\/wp\/wp-content\/uploads\/2020\/09\/15.jpeg?resize=225%2C300&amp;ssl=1 225w\" sizes=\"auto, (max-width: 315px) 100vw, 315px\" data-attachment-id=\"11039\" data-permalink=\"https:\/\/uscatletica.ch\/wp\/?attachment_id=11039\" data-orig-file=\"https:\/\/i0.wp.com\/uscatletica.ch\/wp\/wp-content\/uploads\/2020\/09\/15.jpeg?fit=315%2C420&amp;ssl=1\" data-orig-size=\"315,420\" data-comments-opened=\"0\" data-image-meta=\"{&quot;aperture&quot;:&quot;4.6&quot;,&quot;credit&quot;:&quot;&quot;,&quot;camera&quot;:&quot;DC-TZ91&quot;,&quot;caption&quot;:&quot;&quot;,&quot;created_timestamp&quot;:&quot;1600882015&quot;,&quot;copyright&quot;:&quot;&quot;,&quot;focal_length&quot;:&quot;13.2&quot;,&quot;iso&quot;:&quot;1600&quot;,&quot;shutter_speed&quot;:&quot;0.05&quot;,&quot;title&quot;:&quot;&quot;,&quot;orientation&quot;:&quot;0&quot;}\" data-image-title=\"15\" data-image-description=\"\" data-image-caption=\"\" data-large-file=\"https:\/\/i0.wp.com\/uscatletica.ch\/wp\/wp-content\/uploads\/2020\/09\/15.jpeg?fit=315%2C420&amp;ssl=1\" \/><\/a>\n\t\t\t<\/div><\/figure><figure class='gallery-item'>\n\t\t\t<div class='gallery-icon landscape'>\n\t\t\t\t<a href='https:\/\/uscatletica.ch\/wp\/?attachment_id=11040'><img loading=\"lazy\" decoding=\"async\" width=\"420\" height=\"315\" src=\"https:\/\/i0.wp.com\/uscatletica.ch\/wp\/wp-content\/uploads\/2020\/09\/14.jpeg?fit=420%2C315&amp;ssl=1\" class=\"attachment-large size-large\" alt=\"\" aria-describedby=\"gallery-1-11040\" srcset=\"https:\/\/i0.wp.com\/uscatletica.ch\/wp\/wp-content\/uploads\/2020\/09\/14.jpeg?w=420&amp;ssl=1 420w, https:\/\/i0.wp.com\/uscatletica.ch\/wp\/wp-content\/uploads\/2020\/09\/14.jpeg?resize=300%2C225&amp;ssl=1 300w\" sizes=\"auto, (max-width: 420px) 100vw, 420px\" data-attachment-id=\"11040\" data-permalink=\"https:\/\/uscatletica.ch\/wp\/?attachment_id=11040\" data-orig-file=\"https:\/\/i0.wp.com\/uscatletica.ch\/wp\/wp-content\/uploads\/2020\/09\/14.jpeg?fit=420%2C315&amp;ssl=1\" data-orig-size=\"420,315\" data-comments-opened=\"0\" data-image-meta=\"{&quot;aperture&quot;:&quot;5.6&quot;,&quot;credit&quot;:&quot;&quot;,&quot;camera&quot;:&quot;DC-TZ91&quot;,&quot;caption&quot;:&quot;&quot;,&quot;created_timestamp&quot;:&quot;1600881227&quot;,&quot;copyright&quot;:&quot;&quot;,&quot;focal_length&quot;:&quot;35.8&quot;,&quot;iso&quot;:&quot;3200&quot;,&quot;shutter_speed&quot;:&quot;0.0125&quot;,&quot;title&quot;:&quot;&quot;,&quot;orientation&quot;:&quot;0&quot;}\" data-image-title=\"14\" data-image-description=\"\" data-image-caption=\"&lt;p&gt;giovani sprinter&lt;\/p&gt;\n\" data-large-file=\"https:\/\/i0.wp.com\/uscatletica.ch\/wp\/wp-content\/uploads\/2020\/09\/14.jpeg?fit=420%2C315&amp;ssl=1\" \/><\/a>\n\t\t\t<\/div>\n\t\t\t\t<figcaption class='wp-caption-text gallery-caption' id='gallery-1-11040'>\n\t\t\t\tgiovani sprinter\n\t\t\t\t<\/figcaption><\/figure><figure class='gallery-item'>\n\t\t\t<div class='gallery-icon landscape'>\n\t\t\t\t<a href='https:\/\/uscatletica.ch\/wp\/?attachment_id=11041'><img loading=\"lazy\" decoding=\"async\" width=\"420\" height=\"315\" src=\"https:\/\/i0.wp.com\/uscatletica.ch\/wp\/wp-content\/uploads\/2020\/09\/13.jpeg?fit=420%2C315&amp;ssl=1\" class=\"attachment-large size-large\" alt=\"\" aria-describedby=\"gallery-1-11041\" srcset=\"https:\/\/i0.wp.com\/uscatletica.ch\/wp\/wp-content\/uploads\/2020\/09\/13.jpeg?w=420&amp;ssl=1 420w, https:\/\/i0.wp.com\/uscatletica.ch\/wp\/wp-content\/uploads\/2020\/09\/13.jpeg?resize=300%2C225&amp;ssl=1 300w\" sizes=\"auto, (max-width: 420px) 100vw, 420px\" data-attachment-id=\"11041\" data-permalink=\"https:\/\/uscatletica.ch\/wp\/?attachment_id=11041\" data-orig-file=\"https:\/\/i0.wp.com\/uscatletica.ch\/wp\/wp-content\/uploads\/2020\/09\/13.jpeg?fit=420%2C315&amp;ssl=1\" data-orig-size=\"420,315\" data-comments-opened=\"0\" data-image-meta=\"{&quot;aperture&quot;:&quot;3.9&quot;,&quot;credit&quot;:&quot;&quot;,&quot;camera&quot;:&quot;DC-TZ91&quot;,&quot;caption&quot;:&quot;&quot;,&quot;created_timestamp&quot;:&quot;1600881052&quot;,&quot;copyright&quot;:&quot;&quot;,&quot;focal_length&quot;:&quot;7.8&quot;,&quot;iso&quot;:&quot;2500&quot;,&quot;shutter_speed&quot;:&quot;0.008&quot;,&quot;title&quot;:&quot;&quot;,&quot;orientation&quot;:&quot;0&quot;}\" data-image-title=\"13\" data-image-description=\"\" data-image-caption=\"&lt;p&gt;600 m femminile&lt;\/p&gt;\n\" data-large-file=\"https:\/\/i0.wp.com\/uscatletica.ch\/wp\/wp-content\/uploads\/2020\/09\/13.jpeg?fit=420%2C315&amp;ssl=1\" \/><\/a>\n\t\t\t<\/div>\n\t\t\t\t<figcaption class='wp-caption-text gallery-caption' id='gallery-1-11041'>\n\t\t\t\t600 m femminile\n\t\t\t\t<\/figcaption><\/figure><figure class='gallery-item'>\n\t\t\t<div class='gallery-icon portrait'>\n\t\t\t\t<a href='https:\/\/uscatletica.ch\/wp\/?attachment_id=11042'><img loading=\"lazy\" decoding=\"async\" width=\"315\" height=\"420\" src=\"https:\/\/i0.wp.com\/uscatletica.ch\/wp\/wp-content\/uploads\/2020\/09\/12.jpeg?fit=315%2C420&amp;ssl=1\" class=\"attachment-large size-large\" alt=\"\" aria-describedby=\"gallery-1-11042\" srcset=\"https:\/\/i0.wp.com\/uscatletica.ch\/wp\/wp-content\/uploads\/2020\/09\/12.jpeg?w=315&amp;ssl=1 315w, https:\/\/i0.wp.com\/uscatletica.ch\/wp\/wp-content\/uploads\/2020\/09\/12.jpeg?resize=225%2C300&amp;ssl=1 225w\" sizes=\"auto, (max-width: 315px) 100vw, 315px\" data-attachment-id=\"11042\" data-permalink=\"https:\/\/uscatletica.ch\/wp\/?attachment_id=11042\" data-orig-file=\"https:\/\/i0.wp.com\/uscatletica.ch\/wp\/wp-content\/uploads\/2020\/09\/12.jpeg?fit=315%2C420&amp;ssl=1\" data-orig-size=\"315,420\" data-comments-opened=\"0\" data-image-meta=\"{&quot;aperture&quot;:&quot;3.5&quot;,&quot;credit&quot;:&quot;&quot;,&quot;camera&quot;:&quot;DC-TZ91&quot;,&quot;caption&quot;:&quot;&quot;,&quot;created_timestamp&quot;:&quot;1600880834&quot;,&quot;copyright&quot;:&quot;&quot;,&quot;focal_length&quot;:&quot;5&quot;,&quot;iso&quot;:&quot;800&quot;,&quot;shutter_speed&quot;:&quot;0.0125&quot;,&quot;title&quot;:&quot;&quot;,&quot;orientation&quot;:&quot;0&quot;}\" data-image-title=\"12\" data-image-description=\"\" data-image-caption=\"&lt;p&gt;Morena e Gaia&lt;\/p&gt;\n\" data-large-file=\"https:\/\/i0.wp.com\/uscatletica.ch\/wp\/wp-content\/uploads\/2020\/09\/12.jpeg?fit=315%2C420&amp;ssl=1\" \/><\/a>\n\t\t\t<\/div>\n\t\t\t\t<figcaption class='wp-caption-text gallery-caption' id='gallery-1-11042'>\n\t\t\t\tMorena e Gaia\n\t\t\t\t<\/figcaption><\/figure><figure class='gallery-item'>\n\t\t\t<div class='gallery-icon portrait'>\n\t\t\t\t<a href='https:\/\/uscatletica.ch\/wp\/?attachment_id=11043'><img loading=\"lazy\" decoding=\"async\" width=\"315\" height=\"420\" src=\"https:\/\/i0.wp.com\/uscatletica.ch\/wp\/wp-content\/uploads\/2020\/09\/11.jpeg?fit=315%2C420&amp;ssl=1\" class=\"attachment-large size-large\" alt=\"\" aria-describedby=\"gallery-1-11043\" srcset=\"https:\/\/i0.wp.com\/uscatletica.ch\/wp\/wp-content\/uploads\/2020\/09\/11.jpeg?w=315&amp;ssl=1 315w, https:\/\/i0.wp.com\/uscatletica.ch\/wp\/wp-content\/uploads\/2020\/09\/11.jpeg?resize=225%2C300&amp;ssl=1 225w\" sizes=\"auto, (max-width: 315px) 100vw, 315px\" data-attachment-id=\"11043\" data-permalink=\"https:\/\/uscatletica.ch\/wp\/?attachment_id=11043\" data-orig-file=\"https:\/\/i0.wp.com\/uscatletica.ch\/wp\/wp-content\/uploads\/2020\/09\/11.jpeg?fit=315%2C420&amp;ssl=1\" data-orig-size=\"315,420\" data-comments-opened=\"0\" data-image-meta=\"{&quot;aperture&quot;:&quot;6.4&quot;,&quot;credit&quot;:&quot;&quot;,&quot;camera&quot;:&quot;DC-TZ91&quot;,&quot;caption&quot;:&quot;&quot;,&quot;created_timestamp&quot;:&quot;1600880769&quot;,&quot;copyright&quot;:&quot;&quot;,&quot;focal_length&quot;:&quot;129&quot;,&quot;iso&quot;:&quot;1600&quot;,&quot;shutter_speed&quot;:&quot;0.04&quot;,&quot;title&quot;:&quot;&quot;,&quot;orientation&quot;:&quot;0&quot;}\" data-image-title=\"11\" data-image-description=\"\" data-image-caption=\"&lt;p&gt;Pietro &lt;\/p&gt;\n\" data-large-file=\"https:\/\/i0.wp.com\/uscatletica.ch\/wp\/wp-content\/uploads\/2020\/09\/11.jpeg?fit=315%2C420&amp;ssl=1\" \/><\/a>\n\t\t\t<\/div>\n\t\t\t\t<figcaption class='wp-caption-text gallery-caption' id='gallery-1-11043'>\n\t\t\t\tPietro \n\t\t\t\t<\/figcaption><\/figure><figure class='gallery-item'>\n\t\t\t<div class='gallery-icon portrait'>\n\t\t\t\t<a href='https:\/\/uscatletica.ch\/wp\/?attachment_id=11044'><img loading=\"lazy\" decoding=\"async\" width=\"315\" height=\"420\" src=\"https:\/\/i0.wp.com\/uscatletica.ch\/wp\/wp-content\/uploads\/2020\/09\/10.jpeg?fit=315%2C420&amp;ssl=1\" class=\"attachment-large size-large\" alt=\"\" aria-describedby=\"gallery-1-11044\" srcset=\"https:\/\/i0.wp.com\/uscatletica.ch\/wp\/wp-content\/uploads\/2020\/09\/10.jpeg?w=315&amp;ssl=1 315w, https:\/\/i0.wp.com\/uscatletica.ch\/wp\/wp-content\/uploads\/2020\/09\/10.jpeg?resize=225%2C300&amp;ssl=1 225w\" sizes=\"auto, (max-width: 315px) 100vw, 315px\" data-attachment-id=\"11044\" data-permalink=\"https:\/\/uscatletica.ch\/wp\/?attachment_id=11044\" data-orig-file=\"https:\/\/i0.wp.com\/uscatletica.ch\/wp\/wp-content\/uploads\/2020\/09\/10.jpeg?fit=315%2C420&amp;ssl=1\" data-orig-size=\"315,420\" data-comments-opened=\"0\" data-image-meta=\"{&quot;aperture&quot;:&quot;4.1&quot;,&quot;credit&quot;:&quot;&quot;,&quot;camera&quot;:&quot;DC-TZ91&quot;,&quot;caption&quot;:&quot;&quot;,&quot;created_timestamp&quot;:&quot;1600880678&quot;,&quot;copyright&quot;:&quot;&quot;,&quot;focal_length&quot;:&quot;9&quot;,&quot;iso&quot;:&quot;1250&quot;,&quot;shutter_speed&quot;:&quot;0.008&quot;,&quot;title&quot;:&quot;&quot;,&quot;orientation&quot;:&quot;0&quot;}\" data-image-title=\"10\" data-image-description=\"\" data-image-caption=\"&lt;p&gt;Giada&lt;\/p&gt;\n\" data-large-file=\"https:\/\/i0.wp.com\/uscatletica.ch\/wp\/wp-content\/uploads\/2020\/09\/10.jpeg?fit=315%2C420&amp;ssl=1\" \/><\/a>\n\t\t\t<\/div>\n\t\t\t\t<figcaption class='wp-caption-text gallery-caption' id='gallery-1-11044'>\n\t\t\t\tGiada\n\t\t\t\t<\/figcaption><\/figure><figure class='gallery-item'>\n\t\t\t<div class='gallery-icon portrait'>\n\t\t\t\t<a href='https:\/\/uscatletica.ch\/wp\/?attachment_id=11045'><img loading=\"lazy\" decoding=\"async\" width=\"315\" height=\"420\" src=\"https:\/\/i0.wp.com\/uscatletica.ch\/wp\/wp-content\/uploads\/2020\/09\/9.jpeg?fit=315%2C420&amp;ssl=1\" class=\"attachment-large size-large\" alt=\"\" aria-describedby=\"gallery-1-11045\" srcset=\"https:\/\/i0.wp.com\/uscatletica.ch\/wp\/wp-content\/uploads\/2020\/09\/9.jpeg?w=315&amp;ssl=1 315w, https:\/\/i0.wp.com\/uscatletica.ch\/wp\/wp-content\/uploads\/2020\/09\/9.jpeg?resize=225%2C300&amp;ssl=1 225w\" sizes=\"auto, (max-width: 315px) 100vw, 315px\" data-attachment-id=\"11045\" data-permalink=\"https:\/\/uscatletica.ch\/wp\/?attachment_id=11045\" data-orig-file=\"https:\/\/i0.wp.com\/uscatletica.ch\/wp\/wp-content\/uploads\/2020\/09\/9.jpeg?fit=315%2C420&amp;ssl=1\" data-orig-size=\"315,420\" data-comments-opened=\"0\" data-image-meta=\"{&quot;aperture&quot;:&quot;3.7&quot;,&quot;credit&quot;:&quot;&quot;,&quot;camera&quot;:&quot;DC-TZ91&quot;,&quot;caption&quot;:&quot;&quot;,&quot;created_timestamp&quot;:&quot;1600880641&quot;,&quot;copyright&quot;:&quot;&quot;,&quot;focal_length&quot;:&quot;6.7&quot;,&quot;iso&quot;:&quot;800&quot;,&quot;shutter_speed&quot;:&quot;0.0125&quot;,&quot;title&quot;:&quot;&quot;,&quot;orientation&quot;:&quot;0&quot;}\" data-image-title=\"9\" data-image-description=\"\" data-image-caption=\"&lt;p&gt;giovani mezzofondiste&lt;\/p&gt;\n\" data-large-file=\"https:\/\/i0.wp.com\/uscatletica.ch\/wp\/wp-content\/uploads\/2020\/09\/9.jpeg?fit=315%2C420&amp;ssl=1\" \/><\/a>\n\t\t\t<\/div>\n\t\t\t\t<figcaption class='wp-caption-text gallery-caption' id='gallery-1-11045'>\n\t\t\t\tgiovani mezzofondiste\n\t\t\t\t<\/figcaption><\/figure><figure class='gallery-item'>\n\t\t\t<div class='gallery-icon portrait'>\n\t\t\t\t<a href='https:\/\/uscatletica.ch\/wp\/?attachment_id=11046'><img loading=\"lazy\" decoding=\"async\" width=\"315\" height=\"420\" src=\"https:\/\/i0.wp.com\/uscatletica.ch\/wp\/wp-content\/uploads\/2020\/09\/8.jpeg?fit=315%2C420&amp;ssl=1\" class=\"attachment-large size-large\" alt=\"\" aria-describedby=\"gallery-1-11046\" srcset=\"https:\/\/i0.wp.com\/uscatletica.ch\/wp\/wp-content\/uploads\/2020\/09\/8.jpeg?w=315&amp;ssl=1 315w, https:\/\/i0.wp.com\/uscatletica.ch\/wp\/wp-content\/uploads\/2020\/09\/8.jpeg?resize=225%2C300&amp;ssl=1 225w\" sizes=\"auto, (max-width: 315px) 100vw, 315px\" data-attachment-id=\"11046\" data-permalink=\"https:\/\/uscatletica.ch\/wp\/?attachment_id=11046\" data-orig-file=\"https:\/\/i0.wp.com\/uscatletica.ch\/wp\/wp-content\/uploads\/2020\/09\/8.jpeg?fit=315%2C420&amp;ssl=1\" data-orig-size=\"315,420\" data-comments-opened=\"0\" data-image-meta=\"{&quot;aperture&quot;:&quot;3.7&quot;,&quot;credit&quot;:&quot;&quot;,&quot;camera&quot;:&quot;DC-TZ91&quot;,&quot;caption&quot;:&quot;&quot;,&quot;created_timestamp&quot;:&quot;1600880612&quot;,&quot;copyright&quot;:&quot;&quot;,&quot;focal_length&quot;:&quot;6.3&quot;,&quot;iso&quot;:&quot;800&quot;,&quot;shutter_speed&quot;:&quot;0.008&quot;,&quot;title&quot;:&quot;&quot;,&quot;orientation&quot;:&quot;0&quot;}\" data-image-title=\"8\" data-image-description=\"\" data-image-caption=\"&lt;p&gt;Morena&lt;\/p&gt;\n\" data-large-file=\"https:\/\/i0.wp.com\/uscatletica.ch\/wp\/wp-content\/uploads\/2020\/09\/8.jpeg?fit=315%2C420&amp;ssl=1\" \/><\/a>\n\t\t\t<\/div>\n\t\t\t\t<figcaption class='wp-caption-text gallery-caption' id='gallery-1-11046'>\n\t\t\t\tMorena\n\t\t\t\t<\/figcaption><\/figure><figure class='gallery-item'>\n\t\t\t<div class='gallery-icon landscape'>\n\t\t\t\t<a href='https:\/\/uscatletica.ch\/wp\/?attachment_id=11047'><img loading=\"lazy\" decoding=\"async\" width=\"420\" height=\"315\" src=\"https:\/\/i0.wp.com\/uscatletica.ch\/wp\/wp-content\/uploads\/2020\/09\/7.jpeg?fit=420%2C315&amp;ssl=1\" class=\"attachment-large size-large\" alt=\"\" srcset=\"https:\/\/i0.wp.com\/uscatletica.ch\/wp\/wp-content\/uploads\/2020\/09\/7.jpeg?w=420&amp;ssl=1 420w, https:\/\/i0.wp.com\/uscatletica.ch\/wp\/wp-content\/uploads\/2020\/09\/7.jpeg?resize=300%2C225&amp;ssl=1 300w\" sizes=\"auto, (max-width: 420px) 100vw, 420px\" data-attachment-id=\"11047\" data-permalink=\"https:\/\/uscatletica.ch\/wp\/?attachment_id=11047\" data-orig-file=\"https:\/\/i0.wp.com\/uscatletica.ch\/wp\/wp-content\/uploads\/2020\/09\/7.jpeg?fit=420%2C315&amp;ssl=1\" data-orig-size=\"420,315\" data-comments-opened=\"0\" data-image-meta=\"{&quot;aperture&quot;:&quot;3.3&quot;,&quot;credit&quot;:&quot;&quot;,&quot;camera&quot;:&quot;DC-TZ91&quot;,&quot;caption&quot;:&quot;&quot;,&quot;created_timestamp&quot;:&quot;1600880292&quot;,&quot;copyright&quot;:&quot;&quot;,&quot;focal_length&quot;:&quot;4.3&quot;,&quot;iso&quot;:&quot;640&quot;,&quot;shutter_speed&quot;:&quot;0.008&quot;,&quot;title&quot;:&quot;&quot;,&quot;orientation&quot;:&quot;0&quot;}\" data-image-title=\"7\" data-image-description=\"\" data-image-caption=\"\" data-large-file=\"https:\/\/i0.wp.com\/uscatletica.ch\/wp\/wp-content\/uploads\/2020\/09\/7.jpeg?fit=420%2C315&amp;ssl=1\" \/><\/a>\n\t\t\t<\/div><\/figure><figure class='gallery-item'>\n\t\t\t<div class='gallery-icon landscape'>\n\t\t\t\t<a href='https:\/\/uscatletica.ch\/wp\/?attachment_id=11048'><img loading=\"lazy\" decoding=\"async\" width=\"420\" height=\"315\" src=\"https:\/\/i0.wp.com\/uscatletica.ch\/wp\/wp-content\/uploads\/2020\/09\/6.jpeg?fit=420%2C315&amp;ssl=1\" class=\"attachment-large size-large\" alt=\"\" srcset=\"https:\/\/i0.wp.com\/uscatletica.ch\/wp\/wp-content\/uploads\/2020\/09\/6.jpeg?w=420&amp;ssl=1 420w, https:\/\/i0.wp.com\/uscatletica.ch\/wp\/wp-content\/uploads\/2020\/09\/6.jpeg?resize=300%2C225&amp;ssl=1 300w\" sizes=\"auto, (max-width: 420px) 100vw, 420px\" data-attachment-id=\"11048\" data-permalink=\"https:\/\/uscatletica.ch\/wp\/?attachment_id=11048\" data-orig-file=\"https:\/\/i0.wp.com\/uscatletica.ch\/wp\/wp-content\/uploads\/2020\/09\/6.jpeg?fit=420%2C315&amp;ssl=1\" data-orig-size=\"420,315\" data-comments-opened=\"0\" data-image-meta=\"{&quot;aperture&quot;:&quot;5.1&quot;,&quot;credit&quot;:&quot;&quot;,&quot;camera&quot;:&quot;DC-TZ91&quot;,&quot;caption&quot;:&quot;&quot;,&quot;created_timestamp&quot;:&quot;1600880263&quot;,&quot;copyright&quot;:&quot;&quot;,&quot;focal_length&quot;:&quot;19&quot;,&quot;iso&quot;:&quot;800&quot;,&quot;shutter_speed&quot;:&quot;0.0125&quot;,&quot;title&quot;:&quot;&quot;,&quot;orientation&quot;:&quot;0&quot;}\" data-image-title=\"6\" data-image-description=\"\" data-image-caption=\"\" data-large-file=\"https:\/\/i0.wp.com\/uscatletica.ch\/wp\/wp-content\/uploads\/2020\/09\/6.jpeg?fit=420%2C315&amp;ssl=1\" \/><\/a>\n\t\t\t<\/div><\/figure><figure class='gallery-item'>\n\t\t\t<div class='gallery-icon landscape'>\n\t\t\t\t<a href='https:\/\/uscatletica.ch\/wp\/?attachment_id=11049'><img loading=\"lazy\" decoding=\"async\" width=\"420\" height=\"315\" src=\"https:\/\/i0.wp.com\/uscatletica.ch\/wp\/wp-content\/uploads\/2020\/09\/5.jpeg?fit=420%2C315&amp;ssl=1\" class=\"attachment-large size-large\" alt=\"\" srcset=\"https:\/\/i0.wp.com\/uscatletica.ch\/wp\/wp-content\/uploads\/2020\/09\/5.jpeg?w=420&amp;ssl=1 420w, https:\/\/i0.wp.com\/uscatletica.ch\/wp\/wp-content\/uploads\/2020\/09\/5.jpeg?resize=300%2C225&amp;ssl=1 300w\" sizes=\"auto, (max-width: 420px) 100vw, 420px\" data-attachment-id=\"11049\" data-permalink=\"https:\/\/uscatletica.ch\/wp\/?attachment_id=11049\" data-orig-file=\"https:\/\/i0.wp.com\/uscatletica.ch\/wp\/wp-content\/uploads\/2020\/09\/5.jpeg?fit=420%2C315&amp;ssl=1\" data-orig-size=\"420,315\" data-comments-opened=\"0\" data-image-meta=\"{&quot;aperture&quot;:&quot;3.4&quot;,&quot;credit&quot;:&quot;&quot;,&quot;camera&quot;:&quot;DC-TZ91&quot;,&quot;caption&quot;:&quot;&quot;,&quot;created_timestamp&quot;:&quot;1600880128&quot;,&quot;copyright&quot;:&quot;&quot;,&quot;focal_length&quot;:&quot;4.7&quot;,&quot;iso&quot;:&quot;640&quot;,&quot;shutter_speed&quot;:&quot;0.008&quot;,&quot;title&quot;:&quot;&quot;,&quot;orientation&quot;:&quot;0&quot;}\" data-image-title=\"5\" data-image-description=\"\" data-image-caption=\"\" data-large-file=\"https:\/\/i0.wp.com\/uscatletica.ch\/wp\/wp-content\/uploads\/2020\/09\/5.jpeg?fit=420%2C315&amp;ssl=1\" \/><\/a>\n\t\t\t<\/div><\/figure><figure class='gallery-item'>\n\t\t\t<div class='gallery-icon portrait'>\n\t\t\t\t<a href='https:\/\/uscatletica.ch\/wp\/?attachment_id=11050'><img loading=\"lazy\" decoding=\"async\" width=\"315\" height=\"420\" src=\"https:\/\/i0.wp.com\/uscatletica.ch\/wp\/wp-content\/uploads\/2020\/09\/4.jpeg?fit=315%2C420&amp;ssl=1\" class=\"attachment-large size-large\" alt=\"\" aria-describedby=\"gallery-1-11050\" srcset=\"https:\/\/i0.wp.com\/uscatletica.ch\/wp\/wp-content\/uploads\/2020\/09\/4.jpeg?w=315&amp;ssl=1 315w, https:\/\/i0.wp.com\/uscatletica.ch\/wp\/wp-content\/uploads\/2020\/09\/4.jpeg?resize=225%2C300&amp;ssl=1 225w\" sizes=\"auto, (max-width: 315px) 100vw, 315px\" data-attachment-id=\"11050\" data-permalink=\"https:\/\/uscatletica.ch\/wp\/?attachment_id=11050\" data-orig-file=\"https:\/\/i0.wp.com\/uscatletica.ch\/wp\/wp-content\/uploads\/2020\/09\/4.jpeg?fit=315%2C420&amp;ssl=1\" data-orig-size=\"315,420\" data-comments-opened=\"0\" data-image-meta=\"{&quot;aperture&quot;:&quot;5.6&quot;,&quot;credit&quot;:&quot;&quot;,&quot;camera&quot;:&quot;DC-TZ91&quot;,&quot;caption&quot;:&quot;&quot;,&quot;created_timestamp&quot;:&quot;1600880119&quot;,&quot;copyright&quot;:&quot;&quot;,&quot;focal_length&quot;:&quot;47.5&quot;,&quot;iso&quot;:&quot;1000&quot;,&quot;shutter_speed&quot;:&quot;0.01&quot;,&quot;title&quot;:&quot;&quot;,&quot;orientation&quot;:&quot;0&quot;}\" data-image-title=\"4\" data-image-description=\"\" data-image-caption=\"&lt;p&gt;Olivia&lt;\/p&gt;\n\" data-large-file=\"https:\/\/i0.wp.com\/uscatletica.ch\/wp\/wp-content\/uploads\/2020\/09\/4.jpeg?fit=315%2C420&amp;ssl=1\" \/><\/a>\n\t\t\t<\/div>\n\t\t\t\t<figcaption class='wp-caption-text gallery-caption' id='gallery-1-11050'>\n\t\t\t\tOlivia\n\t\t\t\t<\/figcaption><\/figure><figure class='gallery-item'>\n\t\t\t<div class='gallery-icon portrait'>\n\t\t\t\t<a href='https:\/\/uscatletica.ch\/wp\/?attachment_id=11051'><img loading=\"lazy\" decoding=\"async\" width=\"315\" height=\"420\" src=\"https:\/\/i0.wp.com\/uscatletica.ch\/wp\/wp-content\/uploads\/2020\/09\/3.jpeg?fit=315%2C420&amp;ssl=1\" class=\"attachment-large size-large\" alt=\"\" aria-describedby=\"gallery-1-11051\" srcset=\"https:\/\/i0.wp.com\/uscatletica.ch\/wp\/wp-content\/uploads\/2020\/09\/3.jpeg?w=315&amp;ssl=1 315w, https:\/\/i0.wp.com\/uscatletica.ch\/wp\/wp-content\/uploads\/2020\/09\/3.jpeg?resize=225%2C300&amp;ssl=1 225w\" sizes=\"auto, (max-width: 315px) 100vw, 315px\" data-attachment-id=\"11051\" data-permalink=\"https:\/\/uscatletica.ch\/wp\/?attachment_id=11051\" data-orig-file=\"https:\/\/i0.wp.com\/uscatletica.ch\/wp\/wp-content\/uploads\/2020\/09\/3.jpeg?fit=315%2C420&amp;ssl=1\" data-orig-size=\"315,420\" data-comments-opened=\"0\" data-image-meta=\"{&quot;aperture&quot;:&quot;5.7&quot;,&quot;credit&quot;:&quot;&quot;,&quot;camera&quot;:&quot;DC-TZ91&quot;,&quot;caption&quot;:&quot;&quot;,&quot;created_timestamp&quot;:&quot;1600879980&quot;,&quot;copyright&quot;:&quot;&quot;,&quot;focal_length&quot;:&quot;50.5&quot;,&quot;iso&quot;:&quot;1250&quot;,&quot;shutter_speed&quot;:&quot;0.01&quot;,&quot;title&quot;:&quot;&quot;,&quot;orientation&quot;:&quot;0&quot;}\" data-image-title=\"3\" data-image-description=\"\" data-image-caption=\"&lt;p&gt;Pauline&lt;\/p&gt;\n\" data-large-file=\"https:\/\/i0.wp.com\/uscatletica.ch\/wp\/wp-content\/uploads\/2020\/09\/3.jpeg?fit=315%2C420&amp;ssl=1\" \/><\/a>\n\t\t\t<\/div>\n\t\t\t\t<figcaption class='wp-caption-text gallery-caption' id='gallery-1-11051'>\n\t\t\t\tPauline\n\t\t\t\t<\/figcaption><\/figure><figure class='gallery-item'>\n\t\t\t<div class='gallery-icon portrait'>\n\t\t\t\t<a href='https:\/\/uscatletica.ch\/wp\/?attachment_id=11052'><img loading=\"lazy\" decoding=\"async\" width=\"315\" height=\"420\" src=\"https:\/\/i0.wp.com\/uscatletica.ch\/wp\/wp-content\/uploads\/2020\/09\/2.jpeg?fit=315%2C420&amp;ssl=1\" class=\"attachment-large size-large\" alt=\"\" aria-describedby=\"gallery-1-11052\" srcset=\"https:\/\/i0.wp.com\/uscatletica.ch\/wp\/wp-content\/uploads\/2020\/09\/2.jpeg?w=315&amp;ssl=1 315w, https:\/\/i0.wp.com\/uscatletica.ch\/wp\/wp-content\/uploads\/2020\/09\/2.jpeg?resize=225%2C300&amp;ssl=1 225w\" sizes=\"auto, (max-width: 315px) 100vw, 315px\" data-attachment-id=\"11052\" data-permalink=\"https:\/\/uscatletica.ch\/wp\/?attachment_id=11052\" data-orig-file=\"https:\/\/i0.wp.com\/uscatletica.ch\/wp\/wp-content\/uploads\/2020\/09\/2.jpeg?fit=315%2C420&amp;ssl=1\" data-orig-size=\"315,420\" data-comments-opened=\"0\" data-image-meta=\"{&quot;aperture&quot;:&quot;6.3&quot;,&quot;credit&quot;:&quot;&quot;,&quot;camera&quot;:&quot;DC-TZ91&quot;,&quot;caption&quot;:&quot;&quot;,&quot;created_timestamp&quot;:&quot;1600879538&quot;,&quot;copyright&quot;:&quot;&quot;,&quot;focal_length&quot;:&quot;121.5&quot;,&quot;iso&quot;:&quot;1250&quot;,&quot;shutter_speed&quot;:&quot;0.008&quot;,&quot;title&quot;:&quot;&quot;,&quot;orientation&quot;:&quot;0&quot;}\" data-image-title=\"2\" data-image-description=\"\" data-image-caption=\"&lt;p&gt;Marco &lt;\/p&gt;\n\" data-large-file=\"https:\/\/i0.wp.com\/uscatletica.ch\/wp\/wp-content\/uploads\/2020\/09\/2.jpeg?fit=315%2C420&amp;ssl=1\" \/><\/a>\n\t\t\t<\/div>\n\t\t\t\t<figcaption class='wp-caption-text gallery-caption' id='gallery-1-11052'>\n\t\t\t\tMarco \n\t\t\t\t<\/figcaption><\/figure><figure class='gallery-item'>\n\t\t\t<div class='gallery-icon landscape'>\n\t\t\t\t<a href='https:\/\/uscatletica.ch\/wp\/?attachment_id=11053'><img loading=\"lazy\" decoding=\"async\" width=\"420\" height=\"315\" src=\"https:\/\/i0.wp.com\/uscatletica.ch\/wp\/wp-content\/uploads\/2020\/09\/121.jpeg?fit=420%2C315&amp;ssl=1\" class=\"attachment-large size-large\" alt=\"\" aria-describedby=\"gallery-1-11053\" srcset=\"https:\/\/i0.wp.com\/uscatletica.ch\/wp\/wp-content\/uploads\/2020\/09\/121.jpeg?w=420&amp;ssl=1 420w, https:\/\/i0.wp.com\/uscatletica.ch\/wp\/wp-content\/uploads\/2020\/09\/121.jpeg?resize=300%2C225&amp;ssl=1 300w\" sizes=\"auto, (max-width: 420px) 100vw, 420px\" data-attachment-id=\"11053\" data-permalink=\"https:\/\/uscatletica.ch\/wp\/?attachment_id=11053\" data-orig-file=\"https:\/\/i0.wp.com\/uscatletica.ch\/wp\/wp-content\/uploads\/2020\/09\/121.jpeg?fit=420%2C315&amp;ssl=1\" data-orig-size=\"420,315\" data-comments-opened=\"0\" data-image-meta=\"{&quot;aperture&quot;:&quot;3.3&quot;,&quot;credit&quot;:&quot;&quot;,&quot;camera&quot;:&quot;DC-TZ91&quot;,&quot;caption&quot;:&quot;&quot;,&quot;created_timestamp&quot;:&quot;1600876836&quot;,&quot;copyright&quot;:&quot;&quot;,&quot;focal_length&quot;:&quot;4.3&quot;,&quot;iso&quot;:&quot;1250&quot;,&quot;shutter_speed&quot;:&quot;0.008&quot;,&quot;title&quot;:&quot;&quot;,&quot;orientation&quot;:&quot;0&quot;}\" data-image-title=\"121\" data-image-description=\"\" data-image-caption=\"&lt;p&gt;Sala Pesi Kariem &lt;\/p&gt;\n\" data-large-file=\"https:\/\/i0.wp.com\/uscatletica.ch\/wp\/wp-content\/uploads\/2020\/09\/121.jpeg?fit=420%2C315&amp;ssl=1\" \/><\/a>\n\t\t\t<\/div>\n\t\t\t\t<figcaption class='wp-caption-text gallery-caption' id='gallery-1-11053'>\n\t\t\t\tSala Pesi Kariem \n\t\t\t\t<\/figcaption><\/figure><figure class='gallery-item'>\n\t\t\t<div class='gallery-icon landscape'>\n\t\t\t\t<a href='https:\/\/uscatletica.ch\/wp\/?attachment_id=11054'><img loading=\"lazy\" decoding=\"async\" width=\"420\" height=\"315\" src=\"https:\/\/i0.wp.com\/uscatletica.ch\/wp\/wp-content\/uploads\/2020\/09\/1.jpeg?fit=420%2C315&amp;ssl=1\" class=\"attachment-large size-large\" alt=\"\" srcset=\"https:\/\/i0.wp.com\/uscatletica.ch\/wp\/wp-content\/uploads\/2020\/09\/1.jpeg?w=420&amp;ssl=1 420w, https:\/\/i0.wp.com\/uscatletica.ch\/wp\/wp-content\/uploads\/2020\/09\/1.jpeg?resize=300%2C225&amp;ssl=1 300w\" sizes=\"auto, (max-width: 420px) 100vw, 420px\" data-attachment-id=\"11054\" data-permalink=\"https:\/\/uscatletica.ch\/wp\/?attachment_id=11054\" data-orig-file=\"https:\/\/i0.wp.com\/uscatletica.ch\/wp\/wp-content\/uploads\/2020\/09\/1.jpeg?fit=420%2C315&amp;ssl=1\" data-orig-size=\"420,315\" data-comments-opened=\"0\" data-image-meta=\"{&quot;aperture&quot;:&quot;5.2&quot;,&quot;credit&quot;:&quot;&quot;,&quot;camera&quot;:&quot;DC-TZ91&quot;,&quot;caption&quot;:&quot;&quot;,&quot;created_timestamp&quot;:&quot;1600882056&quot;,&quot;copyright&quot;:&quot;&quot;,&quot;focal_length&quot;:&quot;22.3&quot;,&quot;iso&quot;:&quot;1600&quot;,&quot;shutter_speed&quot;:&quot;0.04&quot;,&quot;title&quot;:&quot;&quot;,&quot;orientation&quot;:&quot;0&quot;}\" data-image-title=\"1\" data-image-description=\"\" data-image-caption=\"\" data-large-file=\"https:\/\/i0.wp.com\/uscatletica.ch\/wp\/wp-content\/uploads\/2020\/09\/1.jpeg?fit=420%2C315&amp;ssl=1\" \/><\/a>\n\t\t\t<\/div><\/figure><figure class='gallery-item'>\n\t\t\t<div class='gallery-icon portrait'>\n\t\t\t\t<a href='https:\/\/uscatletica.ch\/wp\/?attachment_id=11070'><img loading=\"lazy\" decoding=\"async\" width=\"324\" height=\"432\" src=\"https:\/\/i0.wp.com\/uscatletica.ch\/wp\/wp-content\/uploads\/2020\/09\/hiarkarien.jpg?fit=324%2C432&amp;ssl=1\" class=\"attachment-large size-large\" alt=\"\" aria-describedby=\"gallery-1-11070\" srcset=\"https:\/\/i0.wp.com\/uscatletica.ch\/wp\/wp-content\/uploads\/2020\/09\/hiarkarien.jpg?w=324&amp;ssl=1 324w, https:\/\/i0.wp.com\/uscatletica.ch\/wp\/wp-content\/uploads\/2020\/09\/hiarkarien.jpg?resize=225%2C300&amp;ssl=1 225w\" sizes=\"auto, (max-width: 324px) 100vw, 324px\" data-attachment-id=\"11070\" data-permalink=\"https:\/\/uscatletica.ch\/wp\/?attachment_id=11070\" data-orig-file=\"https:\/\/i0.wp.com\/uscatletica.ch\/wp\/wp-content\/uploads\/2020\/09\/hiarkarien.jpg?fit=324%2C432&amp;ssl=1\" data-orig-size=\"324,432\" data-comments-opened=\"0\" data-image-meta=\"{&quot;aperture&quot;:&quot;0&quot;,&quot;credit&quot;:&quot;&quot;,&quot;camera&quot;:&quot;&quot;,&quot;caption&quot;:&quot;&quot;,&quot;created_timestamp&quot;:&quot;0&quot;,&quot;copyright&quot;:&quot;&quot;,&quot;focal_length&quot;:&quot;0&quot;,&quot;iso&quot;:&quot;0&quot;,&quot;shutter_speed&quot;:&quot;0&quot;,&quot;title&quot;:&quot;&quot;,&quot;orientation&quot;:&quot;1&quot;}\" data-image-title=\"hiarkarien\" data-image-description=\"\" data-image-caption=\"&lt;p&gt;Chiara e Kariem&lt;\/p&gt;\n\" data-large-file=\"https:\/\/i0.wp.com\/uscatletica.ch\/wp\/wp-content\/uploads\/2020\/09\/hiarkarien.jpg?fit=324%2C432&amp;ssl=1\" \/><\/a>\n\t\t\t<\/div>\n\t\t\t\t<figcaption class='wp-caption-text gallery-caption' id='gallery-1-11070'>\n\t\t\t\tChiara e Kariem\n\t\t\t\t<\/figcaption><\/figure>\n\t\t<\/div>\n\n<p>Primatistadio200923 <img data-recalc-dims=\"1\" loading=\"lazy\" decoding=\"async\" class=\"aligncenter size-large wp-image-11094\" src=\"https:\/\/i0.wp.com\/uscatletica.ch\/wp\/wp-content\/uploads\/2020\/09\/Primatistadio200923-721x1024.jpg?resize=640%2C909&#038;ssl=1\" alt=\"\" width=\"640\" height=\"909\" \/><\/p>\n","protected":false},"excerpt":{"rendered":"<p>La 14 edizione del Meeting Capriaschese rester\u00e0 certamente negli annali della nostra piccola USC il campione europeo dei 400 m di Zurich 2014 Kariem Hussein ci ha onorato della sua presenza e grazie ad un team affiatato e motivato i 200 atleti presenti hanno potuto gareggiare e godersi una splendida serata di atletica \u00a0nonostante una fastidiosa pioggerellina Da Milano \u00e8 arrivato ad assistere i suoi giovani atleti il leggendario coach Giorgio Rondelli uno dei grandi&#8230;<\/p>\n","protected":false},"author":4,"featured_media":11054,"comment_status":"closed","ping_status":"closed","sticky":false,"template":"","format":"standard","meta":{"jetpack_post_was_ever_published":false,"_jetpack_newsletter_access":"","_jetpack_dont_email_post_to_subs":false,"_jetpack_newsletter_tier_id":0,"_jetpack_memberships_contains_paywalled_content":false,"_jetpack_memberships_contains_paid_content":false,"footnotes":"","jetpack_publicize_message":"","jetpack_publicize_feature_enabled":true,"jetpack_social_post_already_shared":false,"jetpack_social_options":{"image_generator_settings":{"template":"highway","default_image_id":0,"font":"","enabled":false},"version":2}},"categories":[6,4,9],"tags":[],"class_list":["post-11033","post","type-post","status-publish","format-standard","has-post-thumbnail","hentry","category-non-catalogato","category-pista","category-sport"],"jetpack_publicize_connections":[],"jetpack_featured_media_url":"https:\/\/i0.wp.com\/uscatletica.ch\/wp\/wp-content\/uploads\/2020\/09\/1.jpeg?fit=420%2C315&ssl=1","jetpack_sharing_enabled":true,"jetpack_shortlink":"https:\/\/wp.me\/p6V7Ck-2RX","jetpack-related-posts":[{"id":11112,"url":"https:\/\/uscatletica.ch\/wp\/?p=11112","url_meta":{"origin":11033,"position":0},"title":"Monthey Bellinzona Tesserete Lugano si chiude la stagione con i giovanili","author":"Leonida Stampanoni","date":"25 Settembre 2020","format":false,"excerpt":"Intenso fine settimana per gli atleti USC ,sabato No\u00e9, Jennis, e Federica saranno a Monthey per la finale del MilLe Gruyere Kariem Hussein far\u00e0 tappa ai campionati svizzeri Masters dove Elia chiuder\u00e0 la sua stagione. Domenica dopo la seconda edizione del Gir dal Diavol a Lugano ci saranno i Campionati\u2026","rel":"","context":"In &quot;Pista&quot;","block_context":{"text":"Pista","link":"https:\/\/uscatletica.ch\/wp\/?cat=4"},"img":{"alt_text":"","src":"https:\/\/i0.wp.com\/uscatletica.ch\/wp\/wp-content\/uploads\/2020\/09\/1.jpeg?fit=420%2C315&ssl=1&resize=350%2C200","width":350,"height":200},"classes":[]},{"id":15279,"url":"https:\/\/uscatletica.ch\/wp\/?p=15279","url_meta":{"origin":11033,"position":1},"title":"USC in gran forma a Locarno Roby Campione Chiara da mondiale","author":"Leonida Stampanoni","date":"21 Maggio 2022","format":false,"excerpt":"Un caldo pomeriggio quasi estivo, con temperature molto alte \u00a0hanno accolto a Locarno una decina di atlete ed atleti USC in gara per la prima tappa del Gran Prix BancaStato FTAL e per il campionato ticinese di 3000 m e 5000 m. \u00a0A fine pomeriggio il bilancio USC \u00e8 \u00a0grandioso\u2026","rel":"","context":"In &quot;Pista&quot;","block_context":{"text":"Pista","link":"https:\/\/uscatletica.ch\/wp\/?cat=4"},"img":{"alt_text":"","src":"https:\/\/i0.wp.com\/uscatletica.ch\/wp\/wp-content\/uploads\/2020\/07\/podio2020500ftal.jpg?fit=373%2C280&ssl=1&resize=350%2C200","width":350,"height":200},"classes":[]},{"id":2008,"url":"https:\/\/uscatletica.ch\/wp\/?p=2008","url_meta":{"origin":11033,"position":2},"title":"Scintillante Gal\u00e0 dei Castelli bravo Simone  (Simone vento regolare Stampa)","author":"Leonida Stampanoni","date":"7 Giugno 2016","format":false,"excerpt":"Nella splendida serata del Gal\u00e0 dei Castelli tra le grandi stelle dell'atletica mondiale c'era pure il nostro Simone al via nella gara ad invito dei 100 m U18 Terminata sul podio ottenendo pure il limite per i campionati svizzeri. La vittoria con la conferma del limite per gli europei U18\u2026","rel":"","context":"In &quot;Pista&quot;","block_context":{"text":"Pista","link":"https:\/\/uscatletica.ch\/wp\/?cat=4"},"img":{"alt_text":"","src":"https:\/\/i0.wp.com\/uscatletica.ch\/wp\/wp-content\/uploads\/2016\/06\/P1400724.jpg?fit=563%2C422&ssl=1&resize=350%2C200","width":350,"height":200,"srcset":"https:\/\/i0.wp.com\/uscatletica.ch\/wp\/wp-content\/uploads\/2016\/06\/P1400724.jpg?fit=563%2C422&ssl=1&resize=350%2C200 1x, https:\/\/i0.wp.com\/uscatletica.ch\/wp\/wp-content\/uploads\/2016\/06\/P1400724.jpg?fit=563%2C422&ssl=1&resize=525%2C300 1.5x"},"classes":[]},{"id":12891,"url":"https:\/\/uscatletica.ch\/wp\/?p=12891","url_meta":{"origin":11033,"position":3},"title":"CAMPIONATI SVIZZERI GIADA  BRONZO e PRIMATO TICINESE U20, ROBY PERSONALE","author":"Leonida Stampanoni","date":"27 Giugno 2021","format":false,"excerpt":"Nella prima spumeggiante giornata dei campionati svizzeri assoluti allo stadio Hard di Langenthal. Ottima prestazione di Roby nel 5000 m \u00a0con il personale che lo porta a soli due secondi dai primi dieci risultati di sempre in Ticino. La serata \u00e8 stata illuminata dalla storica finale dei 100 m femminili\u2026","rel":"","context":"In &quot;Pista&quot;","block_context":{"text":"Pista","link":"https:\/\/uscatletica.ch\/wp\/?cat=4"},"img":{"alt_text":"","src":"https:\/\/i0.wp.com\/uscatletica.ch\/wp\/wp-content\/uploads\/2021\/06\/GIADAPODIOCS21B.jpg?fit=640%2C480&ssl=1&resize=350%2C200","width":350,"height":200,"srcset":"https:\/\/i0.wp.com\/uscatletica.ch\/wp\/wp-content\/uploads\/2021\/06\/GIADAPODIOCS21B.jpg?fit=640%2C480&ssl=1&resize=350%2C200 1x, https:\/\/i0.wp.com\/uscatletica.ch\/wp\/wp-content\/uploads\/2021\/06\/GIADAPODIOCS21B.jpg?fit=640%2C480&ssl=1&resize=525%2C300 1.5x"},"classes":[]},{"id":6350,"url":"https:\/\/uscatletica.ch\/wp\/?p=6350","url_meta":{"origin":11033,"position":4},"title":"Gaia e Chiara al Gal\u00e0 dei Castelli","author":"Leonida Stampanoni","date":"17 Luglio 2018","format":false,"excerpt":"L'atletica svizzera, nel mese dei mondiali di Calcio, \u00e8 riuscita ha rapire il cuore degli appassionati a suon di prestazioni mirabolanti. l'ultima ciliegina sulla torta sar\u00e0 il Gal\u00e0 dei Castelli che porter\u00e0 al comunale il meglio nel atletica nazionale e mondiale specialmente sui 100 m. Nel mezzo di tanta aristocrazia\u2026","rel":"","context":"In &quot;Altro&quot;","block_context":{"text":"Altro","link":"https:\/\/uscatletica.ch\/wp\/?cat=11"},"img":{"alt_text":"","src":"https:\/\/i0.wp.com\/uscatletica.ch\/wp\/wp-content\/uploads\/2017\/05\/P1460253.jpg?fit=563%2C422&ssl=1&resize=350%2C200","width":350,"height":200,"srcset":"https:\/\/i0.wp.com\/uscatletica.ch\/wp\/wp-content\/uploads\/2017\/05\/P1460253.jpg?fit=563%2C422&ssl=1&resize=350%2C200 1x, https:\/\/i0.wp.com\/uscatletica.ch\/wp\/wp-content\/uploads\/2017\/05\/P1460253.jpg?fit=563%2C422&ssl=1&resize=525%2C300 1.5x"},"classes":[]},{"id":12628,"url":"https:\/\/uscatletica.ch\/wp\/?p=12628","url_meta":{"origin":11033,"position":5},"title":"Una dozzina di USCini al Sihlholzli per CS ORIENTALE","author":"Leonida Stampanoni","date":"18 Giugno 2021","format":false,"excerpt":"Sabato saranno \u00a0una dozzina gli USCini impegnati al Sihlholzli di Zurich per i campionati della Svizzera Orientale. Nella stessa sede dove nel 2019 \u00a0\u00a0Giada vinse il titolo Morena e Gaia vinsero il bronzo. Finalmente tutti si potranno confrontare nuovamente con i nostri avversari di oltre Gottardo\u00a0 Seguite le gare live\u2026","rel":"","context":"In &quot;Pista&quot;","block_context":{"text":"Pista","link":"https:\/\/uscatletica.ch\/wp\/?cat=4"},"img":{"alt_text":"","src":"https:\/\/i0.wp.com\/uscatletica.ch\/wp\/wp-content\/uploads\/2020\/09\/7-1.jpeg?fit=420%2C315&ssl=1&resize=350%2C200","width":350,"height":200},"classes":[]}],"_links":{"self":[{"href":"https:\/\/uscatletica.ch\/wp\/index.php?rest_route=\/wp\/v2\/posts\/11033","targetHints":{"allow":["GET"]}}],"collection":[{"href":"https:\/\/uscatletica.ch\/wp\/index.php?rest_route=\/wp\/v2\/posts"}],"about":[{"href":"https:\/\/uscatletica.ch\/wp\/index.php?rest_route=\/wp\/v2\/types\/post"}],"author":[{"embeddable":true,"href":"https:\/\/uscatletica.ch\/wp\/index.php?rest_route=\/wp\/v2\/users\/4"}],"replies":[{"embeddable":true,"href":"https:\/\/uscatletica.ch\/wp\/index.php?rest_route=%2Fwp%2Fv2%2Fcomments&post=11033"}],"version-history":[{"count":8,"href":"https:\/\/uscatletica.ch\/wp\/index.php?rest_route=\/wp\/v2\/posts\/11033\/revisions"}],"predecessor-version":[{"id":11111,"href":"https:\/\/uscatletica.ch\/wp\/index.php?rest_route=\/wp\/v2\/posts\/11033\/revisions\/11111"}],"wp:featuredmedia":[{"embeddable":true,"href":"https:\/\/uscatletica.ch\/wp\/index.php?rest_route=\/wp\/v2\/media\/11054"}],"wp:attachment":[{"href":"https:\/\/uscatletica.ch\/wp\/index.php?rest_route=%2Fwp%2Fv2%2Fmedia&parent=11033"}],"wp:term":[{"taxonomy":"category","embeddable":true,"href":"https:\/\/uscatletica.ch\/wp\/index.php?rest_route=%2Fwp%2Fv2%2Fcategories&post=11033"},{"taxonomy":"post_tag","embeddable":true,"href":"https:\/\/uscatletica.ch\/wp\/index.php?rest_route=%2Fwp%2Fv2%2Ftags&post=11033"}],"curies":[{"name":"wp","href":"https:\/\/api.w.org\/{rel}","templated":true}]}}