{"id":1108,"date":"2016-03-27T12:10:45","date_gmt":"2016-03-27T10:10:45","guid":{"rendered":"http:\/\/uscatletica.ch\/wp\/?p=1108"},"modified":"2016-03-28T19:25:13","modified_gmt":"2016-03-28T17:25:13","slug":"giro-media-blenio-campioni-appassionati-ed-una-magica-atmosfera","status":"publish","type":"post","link":"https:\/\/uscatletica.ch\/wp\/?p=1108","title":{"rendered":"Giro Media Blenio campioni appassionati ed una magica atmosfera"},"content":{"rendered":"<p>La 32<sup>a<\/sup> edizione del <a href=\"http:\/\/www.mediablenio.ch\/\" target=\"_blank\">Giro Media Blenio<\/a> accoglier\u00e0 luned\u00ec oltre 1000 appassionati a Dongio tra le varie prove che permetteranno ad atleti dai 5 agli 80 anni di vivere una speciale giornata di sport da condividere con alcuni dei migliori podisti del mondo.<\/p>\n<p><a href=\"https:\/\/www.datasport.com\/live\/search\/?racenr=18123\" target=\"_blank\">Risultati live da Dongio<\/a><a href=\"https:\/\/i0.wp.com\/uscatletica.ch\/wp\/wp-content\/uploads\/2016\/03\/imggmb2016.png?ssl=1\" rel=\"attachment wp-att-1112\"><img data-recalc-dims=\"1\" loading=\"lazy\" decoding=\"async\" data-attachment-id=\"1112\" data-permalink=\"https:\/\/uscatletica.ch\/wp\/?attachment_id=1112\" data-orig-file=\"https:\/\/i0.wp.com\/uscatletica.ch\/wp\/wp-content\/uploads\/2016\/03\/imggmb2016.png?fit=379%2C145&amp;ssl=1\" data-orig-size=\"379,145\" data-comments-opened=\"0\" data-image-meta=\"{&quot;aperture&quot;:&quot;0&quot;,&quot;credit&quot;:&quot;&quot;,&quot;camera&quot;:&quot;&quot;,&quot;caption&quot;:&quot;&quot;,&quot;created_timestamp&quot;:&quot;0&quot;,&quot;copyright&quot;:&quot;&quot;,&quot;focal_length&quot;:&quot;0&quot;,&quot;iso&quot;:&quot;0&quot;,&quot;shutter_speed&quot;:&quot;0&quot;,&quot;title&quot;:&quot;&quot;,&quot;orientation&quot;:&quot;0&quot;}\" data-image-title=\"imggmb2016\" data-image-description=\"\" data-image-caption=\"\" data-large-file=\"https:\/\/i0.wp.com\/uscatletica.ch\/wp\/wp-content\/uploads\/2016\/03\/imggmb2016.png?fit=379%2C145&amp;ssl=1\" class=\"wp-image-1112 aligncenter\" src=\"https:\/\/i0.wp.com\/uscatletica.ch\/wp\/wp-content\/uploads\/2016\/03\/imggmb2016.png?resize=105%2C40&#038;ssl=1\" alt=\"imggmb2016\" width=\"105\" height=\"40\" srcset=\"https:\/\/i0.wp.com\/uscatletica.ch\/wp\/wp-content\/uploads\/2016\/03\/imggmb2016.png?resize=300%2C115&amp;ssl=1 300w, https:\/\/i0.wp.com\/uscatletica.ch\/wp\/wp-content\/uploads\/2016\/03\/imggmb2016.png?w=379&amp;ssl=1 379w\" sizes=\"auto, (max-width: 105px) 100vw, 105px\" \/><\/a><\/p>\n<p>Quasi trenta gli USCini al via tra i 900 atleti che si sfideranno sulla classica 10 km \u00a04 le squadre iscritte nella speciale classifica. \u00a0Partenza alle 11.00 per la prima prova della coppa Ticino podismo<\/p>\n<p>A partire dalle 14.00 saranno una dozzina i nostri giovani del Minigiro che lancer\u00e0 la coppa Ticino giovanile di podismo per U14 \u00a0e U16.<\/p>\n<p>&nbsp;<\/p>\n","protected":false},"excerpt":{"rendered":"<p>La 32a edizione del Giro Media Blenio accoglier\u00e0 luned\u00ec oltre 1000 appassionati a Dongio tra le varie prove che permetteranno ad atleti dai 5 agli 80 anni di vivere una speciale giornata di sport da condividere con alcuni dei migliori podisti del mondo. Risultati live da Dongio Quasi trenta gli USCini al via tra i 900 atleti che si sfideranno sulla classica 10 km \u00a04 le squadre iscritte nella speciale classifica. \u00a0Partenza alle 11.00 per&#8230;<\/p>\n","protected":false},"author":4,"featured_media":1109,"comment_status":"closed","ping_status":"closed","sticky":false,"template":"","format":"standard","meta":{"jetpack_post_was_ever_published":false,"_jetpack_newsletter_access":"","_jetpack_dont_email_post_to_subs":false,"_jetpack_newsletter_tier_id":0,"_jetpack_memberships_contains_paywalled_content":false,"_jetpack_memberships_contains_paid_content":false,"footnotes":"","jetpack_publicize_message":"","jetpack_publicize_feature_enabled":true,"jetpack_social_post_already_shared":true,"jetpack_social_options":{"image_generator_settings":{"template":"highway","default_image_id":0,"font":"","enabled":false},"version":2}},"categories":[5],"tags":[],"class_list":["post-1108","post","type-post","status-publish","format-standard","has-post-thumbnail","hentry","category-podismo"],"jetpack_publicize_connections":[],"jetpack_featured_media_url":"https:\/\/i0.wp.com\/uscatletica.ch\/wp\/wp-content\/uploads\/2016\/03\/lsluz15e.jpg?fit=400%2C267&ssl=1","jetpack_sharing_enabled":true,"jetpack_shortlink":"https:\/\/wp.me\/p6V7Ck-hS","jetpack-related-posts":[{"id":3991,"url":"https:\/\/uscatletica.ch\/wp\/?p=3991","url_meta":{"origin":1108,"position":0},"title":"Giro Media Blenio la pasqua dei podisti","author":"Leonida Stampanoni","date":"15 Aprile 2017","format":false,"excerpt":"Una ventina di USCini parteciperanno Lunedi alla 33 edizione del Giro Media Blenio al via della classifca sui 10 km sono attesi circa \u00a0900 atleti. Al via anche un centinaio di giovani nelle gare giovanili dove spicca la gara sui 2 km valida per la coppa Ticino ASTi giovanile \u00a0guidata\u2026","rel":"","context":"In &quot;Podismo&quot;","block_context":{"text":"Podismo","link":"https:\/\/uscatletica.ch\/wp\/?cat=5"},"img":{"alt_text":"","src":"https:\/\/i0.wp.com\/uscatletica.ch\/wp\/wp-content\/uploads\/2017\/04\/P1450746.jpg?fit=563%2C422&ssl=1&resize=350%2C200","width":350,"height":200,"srcset":"https:\/\/i0.wp.com\/uscatletica.ch\/wp\/wp-content\/uploads\/2017\/04\/P1450746.jpg?fit=563%2C422&ssl=1&resize=350%2C200 1x, https:\/\/i0.wp.com\/uscatletica.ch\/wp\/wp-content\/uploads\/2017\/04\/P1450746.jpg?fit=563%2C422&ssl=1&resize=525%2C300 1.5x"},"classes":[]},{"id":20792,"url":"https:\/\/uscatletica.ch\/wp\/?p=20792","url_meta":{"origin":1108,"position":1},"title":"Media Blenio Ottima USC","author":"Leonida Stampanoni","date":"21 Aprile 2025","format":false,"excerpt":"La 41a\u00a0edizione del Giro Media Blenio ha accolto a Dongio quasi 500 atleti dai 6 ai 90 anni. Una bella giornata primaverile ha permesso alla trentina di USCini al via di esprimersi al meglio. Sul tracciato classico vittoria per Tommaso \u00a0Marani in 33'04 ed Alice Fritzsche in 39'16 .Doppietta USC\u2026","rel":"","context":"In &quot;Podismo&quot;","block_context":{"text":"Podismo","link":"https:\/\/uscatletica.ch\/wp\/?cat=5"},"img":{"alt_text":"","src":"https:\/\/i0.wp.com\/uscatletica.ch\/wp\/wp-content\/uploads\/2025\/04\/Logo_GMB_41esima_OMINO_250331_205245.png?fit=1000%2C626&ssl=1&resize=350%2C200","width":350,"height":200,"srcset":"https:\/\/i0.wp.com\/uscatletica.ch\/wp\/wp-content\/uploads\/2025\/04\/Logo_GMB_41esima_OMINO_250331_205245.png?fit=1000%2C626&ssl=1&resize=350%2C200 1x, https:\/\/i0.wp.com\/uscatletica.ch\/wp\/wp-content\/uploads\/2025\/04\/Logo_GMB_41esima_OMINO_250331_205245.png?fit=1000%2C626&ssl=1&resize=525%2C300 1.5x, https:\/\/i0.wp.com\/uscatletica.ch\/wp\/wp-content\/uploads\/2025\/04\/Logo_GMB_41esima_OMINO_250331_205245.png?fit=1000%2C626&ssl=1&resize=700%2C400 2x"},"classes":[]},{"id":5846,"url":"https:\/\/uscatletica.ch\/wp\/?p=5846","url_meta":{"origin":1108,"position":2},"title":"Da Vacallo a Stabio per un fine settimana targato ASTi","author":"Leonida Stampanoni","date":"14 Aprile 2018","format":false,"excerpt":"Fine settimana con un doppio impegno mom\u00f2 per gli USCini sabato nel tardo pomeriggio ci sar\u00e0 la 54 edizione della Staffetta Vacallo seconda prova del TAS, domenica mattina a Stabio si correr\u00e0 ma 34 edizione del giro podistico\u00a0 seconda prova della coppa ASTi podismo e della coppa giovanile. Il programma\u2026","rel":"","context":"In &quot;Podismo&quot;","block_context":{"text":"Podismo","link":"https:\/\/uscatletica.ch\/wp\/?cat=5"},"img":{"alt_text":"","src":"https:\/\/i0.wp.com\/uscatletica.ch\/wp\/wp-content\/uploads\/2018\/04\/bct2018rdee.jpg?fit=532%2C354&ssl=1&resize=350%2C200","width":350,"height":200,"srcset":"https:\/\/i0.wp.com\/uscatletica.ch\/wp\/wp-content\/uploads\/2018\/04\/bct2018rdee.jpg?fit=532%2C354&ssl=1&resize=350%2C200 1x, https:\/\/i0.wp.com\/uscatletica.ch\/wp\/wp-content\/uploads\/2018\/04\/bct2018rdee.jpg?fit=532%2C354&ssl=1&resize=525%2C300 1.5x"},"classes":[]},{"id":18483,"url":"https:\/\/uscatletica.ch\/wp\/?p=18483","url_meta":{"origin":1108,"position":3},"title":"A Dongio parte la stagione di Cross","author":"Leonida Stampanoni","date":"10 Novembre 2023","format":false,"excerpt":"La stagione di cross 2023-2024 sar\u00e0 speciale per il Ticino infatti si chiuder\u00e0 con i campionati svizzeri di Moghegno prova finale della coppa Ticino. Sabato ci sar\u00e0 il tradizionale debutto sui prati golenali di Dongio. Una quarantina di atleti\/e \u00a0USC al via in valle di Blenio . \u00a0Lo scorso anno\u2026","rel":"","context":"In &quot;Cross&quot;","block_context":{"text":"Cross","link":"https:\/\/uscatletica.ch\/wp\/?cat=7"},"img":{"alt_text":"","src":"https:\/\/i0.wp.com\/uscatletica.ch\/wp\/wp-content\/uploads\/2022\/11\/CrossUSC22-foto-EliSta.jpg?fit=1089%2C643&ssl=1&resize=350%2C200","width":350,"height":200,"srcset":"https:\/\/i0.wp.com\/uscatletica.ch\/wp\/wp-content\/uploads\/2022\/11\/CrossUSC22-foto-EliSta.jpg?fit=1089%2C643&ssl=1&resize=350%2C200 1x, https:\/\/i0.wp.com\/uscatletica.ch\/wp\/wp-content\/uploads\/2022\/11\/CrossUSC22-foto-EliSta.jpg?fit=1089%2C643&ssl=1&resize=525%2C300 1.5x, https:\/\/i0.wp.com\/uscatletica.ch\/wp\/wp-content\/uploads\/2022\/11\/CrossUSC22-foto-EliSta.jpg?fit=1089%2C643&ssl=1&resize=700%2C400 2x, https:\/\/i0.wp.com\/uscatletica.ch\/wp\/wp-content\/uploads\/2022\/11\/CrossUSC22-foto-EliSta.jpg?fit=1089%2C643&ssl=1&resize=1050%2C600 3x"},"classes":[]},{"id":7976,"url":"https:\/\/uscatletica.ch\/wp\/?p=7976","url_meta":{"origin":1108,"position":4},"title":"ROBY AL VIA DEL GP MEDIA BLENIO","author":"Leonida Stampanoni","date":"21 Aprile 2019","format":false,"excerpt":"La 35 edzione del Giro Media Blenio segna il ritorno dell'USC al via del Grand prix ad una quindicina di anni dall'ultima apparizione nel gal\u00e0 pomeridiano Roby sar\u00e0 il quinto USCino al sfidare i grandi atleti degli altipiani dopo Jonathan, Marzio, Ivan e Massimo protagonisti negli anni 90 e 2000.\u2026","rel":"","context":"In &quot;Podismo&quot;","block_context":{"text":"Podismo","link":"https:\/\/uscatletica.ch\/wp\/?cat=5"},"img":{"alt_text":"","src":"https:\/\/i0.wp.com\/uscatletica.ch\/wp\/wp-content\/uploads\/2017\/12\/robadricnatal17.jpg?fit=529%2C365&ssl=1&resize=350%2C200","width":350,"height":200,"srcset":"https:\/\/i0.wp.com\/uscatletica.ch\/wp\/wp-content\/uploads\/2017\/12\/robadricnatal17.jpg?fit=529%2C365&ssl=1&resize=350%2C200 1x, https:\/\/i0.wp.com\/uscatletica.ch\/wp\/wp-content\/uploads\/2017\/12\/robadricnatal17.jpg?fit=529%2C365&ssl=1&resize=525%2C300 1.5x"},"classes":[]},{"id":1098,"url":"https:\/\/uscatletica.ch\/wp\/?p=1098","url_meta":{"origin":1108,"position":5},"title":"IL TAS VIVE LA SECONDA TAPPA A MENDRISIO","author":"Leonida Stampanoni","date":"25 Marzo 2016","format":false,"excerpt":"Sabato a partire dalle 17.50 Piazza del ponte di Mendrisio ospiter\u00e0 la 32a edizione della Staffetta del Magnifico Borgo valida quale seconda prova del TAS. Dopo l'ottimo debutto casalingo gli atleti USC sono pronti a divertirsi sul veloce circuito di 350 m. il programma Dai piccoli che si divertiranno con\u2026","rel":"","context":"In &quot;Podismo&quot;","block_context":{"text":"Podismo","link":"https:\/\/uscatletica.ch\/wp\/?cat=5"},"img":{"alt_text":"","src":"https:\/\/i0.wp.com\/uscatletica.ch\/wp\/wp-content\/uploads\/2016\/03\/P1390063.jpg?fit=563%2C422&ssl=1&resize=350%2C200","width":350,"height":200,"srcset":"https:\/\/i0.wp.com\/uscatletica.ch\/wp\/wp-content\/uploads\/2016\/03\/P1390063.jpg?fit=563%2C422&ssl=1&resize=350%2C200 1x, https:\/\/i0.wp.com\/uscatletica.ch\/wp\/wp-content\/uploads\/2016\/03\/P1390063.jpg?fit=563%2C422&ssl=1&resize=525%2C300 1.5x"},"classes":[]}],"_links":{"self":[{"href":"https:\/\/uscatletica.ch\/wp\/index.php?rest_route=\/wp\/v2\/posts\/1108","targetHints":{"allow":["GET"]}}],"collection":[{"href":"https:\/\/uscatletica.ch\/wp\/index.php?rest_route=\/wp\/v2\/posts"}],"about":[{"href":"https:\/\/uscatletica.ch\/wp\/index.php?rest_route=\/wp\/v2\/types\/post"}],"author":[{"embeddable":true,"href":"https:\/\/uscatletica.ch\/wp\/index.php?rest_route=\/wp\/v2\/users\/4"}],"replies":[{"embeddable":true,"href":"https:\/\/uscatletica.ch\/wp\/index.php?rest_route=%2Fwp%2Fv2%2Fcomments&post=1108"}],"version-history":[{"count":4,"href":"https:\/\/uscatletica.ch\/wp\/index.php?rest_route=\/wp\/v2\/posts\/1108\/revisions"}],"predecessor-version":[{"id":1114,"href":"https:\/\/uscatletica.ch\/wp\/index.php?rest_route=\/wp\/v2\/posts\/1108\/revisions\/1114"}],"wp:featuredmedia":[{"embeddable":true,"href":"https:\/\/uscatletica.ch\/wp\/index.php?rest_route=\/wp\/v2\/media\/1109"}],"wp:attachment":[{"href":"https:\/\/uscatletica.ch\/wp\/index.php?rest_route=%2Fwp%2Fv2%2Fmedia&parent=1108"}],"wp:term":[{"taxonomy":"category","embeddable":true,"href":"https:\/\/uscatletica.ch\/wp\/index.php?rest_route=%2Fwp%2Fv2%2Fcategories&post=1108"},{"taxonomy":"post_tag","embeddable":true,"href":"https:\/\/uscatletica.ch\/wp\/index.php?rest_route=%2Fwp%2Fv2%2Ftags&post=1108"}],"curies":[{"name":"wp","href":"https:\/\/api.w.org\/{rel}","templated":true}]}}