{"id":11112,"date":"2020-09-25T05:23:04","date_gmt":"2020-09-25T03:23:04","guid":{"rendered":"http:\/\/uscatletica.ch\/wp\/?p=11112"},"modified":"2020-09-30T09:32:53","modified_gmt":"2020-09-30T07:32:53","slug":"monthey-bellinzona-tesserete-lugano-si-chiude-la-stagione-con-i-giovanili","status":"publish","type":"post","link":"https:\/\/uscatletica.ch\/wp\/?p=11112","title":{"rendered":"Monthey Bellinzona Tesserete Lugano si chiude la stagione con i giovanili"},"content":{"rendered":"\n<p>Intenso fine settimana per gli atleti USC ,sabato No\u00e9, Jennis, e Federica saranno a Monthey per la finale del MilLe Gruyere Kariem Hussein far\u00e0 tappa ai campionati svizzeri Masters dove Elia chiuder\u00e0 la sua stagione. Domenica dopo la seconda edizione del Gir dal Diavol a Lugano ci saranno i Campionati Ticinesi Giovanili con al via una decina di USCini\u00a0<\/p>\n<p><a href=\"https:\/\/slv.laportal.net\/Competitions\/Details\/3946\" target=\"_blank\" rel=\"noopener noreferrer\">Liste di partenza e risultati dei Giovanili\u00a0<\/a><\/p>\n<p><a href=\"https:\/\/slv.laportal.net\/Competitions\/Details\/3924\" target=\"_blank\" rel=\"noopener noreferrer\">Liste di partenza e Risultati da Monthey\u00a0<\/a><\/p>\n<h1><a href=\"https:\/\/slv.laportal.net\/CIS\/Timetable?compid=3924\" target=\"_blank\" rel=\"noopener noreferrer\">risultati live Monthey\u00a0<\/a><\/h1>\n<h1><a href=\"https:\/\/slv.laportal.net\/CIS\/Timetable?compid=3924\" target=\"_blank\" rel=\"noopener noreferrer\">risultati live Locarno Lugano<\/a><\/h1>\n<h2>Monthey tris USC alla finale Mille Gruyere<\/h2>\n<p>La finale MilLe Gruyere di sabato sar\u00e0 storica per l&#8217;USC dopo otto ritroviamo un tris di nostri atleti alla finale. Ad Aarau nel 2012 dove Flavie chiuse settima, Rachele e Simone diciottesimi. \u00a0Ricky Petrucciani chiuse secondo in una delle migliori edizioni per il Ticino. A Monthey \u00a0No\u00e9 sar\u00e0 alla seconda finale consecutiva mentre Jennis e Federica agguantano la prima finale aggiungendosi a Samuele e Matilde nella lista dei finalisti USC.\u00a0<\/p>\n<p>Presenze USC alla finale MilLe Gruyere\u00a0<\/p>\n<p>Simone Tattarletti 2011-2012-2013, Rachele Botti \u00a02012-2013,\u00a0Matilde Stampanoni 2016-2017, No\u00e9 Volger 2019-2020,\u00a0Tommaso Cometta 2006, Flavie Roncoroni 2012, \u00a0,Samuele Ceruti 2017, Jennis Berger 2020, Federica Baldi 2020.<\/p>\n<h2>Campionati ticinesi giovanili una decina gli USCini in cerca di medaglie<\/h2>\n<p>Ai campionati ticinesi giovanili ci saranno i giovani talenti che hanno brillato costantemente durante questa stagione nella velocit\u00e0 ci saranno Matilda, Leila. Chiara e Marco a guidare il gruppo. Federica a dare la carica \u00a0alla squadra dei mezzofondisti. Nei lanci sar\u00e0 Morena tra le favorite . Nei salti Pauline guida le USCine. Sabato a Bellinzona due partenti di assoluti prestigio assieme ad Elia . Ci sar\u00e0 James Beckford argento nel salto in lungo alle olimpiadi di Atlante 96 , e dopo Tesserete Kariem Hussein . S<\/p>\n<table border=\"0\" cellspacing=\"0\"><colgroup width=\"205\"><\/colgroup><colgroup width=\"263\"><\/colgroup>\n<tbody>\n<tr>\n<td align=\"left\" valign=\"top\" height=\"23\"><span style=\"font-family: Verdana; font-size: xx-small;\">Gaffuri Marco<\/span><\/td>\n<td align=\"left\" valign=\"top\"><span style=\"font-family: Verdana; font-size: xx-small;\">80 m<\/span><\/td>\n<\/tr>\n<tr>\n<td align=\"left\" valign=\"top\" height=\"23\"><span style=\"font-family: Verdana; font-size: xx-small;\">Rosa Matilda<\/span><\/td>\n<td align=\"left\" valign=\"top\"><span style=\"font-family: Verdana; font-size: xx-small;\">80 m<\/span><\/td>\n<\/tr>\n<tr>\n<td align=\"left\" valign=\"top\" height=\"23\"><span style=\"font-family: Verdana; font-size: xx-small;\">Locatelli Leila<\/span><\/td>\n<td align=\"left\" valign=\"top\"><span style=\"font-family: Verdana; font-size: xx-small;\">100 m<\/span><\/td>\n<\/tr>\n<tr>\n<td align=\"left\" valign=\"top\" height=\"23\"><span style=\"font-family: Verdana; font-size: xx-small;\">Zeni Chiara<\/span><\/td>\n<td align=\"left\" valign=\"top\"><span style=\"font-family: Verdana; font-size: xx-small;\">100 m<\/span><\/td>\n<\/tr>\n<tr>\n<td align=\"left\" valign=\"top\" height=\"23\"><span style=\"font-family: Verdana; font-size: xx-small;\">Baldi Federica<\/span><\/td>\n<td align=\"left\" valign=\"top\"><span style=\"font-family: Verdana; font-size: xx-small;\">600 m<\/span><\/td>\n<\/tr>\n<tr>\n<td align=\"left\" valign=\"top\" height=\"23\"><span style=\"font-family: Verdana; font-size: xx-small;\">Berger Jennis<\/span><\/td>\n<td align=\"left\" valign=\"top\"><span style=\"font-family: Verdana; font-size: xx-small;\">600 m Longueur <\/span><\/td>\n<\/tr>\n<tr>\n<td align=\"left\" valign=\"top\" height=\"23\"><span style=\"font-family: Verdana; font-size: xx-small;\">Campana Carolina<\/span><\/td>\n<td align=\"left\" valign=\"top\"><span style=\"font-family: Verdana; font-size: xx-small;\">600 m<\/span><\/td>\n<\/tr>\n<tr>\n<td align=\"left\" valign=\"top\" height=\"23\"><span style=\"font-family: Verdana; font-size: xx-small;\">Berger Elody<\/span><\/td>\n<td align=\"left\" valign=\"top\"><span style=\"font-family: Verdana; font-size: xx-small;\">80 m h Poids 3.00 kg Longueur<\/span><\/td>\n<\/tr>\n<tr>\n<td align=\"left\" valign=\"top\" height=\"23\"><span style=\"font-family: Verdana; font-size: xx-small;\">Magistra Pauline<\/span><\/td>\n<td align=\"left\" valign=\"top\"><span style=\"font-family: Verdana; font-size: xx-small;\">Hauteur Longueur <\/span><\/td>\n<\/tr>\n<tr>\n<td align=\"left\" valign=\"top\" height=\"23\"><span style=\"font-family: Verdana; font-size: xx-small;\">Hutter Morena<\/span><\/td>\n<td align=\"left\" valign=\"top\"><span style=\"font-family: Verdana; font-size: xx-small;\">Poids 3.00 kg Javelot 400 gr <\/span><\/td>\n<\/tr>\n<\/tbody>\n<\/table>\n<p><blockquote class=\"wp-embedded-content\" data-secret=\"Uj6RNyiKBS\"><a href=\"https:\/\/ftal.ch\/ct-giovanili-sei-campioni-svizzeri-a-cornaredo\/\">CT GIOVANILI: SEI CAMPIONI SVIZZERI A CORNAREDO<\/a><\/blockquote><iframe loading=\"lazy\" class=\"wp-embedded-content\" sandbox=\"allow-scripts\" security=\"restricted\" style=\"position: absolute; clip: rect(1px, 1px, 1px, 1px);\" title=\"&#8220;CT GIOVANILI: SEI CAMPIONI SVIZZERI A CORNAREDO&#8221; &#8212; FTAL\" src=\"https:\/\/ftal.ch\/ct-giovanili-sei-campioni-svizzeri-a-cornaredo\/embed\/#?secret=Xr1eGrGT7L#?secret=Uj6RNyiKBS\" data-secret=\"Uj6RNyiKBS\" width=\"600\" height=\"338\" frameborder=\"0\" marginwidth=\"0\" marginheight=\"0\" scrolling=\"no\"><\/iframe><\/p>\n<p><blockquote class=\"wp-embedded-content\" data-secret=\"MXHboCwK2f\"><a href=\"https:\/\/ftal.ch\/mille-gruyere-i-talenti-del-mezzofondo-in-vallese\/\">Mille Gruyere: i Talenti del mezzofondo in Vallese<\/a><\/blockquote><iframe loading=\"lazy\" class=\"wp-embedded-content\" sandbox=\"allow-scripts\" security=\"restricted\" style=\"position: absolute; clip: rect(1px, 1px, 1px, 1px);\" title=\"&#8220;Mille Gruyere: i Talenti del mezzofondo in Vallese&#8221; &#8212; FTAL\" src=\"https:\/\/ftal.ch\/mille-gruyere-i-talenti-del-mezzofondo-in-vallese\/embed\/#?secret=6MgVjKEGeF#?secret=MXHboCwK2f\" data-secret=\"MXHboCwK2f\" width=\"600\" height=\"338\" frameborder=\"0\" marginwidth=\"0\" marginheight=\"0\" scrolling=\"no\"><\/iframe><\/p>\n","protected":false},"excerpt":{"rendered":"<p>Intenso fine settimana per gli atleti USC ,sabato No\u00e9, Jennis, e Federica saranno a Monthey per la finale del MilLe Gruyere Kariem Hussein far\u00e0 tappa ai campionati svizzeri Masters dove Elia chiuder\u00e0 la sua stagione. Domenica dopo la seconda edizione del Gir dal Diavol a Lugano ci saranno i Campionati Ticinesi Giovanili con al via una decina di USCini\u00a0 Liste di partenza e risultati dei Giovanili\u00a0 Liste di partenza e Risultati da Monthey\u00a0 risultati live&#8230;<\/p>\n","protected":false},"author":4,"featured_media":11054,"comment_status":"closed","ping_status":"closed","sticky":false,"template":"","format":"standard","meta":{"jetpack_post_was_ever_published":false,"_jetpack_newsletter_access":"","_jetpack_dont_email_post_to_subs":false,"_jetpack_newsletter_tier_id":0,"_jetpack_memberships_contains_paywalled_content":false,"_jetpack_memberships_contains_paid_content":false,"footnotes":"","jetpack_publicize_message":"","jetpack_publicize_feature_enabled":true,"jetpack_social_post_already_shared":false,"jetpack_social_options":{"image_generator_settings":{"template":"highway","default_image_id":0,"font":"","enabled":false},"version":2}},"categories":[4],"tags":[],"class_list":["post-11112","post","type-post","status-publish","format-standard","has-post-thumbnail","hentry","category-pista"],"jetpack_publicize_connections":[],"jetpack_featured_media_url":"https:\/\/i0.wp.com\/uscatletica.ch\/wp\/wp-content\/uploads\/2020\/09\/1.jpeg?fit=420%2C315&ssl=1","jetpack_sharing_enabled":true,"jetpack_shortlink":"https:\/\/wp.me\/p6V7Ck-2Te","jetpack-related-posts":[{"id":12468,"url":"https:\/\/uscatletica.ch\/wp\/?p=12468","url_meta":{"origin":11112,"position":0},"title":"Al comunale la sfida del MilLe Gruyere","author":"Leonida Stampanoni","date":"9 Giugno 2021","format":false,"excerpt":"\u00a0Mercoled\u00ec sera il comunale di Bellinzona ospiter\u00e0 la finale del MilLe Gruy\u00e8re\u00a0\u00a0il progetto giovanile di Swiss Athletics dedicato ai mezzofondisti che ha regalato molte soddisfazione all'USC. A partire dalle 18.10 in pista ci saranno ben 17 USCini\/e a guidare il gruppo pi\u00f9 numeroso di sempre ci saranno Pietro tra i\u2026","rel":"","context":"In &quot;Pista&quot;","block_context":{"text":"Pista","link":"https:\/\/uscatletica.ch\/wp\/?cat=4"},"img":{"alt_text":"","src":"https:\/\/i0.wp.com\/uscatletica.ch\/wp\/wp-content\/uploads\/2021\/05\/210513st600m.jpg?fit=432%2C324&ssl=1&resize=350%2C200","width":350,"height":200},"classes":[]},{"id":11130,"url":"https:\/\/uscatletica.ch\/wp\/?p=11130","url_meta":{"origin":11112,"position":1},"title":"Mille Gruyere, finale per tre USCini. A Bellinzona i master (Video)","author":"Leonida Stampanoni","date":"26 Settembre 2020","format":false,"excerpt":"Un fresco pomeriggio vallesano ha accolto i nostri tre atleti allo Stade de Vernay. In Totale erano 215 gli atleti al via, 14 dal Ticino. No\u00e9, Jennis e Federica con grinta e determinazione hanno corso la loro finale confermando le prestazioni ottenute a Bellinzona. Per il Ticino spiccano cinque piazzamenti\u2026","rel":"","context":"In &quot;Pista&quot;","block_context":{"text":"Pista","link":"https:\/\/uscatletica.ch\/wp\/?cat=4"},"img":{"alt_text":"","src":"https:\/\/i0.wp.com\/uscatletica.ch\/wp\/wp-content\/uploads\/2020\/09\/200902pW12.jpg?fit=431%2C323&ssl=1&resize=350%2C200","width":350,"height":200},"classes":[]},{"id":4294,"url":"https:\/\/uscatletica.ch\/wp\/?p=4294","url_meta":{"origin":11112,"position":2},"title":"Maria vince i CS salita W65 USCini a podio da Lugano al Ritom (Live da Lugano)","author":"Leonida Stampanoni","date":"20 Maggio 2017","format":false,"excerpt":"Sabato podistico tra Piotta \u00a0Monthey e Lugano, in mattinata in Leventina la specialit\u00e0 del Vertical ha debuttato in coppa Ticino con la durissima Stairway to the Heaven da Piotta al Ritom lungo gli scalini della Funicolare 1.6 km con 1000 m di dislivello. In serata erano 600 i ragazzi alla\u2026","rel":"","context":"In &quot;Montagna&quot;","block_context":{"text":"Montagna","link":"https:\/\/uscatletica.ch\/wp\/?cat=16"},"img":{"alt_text":"","src":"https:\/\/i0.wp.com\/uscatletica.ch\/wp\/wp-content\/uploads\/2016\/07\/cearco2016start.jpg?fit=563%2C373&ssl=1&resize=350%2C200","width":350,"height":200,"srcset":"https:\/\/i0.wp.com\/uscatletica.ch\/wp\/wp-content\/uploads\/2016\/07\/cearco2016start.jpg?fit=563%2C373&ssl=1&resize=350%2C200 1x, https:\/\/i0.wp.com\/uscatletica.ch\/wp\/wp-content\/uploads\/2016\/07\/cearco2016start.jpg?fit=563%2C373&ssl=1&resize=525%2C300 1.5x"},"classes":[]},{"id":10732,"url":"https:\/\/uscatletica.ch\/wp\/?p=10732","url_meta":{"origin":11112,"position":3},"title":"Mille Gruyere No\u00e9 e Jennis in finale","author":"Leonida Stampanoni","date":"2 Settembre 2020","format":false,"excerpt":"La serata al Mille Gruyere ha regalato innumerevoli soddisfazione ai 13 USCini presenti mercoled\u00ec al comunale di Bellinzona; No\u00e9 ritrova la finale \u00a0affronter\u00e0 la trasferta a Monnthey il 26 settembre con Jennis. \u00a0A podio ed a. poco dalla finale arriva anche un'ottima Federica. Tutti hanno ritrovato con piacere le competizioni\u2026","rel":"","context":"In &quot;Pista&quot;","block_context":{"text":"Pista","link":"https:\/\/uscatletica.ch\/wp\/?cat=4"},"img":{"alt_text":"","src":"https:\/\/i0.wp.com\/uscatletica.ch\/wp\/wp-content\/uploads\/2020\/09\/saplti200902.jpg?fit=421%2C316&ssl=1&resize=350%2C200","width":350,"height":200},"classes":[]},{"id":17098,"url":"https:\/\/uscatletica.ch\/wp\/?p=17098","url_meta":{"origin":11112,"position":4},"title":"MilLe Gruyere e CT 4&#215;100 m","author":"Leonida Stampanoni","date":"25 Aprile 2023","format":false,"excerpt":"Domani a Bellinzona parte la stagione atletica cantonale con l'eliminatoria regionale del MilLe Gruyere ed i campionati ticinesi della 4x100 m. Al MilLE Gruyere saranno ben 20 gli atleti USC al via. La grande novit\u00e0 \u00e8 il debutto della comunit\u00e0 atletica sottoceneri ai campionati ticinesi della 4x100 m. l'USC oltre\u2026","rel":"","context":"In &quot;Pista&quot;","block_context":{"text":"Pista","link":"https:\/\/uscatletica.ch\/wp\/?cat=4"},"img":{"alt_text":"","src":"https:\/\/i0.wp.com\/uscatletica.ch\/wp\/wp-content\/uploads\/2022\/05\/P1180123.jpg?fit=432%2C324&ssl=1&resize=350%2C200","width":350,"height":200},"classes":[]},{"id":4005,"url":"https:\/\/uscatletica.ch\/wp\/?p=4005","url_meta":{"origin":11112,"position":5},"title":"MilLe Gruyere a Bellinzona la sfida sui 1000 m (Partenza Furgone 16.15)","author":"Leonida Stampanoni","date":"15 Aprile 2017","format":false,"excerpt":"Mercoled\u00ec 26 aprile al comunale di Bellinzona torna la sfida sui 1000 m con il MilLe Gruyere, progetto giovanile di Swiss Athletics. I nostri atleti oltre a divertirsi sul km proveranno a guadagnare un posto per la finale nazionale del 23 settembre a Kreuzlingen. La gara di Bellinzona sar\u00e0 la\u2026","rel":"","context":"In &quot;Pista&quot;","block_context":{"text":"Pista","link":"https:\/\/uscatletica.ch\/wp\/?cat=4"},"img":{"alt_text":"","src":"https:\/\/i0.wp.com\/uscatletica.ch\/wp\/wp-content\/uploads\/2016\/06\/alexluy.jpg?fit=561%2C330&ssl=1&resize=350%2C200","width":350,"height":200,"srcset":"https:\/\/i0.wp.com\/uscatletica.ch\/wp\/wp-content\/uploads\/2016\/06\/alexluy.jpg?fit=561%2C330&ssl=1&resize=350%2C200 1x, https:\/\/i0.wp.com\/uscatletica.ch\/wp\/wp-content\/uploads\/2016\/06\/alexluy.jpg?fit=561%2C330&ssl=1&resize=525%2C300 1.5x"},"classes":[]}],"_links":{"self":[{"href":"https:\/\/uscatletica.ch\/wp\/index.php?rest_route=\/wp\/v2\/posts\/11112","targetHints":{"allow":["GET"]}}],"collection":[{"href":"https:\/\/uscatletica.ch\/wp\/index.php?rest_route=\/wp\/v2\/posts"}],"about":[{"href":"https:\/\/uscatletica.ch\/wp\/index.php?rest_route=\/wp\/v2\/types\/post"}],"author":[{"embeddable":true,"href":"https:\/\/uscatletica.ch\/wp\/index.php?rest_route=\/wp\/v2\/users\/4"}],"replies":[{"embeddable":true,"href":"https:\/\/uscatletica.ch\/wp\/index.php?rest_route=%2Fwp%2Fv2%2Fcomments&post=11112"}],"version-history":[{"count":7,"href":"https:\/\/uscatletica.ch\/wp\/index.php?rest_route=\/wp\/v2\/posts\/11112\/revisions"}],"predecessor-version":[{"id":11129,"href":"https:\/\/uscatletica.ch\/wp\/index.php?rest_route=\/wp\/v2\/posts\/11112\/revisions\/11129"}],"wp:featuredmedia":[{"embeddable":true,"href":"https:\/\/uscatletica.ch\/wp\/index.php?rest_route=\/wp\/v2\/media\/11054"}],"wp:attachment":[{"href":"https:\/\/uscatletica.ch\/wp\/index.php?rest_route=%2Fwp%2Fv2%2Fmedia&parent=11112"}],"wp:term":[{"taxonomy":"category","embeddable":true,"href":"https:\/\/uscatletica.ch\/wp\/index.php?rest_route=%2Fwp%2Fv2%2Fcategories&post=11112"},{"taxonomy":"post_tag","embeddable":true,"href":"https:\/\/uscatletica.ch\/wp\/index.php?rest_route=%2Fwp%2Fv2%2Ftags&post=11112"}],"curies":[{"name":"wp","href":"https:\/\/api.w.org\/{rel}","templated":true}]}}