{"id":11130,"date":"2020-09-26T16:12:24","date_gmt":"2020-09-26T14:12:24","guid":{"rendered":"http:\/\/uscatletica.ch\/wp\/?p=11130"},"modified":"2020-10-02T05:46:27","modified_gmt":"2020-10-02T03:46:27","slug":"mille-gruyere-una-bella-finale-per-i-tre-uscini","status":"publish","type":"post","link":"https:\/\/uscatletica.ch\/wp\/?p=11130","title":{"rendered":"Mille Gruyere, finale per tre USCini. A Bellinzona i master (Video)"},"content":{"rendered":"\n<p>Un fresco pomeriggio vallesano ha accolto i nostri tre atleti allo Stade de Vernay. In Totale erano 215 gli atleti al via, 14 dal Ticino. No\u00e9, Jennis e Federica con grinta e determinazione hanno corso la loro finale confermando le prestazioni ottenute a Bellinzona. Per il Ticino spiccano cinque piazzamenti nei primi 10 tra cui il terzo posto di Nicola Fattorini,che andr\u00e0 al Weltklasse 2021. Bravi anche Tosca Del Siro, Gaia Berini e i fratelli Aurora e Gioele De Marco.<\/p>\n<p>All\u2019ombra delle cime innevate il primo a scendere in pista \u00e8 No\u00e9 che in 3\u201929\u203372 corre vicinissimo al personale e per una volta vince il duello con l\u2019amico Gabriele Berini. Vince No\u00e9 Becker in 3\u201902\u203359. In seguito tocca a Jennis che chiude in 3\u201939\u203343 al 26 posto. Vince Tiziana Rosamilia in 2\u201956\u203323, quinta Tosca Del Siro. A fine pomeriggio arriva la gara di Federica che chiude ventesima in 3\u201919\u203300, mentre il miglior tempo di giornata \u00e8 per Sabella Tesfaye in 2\u201955\u203323.<\/p>\n<p>. <a href=\"https:\/\/slv.laportal.net\/Competitions\/Resultoverview\/3924\" target=\"_blank\" rel=\"noopener noreferrer\">Tutti i Risultati\u00a0<\/a><\/p>\n<p><video controls=\"controls\" width=\"300\" height=\"150\">\n<source src=\"https:\/\/www.facebook.com\/ATHLEROMAND\/videos\/988951091584100\/\" \/><\/video><\/p>\n<p>\u00a0<\/p>\n<h3>Meeting Masters<\/h3>\n<p>Al comunale di Bellinzona Elia al Meeting Masters chiude i 1500 m al secondo posto in 4&#8217;26&#8243;62. Reduce dai 100 m all&#8217;Arena sportiva Kariem Husssein in 50&#8243;83 firma il miglior tempo stagione sui 400 m ostacoli\u00a0<\/p>\n<p>All&#8217;ombra delle cime innevate il primo a scendere in pista \u00e9 No\u00e9 che in 3&#8217;29&#8243;72 corre vicinissimo al personale e per una volta vince il duello con l&#8217;amico Gabriele Berini vince No\u00e9 Becker in 3&#8217;02&#8243;59. in seguito tocca a Jennis che chiude in 3&#8217;39&#8243;43 al 26 posto vince Tiziana Rosamilia in 2&#8217;56&#8243;23 \u00a0quinta Tosca Del Siro. A fine pomeriggio arriva la gara di Federica che chiude ventesima in 3&#8217;19&#8243;00 \u00a0il miglior tempo di giornata \u00e8 per Sabella Tesfaye in 2&#8217;55&#8243;23, miglior tempo maschile \u00e8 per Bastien Widmer in2&#8217;37\u201c53<\/p>\n<p><a href=\"https:\/\/i0.wp.com\/uscatletica.ch\/wp\/wp-content\/uploads\/2020\/09\/federica1kgru200926b.png?ssl=1\"><img data-recalc-dims=\"1\" loading=\"lazy\" decoding=\"async\" data-attachment-id=\"11131\" data-permalink=\"https:\/\/uscatletica.ch\/wp\/?attachment_id=11131\" data-orig-file=\"https:\/\/i0.wp.com\/uscatletica.ch\/wp\/wp-content\/uploads\/2020\/09\/federica1kgru200926b.png?fit=432%2C243&amp;ssl=1\" data-orig-size=\"432,243\" data-comments-opened=\"0\" data-image-meta=\"{&quot;aperture&quot;:&quot;0&quot;,&quot;credit&quot;:&quot;&quot;,&quot;camera&quot;:&quot;&quot;,&quot;caption&quot;:&quot;&quot;,&quot;created_timestamp&quot;:&quot;0&quot;,&quot;copyright&quot;:&quot;&quot;,&quot;focal_length&quot;:&quot;0&quot;,&quot;iso&quot;:&quot;0&quot;,&quot;shutter_speed&quot;:&quot;0&quot;,&quot;title&quot;:&quot;&quot;,&quot;orientation&quot;:&quot;0&quot;}\" data-image-title=\"federica1kgru200926b\" data-image-description=\"\" data-image-caption=\"\" data-large-file=\"https:\/\/i0.wp.com\/uscatletica.ch\/wp\/wp-content\/uploads\/2020\/09\/federica1kgru200926b.png?fit=432%2C243&amp;ssl=1\" class=\"aligncenter size-full wp-image-11131\" src=\"https:\/\/i0.wp.com\/uscatletica.ch\/wp\/wp-content\/uploads\/2020\/09\/federica1kgru200926b.png?resize=432%2C243&#038;ssl=1\" alt=\"\" width=\"432\" height=\"243\" srcset=\"https:\/\/i0.wp.com\/uscatletica.ch\/wp\/wp-content\/uploads\/2020\/09\/federica1kgru200926b.png?w=432&amp;ssl=1 432w, https:\/\/i0.wp.com\/uscatletica.ch\/wp\/wp-content\/uploads\/2020\/09\/federica1kgru200926b.png?resize=300%2C169&amp;ssl=1 300w, https:\/\/i0.wp.com\/uscatletica.ch\/wp\/wp-content\/uploads\/2020\/09\/federica1kgru200926b.png?resize=71%2C40&amp;ssl=1 71w\" sizes=\"auto, (max-width: 432px) 100vw, 432px\" \/><\/a> <a href=\"https:\/\/i0.wp.com\/uscatletica.ch\/wp\/wp-content\/uploads\/2020\/09\/noe1kgru200926b.png?ssl=1\"><img data-recalc-dims=\"1\" loading=\"lazy\" decoding=\"async\" data-attachment-id=\"11132\" data-permalink=\"https:\/\/uscatletica.ch\/wp\/?attachment_id=11132\" data-orig-file=\"https:\/\/i0.wp.com\/uscatletica.ch\/wp\/wp-content\/uploads\/2020\/09\/noe1kgru200926b.png?fit=432%2C243&amp;ssl=1\" data-orig-size=\"432,243\" data-comments-opened=\"0\" data-image-meta=\"{&quot;aperture&quot;:&quot;0&quot;,&quot;credit&quot;:&quot;&quot;,&quot;camera&quot;:&quot;&quot;,&quot;caption&quot;:&quot;&quot;,&quot;created_timestamp&quot;:&quot;0&quot;,&quot;copyright&quot;:&quot;&quot;,&quot;focal_length&quot;:&quot;0&quot;,&quot;iso&quot;:&quot;0&quot;,&quot;shutter_speed&quot;:&quot;0&quot;,&quot;title&quot;:&quot;&quot;,&quot;orientation&quot;:&quot;0&quot;}\" data-image-title=\"noe1kgru200926b\" data-image-description=\"\" data-image-caption=\"\" data-large-file=\"https:\/\/i0.wp.com\/uscatletica.ch\/wp\/wp-content\/uploads\/2020\/09\/noe1kgru200926b.png?fit=432%2C243&amp;ssl=1\" class=\"aligncenter size-large wp-image-11132\" src=\"https:\/\/i0.wp.com\/uscatletica.ch\/wp\/wp-content\/uploads\/2020\/09\/noe1kgru200926b.png?resize=432%2C243&#038;ssl=1\" alt=\"\" width=\"432\" height=\"243\" srcset=\"https:\/\/i0.wp.com\/uscatletica.ch\/wp\/wp-content\/uploads\/2020\/09\/noe1kgru200926b.png?w=432&amp;ssl=1 432w, https:\/\/i0.wp.com\/uscatletica.ch\/wp\/wp-content\/uploads\/2020\/09\/noe1kgru200926b.png?resize=300%2C169&amp;ssl=1 300w, https:\/\/i0.wp.com\/uscatletica.ch\/wp\/wp-content\/uploads\/2020\/09\/noe1kgru200926b.png?resize=71%2C40&amp;ssl=1 71w\" sizes=\"auto, (max-width: 432px) 100vw, 432px\" \/><\/a> <a href=\"https:\/\/i0.wp.com\/uscatletica.ch\/wp\/wp-content\/uploads\/2020\/09\/noe1kgru200926.png?ssl=1\"><img data-recalc-dims=\"1\" loading=\"lazy\" decoding=\"async\" data-attachment-id=\"11133\" data-permalink=\"https:\/\/uscatletica.ch\/wp\/?attachment_id=11133\" data-orig-file=\"https:\/\/i0.wp.com\/uscatletica.ch\/wp\/wp-content\/uploads\/2020\/09\/noe1kgru200926.png?fit=432%2C243&amp;ssl=1\" data-orig-size=\"432,243\" data-comments-opened=\"0\" data-image-meta=\"{&quot;aperture&quot;:&quot;0&quot;,&quot;credit&quot;:&quot;&quot;,&quot;camera&quot;:&quot;&quot;,&quot;caption&quot;:&quot;&quot;,&quot;created_timestamp&quot;:&quot;0&quot;,&quot;copyright&quot;:&quot;&quot;,&quot;focal_length&quot;:&quot;0&quot;,&quot;iso&quot;:&quot;0&quot;,&quot;shutter_speed&quot;:&quot;0&quot;,&quot;title&quot;:&quot;&quot;,&quot;orientation&quot;:&quot;0&quot;}\" data-image-title=\"noe1kgru200926\" data-image-description=\"\" data-image-caption=\"\" data-large-file=\"https:\/\/i0.wp.com\/uscatletica.ch\/wp\/wp-content\/uploads\/2020\/09\/noe1kgru200926.png?fit=432%2C243&amp;ssl=1\" class=\"aligncenter size-large wp-image-11133\" src=\"https:\/\/i0.wp.com\/uscatletica.ch\/wp\/wp-content\/uploads\/2020\/09\/noe1kgru200926.png?resize=432%2C243&#038;ssl=1\" alt=\"\" width=\"432\" height=\"243\" srcset=\"https:\/\/i0.wp.com\/uscatletica.ch\/wp\/wp-content\/uploads\/2020\/09\/noe1kgru200926.png?w=432&amp;ssl=1 432w, https:\/\/i0.wp.com\/uscatletica.ch\/wp\/wp-content\/uploads\/2020\/09\/noe1kgru200926.png?resize=300%2C169&amp;ssl=1 300w, https:\/\/i0.wp.com\/uscatletica.ch\/wp\/wp-content\/uploads\/2020\/09\/noe1kgru200926.png?resize=71%2C40&amp;ssl=1 71w\" sizes=\"auto, (max-width: 432px) 100vw, 432px\" \/><\/a> <a href=\"https:\/\/i0.wp.com\/uscatletica.ch\/wp\/wp-content\/uploads\/2020\/09\/Jennis1kgru200926b.jpg?ssl=1\"><img data-recalc-dims=\"1\" loading=\"lazy\" decoding=\"async\" data-attachment-id=\"11134\" data-permalink=\"https:\/\/uscatletica.ch\/wp\/?attachment_id=11134\" data-orig-file=\"https:\/\/i0.wp.com\/uscatletica.ch\/wp\/wp-content\/uploads\/2020\/09\/Jennis1kgru200926b.jpg?fit=432%2C324&amp;ssl=1\" data-orig-size=\"432,324\" data-comments-opened=\"0\" data-image-meta=\"{&quot;aperture&quot;:&quot;1.8&quot;,&quot;credit&quot;:&quot;&quot;,&quot;camera&quot;:&quot;iPhone 8&quot;,&quot;caption&quot;:&quot;&quot;,&quot;created_timestamp&quot;:&quot;1601127495&quot;,&quot;copyright&quot;:&quot;&quot;,&quot;focal_length&quot;:&quot;3.99&quot;,&quot;iso&quot;:&quot;25&quot;,&quot;shutter_speed&quot;:&quot;0.00033300033300033&quot;,&quot;title&quot;:&quot;&quot;,&quot;orientation&quot;:&quot;1&quot;}\" data-image-title=\"Jennis1kgru200926b\" data-image-description=\"\" data-image-caption=\"\" data-large-file=\"https:\/\/i0.wp.com\/uscatletica.ch\/wp\/wp-content\/uploads\/2020\/09\/Jennis1kgru200926b.jpg?fit=432%2C324&amp;ssl=1\" class=\"aligncenter size-large wp-image-11134\" src=\"https:\/\/i0.wp.com\/uscatletica.ch\/wp\/wp-content\/uploads\/2020\/09\/Jennis1kgru200926b.jpg?resize=432%2C324&#038;ssl=1\" alt=\"\" width=\"432\" height=\"324\" srcset=\"https:\/\/i0.wp.com\/uscatletica.ch\/wp\/wp-content\/uploads\/2020\/09\/Jennis1kgru200926b.jpg?w=432&amp;ssl=1 432w, https:\/\/i0.wp.com\/uscatletica.ch\/wp\/wp-content\/uploads\/2020\/09\/Jennis1kgru200926b.jpg?resize=300%2C225&amp;ssl=1 300w\" sizes=\"auto, (max-width: 432px) 100vw, 432px\" \/><\/a> <a href=\"https:\/\/i0.wp.com\/uscatletica.ch\/wp\/wp-content\/uploads\/2020\/09\/Jennis1kgru200926.png?ssl=1\"><img data-recalc-dims=\"1\" loading=\"lazy\" decoding=\"async\" data-attachment-id=\"11135\" data-permalink=\"https:\/\/uscatletica.ch\/wp\/?attachment_id=11135\" data-orig-file=\"https:\/\/i0.wp.com\/uscatletica.ch\/wp\/wp-content\/uploads\/2020\/09\/Jennis1kgru200926.png?fit=432%2C243&amp;ssl=1\" data-orig-size=\"432,243\" data-comments-opened=\"0\" data-image-meta=\"{&quot;aperture&quot;:&quot;0&quot;,&quot;credit&quot;:&quot;&quot;,&quot;camera&quot;:&quot;&quot;,&quot;caption&quot;:&quot;&quot;,&quot;created_timestamp&quot;:&quot;0&quot;,&quot;copyright&quot;:&quot;&quot;,&quot;focal_length&quot;:&quot;0&quot;,&quot;iso&quot;:&quot;0&quot;,&quot;shutter_speed&quot;:&quot;0&quot;,&quot;title&quot;:&quot;&quot;,&quot;orientation&quot;:&quot;0&quot;}\" data-image-title=\"Jennis1kgru200926\" data-image-description=\"\" data-image-caption=\"\" data-large-file=\"https:\/\/i0.wp.com\/uscatletica.ch\/wp\/wp-content\/uploads\/2020\/09\/Jennis1kgru200926.png?fit=432%2C243&amp;ssl=1\" class=\"aligncenter size-large wp-image-11135\" src=\"https:\/\/i0.wp.com\/uscatletica.ch\/wp\/wp-content\/uploads\/2020\/09\/Jennis1kgru200926.png?resize=432%2C243&#038;ssl=1\" alt=\"\" width=\"432\" height=\"243\" srcset=\"https:\/\/i0.wp.com\/uscatletica.ch\/wp\/wp-content\/uploads\/2020\/09\/Jennis1kgru200926.png?w=432&amp;ssl=1 432w, https:\/\/i0.wp.com\/uscatletica.ch\/wp\/wp-content\/uploads\/2020\/09\/Jennis1kgru200926.png?resize=300%2C169&amp;ssl=1 300w, https:\/\/i0.wp.com\/uscatletica.ch\/wp\/wp-content\/uploads\/2020\/09\/Jennis1kgru200926.png?resize=71%2C40&amp;ssl=1 71w\" sizes=\"auto, (max-width: 432px) 100vw, 432px\" \/><\/a><\/p>\n<p><blockquote class=\"wp-embedded-content\" data-secret=\"nAyvjEy4JD\"><a href=\"https:\/\/ftal.ch\/mille-gruyere-nicola-fattorini-prenota-il-biglietto-per-il-weltklasse-2021\/\">MilLe Gruy\u00e8re: Nicola Fattorini prenota il biglietto per il Weltklasse 2021<\/a><\/blockquote><iframe loading=\"lazy\" class=\"wp-embedded-content\" sandbox=\"allow-scripts\" security=\"restricted\" style=\"position: absolute; clip: rect(1px, 1px, 1px, 1px);\" title=\"&#8220;MilLe Gruy\u00e8re: Nicola Fattorini prenota il biglietto per il Weltklasse 2021&#8221; &#8212; FTAL\" src=\"https:\/\/ftal.ch\/mille-gruyere-nicola-fattorini-prenota-il-biglietto-per-il-weltklasse-2021\/embed\/#?secret=7k4kh1KZ2q#?secret=nAyvjEy4JD\" data-secret=\"nAyvjEy4JD\" width=\"600\" height=\"338\" frameborder=\"0\" marginwidth=\"0\" marginheight=\"0\" scrolling=\"no\"><\/iframe><\/p>\n<p>\u00a0<\/p>\n<p>\u00a0<\/p>\n<p class=\"western\"><span style=\"font-family: Calibri, sans-serif;\"><span style=\"font-size: small;\"><span style=\"color: #000000;\"><span lang=\"it-CH\">Risultati <\/span><\/span>ticinesi della finale MilLe Gruy\u00e8re del 26 settembre a Monthey<\/span><\/span><\/p>\n<p class=\"western\">Vincitori e risultati ticinesi della finale MilLe Gruy\u00e8re<\/p>\n<p>Vincitori e risultati ticinesi della finale MilLe Gruy\u00e8re<\/p>\n<p>2005 1. Calvin Kuhn TVW 2:37.30 <br \/>1 Sabella Tesfaye CHPG 2:55.13 8.Gaia Berini GAB 3:08.59 <br \/>19. Zoe Rossi SAB 3:17.97<br \/>20.Federica Baldi USC 3:19.00<\/p>\n<p>2006 1. Bastien Widmer TVZ 2:43.54 3.Nicola Fattorini ASM 2:44.69<br \/>8. Gioele De Marco ASM 2:54.93<br \/>1.Shirin Kerber LAN 2:57.63<\/p>\n<p>2007 1. Michael Mengstou StGe 2:42.50 23.Elia Marcoli FGM 3:15.07<br \/>1. Anna Pfister LVZO 2:57.48 10. Aurora De Marco ASM 3:13.79<\/p>\n<p>2008 1. Jannis Graelle LCR 2:59.83<\/p>\n<p>1. Tiziana Rosamilia BTVAA 2:56.39 5. Tosca Del Siro GAD 3:10.79 <br \/>26. Jennis Berger USC 3:39.43<\/p>\n<p>2009 1. No\u00e9 Becker CAF 3:02.96 22. No\u00e9 Volger USC 3:29.72<br \/>26. Gabriele Berini GAB 3:30.59<br \/>1. Mina Hirsbrunner SKL 3:12.21 24.Cora Lucchini SAB 3:43.25<\/p>\n<p align=\"left\"><span lang=\"it-IT\">2010 1. Lukas Zisler LCB 3:12.09 <br \/>1. Norina Simea Malozi LVT 3:22.66 27.Nathalie Del Siro GAD 3:46.99<\/span><\/p>\n<h2 class=\"western\"><br \/><br \/>Tutti i finalisti USC al MilLe Gruy\u00e8re<\/h2>\n<table style=\"width: 100%; height: 392px;\" border=\"0\" cellspacing=\"0\"><colgroup width=\"59\"><\/colgroup><colgroup width=\"202\"><\/colgroup><colgroup width=\"51\"><\/colgroup><colgroup width=\"139\"><\/colgroup><colgroup width=\"60\"><\/colgroup><colgroup width=\"160\"><\/colgroup><colgroup width=\"99\"><\/colgroup>\n<tbody>\n<tr style=\"height: 28px;\">\n<td style=\"width: 8.275862068965518%; height: 28px;\" align=\"left\" valign=\"bottom\" height=\"28\"><span style=\"font-family: Calibri;\">M14<\/span><\/td>\n<td style=\"width: 24.82758620689655%; height: 28px;\" align=\"left\" valign=\"bottom\"><span style=\"font-family: Calibri; font-size: medium;\">Tommaso Cometta<\/span><\/td>\n<td style=\"width: 7.586206896551724%; height: 28px;\" align=\"center\" valign=\"bottom\"><span style=\"font-family: Calibri;\">1992<\/span><\/td>\n<td style=\"width: 16.896551724137932%; height: 28px;\" align=\"center\" valign=\"bottom\"><span style=\"font-family: Calibri;\">3:05.91<\/span><\/td>\n<td style=\"width: 7.06896551724138%; height: 28px;\" align=\"center\" valign=\"bottom\"><span style=\"font-family: Calibri; font-size: medium;\">13<\/span><\/td>\n<td style=\"width: 19.310344827586206%; height: 28px;\" align=\"center\" valign=\"bottom\"><span style=\"font-family: Calibri;\">25.09.06<\/span><\/td>\n<td style=\"width: 15.689655172413794%; height: 28px;\" align=\"center\" valign=\"bottom\"><span style=\"font-family: Calibri;\">Appenzell<\/span><\/td>\n<\/tr>\n<tr style=\"height: 28px;\">\n<td style=\"width: 8.275862068965518%; height: 28px;\" align=\"left\" valign=\"bottom\" height=\"28\"><span style=\"font-family: Calibri;\">M12<\/span><\/td>\n<td style=\"width: 24.82758620689655%; height: 28px;\" align=\"left\" valign=\"bottom\"><span style=\"font-family: Calibri; font-size: medium;\">Simone Tattarletti<\/span><\/td>\n<td style=\"width: 7.586206896551724%; height: 28px;\" align=\"center\" valign=\"bottom\"><span style=\"font-family: Calibri;\">1999<\/span><\/td>\n<td style=\"width: 16.896551724137932%; height: 28px;\" align=\"center\" valign=\"bottom\"><span style=\"font-family: Calibri;\">3:21.11<\/span><\/td>\n<td style=\"width: 7.06896551724138%; height: 28px;\" align=\"center\" valign=\"bottom\"><span style=\"font-family: Calibri; font-size: medium;\">16<\/span><\/td>\n<td style=\"width: 19.310344827586206%; height: 28px;\" align=\"center\" valign=\"bottom\"><span style=\"font-family: Calibri;\">24.09.11<\/span><\/td>\n<td style=\"width: 15.689655172413794%; height: 28px;\" align=\"center\" valign=\"bottom\"><span style=\"font-family: Calibri;\">Ibach<\/span><\/td>\n<\/tr>\n<tr style=\"height: 28px;\">\n<td style=\"width: 8.275862068965518%; height: 28px;\" align=\"left\" valign=\"bottom\" height=\"28\"><span style=\"font-family: Calibri;\">M13<\/span><\/td>\n<td style=\"width: 24.82758620689655%; height: 28px;\" align=\"left\" valign=\"bottom\"><span style=\"font-family: Calibri; font-size: medium;\">Simone Tattarletti<\/span><\/td>\n<td style=\"width: 7.586206896551724%; height: 28px;\" align=\"center\" valign=\"bottom\"><span style=\"font-family: Calibri;\">1999<\/span><\/td>\n<td style=\"width: 16.896551724137932%; height: 28px;\" align=\"center\" valign=\"bottom\"><span style=\"font-family: Calibri;\">3:06.75<\/span><\/td>\n<td style=\"width: 7.06896551724138%; height: 28px;\" align=\"center\" valign=\"bottom\"><span style=\"font-family: Calibri; font-size: medium;\">18<\/span><\/td>\n<td style=\"width: 19.310344827586206%; height: 28px;\" align=\"center\" valign=\"bottom\"><span style=\"font-family: Calibri;\">22.09.12<\/span><\/td>\n<td style=\"width: 15.689655172413794%; height: 28px;\" align=\"center\" valign=\"bottom\"><span style=\"font-family: Calibri;\">Aarau<\/span><\/td>\n<\/tr>\n<tr style=\"height: 28px;\">\n<td style=\"width: 8.275862068965518%; height: 28px;\" align=\"left\" valign=\"bottom\" height=\"28\"><span style=\"font-family: Calibri;\">W12<\/span><\/td>\n<td style=\"width: 24.82758620689655%; height: 28px;\" align=\"left\" valign=\"bottom\"><span style=\"font-family: Calibri; font-size: medium;\">Rachele Botti<\/span><\/td>\n<td style=\"width: 7.586206896551724%; height: 28px;\" align=\"center\" valign=\"bottom\"><span style=\"font-family: Calibri;\">2000<\/span><\/td>\n<td style=\"width: 16.896551724137932%; height: 28px;\" align=\"center\" valign=\"bottom\"><span style=\"font-family: Calibri;\">3:26.83<\/span><\/td>\n<td style=\"width: 7.06896551724138%; height: 28px;\" align=\"center\" valign=\"bottom\"><span style=\"font-family: Calibri; font-size: medium;\">18<\/span><\/td>\n<td style=\"width: 19.310344827586206%; height: 28px;\" align=\"center\" valign=\"bottom\"><span style=\"font-family: Calibri;\">22.09.12<\/span><\/td>\n<td style=\"width: 15.689655172413794%; height: 28px;\" align=\"center\" valign=\"bottom\"><span style=\"font-family: Calibri;\">Aarau<\/span><\/td>\n<\/tr>\n<tr style=\"height: 28px;\">\n<td style=\"width: 8.275862068965518%; height: 28px;\" align=\"left\" valign=\"bottom\" height=\"28\"><span style=\"font-family: Calibri;\">W15<\/span><\/td>\n<td style=\"width: 24.82758620689655%; height: 28px;\" align=\"left\" valign=\"bottom\"><span style=\"font-family: Calibri; font-size: medium;\">Flavie Roncoroni<\/span><\/td>\n<td style=\"width: 7.586206896551724%; height: 28px;\" align=\"center\" valign=\"bottom\"><span style=\"font-family: Calibri;\">1997<\/span><\/td>\n<td style=\"width: 16.896551724137932%; height: 28px;\" align=\"center\" valign=\"bottom\"><span style=\"font-family: Calibri;\">3:10.47<\/span><\/td>\n<td style=\"width: 7.06896551724138%; height: 28px;\" align=\"center\" valign=\"bottom\"><span style=\"font-family: Calibri; font-size: medium;\">7<\/span><\/td>\n<td style=\"width: 19.310344827586206%; height: 28px;\" align=\"center\" valign=\"bottom\"><span style=\"font-family: Calibri;\">22.09.12<\/span><\/td>\n<td style=\"width: 15.689655172413794%; height: 28px;\" align=\"center\" valign=\"bottom\"><span style=\"font-family: Calibri;\">Aarau<\/span><\/td>\n<\/tr>\n<tr style=\"height: 28px;\">\n<td style=\"width: 8.275862068965518%; height: 28px;\" align=\"left\" valign=\"bottom\" height=\"28\"><span style=\"font-family: Calibri;\">M14<\/span><\/td>\n<td style=\"width: 24.82758620689655%; height: 28px;\" align=\"left\" valign=\"bottom\"><span style=\"font-family: Calibri; font-size: medium;\">Simone Tattarletti<\/span><\/td>\n<td style=\"width: 7.586206896551724%; height: 28px;\" align=\"center\" valign=\"bottom\"><span style=\"font-family: Calibri;\">1999<\/span><\/td>\n<td style=\"width: 16.896551724137932%; height: 28px;\" align=\"center\" valign=\"bottom\"><span style=\"font-family: Calibri;\">2:49.87<\/span><\/td>\n<td style=\"width: 7.06896551724138%; height: 28px;\" align=\"center\" valign=\"bottom\"><span style=\"font-family: Calibri; font-size: medium;\">7<\/span><\/td>\n<td style=\"width: 19.310344827586206%; height: 28px;\" align=\"center\" valign=\"bottom\"><span style=\"font-family: Calibri;\">21.09.13<\/span><\/td>\n<td style=\"width: 15.689655172413794%; height: 28px;\" align=\"center\" valign=\"bottom\"><span style=\"font-family: Calibri;\">Payerne<\/span><\/td>\n<\/tr>\n<tr style=\"height: 28px;\">\n<td style=\"width: 8.275862068965518%; height: 28px;\" align=\"left\" valign=\"bottom\" height=\"28\"><span style=\"font-family: Calibri;\">W13<\/span><\/td>\n<td style=\"width: 24.82758620689655%; height: 28px;\" align=\"left\" valign=\"bottom\"><span style=\"font-family: Calibri; font-size: medium;\">Rachele Botti<\/span><\/td>\n<td style=\"width: 7.586206896551724%; height: 28px;\" align=\"center\" valign=\"bottom\"><span style=\"font-family: Calibri;\">2000<\/span><\/td>\n<td style=\"width: 16.896551724137932%; height: 28px;\" align=\"center\" valign=\"bottom\"><span style=\"font-family: Calibri;\">3:18.18<\/span><\/td>\n<td style=\"width: 7.06896551724138%; height: 28px;\" align=\"center\" valign=\"bottom\"><span style=\"font-family: Calibri; font-size: medium;\">14<\/span><\/td>\n<td style=\"width: 19.310344827586206%; height: 28px;\" align=\"center\" valign=\"bottom\"><span style=\"font-family: Calibri;\">21.09.13<\/span><\/td>\n<td style=\"width: 15.689655172413794%; height: 28px;\" align=\"center\" valign=\"bottom\"><span style=\"font-family: Calibri;\">Payerne<\/span><\/td>\n<\/tr>\n<tr style=\"height: 28px;\">\n<td style=\"width: 8.275862068965518%; height: 28px;\" align=\"left\" valign=\"bottom\" height=\"28\"><span style=\"font-family: Calibri;\">W14<\/span><\/td>\n<td style=\"width: 24.82758620689655%; height: 28px;\" align=\"left\" valign=\"bottom\"><span style=\"font-family: Calibri; font-size: medium;\">Matilde Stampanoni<\/span><\/td>\n<td style=\"width: 7.586206896551724%; height: 28px;\" align=\"center\" valign=\"bottom\"><span style=\"font-family: Calibri;\">2003<\/span><\/td>\n<td style=\"width: 16.896551724137932%; height: 28px;\" align=\"center\" valign=\"bottom\"><span style=\"font-family: Calibri;\">3:23.86<\/span><\/td>\n<td style=\"width: 7.06896551724138%; height: 28px;\" align=\"center\" valign=\"bottom\"><span style=\"font-family: Calibri; font-size: medium;\">20<\/span><\/td>\n<td style=\"width: 19.310344827586206%; height: 28px;\" align=\"center\" valign=\"bottom\"><span style=\"font-family: Calibri;\">24.09.16<\/span><\/td>\n<td style=\"width: 15.689655172413794%; height: 28px;\" align=\"center\" valign=\"bottom\"><span style=\"font-family: Calibri;\">Fribourg<\/span><\/td>\n<\/tr>\n<tr style=\"height: 28px;\">\n<td style=\"width: 8.275862068965518%; height: 28px;\" align=\"left\" valign=\"bottom\" height=\"28\"><span style=\"font-family: Calibri;\">W14<\/span><\/td>\n<td style=\"width: 24.82758620689655%; height: 28px;\" align=\"left\" valign=\"bottom\"><span style=\"font-family: Calibri; font-size: medium;\">Matilde Stampanoni<\/span><\/td>\n<td style=\"width: 7.586206896551724%; height: 28px;\" align=\"center\" valign=\"bottom\"><span style=\"font-family: Calibri;\">2003<\/span><\/td>\n<td style=\"width: 16.896551724137932%; height: 28px;\" align=\"center\" valign=\"bottom\"><span style=\"font-family: Calibri;\">3:25.86<\/span><\/td>\n<td style=\"width: 7.06896551724138%; height: 28px;\" align=\"center\" valign=\"bottom\"><span style=\"font-family: Calibri; font-size: medium;\">24<\/span><\/td>\n<td style=\"width: 19.310344827586206%; height: 28px;\" align=\"center\" valign=\"bottom\"><span style=\"font-family: Calibri;\">23.09.17<\/span><\/td>\n<td style=\"width: 15.689655172413794%; height: 28px;\" align=\"center\" valign=\"bottom\"><span style=\"font-family: Calibri;\">Kreuzlingen<\/span><\/td>\n<\/tr>\n<tr style=\"height: 28px;\">\n<td style=\"width: 8.275862068965518%; height: 28px;\" align=\"left\" valign=\"bottom\" height=\"28\"><span style=\"font-family: Calibri;\">M12<\/span><\/td>\n<td style=\"width: 24.82758620689655%; height: 28px;\" align=\"left\" valign=\"bottom\"><span style=\"font-family: Calibri; font-size: medium;\">Samuele Ceruti<\/span><\/td>\n<td style=\"width: 7.586206896551724%; height: 28px;\" align=\"center\" valign=\"bottom\"><span style=\"font-family: Calibri;\">2005<\/span><\/td>\n<td style=\"width: 16.896551724137932%; height: 28px;\" align=\"center\" valign=\"bottom\"><span style=\"font-family: Calibri;\">3:21.60<\/span><\/td>\n<td style=\"width: 7.06896551724138%; height: 28px;\" align=\"center\" valign=\"bottom\"><span style=\"font-family: Calibri; font-size: medium;\">21<\/span><\/td>\n<td style=\"width: 19.310344827586206%; height: 28px;\" align=\"center\" valign=\"bottom\"><span style=\"font-family: Calibri;\">23.09.17<\/span><\/td>\n<td style=\"width: 15.689655172413794%; height: 28px;\" align=\"center\" valign=\"bottom\"><span style=\"font-family: Calibri;\">Kreuzlingen<\/span><\/td>\n<\/tr>\n<tr style=\"height: 28px;\">\n<td style=\"width: 8.275862068965518%; height: 28px;\" align=\"left\" valign=\"bottom\" height=\"28\"><span style=\"font-family: Calibri;\">M10<\/span><\/td>\n<td style=\"width: 24.82758620689655%; height: 28px;\" align=\"left\" valign=\"bottom\"><span style=\"font-family: Calibri; font-size: medium;\">No\u00e9 Volger<\/span><\/td>\n<td style=\"width: 7.586206896551724%; height: 28px;\" align=\"center\" valign=\"bottom\"><span style=\"font-family: Calibri;\">2009<\/span><\/td>\n<td style=\"width: 16.896551724137932%; height: 28px;\" align=\"center\" valign=\"bottom\"><span style=\"font-family: Calibri;\">3:29.82<\/span><\/td>\n<td style=\"width: 7.06896551724138%; height: 28px;\" align=\"center\" valign=\"bottom\"><span style=\"font-family: Calibri; font-size: medium;\">19<\/span><\/td>\n<td style=\"width: 19.310344827586206%; height: 28px;\" align=\"center\" valign=\"bottom\"><span style=\"font-family: Calibri;\">22.09.19<\/span><\/td>\n<td style=\"width: 15.689655172413794%; height: 28px;\" align=\"center\" valign=\"bottom\"><span style=\"font-family: Calibri;\">Locarno<\/span><\/td>\n<\/tr>\n<tr style=\"height: 28px;\">\n<td style=\"width: 8.275862068965518%; height: 28px;\" align=\"left\" valign=\"bottom\" height=\"28\"><span style=\"font-family: Calibri;\">M11<\/span><\/td>\n<td style=\"width: 24.82758620689655%; height: 28px;\" align=\"left\" valign=\"bottom\"><span style=\"font-family: Calibri; font-size: medium;\">No\u00e9 Volger<\/span><\/td>\n<td style=\"width: 7.586206896551724%; height: 28px;\" align=\"center\" valign=\"bottom\"><span style=\"font-family: Calibri;\">2009<\/span><\/td>\n<td style=\"width: 16.896551724137932%; height: 28px;\" align=\"center\" valign=\"bottom\"><span style=\"font-family: Calibri;\">3:29.72<\/span><\/td>\n<td style=\"width: 7.06896551724138%; height: 28px;\" align=\"center\" valign=\"bottom\"><span style=\"font-family: Calibri; font-size: medium;\">22<\/span><\/td>\n<td style=\"width: 19.310344827586206%; height: 28px;\" align=\"center\" valign=\"bottom\"><span style=\"font-family: Calibri;\">26.09.20<\/span><\/td>\n<td style=\"width: 15.689655172413794%; height: 28px;\" align=\"center\" valign=\"bottom\"><span style=\"font-family: Calibri;\">Monthey<\/span><\/td>\n<\/tr>\n<tr style=\"height: 28px;\">\n<td style=\"width: 8.275862068965518%; height: 28px;\" align=\"left\" valign=\"bottom\" height=\"28\"><span style=\"font-family: Calibri;\">W12<\/span><\/td>\n<td style=\"width: 24.82758620689655%; height: 28px;\" align=\"left\" valign=\"bottom\"><span style=\"font-family: Calibri; font-size: medium;\">Jennis Berger<\/span><\/td>\n<td style=\"width: 7.586206896551724%; height: 28px;\" align=\"center\" valign=\"bottom\"><span style=\"font-family: Calibri;\">2008<\/span><\/td>\n<td style=\"width: 16.896551724137932%; height: 28px;\" align=\"center\" valign=\"bottom\"><span style=\"font-family: Calibri;\">3:39.43<\/span><\/td>\n<td style=\"width: 7.06896551724138%; height: 28px;\" align=\"center\" valign=\"bottom\"><span style=\"font-family: Calibri; font-size: medium;\">26<\/span><\/td>\n<td style=\"width: 19.310344827586206%; height: 28px;\" align=\"center\" valign=\"bottom\"><span style=\"font-family: Calibri;\">26.09.20<\/span><\/td>\n<td style=\"width: 15.689655172413794%; height: 28px;\" align=\"center\" valign=\"bottom\"><span style=\"font-family: Calibri;\">Monthey<\/span><\/td>\n<\/tr>\n<tr style=\"height: 28px;\">\n<td style=\"width: 8.275862068965518%; height: 28px;\" align=\"left\" valign=\"bottom\" height=\"28\"><span style=\"font-family: Calibri;\">W15<\/span><\/td>\n<td style=\"width: 24.82758620689655%; height: 28px;\" align=\"left\" valign=\"bottom\"><span style=\"font-family: Calibri; font-size: medium;\">Federica Baldi <\/span><\/td>\n<td style=\"width: 7.586206896551724%; height: 28px;\" align=\"center\" valign=\"bottom\"><span style=\"font-family: Calibri;\">2005<\/span><\/td>\n<td style=\"width: 16.896551724137932%; height: 28px;\" align=\"center\" valign=\"bottom\"><span style=\"font-family: Calibri;\">3:19.00<\/span><\/td>\n<td style=\"width: 7.06896551724138%; height: 28px;\" align=\"center\" valign=\"bottom\"><span style=\"font-family: Calibri; font-size: medium;\">20<\/span><\/td>\n<td style=\"width: 19.310344827586206%; height: 28px;\" align=\"center\" valign=\"bottom\"><span style=\"font-family: Calibri;\">26.09.20<\/span><\/td>\n<td style=\"width: 15.689655172413794%; height: 28px;\" align=\"center\" valign=\"bottom\"><span style=\"font-family: Calibri;\">Monthey<\/span><\/td>\n<\/tr>\n<\/tbody>\n<\/table>\n<p><iframe loading=\"lazy\" src=\"\/\/www.youtube.com\/embed\/1avRl_KIf0o\" width=\"560\" height=\"315\" frameborder=\"0\" allowfullscreen=\"allowfullscreen\"><\/iframe><\/p>\n<p><iframe loading=\"lazy\" src=\"\/\/www.youtube.com\/embed\/4DI9aO3JDco\" width=\"560\" height=\"315\" frameborder=\"0\" allowfullscreen=\"allowfullscreen\"><\/iframe><\/p>\n<p><iframe loading=\"lazy\" src=\"\/\/www.youtube.com\/embed\/rj084SgEY3M\" width=\"560\" height=\"315\" frameborder=\"0\" allowfullscreen=\"allowfullscreen\"><\/iframe><\/p>\n","protected":false},"excerpt":{"rendered":"<p>Un fresco pomeriggio vallesano ha accolto i nostri tre atleti allo Stade de Vernay. In Totale erano 215 gli atleti al via, 14 dal Ticino. No\u00e9, Jennis e Federica con grinta e determinazione hanno corso la loro finale confermando le prestazioni ottenute a Bellinzona. Per il Ticino spiccano cinque piazzamenti nei primi 10 tra cui il terzo posto di Nicola Fattorini,che andr\u00e0 al Weltklasse 2021. Bravi anche Tosca Del Siro, Gaia Berini e i fratelli&#8230;<\/p>\n","protected":false},"author":4,"featured_media":10751,"comment_status":"closed","ping_status":"closed","sticky":false,"template":"","format":"standard","meta":{"jetpack_post_was_ever_published":false,"_jetpack_newsletter_access":"","_jetpack_dont_email_post_to_subs":false,"_jetpack_newsletter_tier_id":0,"_jetpack_memberships_contains_paywalled_content":false,"_jetpack_memberships_contains_paid_content":false,"footnotes":"","jetpack_publicize_message":"","jetpack_publicize_feature_enabled":true,"jetpack_social_post_already_shared":false,"jetpack_social_options":{"image_generator_settings":{"template":"highway","default_image_id":0,"font":"","enabled":false},"version":2}},"categories":[4,9],"tags":[],"class_list":["post-11130","post","type-post","status-publish","format-standard","has-post-thumbnail","hentry","category-pista","category-sport"],"jetpack_publicize_connections":[],"jetpack_featured_media_url":"https:\/\/i0.wp.com\/uscatletica.ch\/wp\/wp-content\/uploads\/2020\/09\/200902pW12.jpg?fit=431%2C323&ssl=1","jetpack_sharing_enabled":true,"jetpack_shortlink":"https:\/\/wp.me\/p6V7Ck-2Tw","jetpack-related-posts":[{"id":10732,"url":"https:\/\/uscatletica.ch\/wp\/?p=10732","url_meta":{"origin":11130,"position":0},"title":"Mille Gruyere No\u00e9 e Jennis in finale","author":"Leonida Stampanoni","date":"2 Settembre 2020","format":false,"excerpt":"La serata al Mille Gruyere ha regalato innumerevoli soddisfazione ai 13 USCini presenti mercoled\u00ec al comunale di Bellinzona; No\u00e9 ritrova la finale \u00a0affronter\u00e0 la trasferta a Monnthey il 26 settembre con Jennis. \u00a0A podio ed a. poco dalla finale arriva anche un'ottima Federica. Tutti hanno ritrovato con piacere le competizioni\u2026","rel":"","context":"In &quot;Pista&quot;","block_context":{"text":"Pista","link":"https:\/\/uscatletica.ch\/wp\/?cat=4"},"img":{"alt_text":"","src":"https:\/\/i0.wp.com\/uscatletica.ch\/wp\/wp-content\/uploads\/2020\/09\/saplti200902.jpg?fit=421%2C316&ssl=1&resize=350%2C200","width":350,"height":200},"classes":[]},{"id":12470,"url":"https:\/\/uscatletica.ch\/wp\/?p=12470","url_meta":{"origin":11130,"position":1},"title":"Pietro No\u00e9 e Jennis tre USCini alla finale di Appenzello","author":"Leonida Stampanoni","date":"9 Giugno 2021","format":false,"excerpt":"Una serata fresca e con abbondanti di scrosci di pioggia ha accolto i 150 partecipanti \u00a0alla finale ticinese del MilLe Gruy\u00e8re. Ottimi i risultati dei nostri 17 Uscini, due vittorie per un totale di tre finalisti No\u00e9 e Pietro hanno vinto a suon di personale mentre Jennis ha conquistato la\u2026","rel":"","context":"In &quot;Pista&quot;","block_context":{"text":"Pista","link":"https:\/\/uscatletica.ch\/wp\/?cat=4"},"img":{"alt_text":"","src":"https:\/\/i0.wp.com\/uscatletica.ch\/wp\/wp-content\/uploads\/2021\/03\/MP1030950MINI.jpg?fit=432%2C324&ssl=1&resize=350%2C200","width":350,"height":200},"classes":[]},{"id":9109,"url":"https:\/\/uscatletica.ch\/wp\/?p=9109","url_meta":{"origin":11130,"position":2},"title":"Bellinzona Isone Basodino Locarno Uster USC a 360 gradi","author":"Leonida Stampanoni","date":"20 Settembre 2019","format":false,"excerpt":"Il primo fine settimana autunnale sar\u00e0 veramente ricco di impegni per gli atleti USC. In pista si chiude il Gran Prix FTAL al comunale di Bellinzona con i palio pure i titoli suo 5000 m e 3000 m prima di ospitare il classico meeting Masters giunto alla 19 edizioni. Locarno\u2026","rel":"","context":"In &quot;Montagna&quot;","block_context":{"text":"Montagna","link":"https:\/\/uscatletica.ch\/wp\/?cat=16"},"img":{"alt_text":"","src":"https:\/\/i0.wp.com\/uscatletica.ch\/wp\/wp-content\/uploads\/2019\/08\/caratschlausc190815.jpg?fit=432%2C324&ssl=1&resize=350%2C200","width":350,"height":200},"classes":[]},{"id":16067,"url":"https:\/\/uscatletica.ch\/wp\/?p=16067","url_meta":{"origin":11130,"position":3},"title":"Da Salzburg a Ginevra in pista passando dal Trail San Giorgio","author":"Leonida Stampanoni","date":"23 Settembre 2022","format":false,"excerpt":"Fine settimana intenso per l'USC tre le presenze USC con la selezione Ticino FTAL che sar\u00e0 a Salzburg per l'incontro Arge Alp. Il nostro No\u00e9 sar\u00e0 alla quarta finale MilLe Gruy\u00e8re consecutiva la trasferta lo porter\u00e0 fino al bout du monde a Ginevra. In Ticino ci sar\u00e0 il Trail San\u2026","rel":"","context":"In &quot;Montagna&quot;","block_context":{"text":"Montagna","link":"https:\/\/uscatletica.ch\/wp\/?cat=16"},"img":{"alt_text":"","src":"https:\/\/i0.wp.com\/uscatletica.ch\/wp\/wp-content\/uploads\/2021\/09\/210914U14post.jpg?fit=324%2C432&ssl=1&resize=350%2C200","width":350,"height":200},"classes":[]},{"id":12468,"url":"https:\/\/uscatletica.ch\/wp\/?p=12468","url_meta":{"origin":11130,"position":4},"title":"Al comunale la sfida del MilLe Gruyere","author":"Leonida Stampanoni","date":"9 Giugno 2021","format":false,"excerpt":"\u00a0Mercoled\u00ec sera il comunale di Bellinzona ospiter\u00e0 la finale del MilLe Gruy\u00e8re\u00a0\u00a0il progetto giovanile di Swiss Athletics dedicato ai mezzofondisti che ha regalato molte soddisfazione all'USC. A partire dalle 18.10 in pista ci saranno ben 17 USCini\/e a guidare il gruppo pi\u00f9 numeroso di sempre ci saranno Pietro tra i\u2026","rel":"","context":"In &quot;Pista&quot;","block_context":{"text":"Pista","link":"https:\/\/uscatletica.ch\/wp\/?cat=4"},"img":{"alt_text":"","src":"https:\/\/i0.wp.com\/uscatletica.ch\/wp\/wp-content\/uploads\/2021\/05\/210513st600m.jpg?fit=432%2C324&ssl=1&resize=350%2C200","width":350,"height":200},"classes":[]},{"id":17523,"url":"https:\/\/uscatletica.ch\/wp\/?p=17523","url_meta":{"origin":11130,"position":5},"title":"IL MEETING LUGANESE VOLA ALTO","author":"Leonida Stampanoni","date":"10 Giugno 2023","format":false,"excerpt":"L'arena sportiva Capriasca e Valcolla ha ospitato 200 partecipanti alla prima edizione del Meeting Luganese, ottimamente organizzato dall'USC in collaborazione con SAL e SAM. La meteo pazzerella non ha fermato l'ottimo livello delle gare che nel finale hanno preso letteralmente il volo con il salto di 2.01 dell'atleta argentino Martin\u2026","rel":"","context":"In &quot;Pista&quot;","block_context":{"text":"Pista","link":"https:\/\/uscatletica.ch\/wp\/?cat=4"},"img":{"alt_text":"","src":"https:\/\/i0.wp.com\/uscatletica.ch\/wp\/wp-content\/uploads\/2023\/06\/meeting-10-giugno-foto-Elista.jpg?fit=608%2C537&ssl=1&resize=350%2C200","width":350,"height":200,"srcset":"https:\/\/i0.wp.com\/uscatletica.ch\/wp\/wp-content\/uploads\/2023\/06\/meeting-10-giugno-foto-Elista.jpg?fit=608%2C537&ssl=1&resize=350%2C200 1x, https:\/\/i0.wp.com\/uscatletica.ch\/wp\/wp-content\/uploads\/2023\/06\/meeting-10-giugno-foto-Elista.jpg?fit=608%2C537&ssl=1&resize=525%2C300 1.5x"},"classes":[]}],"_links":{"self":[{"href":"https:\/\/uscatletica.ch\/wp\/index.php?rest_route=\/wp\/v2\/posts\/11130","targetHints":{"allow":["GET"]}}],"collection":[{"href":"https:\/\/uscatletica.ch\/wp\/index.php?rest_route=\/wp\/v2\/posts"}],"about":[{"href":"https:\/\/uscatletica.ch\/wp\/index.php?rest_route=\/wp\/v2\/types\/post"}],"author":[{"embeddable":true,"href":"https:\/\/uscatletica.ch\/wp\/index.php?rest_route=\/wp\/v2\/users\/4"}],"replies":[{"embeddable":true,"href":"https:\/\/uscatletica.ch\/wp\/index.php?rest_route=%2Fwp%2Fv2%2Fcomments&post=11130"}],"version-history":[{"count":13,"href":"https:\/\/uscatletica.ch\/wp\/index.php?rest_route=\/wp\/v2\/posts\/11130\/revisions"}],"predecessor-version":[{"id":11268,"href":"https:\/\/uscatletica.ch\/wp\/index.php?rest_route=\/wp\/v2\/posts\/11130\/revisions\/11268"}],"wp:featuredmedia":[{"embeddable":true,"href":"https:\/\/uscatletica.ch\/wp\/index.php?rest_route=\/wp\/v2\/media\/10751"}],"wp:attachment":[{"href":"https:\/\/uscatletica.ch\/wp\/index.php?rest_route=%2Fwp%2Fv2%2Fmedia&parent=11130"}],"wp:term":[{"taxonomy":"category","embeddable":true,"href":"https:\/\/uscatletica.ch\/wp\/index.php?rest_route=%2Fwp%2Fv2%2Fcategories&post=11130"},{"taxonomy":"post_tag","embeddable":true,"href":"https:\/\/uscatletica.ch\/wp\/index.php?rest_route=%2Fwp%2Fv2%2Ftags&post=11130"}],"curies":[{"name":"wp","href":"https:\/\/api.w.org\/{rel}","templated":true}]}}