{"id":11792,"date":"2021-03-22T08:53:00","date_gmt":"2021-03-22T07:53:00","guid":{"rendered":"http:\/\/uscatletica.ch\/wp\/?p=11792"},"modified":"2021-03-28T10:07:18","modified_gmt":"2021-03-28T08:07:18","slug":"gare-usc-2021","status":"publish","type":"post","link":"https:\/\/uscatletica.ch\/wp\/?p=11792","title":{"rendered":"Gare USC 2021"},"content":{"rendered":"\n<p>Seppur ancora immerso nell&#8217;incertezza, il calendario ASTi 2021 \u00e8 stato pubblicato. Oltre alle gare di <span style=\"text-decoration: underline; color: #0000ff;\">podismo o montagna<\/span> e alle <span style=\"text-decoration: underline; color: #ff0000;\">staffette<\/span>, sono note anche le date delle <span style=\"text-decoration: underline; color: #339966;\">gare di CO.<\/span><\/p>\n<p><strong>Da annotare sono le seguenti gare <span style=\"color: #ff0000;\">USC<\/span>:<\/strong><\/p>\n<ul>\n<li><span style=\"color: #ff6600;\"><strong><a style=\"color: #ff6600;\" href=\"https:\/\/uscatletica.ch\/wp\/?page_id=288\">Staffetta USC<\/a>: domenica 14 marzo (<em>annullata<\/em>)<\/strong><\/span><\/li>\n<li><span style=\"color: #ff00ff;\"><strong><a style=\"color: #ff00ff;\" href=\"https:\/\/uscatletica.ch\/wp\/?page_id=299\">Crono del Bigorio<\/a>: domenica 18 aprile (probabile rinvio)<br><\/strong><\/span><\/li>\n<li><span style=\"color: #339966;\"><strong>40\u00b0 <a style=\"color: #339966;\" href=\"https:\/\/uscatletica.ch\/wp\/?page_id=260\">Tesserete-Gola di Lago<\/a>: sabato 8 maggio<\/strong><\/span><\/li>\n<li><span style=\"color: #00ccff;\"><strong><span style=\"color: #00ffff;\"><a style=\"color: #00ffff;\" href=\"https:\/\/uscatletica.ch\/wp\/?page_id=297\">5&#8217;000 m ASTi<\/a> e Meeting Tutti in pista: mercoled\u00ec 15 giugno<\/span><br><\/strong><\/span><\/li>\n<li><span style=\"color: #993300;\"><strong><a style=\"color: #993300;\" href=\"https:\/\/uscatletica.ch\/wp\/?page_id=8892\">Gir dal Diavol<\/a>: sabato 23 ottobre<br><\/strong><\/span><\/li>\n<\/ul>\n<p>e poi<\/p>\n<ul>\n<li><strong>Meeting Capriaschese (calendario FTAL):<\/strong> mercoled\u00ec 16 giugno<\/li>\n<li><strong>UBS Kids Cup:<\/strong> data da stabilire<\/li>\n<li><strong>Cross di pom:<\/strong> data da stabilire<\/li>\n<\/ul>\n<p><span style=\"background-color: #33cccc; color: #ff0000;\"><strong><a style=\"background-color: #33cccc; color: #ff0000;\" href=\"http:\/\/www.astiticino.ch\">-&gt; SITO ASTi<\/a><\/strong><\/span><\/p>\n<p><a href=\"https:\/\/i0.wp.com\/uscatletica.ch\/wp\/wp-content\/uploads\/2021\/02\/Bandana-ASTi-2020-2.jpg?ssl=1\"><img data-recalc-dims=\"1\" loading=\"lazy\" decoding=\"async\" data-attachment-id=\"11794\" data-permalink=\"https:\/\/uscatletica.ch\/wp\/?attachment_id=11794\" data-orig-file=\"https:\/\/i0.wp.com\/uscatletica.ch\/wp\/wp-content\/uploads\/2021\/02\/Bandana-ASTi-2020-2.jpg?fit=1952%2C1644&amp;ssl=1\" data-orig-size=\"1952,1644\" data-comments-opened=\"0\" data-image-meta=\"{&quot;aperture&quot;:&quot;3.3&quot;,&quot;credit&quot;:&quot;&quot;,&quot;camera&quot;:&quot;DSC-W830&quot;,&quot;caption&quot;:&quot;&quot;,&quot;created_timestamp&quot;:&quot;1612697372&quot;,&quot;copyright&quot;:&quot;&quot;,&quot;focal_length&quot;:&quot;4.5&quot;,&quot;iso&quot;:&quot;80&quot;,&quot;shutter_speed&quot;:&quot;0.033333333333333&quot;,&quot;title&quot;:&quot;&quot;,&quot;orientation&quot;:&quot;0&quot;}\" data-image-title=\"Bandana ASTi 2020 (2)\" data-image-description=\"\" data-image-caption=\"\" data-large-file=\"https:\/\/i0.wp.com\/uscatletica.ch\/wp\/wp-content\/uploads\/2021\/02\/Bandana-ASTi-2020-2.jpg?fit=640%2C539&amp;ssl=1\" class=\"alignleft size-full wp-image-11794\" src=\"https:\/\/i0.wp.com\/uscatletica.ch\/wp\/wp-content\/uploads\/2021\/02\/Bandana-ASTi-2020-2.jpg?resize=640%2C539&#038;ssl=1\" alt=\"\" width=\"640\" height=\"539\" srcset=\"https:\/\/i0.wp.com\/uscatletica.ch\/wp\/wp-content\/uploads\/2021\/02\/Bandana-ASTi-2020-2.jpg?w=1952&amp;ssl=1 1952w, https:\/\/i0.wp.com\/uscatletica.ch\/wp\/wp-content\/uploads\/2021\/02\/Bandana-ASTi-2020-2.jpg?resize=300%2C253&amp;ssl=1 300w, https:\/\/i0.wp.com\/uscatletica.ch\/wp\/wp-content\/uploads\/2021\/02\/Bandana-ASTi-2020-2.jpg?resize=1024%2C862&amp;ssl=1 1024w, https:\/\/i0.wp.com\/uscatletica.ch\/wp\/wp-content\/uploads\/2021\/02\/Bandana-ASTi-2020-2.jpg?resize=768%2C647&amp;ssl=1 768w, https:\/\/i0.wp.com\/uscatletica.ch\/wp\/wp-content\/uploads\/2021\/02\/Bandana-ASTi-2020-2.jpg?resize=1536%2C1294&amp;ssl=1 1536w, https:\/\/i0.wp.com\/uscatletica.ch\/wp\/wp-content\/uploads\/2021\/02\/Bandana-ASTi-2020-2.jpg?resize=100%2C85&amp;ssl=1 100w, https:\/\/i0.wp.com\/uscatletica.ch\/wp\/wp-content\/uploads\/2021\/02\/Bandana-ASTi-2020-2.jpg?w=1280&amp;ssl=1 1280w\" sizes=\"auto, (max-width: 640px) 100vw, 640px\" \/><\/a><\/p>\n","protected":false},"excerpt":{"rendered":"<p>Seppur ancora immerso nell&#8217;incertezza, il calendario ASTi 2021 \u00e8 stato pubblicato. Oltre alle gare di podismo o montagna e alle staffette, sono note anche le date delle gare di CO. Da annotare sono le seguenti gare USC: Staffetta USC: domenica 14 marzo (annullata) Crono del Bigorio: domenica 18 aprile (probabile rinvio) 40\u00b0 Tesserete-Gola di Lago: sabato 8 maggio 5&#8217;000 m ASTi e Meeting Tutti in pista: mercoled\u00ec 15 giugno Gir dal Diavol: sabato 23 ottobre&#8230;<\/p>\n","protected":false},"author":3,"featured_media":11794,"comment_status":"closed","ping_status":"closed","sticky":false,"template":"","format":"standard","meta":{"jetpack_post_was_ever_published":false,"_jetpack_newsletter_access":"","_jetpack_dont_email_post_to_subs":false,"_jetpack_newsletter_tier_id":0,"_jetpack_memberships_contains_paywalled_content":false,"_jetpack_memberships_contains_paid_content":false,"footnotes":"","jetpack_publicize_message":"","jetpack_publicize_feature_enabled":true,"jetpack_social_post_already_shared":false,"jetpack_social_options":{"image_generator_settings":{"template":"highway","default_image_id":0,"font":"","enabled":false},"version":2}},"categories":[19,12,10,16,6,4,5,9,8],"tags":[],"class_list":["post-11792","post","type-post","status-publish","format-standard","has-post-thumbnail","hentry","category-corsa-dorientamento","category-nostregare","category-info","category-montagna","category-non-catalogato","category-pista","category-podismo","category-sport","category-staffette"],"jetpack_publicize_connections":[],"jetpack_featured_media_url":"https:\/\/i0.wp.com\/uscatletica.ch\/wp\/wp-content\/uploads\/2021\/02\/Bandana-ASTi-2020-2.jpg?fit=1952%2C1644&ssl=1","jetpack_sharing_enabled":true,"jetpack_shortlink":"https:\/\/wp.me\/p6V7Ck-34c","jetpack-related-posts":[{"id":14443,"url":"https:\/\/uscatletica.ch\/wp\/?p=14443","url_meta":{"origin":11792,"position":0},"title":"Informazioni per gli atleti USC","author":"Stampa E","date":"16 Marzo 2022","format":false,"excerpt":"Siamo felici che avete scelto di rappresentare l\u2019USC Capriaschese nell\u2019ampia gamma di attivit\u00e0 che coinvolge la nostra societ\u00e0, onorando il nome della stessa. Il vostro senso di appartenenza all\u2019USC Capriaschese \u00e8 molto importante. Riteniamo pertanto giusto e coerente che vi iscriviate a tutte le gare FTAL, SwissAthletics, ASTi, a tutte\u2026","rel":"","context":"In &quot;CO&quot;","block_context":{"text":"CO","link":"https:\/\/uscatletica.ch\/wp\/?cat=19"},"img":{"alt_text":"","src":"https:\/\/i0.wp.com\/uscatletica.ch\/wp\/wp-content\/uploads\/2022\/03\/Maglie-USC.jpg?fit=1193%2C708&ssl=1&resize=350%2C200","width":350,"height":200,"srcset":"https:\/\/i0.wp.com\/uscatletica.ch\/wp\/wp-content\/uploads\/2022\/03\/Maglie-USC.jpg?fit=1193%2C708&ssl=1&resize=350%2C200 1x, https:\/\/i0.wp.com\/uscatletica.ch\/wp\/wp-content\/uploads\/2022\/03\/Maglie-USC.jpg?fit=1193%2C708&ssl=1&resize=525%2C300 1.5x, https:\/\/i0.wp.com\/uscatletica.ch\/wp\/wp-content\/uploads\/2022\/03\/Maglie-USC.jpg?fit=1193%2C708&ssl=1&resize=700%2C400 2x, https:\/\/i0.wp.com\/uscatletica.ch\/wp\/wp-content\/uploads\/2022\/03\/Maglie-USC.jpg?fit=1193%2C708&ssl=1&resize=1050%2C600 3x"},"classes":[]},{"id":10717,"url":"https:\/\/uscatletica.ch\/wp\/?p=10717","url_meta":{"origin":11792,"position":1},"title":"Meeting FTAL e tris di gare ASTi in Capriasca","author":"Stampa E","date":"8 Settembre 2020","format":false,"excerpt":"Comunicato Stampa USC del 8 settembre 2020 Meeting FTAL e tris di gare ASTi in Capriasca L\u2019USC, Unione Sportiva Capriaschese sezione atletica, recuperer\u00e0 nei mesi di settembre e ottobre alcune delle gare rinviate in primavera a causa della pandemia, che affiancheranno alcuni eventi gi\u00e0 in calendario. Inserite nei calendari della\u2026","rel":"","context":"In &quot;I nostri appuntamenti&quot;","block_context":{"text":"I nostri appuntamenti","link":"https:\/\/uscatletica.ch\/wp\/?cat=12"},"img":{"alt_text":"","src":"https:\/\/i0.wp.com\/uscatletica.ch\/wp\/wp-content\/uploads\/2020\/09\/Arena-sportiva-pista.jpg?fit=800%2C600&ssl=1&resize=350%2C200","width":350,"height":200,"srcset":"https:\/\/i0.wp.com\/uscatletica.ch\/wp\/wp-content\/uploads\/2020\/09\/Arena-sportiva-pista.jpg?fit=800%2C600&ssl=1&resize=350%2C200 1x, https:\/\/i0.wp.com\/uscatletica.ch\/wp\/wp-content\/uploads\/2020\/09\/Arena-sportiva-pista.jpg?fit=800%2C600&ssl=1&resize=525%2C300 1.5x, https:\/\/i0.wp.com\/uscatletica.ch\/wp\/wp-content\/uploads\/2020\/09\/Arena-sportiva-pista.jpg?fit=800%2C600&ssl=1&resize=700%2C400 2x"},"classes":[]},{"id":13547,"url":"https:\/\/uscatletica.ch\/wp\/?p=13547","url_meta":{"origin":11792,"position":2},"title":"SAGNO QUATTRO PODI USC &#8211; DUE PODI TRA MORAT E CLARO","author":"Leonida Stampanoni","date":"5 Ottobre 2021","format":false,"excerpt":"La prima staffetta autunnale a Sagno \u00e8 stata un'ottima esperienza per l'USC presente con una ventina di giovani atlete\/i, una vittoria e tre podi il bilancio delle staffette, buona la partecipazione anche nelle gare individuali. \u00a0Dal settore podismo i nostri atleti erano sia alla Claro Pizzo che alla Classicissima Morat-\u2026","rel":"","context":"In &quot;Montagna&quot;","block_context":{"text":"Montagna","link":"https:\/\/uscatletica.ch\/wp\/?cat=16"},"img":{"alt_text":"","src":"https:\/\/i0.wp.com\/uscatletica.ch\/wp\/wp-content\/uploads\/2019\/10\/safgnou10m.png?fit=359%2C640&ssl=1&resize=350%2C200","width":350,"height":200},"classes":[]},{"id":14189,"url":"https:\/\/uscatletica.ch\/wp\/?p=14189","url_meta":{"origin":11792,"position":3},"title":"Le prime novit\u00e0 ASTi per il 2022","author":"Stampa E","date":"25 Gennaio 2022","format":false,"excerpt":"In attesa degli ultimi cross del 2022, ecco le prime novit\u00e0 ASTi per il 2022 --- 2 gare USC valide per la Coppa ASTi di podismo nella stagione 2022: - Giro podistico di Stabio - Stralosone - BancaStato Comano Run - Gran Premio Rossa - SanBeRun - StraMassagno - StraLugano\u2026","rel":"","context":"In &quot;I nostri appuntamenti&quot;","block_context":{"text":"I nostri appuntamenti","link":"https:\/\/uscatletica.ch\/wp\/?cat=12"},"img":{"alt_text":"","src":"https:\/\/i0.wp.com\/uscatletica.ch\/wp\/wp-content\/uploads\/2021\/04\/CalAsti21.jpg?fit=1079%2C749&ssl=1&resize=350%2C200","width":350,"height":200,"srcset":"https:\/\/i0.wp.com\/uscatletica.ch\/wp\/wp-content\/uploads\/2021\/04\/CalAsti21.jpg?fit=1079%2C749&ssl=1&resize=350%2C200 1x, https:\/\/i0.wp.com\/uscatletica.ch\/wp\/wp-content\/uploads\/2021\/04\/CalAsti21.jpg?fit=1079%2C749&ssl=1&resize=525%2C300 1.5x, https:\/\/i0.wp.com\/uscatletica.ch\/wp\/wp-content\/uploads\/2021\/04\/CalAsti21.jpg?fit=1079%2C749&ssl=1&resize=700%2C400 2x, https:\/\/i0.wp.com\/uscatletica.ch\/wp\/wp-content\/uploads\/2021\/04\/CalAsti21.jpg?fit=1079%2C749&ssl=1&resize=1050%2C600 3x"},"classes":[]},{"id":14137,"url":"https:\/\/uscatletica.ch\/wp\/?p=14137","url_meta":{"origin":11792,"position":4},"title":"Calendario ASTi 2022, le gare USC","author":"Stampa E","date":"23 Dicembre 2021","format":false,"excerpt":"Il calendario ASTi 2022 \u00e8 in fase di rifinitura \u00e8, con diverse novit\u00e0, sar\u00e0 presto visibile per intero qui. Segnaliamo gi\u00e0 sin d'ora le gare USC in programma nel 2022: 27 marzo, Staffetta Capriaschese, TAS 9 aprile, Cronoascesa al Bigorio, CMSV 7 maggio, Tesserete-Gola di Lago, CMSV\u00a0\u00a0\u00a0 21 settembre, 1000\u2026","rel":"","context":"In &quot;I nostri appuntamenti&quot;","block_context":{"text":"I nostri appuntamenti","link":"https:\/\/uscatletica.ch\/wp\/?cat=12"},"img":{"alt_text":"","src":"https:\/\/i0.wp.com\/uscatletica.ch\/wp\/wp-content\/uploads\/2021\/12\/CalASTi2022.jpg?fit=889%2C657&ssl=1&resize=350%2C200","width":350,"height":200,"srcset":"https:\/\/i0.wp.com\/uscatletica.ch\/wp\/wp-content\/uploads\/2021\/12\/CalASTi2022.jpg?fit=889%2C657&ssl=1&resize=350%2C200 1x, https:\/\/i0.wp.com\/uscatletica.ch\/wp\/wp-content\/uploads\/2021\/12\/CalASTi2022.jpg?fit=889%2C657&ssl=1&resize=525%2C300 1.5x, https:\/\/i0.wp.com\/uscatletica.ch\/wp\/wp-content\/uploads\/2021\/12\/CalASTi2022.jpg?fit=889%2C657&ssl=1&resize=700%2C400 2x"},"classes":[]},{"id":5012,"url":"https:\/\/uscatletica.ch\/wp\/?p=5012","url_meta":{"origin":11792,"position":5},"title":"Campionati ticinesi giovanili e TAS","author":"Leonida Stampanoni","date":"29 Settembre 2017","format":false,"excerpt":"Il primo fine settimana di ottobre chiuder\u00e0 la lunga stagione atletica ticinese con i campionati ticinesi giovanili al comunale di Bellinzona Una quindicina \u00a0gli USCini impegnati. Per i giovanissimi ci sar\u00e0 la staffetta di Sagno la prima del trittico finale del TAS \u00a0ottima opportunit\u00e0 per i numerosissimi giovani di scoprire\u2026","rel":"","context":"In &quot;CO&quot;","block_context":{"text":"CO","link":"https:\/\/uscatletica.ch\/wp\/?cat=19"},"img":{"alt_text":"","src":"https:\/\/i0.wp.com\/uscatletica.ch\/wp\/wp-content\/uploads\/2017\/06\/P1470475.jpg?fit=563%2C422&ssl=1&resize=350%2C200","width":350,"height":200,"srcset":"https:\/\/i0.wp.com\/uscatletica.ch\/wp\/wp-content\/uploads\/2017\/06\/P1470475.jpg?fit=563%2C422&ssl=1&resize=350%2C200 1x, https:\/\/i0.wp.com\/uscatletica.ch\/wp\/wp-content\/uploads\/2017\/06\/P1470475.jpg?fit=563%2C422&ssl=1&resize=525%2C300 1.5x"},"classes":[]}],"_links":{"self":[{"href":"https:\/\/uscatletica.ch\/wp\/index.php?rest_route=\/wp\/v2\/posts\/11792","targetHints":{"allow":["GET"]}}],"collection":[{"href":"https:\/\/uscatletica.ch\/wp\/index.php?rest_route=\/wp\/v2\/posts"}],"about":[{"href":"https:\/\/uscatletica.ch\/wp\/index.php?rest_route=\/wp\/v2\/types\/post"}],"author":[{"embeddable":true,"href":"https:\/\/uscatletica.ch\/wp\/index.php?rest_route=\/wp\/v2\/users\/3"}],"replies":[{"embeddable":true,"href":"https:\/\/uscatletica.ch\/wp\/index.php?rest_route=%2Fwp%2Fv2%2Fcomments&post=11792"}],"version-history":[{"count":11,"href":"https:\/\/uscatletica.ch\/wp\/index.php?rest_route=\/wp\/v2\/posts\/11792\/revisions"}],"predecessor-version":[{"id":11993,"href":"https:\/\/uscatletica.ch\/wp\/index.php?rest_route=\/wp\/v2\/posts\/11792\/revisions\/11993"}],"wp:featuredmedia":[{"embeddable":true,"href":"https:\/\/uscatletica.ch\/wp\/index.php?rest_route=\/wp\/v2\/media\/11794"}],"wp:attachment":[{"href":"https:\/\/uscatletica.ch\/wp\/index.php?rest_route=%2Fwp%2Fv2%2Fmedia&parent=11792"}],"wp:term":[{"taxonomy":"category","embeddable":true,"href":"https:\/\/uscatletica.ch\/wp\/index.php?rest_route=%2Fwp%2Fv2%2Fcategories&post=11792"},{"taxonomy":"post_tag","embeddable":true,"href":"https:\/\/uscatletica.ch\/wp\/index.php?rest_route=%2Fwp%2Fv2%2Ftags&post=11792"}],"curies":[{"name":"wp","href":"https:\/\/api.w.org\/{rel}","templated":true}]}}