{"id":11998,"date":"2021-03-28T16:11:47","date_gmt":"2021-03-28T14:11:47","guid":{"rendered":"http:\/\/uscatletica.ch\/wp\/?p=11998"},"modified":"2021-03-28T16:11:50","modified_gmt":"2021-03-28T14:11:50","slug":"roby-e-marco-si-difendono-alla-5-mulini","status":"publish","type":"post","link":"https:\/\/uscatletica.ch\/wp\/?p=11998","title":{"rendered":"Roby e Marco si difendono alla 5 mulini"},"content":{"rendered":"\n<p>L&#8217;edizione 89 del cross internazionale dei 5 mulini di San Vittore Olona ha visto la bella vittoria dell&#8217;Etiope Melak \u00a0in gara c&#8217;erano anche i nostri Roberto e Marco Delorenzi purtroppo incappati in una giornata difficile. Roby ha chiuso al 24 posto in \u00a032&#8217;48 \u00a0 quasi 4&#8242; dal vincitore Marco invece ha chiuso al 44 rango in 35&#8217;51 migliore dei ticinesi Adriano Engelhardt diciannovesimo in 32&#8217;06\u00a0<\/p>\n<p><a href=\"https:\/\/tds.sport\/it\/race\/11988\" target=\"_blank\" rel=\"noopener\">le classifiche\u00a0<\/a><\/p>\n","protected":false},"excerpt":{"rendered":"<p>L&#8217;edizione 89 del cross internazionale dei 5 mulini di San Vittore Olona ha visto la bella vittoria dell&#8217;Etiope Melak \u00a0in gara c&#8217;erano anche i nostri Roberto e Marco Delorenzi purtroppo incappati in una giornata difficile. Roby ha chiuso al 24 posto in \u00a032&#8217;48 \u00a0 quasi 4&#8242; dal vincitore Marco invece ha chiuso al 44 rango in 35&#8217;51 migliore dei ticinesi Adriano Engelhardt diciannovesimo in 32&#8217;06\u00a0 le classifiche\u00a0<\/p>\n","protected":false},"author":4,"featured_media":981,"comment_status":"closed","ping_status":"closed","sticky":false,"template":"","format":"standard","meta":{"jetpack_post_was_ever_published":false,"_jetpack_newsletter_access":"","_jetpack_dont_email_post_to_subs":false,"_jetpack_newsletter_tier_id":0,"_jetpack_memberships_contains_paywalled_content":false,"_jetpack_memberships_contains_paid_content":false,"footnotes":"","jetpack_publicize_message":"","jetpack_publicize_feature_enabled":true,"jetpack_social_post_already_shared":false,"jetpack_social_options":{"image_generator_settings":{"template":"highway","default_image_id":0,"font":"","enabled":false},"version":2}},"categories":[7,9],"tags":[],"class_list":["post-11998","post","type-post","status-publish","format-standard","has-post-thumbnail","hentry","category-cross","category-sport"],"jetpack_publicize_connections":[],"jetpack_featured_media_url":"https:\/\/i0.wp.com\/uscatletica.ch\/wp\/wp-content\/uploads\/2016\/03\/P1380230.jpg?fit=563%2C422&ssl=1","jetpack_sharing_enabled":true,"jetpack_shortlink":"https:\/\/wp.me\/p6V7Ck-37w","jetpack-related-posts":[{"id":11945,"url":"https:\/\/uscatletica.ch\/wp\/?p=11945","url_meta":{"origin":11998,"position":0},"title":"ROBY E MARCO alla 5 Mulini","author":"Leonida Stampanoni","date":"26 Marzo 2021","format":false,"excerpt":"la 89 edizione del cross internazionale dei 5 mulini di San Vittore Olona\u00a0si terr\u00e0 Domenica al via ci saranno anche i nostri fratelli Delorenzi, Robi dopo l'ottima esperienza dello scorso anno vorr\u00e0 ancora migliorarsi, Marco sar\u00e0 invece al debutto. Sulla linea di partenza con loro ci saranno il campione del\u2026","rel":"","context":"In &quot;Cross&quot;","block_context":{"text":"Cross","link":"https:\/\/uscatletica.ch\/wp\/?cat=7"},"img":{"alt_text":"","src":"https:\/\/i0.wp.com\/uscatletica.ch\/wp\/wp-content\/uploads\/2020\/01\/01.jpg?fit=432%2C288&ssl=1&resize=350%2C200","width":350,"height":200},"classes":[]},{"id":9838,"url":"https:\/\/uscatletica.ch\/wp\/?p=9838","url_meta":{"origin":11998,"position":1},"title":"Roberto splendido alla Cinque Mulini","author":"Leonida Stampanoni","date":"26 Gennaio 2020","format":false,"excerpt":"Nella 88 edizione del cross dei Cinque Mulini l'USC torna protagonista \u00a0dopo le esperienze negli anni '90 di Jonathan stavolta tocca al nostro Roby portare \u00a0la bandiera Capriaschese. Sugli 11 km con 4 passaggi nel storico Mulino Meraviglia Robi ha brillato con un ottimo 15 posto assoluto in 35'25 a\u2026","rel":"","context":"In &quot;Cross&quot;","block_context":{"text":"Cross","link":"https:\/\/uscatletica.ch\/wp\/?cat=7"},"img":{"alt_text":"","src":"https:\/\/i0.wp.com\/uscatletica.ch\/wp\/wp-content\/uploads\/2020\/01\/campaccio2020.jpg?fit=432%2C285&ssl=1&resize=350%2C200","width":350,"height":200},"classes":[]},{"id":20375,"url":"https:\/\/uscatletica.ch\/wp\/?p=20375","url_meta":{"origin":11998,"position":2},"title":"Elia e Alessandro ai 5 Mulini","author":"Stampa E","date":"17 Novembre 2024","format":false,"excerpt":"Dopo alcuni anni, l'USC \u00e8 tornata a gareggiare al prestigioso cross dei 5 Mulini di San Vittore Olona, giunto all 92ima edizione. Nella prova master del mattino, ottimo 13\u00b0 rango per Elia (5\u00b0M45) in 20''38'' sui 6 km (3 giri), mentre Alessandro ha chiuso 29\u00b0 in 21'58'' (10\u00b0 M40). ->\u2026","rel":"","context":"In &quot;Cross&quot;","block_context":{"text":"Cross","link":"https:\/\/uscatletica.ch\/wp\/?cat=7"},"img":{"alt_text":"","src":"https:\/\/i0.wp.com\/uscatletica.ch\/wp\/wp-content\/uploads\/2024\/11\/5Mulini.jpg?fit=1066%2C794&ssl=1&resize=350%2C200","width":350,"height":200,"srcset":"https:\/\/i0.wp.com\/uscatletica.ch\/wp\/wp-content\/uploads\/2024\/11\/5Mulini.jpg?fit=1066%2C794&ssl=1&resize=350%2C200 1x, https:\/\/i0.wp.com\/uscatletica.ch\/wp\/wp-content\/uploads\/2024\/11\/5Mulini.jpg?fit=1066%2C794&ssl=1&resize=525%2C300 1.5x, https:\/\/i0.wp.com\/uscatletica.ch\/wp\/wp-content\/uploads\/2024\/11\/5Mulini.jpg?fit=1066%2C794&ssl=1&resize=700%2C400 2x, https:\/\/i0.wp.com\/uscatletica.ch\/wp\/wp-content\/uploads\/2024\/11\/5Mulini.jpg?fit=1066%2C794&ssl=1&resize=1050%2C600 3x"},"classes":[]},{"id":6989,"url":"https:\/\/uscatletica.ch\/wp\/?p=6989","url_meta":{"origin":11998,"position":3},"title":"CORSA DA NATAL USCINI VELOCI","author":"Leonida Stampanoni","date":"24 Dicembre 2018","format":false,"excerpt":"La corsa da Natal ha chiuso un'ottimo 2018 per l'USC Capriaschese sul lungolago di Ascona erano 560 gli atleti una quindicina gli USCini al via due vittorie e tre podi. Hassan ha vinto la gara elite mentre Jennis \u00e8 stata la migliore delle U12. Podi per Roby Elia, Lea le\u2026","rel":"","context":"In &quot;Podismo&quot;","block_context":{"text":"Podismo","link":"https:\/\/uscatletica.ch\/wp\/?cat=5"},"img":{"alt_text":"","src":"https:\/\/i0.wp.com\/uscatletica.ch\/wp\/wp-content\/uploads\/2017\/12\/robadricnatal17.jpg?fit=529%2C365&ssl=1&resize=350%2C200","width":350,"height":200,"srcset":"https:\/\/i0.wp.com\/uscatletica.ch\/wp\/wp-content\/uploads\/2017\/12\/robadricnatal17.jpg?fit=529%2C365&ssl=1&resize=350%2C200 1x, https:\/\/i0.wp.com\/uscatletica.ch\/wp\/wp-content\/uploads\/2017\/12\/robadricnatal17.jpg?fit=529%2C365&ssl=1&resize=525%2C300 1.5x"},"classes":[]},{"id":9817,"url":"https:\/\/uscatletica.ch\/wp\/?p=9817","url_meta":{"origin":11998,"position":4},"title":"CROSS DA VEZIA AI 5 MULINI","author":"Leonida Stampanoni","date":"24 Gennaio 2020","format":false,"excerpt":"La Coppa Ticino di cross FTAL Laube Greenkey chiuder\u00e0 con un doppio appuntamento in sette giorni sabato la cinquantina di USCini sar\u00e0 al via al cross di Vezia mentre la settimana prossima ci saranno i campionati ticinesi. \u00a0Sul veloce circuito della Monda non ci sar\u00e0 il dominatore stagionale Robi che\u2026","rel":"","context":"In &quot;Cross&quot;","block_context":{"text":"Cross","link":"https:\/\/uscatletica.ch\/wp\/?cat=7"},"img":{"alt_text":"","src":"https:\/\/i0.wp.com\/uscatletica.ch\/wp\/wp-content\/uploads\/2020\/01\/01.jpg?fit=432%2C288&ssl=1&resize=350%2C200","width":350,"height":200},"classes":[]},{"id":5102,"url":"https:\/\/uscatletica.ch\/wp\/?p=5102","url_meta":{"origin":11998,"position":5},"title":"Ascona locarno sensazionale Roby nella maratona","author":"Leonida Stampanoni","date":"15 Ottobre 2017","format":false,"excerpt":"Splendida giornata per i campionati ticinesi di Maratona a Locarno. La Ascona Locarno Marathon 2017 \u00e8 stata nettaamente la migliore delle quattro finora disputate. Grandissima soddisfazione per Roby che con un fantastico\u00a0 2h26'15 ha chiuso al secondo posto aggiudicandosi il titolo cantonale. Diversi i podi nella mezza maratona\u00a0 vincono Ralf\u2026","rel":"","context":"In &quot;Podismo&quot;","block_context":{"text":"Podismo","link":"https:\/\/uscatletica.ch\/wp\/?cat=5"},"img":{"alt_text":"","src":"","width":0,"height":0},"classes":[]}],"_links":{"self":[{"href":"https:\/\/uscatletica.ch\/wp\/index.php?rest_route=\/wp\/v2\/posts\/11998","targetHints":{"allow":["GET"]}}],"collection":[{"href":"https:\/\/uscatletica.ch\/wp\/index.php?rest_route=\/wp\/v2\/posts"}],"about":[{"href":"https:\/\/uscatletica.ch\/wp\/index.php?rest_route=\/wp\/v2\/types\/post"}],"author":[{"embeddable":true,"href":"https:\/\/uscatletica.ch\/wp\/index.php?rest_route=\/wp\/v2\/users\/4"}],"replies":[{"embeddable":true,"href":"https:\/\/uscatletica.ch\/wp\/index.php?rest_route=%2Fwp%2Fv2%2Fcomments&post=11998"}],"version-history":[{"count":1,"href":"https:\/\/uscatletica.ch\/wp\/index.php?rest_route=\/wp\/v2\/posts\/11998\/revisions"}],"predecessor-version":[{"id":11999,"href":"https:\/\/uscatletica.ch\/wp\/index.php?rest_route=\/wp\/v2\/posts\/11998\/revisions\/11999"}],"wp:featuredmedia":[{"embeddable":true,"href":"https:\/\/uscatletica.ch\/wp\/index.php?rest_route=\/wp\/v2\/media\/981"}],"wp:attachment":[{"href":"https:\/\/uscatletica.ch\/wp\/index.php?rest_route=%2Fwp%2Fv2%2Fmedia&parent=11998"}],"wp:term":[{"taxonomy":"category","embeddable":true,"href":"https:\/\/uscatletica.ch\/wp\/index.php?rest_route=%2Fwp%2Fv2%2Fcategories&post=11998"},{"taxonomy":"post_tag","embeddable":true,"href":"https:\/\/uscatletica.ch\/wp\/index.php?rest_route=%2Fwp%2Fv2%2Ftags&post=11998"}],"curies":[{"name":"wp","href":"https:\/\/api.w.org\/{rel}","templated":true}]}}