{"id":12014,"date":"2021-04-01T07:07:00","date_gmt":"2021-04-01T05:07:00","guid":{"rendered":"http:\/\/uscatletica.ch\/wp\/?p=12014"},"modified":"2021-04-01T14:09:05","modified_gmt":"2021-04-01T12:09:05","slug":"calendario-asti","status":"publish","type":"post","link":"https:\/\/uscatletica.ch\/wp\/?p=12014","title":{"rendered":"Calendario ASTi"},"content":{"rendered":"\n<p>In attesa della versione cartacea, \u00e8 disponibile on line il nuovo libretto calendario ASTi nella versione scaricabile all&#8217;indirizzo:<\/p>\n\n\n\n<p><a rel=\"noreferrer noopener\" href=\"http:\/\/www.asti-ticino.ch\/asti-new\/podismo\/documenti\" target=\"_blank\">http:\/\/www.asti-ticino.ch\/asti-new\/podismo\/documenti<\/a><\/p>\n\n\n\n<p><\/p>\n\n\n\n<figure class=\"wp-block-image size-large\"><a href=\"https:\/\/i0.wp.com\/uscatletica.ch\/wp\/wp-content\/uploads\/2021\/04\/CalAsti21.jpg?ssl=1\"><img data-recalc-dims=\"1\" loading=\"lazy\" decoding=\"async\" width=\"640\" height=\"444\" data-attachment-id=\"12015\" data-permalink=\"https:\/\/uscatletica.ch\/wp\/?attachment_id=12015\" data-orig-file=\"https:\/\/i0.wp.com\/uscatletica.ch\/wp\/wp-content\/uploads\/2021\/04\/CalAsti21.jpg?fit=1079%2C749&amp;ssl=1\" data-orig-size=\"1079,749\" data-comments-opened=\"0\" data-image-meta=\"{&quot;aperture&quot;:&quot;0&quot;,&quot;credit&quot;:&quot;Lenovo&quot;,&quot;camera&quot;:&quot;&quot;,&quot;caption&quot;:&quot;&quot;,&quot;created_timestamp&quot;:&quot;1617286054&quot;,&quot;copyright&quot;:&quot;&quot;,&quot;focal_length&quot;:&quot;0&quot;,&quot;iso&quot;:&quot;0&quot;,&quot;shutter_speed&quot;:&quot;0&quot;,&quot;title&quot;:&quot;&quot;,&quot;orientation&quot;:&quot;0&quot;}\" data-image-title=\"CalAsti21\" data-image-description=\"\" data-image-caption=\"\" data-large-file=\"https:\/\/i0.wp.com\/uscatletica.ch\/wp\/wp-content\/uploads\/2021\/04\/CalAsti21.jpg?fit=640%2C444&amp;ssl=1\" src=\"https:\/\/i0.wp.com\/uscatletica.ch\/wp\/wp-content\/uploads\/2021\/04\/CalAsti21.jpg?resize=640%2C444&#038;ssl=1\" alt=\"\" class=\"wp-image-12015\" srcset=\"https:\/\/i0.wp.com\/uscatletica.ch\/wp\/wp-content\/uploads\/2021\/04\/CalAsti21.jpg?resize=1024%2C711&amp;ssl=1 1024w, https:\/\/i0.wp.com\/uscatletica.ch\/wp\/wp-content\/uploads\/2021\/04\/CalAsti21.jpg?resize=300%2C208&amp;ssl=1 300w, https:\/\/i0.wp.com\/uscatletica.ch\/wp\/wp-content\/uploads\/2021\/04\/CalAsti21.jpg?resize=768%2C533&amp;ssl=1 768w, https:\/\/i0.wp.com\/uscatletica.ch\/wp\/wp-content\/uploads\/2021\/04\/CalAsti21.jpg?resize=200%2C140&amp;ssl=1 200w, https:\/\/i0.wp.com\/uscatletica.ch\/wp\/wp-content\/uploads\/2021\/04\/CalAsti21.jpg?w=1079&amp;ssl=1 1079w\" sizes=\"auto, (max-width: 640px) 100vw, 640px\" \/><\/a><\/figure>\n\n\n","protected":false},"excerpt":{"rendered":"<p>In attesa della versione cartacea, \u00e8 disponibile on line il nuovo libretto calendario ASTi nella versione scaricabile all&#8217;indirizzo: http:\/\/www.asti-ticino.ch\/asti-new\/podismo\/documenti<\/p>\n","protected":false},"author":3,"featured_media":12015,"comment_status":"closed","ping_status":"closed","sticky":false,"template":"","format":"standard","meta":{"jetpack_post_was_ever_published":false,"_jetpack_newsletter_access":"","_jetpack_dont_email_post_to_subs":false,"_jetpack_newsletter_tier_id":0,"_jetpack_memberships_contains_paywalled_content":false,"_jetpack_memberships_contains_paid_content":false,"footnotes":"","jetpack_publicize_message":"","jetpack_publicize_feature_enabled":true,"jetpack_social_post_already_shared":false,"jetpack_social_options":{"image_generator_settings":{"template":"highway","default_image_id":0,"font":"","enabled":false},"version":2}},"categories":[5,9,8],"tags":[],"class_list":["post-12014","post","type-post","status-publish","format-standard","has-post-thumbnail","hentry","category-podismo","category-sport","category-staffette"],"jetpack_publicize_connections":[],"jetpack_featured_media_url":"https:\/\/i0.wp.com\/uscatletica.ch\/wp\/wp-content\/uploads\/2021\/04\/CalAsti21.jpg?fit=1079%2C749&ssl=1","jetpack_sharing_enabled":true,"jetpack_shortlink":"https:\/\/wp.me\/p6V7Ck-37M","jetpack-related-posts":[{"id":3936,"url":"https:\/\/uscatletica.ch\/wp\/?p=3936","url_meta":{"origin":12014,"position":0},"title":"Pubblicato il libretto-calendario ASTi 2017","author":"Stampa E","date":"9 Aprile 2017","format":false,"excerpt":"Pubblicato il libretto-calendario ASTi 2017 Con le staffette di paese in pieno svolgimento, le prime gare di podismo, di montagna salita e vertical, e anche le corse d\u2019orientamento in piena attivit\u00e0, \u00e8 stato stampato in questi giorni il Calendario ASTi 2017. Una sessantina le manifestazioni in calendario per il 2017,\u2026","rel":"","context":"In &quot;Altro&quot;","block_context":{"text":"Altro","link":"https:\/\/uscatletica.ch\/wp\/?cat=11"},"img":{"alt_text":"","src":"https:\/\/i0.wp.com\/uscatletica.ch\/wp\/wp-content\/uploads\/2017\/04\/2017-Copertina-ASTi.jpg?fit=484%2C692&ssl=1&resize=350%2C200","width":350,"height":200},"classes":[]},{"id":18927,"url":"https:\/\/uscatletica.ch\/wp\/?p=18927","url_meta":{"origin":12014,"position":1},"title":"Calendario cartaceo ASTi 2024","author":"Stampa E","date":"26 Febbraio 2024","format":false,"excerpt":"\u00c8 pronto il calendario cartaceo ASTi 2024. Lo troverete alle manifestazioni ASTi e verr\u00e0 distribuito anche in occasione dell'Assemblea del 13 marzo 2024. Da subito \u00e8 disponibile in versione PDF: link Le gare USC: 17 marzo: Staffetta Capriaschese 20 aprile: Tesserete - Gola di Lago 21 settembre: Corsa del Bigorio\u2026","rel":"","context":"In &quot;I nostri appuntamenti&quot;","block_context":{"text":"I nostri appuntamenti","link":"https:\/\/uscatletica.ch\/wp\/?cat=12"},"img":{"alt_text":"","src":"https:\/\/i0.wp.com\/uscatletica.ch\/wp\/wp-content\/uploads\/2024\/02\/CatturaASTi2024.gif?fit=961%2C686&ssl=1&resize=350%2C200","width":350,"height":200,"srcset":"https:\/\/i0.wp.com\/uscatletica.ch\/wp\/wp-content\/uploads\/2024\/02\/CatturaASTi2024.gif?fit=961%2C686&ssl=1&resize=350%2C200 1x, https:\/\/i0.wp.com\/uscatletica.ch\/wp\/wp-content\/uploads\/2024\/02\/CatturaASTi2024.gif?fit=961%2C686&ssl=1&resize=525%2C300 1.5x, https:\/\/i0.wp.com\/uscatletica.ch\/wp\/wp-content\/uploads\/2024\/02\/CatturaASTi2024.gif?fit=961%2C686&ssl=1&resize=700%2C400 2x"},"classes":[]},{"id":9297,"url":"https:\/\/uscatletica.ch\/wp\/?p=9297","url_meta":{"origin":12014,"position":2},"title":"Miglior gara podistica","author":"Stampa E","date":"14 Ottobre 2019","format":false,"excerpt":"Decidete voi qual \u00e8 la miglior gara podistica ASTi 2019! Dal 13 ottobre al 1 novembre \u00e8 possibile votare la gara podistica preferita della stagione ASTi. Entrano in considerazione tutte le gare podistiche del calendario ASTi (Coppa ASTi podismo, Coppa ASTi montagna salita vertical, altre gare podistiche e altre gare\u2026","rel":"","context":"In &quot;Informazioni&quot;","block_context":{"text":"Informazioni","link":"https:\/\/uscatletica.ch\/wp\/?cat=10"},"img":{"alt_text":"","src":"","width":0,"height":0},"classes":[]},{"id":10717,"url":"https:\/\/uscatletica.ch\/wp\/?p=10717","url_meta":{"origin":12014,"position":3},"title":"Meeting FTAL e tris di gare ASTi in Capriasca","author":"Stampa E","date":"8 Settembre 2020","format":false,"excerpt":"Comunicato Stampa USC del 8 settembre 2020 Meeting FTAL e tris di gare ASTi in Capriasca L\u2019USC, Unione Sportiva Capriaschese sezione atletica, recuperer\u00e0 nei mesi di settembre e ottobre alcune delle gare rinviate in primavera a causa della pandemia, che affiancheranno alcuni eventi gi\u00e0 in calendario. Inserite nei calendari della\u2026","rel":"","context":"In &quot;I nostri appuntamenti&quot;","block_context":{"text":"I nostri appuntamenti","link":"https:\/\/uscatletica.ch\/wp\/?cat=12"},"img":{"alt_text":"","src":"https:\/\/i0.wp.com\/uscatletica.ch\/wp\/wp-content\/uploads\/2020\/09\/Arena-sportiva-pista.jpg?fit=800%2C600&ssl=1&resize=350%2C200","width":350,"height":200,"srcset":"https:\/\/i0.wp.com\/uscatletica.ch\/wp\/wp-content\/uploads\/2020\/09\/Arena-sportiva-pista.jpg?fit=800%2C600&ssl=1&resize=350%2C200 1x, https:\/\/i0.wp.com\/uscatletica.ch\/wp\/wp-content\/uploads\/2020\/09\/Arena-sportiva-pista.jpg?fit=800%2C600&ssl=1&resize=525%2C300 1.5x, https:\/\/i0.wp.com\/uscatletica.ch\/wp\/wp-content\/uploads\/2020\/09\/Arena-sportiva-pista.jpg?fit=800%2C600&ssl=1&resize=700%2C400 2x"},"classes":[]},{"id":10539,"url":"https:\/\/uscatletica.ch\/wp\/?p=10539","url_meta":{"origin":12014,"position":4},"title":"COPPE ASTi si RIPARTE  DA SAN BERNARDINO","author":"Leonida Stampanoni","date":"30 Giugno 2020","format":false,"excerpt":"Le coppe ASTi \u00a0ripartiranno domenica dalla SanBeRun\u00a0 Ecco \u00a0tutte le nuove disposizione Regolamento coppa ASTI Regolamento coppa ASTI Giovanile\u00a0 Disposizione speciali \u00a0e \u00a0concetto dii protezione\u00a0 calendario asti 20200630 ASTi \u2013 Podismo Comunicato 30.6.2020 Coppa ASTi 2020 COPPA GIOVANILE ASTI 2020 #correndovinciamo LE COPPE ASTI 2020 E IL PODISMO TICINESE RIPARTONO\u2026","rel":"","context":"In &quot;Montagna&quot;","block_context":{"text":"Montagna","link":"https:\/\/uscatletica.ch\/wp\/?cat=16"},"img":{"alt_text":"","src":"https:\/\/i0.wp.com\/uscatletica.ch\/wp\/wp-content\/uploads\/2019\/09\/Caslano-2019.jpg?fit=475%2C467&ssl=1&resize=350%2C200","width":350,"height":200},"classes":[]},{"id":9584,"url":"https:\/\/uscatletica.ch\/wp\/?p=9584","url_meta":{"origin":12014,"position":5},"title":"Appuntamenti USC per il 2020","author":"Stampa E","date":"11 Dicembre 2019","format":false,"excerpt":"I calendari FTAL e ASTi per il 2020 sono pronti. Qui gli appuntamenti USC da non mancare: Cross Capriaschese (Coppa Ticino FTAL 2019\/2020) domenica 24 novembre 2019 (gi\u00e0 disputato)Cronoascesa al Bigorio (Coppa ASTi montagna) sabato 21 marzo 2020 Staffetta Capriaschese (Trofeo ASTi Staffette) domenica 29 marzo 2020\u00a0\u00a0\u00a0\u00a0\u00a0\u00a0\u00a0\u00a0 Tesserete-Gola di lago\u2026","rel":"","context":"In &quot;Cross&quot;","block_context":{"text":"Cross","link":"https:\/\/uscatletica.ch\/wp\/?cat=7"},"img":{"alt_text":"","src":"https:\/\/i0.wp.com\/uscatletica.ch\/wp\/wp-content\/uploads\/2018\/12\/sstef2019usc.jpg?fit=532%2C399&ssl=1&resize=350%2C200","width":350,"height":200,"srcset":"https:\/\/i0.wp.com\/uscatletica.ch\/wp\/wp-content\/uploads\/2018\/12\/sstef2019usc.jpg?fit=532%2C399&ssl=1&resize=350%2C200 1x, https:\/\/i0.wp.com\/uscatletica.ch\/wp\/wp-content\/uploads\/2018\/12\/sstef2019usc.jpg?fit=532%2C399&ssl=1&resize=525%2C300 1.5x"},"classes":[]}],"_links":{"self":[{"href":"https:\/\/uscatletica.ch\/wp\/index.php?rest_route=\/wp\/v2\/posts\/12014","targetHints":{"allow":["GET"]}}],"collection":[{"href":"https:\/\/uscatletica.ch\/wp\/index.php?rest_route=\/wp\/v2\/posts"}],"about":[{"href":"https:\/\/uscatletica.ch\/wp\/index.php?rest_route=\/wp\/v2\/types\/post"}],"author":[{"embeddable":true,"href":"https:\/\/uscatletica.ch\/wp\/index.php?rest_route=\/wp\/v2\/users\/3"}],"replies":[{"embeddable":true,"href":"https:\/\/uscatletica.ch\/wp\/index.php?rest_route=%2Fwp%2Fv2%2Fcomments&post=12014"}],"version-history":[{"count":1,"href":"https:\/\/uscatletica.ch\/wp\/index.php?rest_route=\/wp\/v2\/posts\/12014\/revisions"}],"predecessor-version":[{"id":12016,"href":"https:\/\/uscatletica.ch\/wp\/index.php?rest_route=\/wp\/v2\/posts\/12014\/revisions\/12016"}],"wp:featuredmedia":[{"embeddable":true,"href":"https:\/\/uscatletica.ch\/wp\/index.php?rest_route=\/wp\/v2\/media\/12015"}],"wp:attachment":[{"href":"https:\/\/uscatletica.ch\/wp\/index.php?rest_route=%2Fwp%2Fv2%2Fmedia&parent=12014"}],"wp:term":[{"taxonomy":"category","embeddable":true,"href":"https:\/\/uscatletica.ch\/wp\/index.php?rest_route=%2Fwp%2Fv2%2Fcategories&post=12014"},{"taxonomy":"post_tag","embeddable":true,"href":"https:\/\/uscatletica.ch\/wp\/index.php?rest_route=%2Fwp%2Fv2%2Ftags&post=12014"}],"curies":[{"name":"wp","href":"https:\/\/api.w.org\/{rel}","templated":true}]}}