{"id":12067,"date":"2021-04-21T18:24:07","date_gmt":"2021-04-21T16:24:07","guid":{"rendered":"http:\/\/uscatletica.ch\/wp\/?p=12067"},"modified":"2021-04-21T18:30:55","modified_gmt":"2021-04-21T16:30:55","slug":"tesserete-gola-di-lago-annullata","status":"publish","type":"post","link":"https:\/\/uscatletica.ch\/wp\/?p=12067","title":{"rendered":"Tesserete \u2013 Gola di Lago annullata"},"content":{"rendered":"\n<p class=\"has-medium-font-size\">Il comitato della USC Capriaschese informa a malincuore che visto le disposizioni federali in merito alla pandemia, la <a href=\"https:\/\/uscatletica.ch\/wp\/?page_id=260\"><span style=\"color:#cf2e2e\" class=\"tadv-color\">Tesserete \u2013 Gola di Lago<\/span> <\/a>prevista sabato 8 maggio \u00e8 <strong><span style=\"color:#cf2e2e\" class=\"tadv-color\">annullata<\/span><\/strong>.<br><\/p>\n\n\n","protected":false},"excerpt":{"rendered":"<p>Il comitato della USC Capriaschese informa a malincuore che visto le disposizioni federali in merito alla pandemia, la Tesserete \u2013 Gola di Lago prevista sabato 8 maggio \u00e8 annullata.<\/p>\n","protected":false},"author":3,"featured_media":12074,"comment_status":"closed","ping_status":"closed","sticky":false,"template":"","format":"standard","meta":{"jetpack_post_was_ever_published":false,"_jetpack_newsletter_access":"","_jetpack_dont_email_post_to_subs":false,"_jetpack_newsletter_tier_id":0,"_jetpack_memberships_contains_paywalled_content":false,"_jetpack_memberships_contains_paid_content":false,"footnotes":"","jetpack_publicize_message":"","jetpack_publicize_feature_enabled":true,"jetpack_social_post_already_shared":false,"jetpack_social_options":{"image_generator_settings":{"template":"highway","default_image_id":0,"font":"","enabled":false},"version":2}},"categories":[12,16,9],"tags":[],"class_list":["post-12067","post","type-post","status-publish","format-standard","has-post-thumbnail","hentry","category-nostregare","category-montagna","category-sport"],"jetpack_publicize_connections":[],"jetpack_featured_media_url":"https:\/\/i0.wp.com\/uscatletica.ch\/wp\/wp-content\/uploads\/2021\/04\/GdL2021-Annullata.jpg?fit=475%2C667&ssl=1","jetpack_sharing_enabled":true,"jetpack_shortlink":"https:\/\/wp.me\/p6V7Ck-38D","jetpack-related-posts":[{"id":10500,"url":"https:\/\/uscatletica.ch\/wp\/?p=10500","url_meta":{"origin":12067,"position":0},"title":"Aggiornamento gare ASTi USC","author":"Stampa E","date":"18 Giugno 2020","format":false,"excerpt":"Il comitato USC a fronte dei nuovi sviluppi e delle direttive relative alla diffusione del Coronavirus comunica le seguenti decisioni per le sue gare inserite nel calendario ASTi 2020: \u00a0L\u2019USC intende organizzare le seguenti tre gare: Gir dal diavol: confermata per domenica 27 settembre\u00a0 Cronoascesa del Bigorio: nuova data domenica\u2026","rel":"","context":"In &quot;I nostri appuntamenti&quot;","block_context":{"text":"I nostri appuntamenti","link":"https:\/\/uscatletica.ch\/wp\/?cat=12"},"img":{"alt_text":"","src":"https:\/\/i0.wp.com\/uscatletica.ch\/wp\/wp-content\/uploads\/2020\/01\/10.jpg?fit=432%2C288&ssl=1&resize=350%2C200","width":350,"height":200},"classes":[]},{"id":16983,"url":"https:\/\/uscatletica.ch\/wp\/?p=16983","url_meta":{"origin":12067,"position":1},"title":"Il 6 maggio la Gola di Lago","author":"Stampa E","date":"10 Aprile 2023","format":false,"excerpt":"Il sabato 6 maggio 2023 alle 16.30 si correr\u00e0 la 41a edizione della Tesserete - Gola di Lago. Dettagli nella pagina della gara: https:\/\/tgdl.uscatletica.ch\/ La Tesserete - Gola di Lago \u00e8 inserita nella settimana della corsa in Capriasca promossa dal Dicastero cultura, eventi, sport e turismo del Comune di Capriasca.Per\u2026","rel":"","context":"In &quot;I nostri appuntamenti&quot;","block_context":{"text":"I nostri appuntamenti","link":"https:\/\/uscatletica.ch\/wp\/?cat=12"},"img":{"alt_text":"","src":"https:\/\/i0.wp.com\/uscatletica.ch\/wp\/wp-content\/uploads\/2022\/05\/partenza-GDL-2022-sito-USC-foto-SimonaCresta.jpg?fit=1114%2C663&ssl=1&resize=350%2C200","width":350,"height":200,"srcset":"https:\/\/i0.wp.com\/uscatletica.ch\/wp\/wp-content\/uploads\/2022\/05\/partenza-GDL-2022-sito-USC-foto-SimonaCresta.jpg?fit=1114%2C663&ssl=1&resize=350%2C200 1x, https:\/\/i0.wp.com\/uscatletica.ch\/wp\/wp-content\/uploads\/2022\/05\/partenza-GDL-2022-sito-USC-foto-SimonaCresta.jpg?fit=1114%2C663&ssl=1&resize=525%2C300 1.5x, https:\/\/i0.wp.com\/uscatletica.ch\/wp\/wp-content\/uploads\/2022\/05\/partenza-GDL-2022-sito-USC-foto-SimonaCresta.jpg?fit=1114%2C663&ssl=1&resize=700%2C400 2x, https:\/\/i0.wp.com\/uscatletica.ch\/wp\/wp-content\/uploads\/2022\/05\/partenza-GDL-2022-sito-USC-foto-SimonaCresta.jpg?fit=1114%2C663&ssl=1&resize=1050%2C600 3x"},"classes":[]},{"id":10203,"url":"https:\/\/uscatletica.ch\/wp\/?p=10203","url_meta":{"origin":12067,"position":2},"title":"Tesserete Gola di Lago Amarcord evviva i numeri","author":"Leonida Stampanoni","date":"25 Aprile 2020","format":false,"excerpt":"\u00a0 Tesserete Gola di Lago Analisi prestazione numeri di atleti in meno di .. TGDL Analisi prestazione atleti per singolo intervallo di tempo TGDL Analisi dei tempi per rango","rel":"","context":"In &quot;I nostri appuntamenti&quot;","block_context":{"text":"I nostri appuntamenti","link":"https:\/\/uscatletica.ch\/wp\/?cat=12"},"img":{"alt_text":"","src":"https:\/\/i0.wp.com\/uscatletica.ch\/wp\/wp-content\/uploads\/2020\/03\/Rinviata-GdL-2020.jpg?fit=730%2C436&ssl=1&resize=350%2C200","width":350,"height":200,"srcset":"https:\/\/i0.wp.com\/uscatletica.ch\/wp\/wp-content\/uploads\/2020\/03\/Rinviata-GdL-2020.jpg?fit=730%2C436&ssl=1&resize=350%2C200 1x, https:\/\/i0.wp.com\/uscatletica.ch\/wp\/wp-content\/uploads\/2020\/03\/Rinviata-GdL-2020.jpg?fit=730%2C436&ssl=1&resize=525%2C300 1.5x, https:\/\/i0.wp.com\/uscatletica.ch\/wp\/wp-content\/uploads\/2020\/03\/Rinviata-GdL-2020.jpg?fit=730%2C436&ssl=1&resize=700%2C400 2x"},"classes":[]},{"id":10043,"url":"https:\/\/uscatletica.ch\/wp\/?p=10043","url_meta":{"origin":12067,"position":3},"title":"RINVIO TESSERETE GOLA DI LAGO 2020 (40 anni)","author":"Leonida Stampanoni","date":"23 Marzo 2020","format":false,"excerpt":"Il comitato USC, a fronte della situazione legata alla diffusione del Coronavirus, comunica il rinvio della manifestazione Tesserete-Gola di Lago, inizialmente prevista il 25 aprile 2020, a data da definire.\u00a0 25 Aprile 2020 40 edizione\u00a0 Tesserete Gola Di Lago LA LOCANDINA DELL'EDIZIONE 2020 Rinviata anche la serata del 23 aprile\u2026","rel":"","context":"In &quot;Altro&quot;","block_context":{"text":"Altro","link":"https:\/\/uscatletica.ch\/wp\/?cat=11"},"img":{"alt_text":"","src":"https:\/\/i0.wp.com\/uscatletica.ch\/wp\/wp-content\/uploads\/2020\/01\/image001.png?fit=362%2C211&ssl=1&resize=350%2C200","width":350,"height":200},"classes":[]},{"id":9637,"url":"https:\/\/uscatletica.ch\/wp\/?p=9637","url_meta":{"origin":12067,"position":4},"title":"40 ALLENAMENTI PER LA 40 TESSERETE GOLA DI LAGO","author":"Leonida Stampanoni","date":"28 Dicembre 2019","format":false,"excerpt":"25 Aprile 2020 40 edizione\u00a0 Tesserete Gola Di Lago 9 GENNAIO 2020: 40 ALLENAMENTI PER LA 40a TESSERETE - GOLA DI LAGO Leonida Stampanoni La Tesserete Gola di Lago compie 40 anni e l\u2019Unione Sportiva Capriaschese, per festeggiare degnamente l\u2019importante traguardo, propone a tutti una consulenza professionale, gratuita, per arrivare\u2026","rel":"","context":"In &quot;Altro&quot;","block_context":{"text":"Altro","link":"https:\/\/uscatletica.ch\/wp\/?cat=11"},"img":{"alt_text":"","src":"https:\/\/i0.wp.com\/uscatletica.ch\/wp\/wp-content\/uploads\/2020\/01\/image001.png?fit=362%2C211&ssl=1&resize=350%2C200","width":350,"height":200},"classes":[]},{"id":12080,"url":"https:\/\/uscatletica.ch\/wp\/?p=12080","url_meta":{"origin":12067,"position":5},"title":"COMUNICATI USC ATLETICA","author":"Leonida Stampanoni","date":"21 Aprile 2021","format":false,"excerpt":"Comunicati L\u2019azione \u201cSupport Your Sport\u201d, promossa dalla Migros a favore delle societ\u00e0 sportive, \u00e8 terminata. La nostra societ\u00e0 ha raccolto ben 4\u2019995 buoni sport. Ringraziamo tutti coloro che hanno contribuito a ottenere questo brillante risultato. La corsa in salita Tesserete \u2013 Gola di lago, in programma sabato 8 maggio 2021,\u2026","rel":"","context":"In &quot;Altro&quot;","block_context":{"text":"Altro","link":"https:\/\/uscatletica.ch\/wp\/?cat=11"},"img":{"alt_text":"","src":"https:\/\/i0.wp.com\/uscatletica.ch\/wp\/wp-content\/uploads\/2020\/01\/10.jpg?fit=432%2C288&ssl=1&resize=350%2C200","width":350,"height":200},"classes":[]}],"_links":{"self":[{"href":"https:\/\/uscatletica.ch\/wp\/index.php?rest_route=\/wp\/v2\/posts\/12067","targetHints":{"allow":["GET"]}}],"collection":[{"href":"https:\/\/uscatletica.ch\/wp\/index.php?rest_route=\/wp\/v2\/posts"}],"about":[{"href":"https:\/\/uscatletica.ch\/wp\/index.php?rest_route=\/wp\/v2\/types\/post"}],"author":[{"embeddable":true,"href":"https:\/\/uscatletica.ch\/wp\/index.php?rest_route=\/wp\/v2\/users\/3"}],"replies":[{"embeddable":true,"href":"https:\/\/uscatletica.ch\/wp\/index.php?rest_route=%2Fwp%2Fv2%2Fcomments&post=12067"}],"version-history":[{"count":4,"href":"https:\/\/uscatletica.ch\/wp\/index.php?rest_route=\/wp\/v2\/posts\/12067\/revisions"}],"predecessor-version":[{"id":12072,"href":"https:\/\/uscatletica.ch\/wp\/index.php?rest_route=\/wp\/v2\/posts\/12067\/revisions\/12072"}],"wp:featuredmedia":[{"embeddable":true,"href":"https:\/\/uscatletica.ch\/wp\/index.php?rest_route=\/wp\/v2\/media\/12074"}],"wp:attachment":[{"href":"https:\/\/uscatletica.ch\/wp\/index.php?rest_route=%2Fwp%2Fv2%2Fmedia&parent=12067"}],"wp:term":[{"taxonomy":"category","embeddable":true,"href":"https:\/\/uscatletica.ch\/wp\/index.php?rest_route=%2Fwp%2Fv2%2Fcategories&post=12067"},{"taxonomy":"post_tag","embeddable":true,"href":"https:\/\/uscatletica.ch\/wp\/index.php?rest_route=%2Fwp%2Fv2%2Ftags&post=12067"}],"curies":[{"name":"wp","href":"https:\/\/api.w.org\/{rel}","templated":true}]}}