{"id":12163,"date":"2021-05-10T06:46:13","date_gmt":"2021-05-10T04:46:13","guid":{"rendered":"http:\/\/uscatletica.ch\/wp\/?p=12163"},"modified":"2021-05-14T10:59:41","modified_gmt":"2021-05-14T08:59:41","slug":"bravi-uscini-a-vacallo-i-delorenzi-bene-in-italia","status":"publish","type":"post","link":"https:\/\/uscatletica.ch\/wp\/?p=12163","title":{"rendered":"Bravi USCini a Vacallo I Delorenzi bene in Italia"},"content":{"rendered":"\n<p>Mentre i nostri giovanissimi erano impegnati nell&#8217;unica staffetta primaverile dove sono arrivati diversi podi, Marco e Robi hanno gareggiato tra Aglio e Stresa. Roby ha chiuso al secondo rango il Trail del Mottarone 20 km con 2000 m di dislivello \u00a0in 1&#8217;59&#8243;56 a soli 1&#8217;40 dal vincitore. Marco era impegnato nella 9 miglia dell&#8217;Aglio dove ha ottenuto la vittoria di categoria con il diciannovesimo tempo assoluto \u00a0in 53&#8217;12 per i 15 km.\u00a0<\/p>\n<p>\u00a0<a href=\"https:\/\/www.irunning.it\/risultato_realtime.php?id=40808&amp;gui_mode=complete&amp;realtime=false#\" target=\"_blank\" rel=\"noopener\">risultati dalla 9 miglia di Aglio \u00a0 \u00a0<\/a> <a href=\"https:\/\/trailive.wedosport.net\/Classifica\/54031\/1\/VIBRAM%C2%AE-Trail-Mottarone-2021\" target=\"_blank\" rel=\"noopener\">Risultati dal Mottarone<\/a><\/p>\n<p><a href=\"https:\/\/uscatletica.ch\/wp\/wp-content\/uploads\/2021\/05\/classificaSAV2021.pdf\">classifica SAV 2021<\/a><\/p>\n<p>Le foto dei Podi da Vacallo in attesa delle Classifiche<\/p>\n<div data-carousel-extra='{&quot;blog_id&quot;:1,&quot;permalink&quot;:&quot;https:\/\/uscatletica.ch\/wp\/?p=12163&quot;}' id='gallery-1' class='gallery galleryid-12163 gallery-columns-2 gallery-size-large'><figure class='gallery-item'>\n\t\t\t<div class='gallery-icon portrait'>\n\t\t\t\t<a href=\"https:\/\/i0.wp.com\/uscatletica.ch\/wp\/wp-content\/uploads\/2021\/05\/210805podioINDIVISAV.jpg?ssl=1\"><img loading=\"lazy\" decoding=\"async\" width=\"324\" height=\"432\" src=\"https:\/\/i0.wp.com\/uscatletica.ch\/wp\/wp-content\/uploads\/2021\/05\/210805podioINDIVISAV.jpg?fit=324%2C432&amp;ssl=1\" class=\"attachment-large size-large\" alt=\"\" srcset=\"https:\/\/i0.wp.com\/uscatletica.ch\/wp\/wp-content\/uploads\/2021\/05\/210805podioINDIVISAV.jpg?w=324&amp;ssl=1 324w, https:\/\/i0.wp.com\/uscatletica.ch\/wp\/wp-content\/uploads\/2021\/05\/210805podioINDIVISAV.jpg?resize=225%2C300&amp;ssl=1 225w\" sizes=\"auto, (max-width: 324px) 100vw, 324px\" data-attachment-id=\"12171\" data-permalink=\"https:\/\/uscatletica.ch\/wp\/?attachment_id=12171\" data-orig-file=\"https:\/\/i0.wp.com\/uscatletica.ch\/wp\/wp-content\/uploads\/2021\/05\/210805podioINDIVISAV.jpg?fit=324%2C432&amp;ssl=1\" data-orig-size=\"324,432\" data-comments-opened=\"0\" data-image-meta=\"{&quot;aperture&quot;:&quot;1.8&quot;,&quot;credit&quot;:&quot;&quot;,&quot;camera&quot;:&quot;iPhone 7&quot;,&quot;caption&quot;:&quot;&quot;,&quot;created_timestamp&quot;:&quot;1620573538&quot;,&quot;copyright&quot;:&quot;&quot;,&quot;focal_length&quot;:&quot;3.99&quot;,&quot;iso&quot;:&quot;20&quot;,&quot;shutter_speed&quot;:&quot;0.00020798668885191&quot;,&quot;title&quot;:&quot;&quot;,&quot;orientation&quot;:&quot;1&quot;}\" data-image-title=\"210805podioINDIVISAV\" data-image-description=\"\" data-image-caption=\"\" data-large-file=\"https:\/\/i0.wp.com\/uscatletica.ch\/wp\/wp-content\/uploads\/2021\/05\/210805podioINDIVISAV.jpg?fit=324%2C432&amp;ssl=1\" \/><\/a>\n\t\t\t<\/div><\/figure><figure class='gallery-item'>\n\t\t\t<div class='gallery-icon portrait'>\n\t\t\t\t<a href=\"https:\/\/i0.wp.com\/uscatletica.ch\/wp\/wp-content\/uploads\/2021\/05\/210805podioWISAV.jpg?ssl=1\"><img loading=\"lazy\" decoding=\"async\" width=\"324\" height=\"432\" src=\"https:\/\/i0.wp.com\/uscatletica.ch\/wp\/wp-content\/uploads\/2021\/05\/210805podioWISAV.jpg?fit=324%2C432&amp;ssl=1\" class=\"attachment-large size-large\" alt=\"\" srcset=\"https:\/\/i0.wp.com\/uscatletica.ch\/wp\/wp-content\/uploads\/2021\/05\/210805podioWISAV.jpg?w=324&amp;ssl=1 324w, https:\/\/i0.wp.com\/uscatletica.ch\/wp\/wp-content\/uploads\/2021\/05\/210805podioWISAV.jpg?resize=225%2C300&amp;ssl=1 225w\" sizes=\"auto, (max-width: 324px) 100vw, 324px\" data-attachment-id=\"12172\" data-permalink=\"https:\/\/uscatletica.ch\/wp\/?attachment_id=12172\" data-orig-file=\"https:\/\/i0.wp.com\/uscatletica.ch\/wp\/wp-content\/uploads\/2021\/05\/210805podioWISAV.jpg?fit=324%2C432&amp;ssl=1\" data-orig-size=\"324,432\" data-comments-opened=\"0\" data-image-meta=\"{&quot;aperture&quot;:&quot;1.8&quot;,&quot;credit&quot;:&quot;&quot;,&quot;camera&quot;:&quot;iPhone 7&quot;,&quot;caption&quot;:&quot;&quot;,&quot;created_timestamp&quot;:&quot;1620573484&quot;,&quot;copyright&quot;:&quot;&quot;,&quot;focal_length&quot;:&quot;3.99&quot;,&quot;iso&quot;:&quot;20&quot;,&quot;shutter_speed&quot;:&quot;0.00035498757543486&quot;,&quot;title&quot;:&quot;&quot;,&quot;orientation&quot;:&quot;1&quot;}\" data-image-title=\"210805podioWISAV\" data-image-description=\"\" data-image-caption=\"\" data-large-file=\"https:\/\/i0.wp.com\/uscatletica.ch\/wp\/wp-content\/uploads\/2021\/05\/210805podioWISAV.jpg?fit=324%2C432&amp;ssl=1\" \/><\/a>\n\t\t\t<\/div><\/figure><figure class='gallery-item'>\n\t\t\t<div class='gallery-icon landscape'>\n\t\t\t\t<a href=\"https:\/\/i0.wp.com\/uscatletica.ch\/wp\/wp-content\/uploads\/2021\/05\/podioU12SAV.jpg?ssl=1\"><img loading=\"lazy\" decoding=\"async\" width=\"432\" height=\"324\" src=\"https:\/\/i0.wp.com\/uscatletica.ch\/wp\/wp-content\/uploads\/2021\/05\/podioU12SAV.jpg?fit=432%2C324&amp;ssl=1\" class=\"attachment-large size-large\" alt=\"\" srcset=\"https:\/\/i0.wp.com\/uscatletica.ch\/wp\/wp-content\/uploads\/2021\/05\/podioU12SAV.jpg?w=432&amp;ssl=1 432w, https:\/\/i0.wp.com\/uscatletica.ch\/wp\/wp-content\/uploads\/2021\/05\/podioU12SAV.jpg?resize=300%2C225&amp;ssl=1 300w\" sizes=\"auto, (max-width: 432px) 100vw, 432px\" data-attachment-id=\"12173\" data-permalink=\"https:\/\/uscatletica.ch\/wp\/?attachment_id=12173\" data-orig-file=\"https:\/\/i0.wp.com\/uscatletica.ch\/wp\/wp-content\/uploads\/2021\/05\/podioU12SAV.jpg?fit=432%2C324&amp;ssl=1\" data-orig-size=\"432,324\" data-comments-opened=\"0\" data-image-meta=\"{&quot;aperture&quot;:&quot;1.8&quot;,&quot;credit&quot;:&quot;&quot;,&quot;camera&quot;:&quot;iPhone 7&quot;,&quot;caption&quot;:&quot;&quot;,&quot;created_timestamp&quot;:&quot;1620578014&quot;,&quot;copyright&quot;:&quot;&quot;,&quot;focal_length&quot;:&quot;3.99&quot;,&quot;iso&quot;:&quot;20&quot;,&quot;shutter_speed&quot;:&quot;0.00062617407639324&quot;,&quot;title&quot;:&quot;&quot;,&quot;orientation&quot;:&quot;1&quot;}\" data-image-title=\"podioU12SAV\" data-image-description=\"\" data-image-caption=\"\" data-large-file=\"https:\/\/i0.wp.com\/uscatletica.ch\/wp\/wp-content\/uploads\/2021\/05\/podioU12SAV.jpg?fit=432%2C324&amp;ssl=1\" \/><\/a>\n\t\t\t<\/div><\/figure>\n\t\t<\/div>\n\n<p>\u00a0<\/p>\n<p>\u00a0<\/p>\n","protected":false},"excerpt":{"rendered":"<p>Mentre i nostri giovanissimi erano impegnati nell&#8217;unica staffetta primaverile dove sono arrivati diversi podi, Marco e Robi hanno gareggiato tra Aglio e Stresa. Roby ha chiuso al secondo rango il Trail del Mottarone 20 km con 2000 m di dislivello \u00a0in 1&#8217;59&#8243;56 a soli 1&#8217;40 dal vincitore. Marco era impegnato nella 9 miglia dell&#8217;Aglio dove ha ottenuto la vittoria di categoria con il diciannovesimo tempo assoluto \u00a0in 53&#8217;12 per i 15 km.\u00a0 \u00a0risultati dalla 9&#8230;<\/p>\n","protected":false},"author":4,"featured_media":12173,"comment_status":"closed","ping_status":"closed","sticky":false,"template":"","format":"standard","meta":{"jetpack_post_was_ever_published":false,"_jetpack_newsletter_access":"","_jetpack_dont_email_post_to_subs":false,"_jetpack_newsletter_tier_id":0,"_jetpack_memberships_contains_paywalled_content":false,"_jetpack_memberships_contains_paid_content":false,"footnotes":"","jetpack_publicize_message":"","jetpack_publicize_feature_enabled":true,"jetpack_social_post_already_shared":false,"jetpack_social_options":{"image_generator_settings":{"template":"highway","default_image_id":0,"font":"","enabled":false},"version":2}},"categories":[6,5,9,8],"tags":[],"class_list":["post-12163","post","type-post","status-publish","format-standard","has-post-thumbnail","hentry","category-non-catalogato","category-podismo","category-sport","category-staffette"],"jetpack_publicize_connections":[],"jetpack_featured_media_url":"https:\/\/i0.wp.com\/uscatletica.ch\/wp\/wp-content\/uploads\/2021\/05\/podioU12SAV.jpg?fit=432%2C324&ssl=1","jetpack_sharing_enabled":true,"jetpack_shortlink":"https:\/\/wp.me\/p6V7Ck-3ab","jetpack-related-posts":[{"id":5846,"url":"https:\/\/uscatletica.ch\/wp\/?p=5846","url_meta":{"origin":12163,"position":0},"title":"Da Vacallo a Stabio per un fine settimana targato ASTi","author":"Leonida Stampanoni","date":"14 Aprile 2018","format":false,"excerpt":"Fine settimana con un doppio impegno mom\u00f2 per gli USCini sabato nel tardo pomeriggio ci sar\u00e0 la 54 edizione della Staffetta Vacallo seconda prova del TAS, domenica mattina a Stabio si correr\u00e0 ma 34 edizione del giro podistico\u00a0 seconda prova della coppa ASTi podismo e della coppa giovanile. Il programma\u2026","rel":"","context":"In &quot;Podismo&quot;","block_context":{"text":"Podismo","link":"https:\/\/uscatletica.ch\/wp\/?cat=5"},"img":{"alt_text":"","src":"https:\/\/i0.wp.com\/uscatletica.ch\/wp\/wp-content\/uploads\/2018\/04\/bct2018rdee.jpg?fit=532%2C354&ssl=1&resize=350%2C200","width":350,"height":200,"srcset":"https:\/\/i0.wp.com\/uscatletica.ch\/wp\/wp-content\/uploads\/2018\/04\/bct2018rdee.jpg?fit=532%2C354&ssl=1&resize=350%2C200 1x, https:\/\/i0.wp.com\/uscatletica.ch\/wp\/wp-content\/uploads\/2018\/04\/bct2018rdee.jpg?fit=532%2C354&ssl=1&resize=525%2C300 1.5x"},"classes":[]},{"id":5850,"url":"https:\/\/uscatletica.ch\/wp\/?p=5850","url_meta":{"origin":12163,"position":1},"title":"Staffetta SAV 40 USCini per una grande prestazione di squadra","author":"Leonida Stampanoni","date":"14 Aprile 2018","format":false,"excerpt":"Un bel pomeriggio primaverile per la 54 edizione della Staffetta SAV erano in 321 a correre lungo le erte strade di Vacallo una quarantina gli USCini che hanno saputo emergere nelle staffette\u00a0 sulle dodici squadre presenti ben 4 podi. Sorprendono tutti gli U12\u00a0 che si meritano un secondo posto. Le\u2026","rel":"","context":"In &quot;Sport&quot;","block_context":{"text":"Sport","link":"https:\/\/uscatletica.ch\/wp\/?cat=9"},"img":{"alt_text":"","src":"https:\/\/i0.wp.com\/uscatletica.ch\/wp\/wp-content\/uploads\/2018\/01\/CRO.jpg?fit=532%2C399&ssl=1&resize=350%2C200","width":350,"height":200,"srcset":"https:\/\/i0.wp.com\/uscatletica.ch\/wp\/wp-content\/uploads\/2018\/01\/CRO.jpg?fit=532%2C399&ssl=1&resize=350%2C200 1x, https:\/\/i0.wp.com\/uscatletica.ch\/wp\/wp-content\/uploads\/2018\/01\/CRO.jpg?fit=532%2C399&ssl=1&resize=525%2C300 1.5x"},"classes":[]},{"id":14592,"url":"https:\/\/uscatletica.ch\/wp\/?p=14592","url_meta":{"origin":12163,"position":2},"title":"Vacallo tre staffette da podio 2 podi individuali","author":"Leonida Stampanoni","date":"5 Aprile 2022","format":false,"excerpt":"La seconda prova del Trofeo Asti Bancastato Staffetta si \u00e8 svolta domenica a Vacallo in un pomeriggio caratterizzato dal fresco e da una fastidiosa pioviggine. 7 squadre USC e diversi giovanissimi atleti\/e in gara nelle prove individuali. Come a Tesserete le U12W ed U16W sono andate a podio imitate dagli\u2026","rel":"","context":"In &quot;Sport&quot;","block_context":{"text":"Sport","link":"https:\/\/uscatletica.ch\/wp\/?cat=9"},"img":{"alt_text":"","src":"https:\/\/i0.wp.com\/uscatletica.ch\/wp\/wp-content\/uploads\/2022\/04\/P1170342.jpeg?fit=432%2C324&ssl=1&resize=350%2C200","width":350,"height":200},"classes":[]},{"id":1103,"url":"https:\/\/uscatletica.ch\/wp\/?p=1103","url_meta":{"origin":12163,"position":3},"title":"Staffetta Magnifico Borgo tre podi USC (classifiche foto)","author":"Leonida Stampanoni","date":"26 Marzo 2016","format":false,"excerpt":"La 32 edizione della Staffetta del magnifico Borgo sar\u00e0 ricordata per la piacevole serata primaverile vissuta dai 250 partecipanti alle varie gare. 9 squadre USC al via delle staffette valide per il TAS, ben tre le piccole U12. Una vittoria per le U16 , due secondi posti per U16 ed\u2026","rel":"","context":"In &quot;Sport&quot;","block_context":{"text":"Sport","link":"https:\/\/uscatletica.ch\/wp\/?cat=9"},"img":{"alt_text":"","src":"https:\/\/i0.wp.com\/uscatletica.ch\/wp\/wp-content\/uploads\/2016\/03\/P1390149.jpg?fit=563%2C422&ssl=1&resize=350%2C200","width":350,"height":200,"srcset":"https:\/\/i0.wp.com\/uscatletica.ch\/wp\/wp-content\/uploads\/2016\/03\/P1390149.jpg?fit=563%2C422&ssl=1&resize=350%2C200 1x, https:\/\/i0.wp.com\/uscatletica.ch\/wp\/wp-content\/uploads\/2016\/03\/P1390149.jpg?fit=563%2C422&ssl=1&resize=525%2C300 1.5x"},"classes":[]},{"id":1293,"url":"https:\/\/uscatletica.ch\/wp\/?p=1293","url_meta":{"origin":12163,"position":4},"title":"Vacallo USCini fanTAStici (classifiche (TAS) e rassegna stampa)","author":"Leonida Stampanoni","date":"16 Aprile 2016","format":false,"excerpt":"\u00a0Aria da temporale nel tardo pomeriggio mom\u00f2 per il 250 atleti presenti alla 52a Staffetta di Vacallo, un solido gruppo di fedelissimi ed alcuni volti nuovi rappresentare l'USC battendosi con grinta \u00a0due vittorie negli U16 e una al debutto tra le scoiattole. podi per le U16, gli attivi attive e\u2026","rel":"","context":"In &quot;Sport&quot;","block_context":{"text":"Sport","link":"https:\/\/uscatletica.ch\/wp\/?cat=9"},"img":{"alt_text":"","src":"https:\/\/i0.wp.com\/uscatletica.ch\/wp\/wp-content\/uploads\/2016\/04\/U16WVACALLLO16416.png?fit=556%2C338&ssl=1&resize=350%2C200","width":350,"height":200,"srcset":"https:\/\/i0.wp.com\/uscatletica.ch\/wp\/wp-content\/uploads\/2016\/04\/U16WVACALLLO16416.png?fit=556%2C338&ssl=1&resize=350%2C200 1x, https:\/\/i0.wp.com\/uscatletica.ch\/wp\/wp-content\/uploads\/2016\/04\/U16WVACALLLO16416.png?fit=556%2C338&ssl=1&resize=525%2C300 1.5x"},"classes":[]},{"id":21006,"url":"https:\/\/uscatletica.ch\/wp\/?p=21006","url_meta":{"origin":12163,"position":5},"title":"TAS USC VINCE TRA GLI M17+ ALTRI DUE PODI","author":"Leonida Stampanoni","date":"10 Giugno 2025","format":false,"excerpt":"La quarta tappa del Trofeo ASTi BancaStato Staffette svoltasi sabato a Ligornetto ha chiuso la fase primaverile. Nel mendrisiotto si assegnavano i primi quattro trofei. Nella categoria \u00a0M17+ l'USC ha vinto a parimerito con la SAM. Le nostre U16 pur assenti nell'ultima gara hanno salvato il secondo rango. Le nostre\u2026","rel":"","context":"In &quot;Pista&quot;","block_context":{"text":"Pista","link":"https:\/\/uscatletica.ch\/wp\/?cat=4"},"img":{"alt_text":"","src":"https:\/\/i0.wp.com\/uscatletica.ch\/wp\/wp-content\/uploads\/2025\/06\/2025TASCLASSIFICHEIV.jpg?fit=841%2C595&ssl=1&resize=350%2C200","width":350,"height":200,"srcset":"https:\/\/i0.wp.com\/uscatletica.ch\/wp\/wp-content\/uploads\/2025\/06\/2025TASCLASSIFICHEIV.jpg?fit=841%2C595&ssl=1&resize=350%2C200 1x, https:\/\/i0.wp.com\/uscatletica.ch\/wp\/wp-content\/uploads\/2025\/06\/2025TASCLASSIFICHEIV.jpg?fit=841%2C595&ssl=1&resize=525%2C300 1.5x, https:\/\/i0.wp.com\/uscatletica.ch\/wp\/wp-content\/uploads\/2025\/06\/2025TASCLASSIFICHEIV.jpg?fit=841%2C595&ssl=1&resize=700%2C400 2x"},"classes":[]}],"_links":{"self":[{"href":"https:\/\/uscatletica.ch\/wp\/index.php?rest_route=\/wp\/v2\/posts\/12163","targetHints":{"allow":["GET"]}}],"collection":[{"href":"https:\/\/uscatletica.ch\/wp\/index.php?rest_route=\/wp\/v2\/posts"}],"about":[{"href":"https:\/\/uscatletica.ch\/wp\/index.php?rest_route=\/wp\/v2\/types\/post"}],"author":[{"embeddable":true,"href":"https:\/\/uscatletica.ch\/wp\/index.php?rest_route=\/wp\/v2\/users\/4"}],"replies":[{"embeddable":true,"href":"https:\/\/uscatletica.ch\/wp\/index.php?rest_route=%2Fwp%2Fv2%2Fcomments&post=12163"}],"version-history":[{"count":5,"href":"https:\/\/uscatletica.ch\/wp\/index.php?rest_route=\/wp\/v2\/posts\/12163\/revisions"}],"predecessor-version":[{"id":12198,"href":"https:\/\/uscatletica.ch\/wp\/index.php?rest_route=\/wp\/v2\/posts\/12163\/revisions\/12198"}],"wp:featuredmedia":[{"embeddable":true,"href":"https:\/\/uscatletica.ch\/wp\/index.php?rest_route=\/wp\/v2\/media\/12173"}],"wp:attachment":[{"href":"https:\/\/uscatletica.ch\/wp\/index.php?rest_route=%2Fwp%2Fv2%2Fmedia&parent=12163"}],"wp:term":[{"taxonomy":"category","embeddable":true,"href":"https:\/\/uscatletica.ch\/wp\/index.php?rest_route=%2Fwp%2Fv2%2Fcategories&post=12163"},{"taxonomy":"post_tag","embeddable":true,"href":"https:\/\/uscatletica.ch\/wp\/index.php?rest_route=%2Fwp%2Fv2%2Ftags&post=12163"}],"curies":[{"name":"wp","href":"https:\/\/api.w.org\/{rel}","templated":true}]}}