{"id":12216,"date":"2021-05-18T22:40:49","date_gmt":"2021-05-18T20:40:49","guid":{"rendered":"http:\/\/uscatletica.ch\/wp\/?p=12216"},"modified":"2021-05-20T14:28:59","modified_gmt":"2021-05-20T12:28:59","slug":"roby-e-giada-bravi-a-bellinzona","status":"publish","type":"post","link":"https:\/\/uscatletica.ch\/wp\/?p=12216","title":{"rendered":"Roby e Giada bravi a Bellinzona"},"content":{"rendered":"\n<p>Marted\u00ec sera al comunale di Bellinzona Meeting per pochi intimi che segna per\u00f2 il debutto per gli atleti di tutte le et\u00e0. In evidenza i Giada e Roby che confermano l&#8217;ottimo inizio di stagione.\u00a0<\/p>\n<p><a href=\"https:\/\/slv.laportal.net\/Competitions\/Resultoverview\/4465\" target=\"_blank\" rel=\"noopener\">Tutti i risultati da Bellinzona<\/a><\/p>\n<p>Sui 1500 m, caratterizzati da un forte vento (tempestoso) che si \u00e8 abbattuto sul Comunale, Roby strappa la vittoria e migliora comunque il personale chiudendo in 4&#8217;03&#8243;31. Debutta anche Elia che con una buona gara chiude 6\u00b0 i 1&#8217;500 m in 4&#8217;30&#8243;97 con nella sua scia Pietro in 4&#8217;32&#8243;52, al suo primo 1&#8217;500 m. Senza vento, si potr\u00e0 di certo fare ancora meglio. Nella pedana del disco Giada conferma la sua crescita con un lancio a 41,58 m dopo un 40,54 m al primo lancio.\u00a0<\/p>\n<p>Negli ostacoli il Bellinzonese Nicola Fumagalli sfiora il primato ticinese U20 in 14&#8243;29 davanti a Nathan Oberti 14&#8243;35. Altri vincitori:<\/p>\n<p>200 m: Matteo D&#8217;Anna 22&#8243;34, Matilde Vitali 26&#8243;87<\/p>\n<p>800 m: Silvio Barandun 1&#8217;56&#8243;84, Cecilia Galli Conforto 2&#8217;15&#8243;01<\/p>\n<p><a href=\"https:\/\/www.facebook.com\/messenger_media\/?thread_id=100006574189031&amp;attachment_id=152894670139128&amp;message_id=mid.%24cAABa9M6cxeJ_skNWwV5gPydrnZUz\">https:\/\/www.facebook.com\/messenger_media\/?thread_id=100006574189031&amp;attachment_id=152894670139128&amp;message_id=mid.%24cAABa9M6cxeJ_skNWwV5gPydrnZUz<\/a><\/p>\n","protected":false},"excerpt":{"rendered":"<p>Marted\u00ec sera al comunale di Bellinzona Meeting per pochi intimi che segna per\u00f2 il debutto per gli atleti di tutte le et\u00e0. In evidenza i Giada e Roby che confermano l&#8217;ottimo inizio di stagione.\u00a0 Tutti i risultati da Bellinzona Sui 1500 m, caratterizzati da un forte vento (tempestoso) che si \u00e8 abbattuto sul Comunale, Roby strappa la vittoria e migliora comunque il personale chiudendo in 4&#8217;03&#8243;31. Debutta anche Elia che con una buona gara chiude&#8230;<\/p>\n","protected":false},"author":4,"featured_media":12207,"comment_status":"closed","ping_status":"closed","sticky":false,"template":"","format":"standard","meta":{"jetpack_post_was_ever_published":false,"_jetpack_newsletter_access":"","_jetpack_dont_email_post_to_subs":false,"_jetpack_newsletter_tier_id":0,"_jetpack_memberships_contains_paywalled_content":false,"_jetpack_memberships_contains_paid_content":false,"footnotes":"","jetpack_publicize_message":"","jetpack_publicize_feature_enabled":true,"jetpack_social_post_already_shared":false,"jetpack_social_options":{"image_generator_settings":{"template":"highway","default_image_id":0,"font":"","enabled":false},"version":2}},"categories":[4,9],"tags":[],"class_list":["post-12216","post","type-post","status-publish","format-standard","has-post-thumbnail","hentry","category-pista","category-sport"],"jetpack_publicize_connections":[],"jetpack_featured_media_url":"https:\/\/i0.wp.com\/uscatletica.ch\/wp\/wp-content\/uploads\/2021\/05\/210513st600m.jpg?fit=432%2C324&ssl=1","jetpack_sharing_enabled":true,"jetpack_shortlink":"https:\/\/wp.me\/p6V7Ck-3b2","jetpack-related-posts":[{"id":12129,"url":"https:\/\/uscatletica.ch\/wp\/?p=12129","url_meta":{"origin":12216,"position":0},"title":"Bellinzona Pietro gran debutto, Matilda primato sociale","author":"Leonida Stampanoni","date":"1 Maggio 2021","format":false,"excerpt":"Un primo maggio ricco di precipitazione ha portato per\u00f2 anche un bel numero di personale ai 22 atleti presenti al comunale di Bellinzona. Tra i risultati di gran pregio \u00a0l'agile volata di Pietro sui 2000 m, Matilda si migliora ancora sui 100 m, il gran miglioramento di Marco sempre sui\u2026","rel":"","context":"In &quot;Pista&quot;","block_context":{"text":"Pista","link":"https:\/\/uscatletica.ch\/wp\/?cat=4"},"img":{"alt_text":"","src":"https:\/\/i0.wp.com\/uscatletica.ch\/wp\/wp-content\/uploads\/2021\/03\/MP1030950MINI.jpg?fit=432%2C324&ssl=1&resize=350%2C200","width":350,"height":200},"classes":[]},{"id":13441,"url":"https:\/\/uscatletica.ch\/wp\/?p=13441","url_meta":{"origin":12216,"position":1},"title":"TEMPO DI FINALI DA APPENZELLO A BELLINZONA","author":"Leonida Stampanoni","date":"24 Settembre 2021","format":false,"excerpt":"Nel fine settimana il calendario prevede tre impegni, due finali ed il meeting dedicato ai masters. In Ticino sar\u00e0 il comunale di Bellinzona il centro dell'azione: sabato in pista saranno i Masters (Meeting master valido anche come Campionato svizzero), domenica ci sar\u00e0 la tappa finale del BancaStato Grand Prix Ticino,\u2026","rel":"","context":"In &quot;Pista&quot;","block_context":{"text":"Pista","link":"https:\/\/uscatletica.ch\/wp\/?cat=4"},"img":{"alt_text":"","src":"https:\/\/i0.wp.com\/uscatletica.ch\/wp\/wp-content\/uploads\/2021\/05\/210513100ma.jpg?fit=432%2C324&ssl=1&resize=350%2C200","width":350,"height":200},"classes":[]},{"id":10686,"url":"https:\/\/uscatletica.ch\/wp\/?p=10686","url_meta":{"origin":12216,"position":2},"title":"CT ASSOLUTI  DUE MEDAGLIE PER ROBY E MATILDA","author":"Leonida Stampanoni","date":"29 Agosto 2020","format":false,"excerpt":"Al comunale di Bellinzona le piogge incessanti hanno concesso tregua ai protagonisti dei campionati ticinesi assoluti.\u00a0 La prima giornata ha regalato due medaglie all'USC e due quarti ranghi. Sul podio vanno Matilda e Roby, la medaglia di cioccolato (o legno) invece \u00e8 per Sofia e Giorgia. RISULTATI Le prime a\u2026","rel":"","context":"In &quot;Pista&quot;","block_context":{"text":"Pista","link":"https:\/\/uscatletica.ch\/wp\/?cat=4"},"img":{"alt_text":"","src":"https:\/\/i0.wp.com\/uscatletica.ch\/wp\/wp-content\/uploads\/2020\/08\/podio100mct2020.jpg?fit=421%2C316&ssl=1&resize=350%2C200","width":350,"height":200},"classes":[]},{"id":10579,"url":"https:\/\/uscatletica.ch\/wp\/?p=10579","url_meta":{"origin":12216,"position":3},"title":"CT 3000-50000 metri: USCini a caccia del titolo","author":"Leonida Stampanoni","date":"27 Luglio 2020","format":false,"excerpt":"Sulla rinnovata pista del Vallone di Biasca in palio ci saranno i titoli di 3'000 m e 5'000 m,\u00a0 con diversi atleti USC al via: la campionessa uscente Letizia e Giorgia tra le donne, i fratelli Delorenzi e Enea sui 5'000 m uomini. Nelle altre discipline del meeting serale al\u2026","rel":"","context":"In &quot;Non catalogato&quot;","block_context":{"text":"Non catalogato","link":"https:\/\/uscatletica.ch\/wp\/?cat=6"},"img":{"alt_text":"","src":"https:\/\/i0.wp.com\/uscatletica.ch\/wp\/wp-content\/uploads\/2020\/07\/start100mu200807.jpg?fit=432%2C324&ssl=1&resize=350%2C200","width":350,"height":200},"classes":[]},{"id":13096,"url":"https:\/\/uscatletica.ch\/wp\/?p=13096","url_meta":{"origin":12216,"position":4},"title":"A Bellinzona gli assoluti Stralugano CS E CT 10km","author":"Leonida Stampanoni","date":"28 Agosto 2021","format":false,"excerpt":"Nel fine settimana ci saranno i campionati ticinesi assoluti al comunale di Bellinzona al via ci saranno 8 USCIni\/e. Nella due giorni di gare due atlete hanno chiare ambizioni da podio Giada nei lanci e Matilda nella velocit\u00e0. Nel fine settimana ci sar\u00e0 anche la Stralugano con in palio i\u2026","rel":"","context":"In &quot;Pista&quot;","block_context":{"text":"Pista","link":"https:\/\/uscatletica.ch\/wp\/?cat=4"},"img":{"alt_text":"","src":"https:\/\/i0.wp.com\/uscatletica.ch\/wp\/wp-content\/uploads\/2021\/08\/4x100210821podio.jpg?fit=432%2C324&ssl=1&resize=350%2C200","width":350,"height":200},"classes":[]},{"id":6222,"url":"https:\/\/uscatletica.ch\/wp\/?p=6222","url_meta":{"origin":12216,"position":5},"title":"Domenica doppietta nel peso al Lido C\u00e9line e Giada doppietta  (Morena Kids Cup) Stampa CT","author":"Leonida Stampanoni","date":"10 Giugno 2018","format":false,"excerpt":"Domenica nella seconda giornata dei Campionati ticinesi assoluti in palio c'erano ancora 10 titoli. Cinque le USCine al via, due delle quali, C\u00e9line e Giada, hanno dominato nella pedana del peso. Buon debutto per Gaia nell'alto, mentre Vera e Janet sono scese in pista sui 200 m. Morena si \u00e8\u2026","rel":"","context":"In &quot;Non catalogato&quot;","block_context":{"text":"Non catalogato","link":"https:\/\/uscatletica.ch\/wp\/?cat=6"},"img":{"alt_text":"","src":"https:\/\/i0.wp.com\/uscatletica.ch\/wp\/wp-content\/uploads\/2018\/06\/lapesoct2018pr.jpg?fit=432%2C243&ssl=1&resize=350%2C200","width":350,"height":200},"classes":[]}],"_links":{"self":[{"href":"https:\/\/uscatletica.ch\/wp\/index.php?rest_route=\/wp\/v2\/posts\/12216","targetHints":{"allow":["GET"]}}],"collection":[{"href":"https:\/\/uscatletica.ch\/wp\/index.php?rest_route=\/wp\/v2\/posts"}],"about":[{"href":"https:\/\/uscatletica.ch\/wp\/index.php?rest_route=\/wp\/v2\/types\/post"}],"author":[{"embeddable":true,"href":"https:\/\/uscatletica.ch\/wp\/index.php?rest_route=\/wp\/v2\/users\/4"}],"replies":[{"embeddable":true,"href":"https:\/\/uscatletica.ch\/wp\/index.php?rest_route=%2Fwp%2Fv2%2Fcomments&post=12216"}],"version-history":[{"count":8,"href":"https:\/\/uscatletica.ch\/wp\/index.php?rest_route=\/wp\/v2\/posts\/12216\/revisions"}],"predecessor-version":[{"id":12229,"href":"https:\/\/uscatletica.ch\/wp\/index.php?rest_route=\/wp\/v2\/posts\/12216\/revisions\/12229"}],"wp:featuredmedia":[{"embeddable":true,"href":"https:\/\/uscatletica.ch\/wp\/index.php?rest_route=\/wp\/v2\/media\/12207"}],"wp:attachment":[{"href":"https:\/\/uscatletica.ch\/wp\/index.php?rest_route=%2Fwp%2Fv2%2Fmedia&parent=12216"}],"wp:term":[{"taxonomy":"category","embeddable":true,"href":"https:\/\/uscatletica.ch\/wp\/index.php?rest_route=%2Fwp%2Fv2%2Fcategories&post=12216"},{"taxonomy":"post_tag","embeddable":true,"href":"https:\/\/uscatletica.ch\/wp\/index.php?rest_route=%2Fwp%2Fv2%2Ftags&post=12216"}],"curies":[{"name":"wp","href":"https:\/\/api.w.org\/{rel}","templated":true}]}}