{"id":1265,"date":"2016-04-15T14:50:27","date_gmt":"2016-04-15T12:50:27","guid":{"rendered":"http:\/\/uscatletica.ch\/wp\/?p=1265"},"modified":"2016-04-21T10:52:06","modified_gmt":"2016-04-21T08:52:06","slug":"congratulazioni-loris-donati-allenatore-a-swiss-athletics","status":"publish","type":"post","link":"https:\/\/uscatletica.ch\/wp\/?p=1265","title":{"rendered":"CONGRATULAZIONI Loris Donati  Allenatore A Swiss Athletics"},"content":{"rendered":"<p>Loris Donati, nuovo\u00a0arrivato, nel vivace gruppo degli allenatori USC ha ottenuto superato brillantemente il corso per Allenatore A \u00a0organizzato da Swiss Athletics. Congratulazioni a Loris completa la sua gi\u00e0 eccellente formazione. I nostri atleti ed allenatori potranno affidarsi dunque ai preziosi consigli di Loris.<\/p>\n<p>La FTAL pu\u00f2 ora contare su 8 nuovi allenatori qualificati a partire dal CT Luca Romerio, Complimenti pure a \u00a0Cosetta Grotti, Martino Rossetti, Loris Gangale, Corinna Pons, Alberto Brunelli \u00a0e Francesco Canuti.<\/p>\n","protected":false},"excerpt":{"rendered":"<p>Loris Donati, nuovo\u00a0arrivato, nel vivace gruppo degli allenatori USC ha ottenuto superato brillantemente il corso per Allenatore A \u00a0organizzato da Swiss Athletics. Congratulazioni a Loris completa la sua gi\u00e0 eccellente formazione. I nostri atleti ed allenatori potranno affidarsi dunque ai preziosi consigli di Loris. La FTAL pu\u00f2 ora contare su 8 nuovi allenatori qualificati a partire dal CT Luca Romerio, Complimenti pure a \u00a0Cosetta Grotti, Martino Rossetti, Loris Gangale, Corinna Pons, Alberto Brunelli \u00a0e Francesco&#8230;<\/p>\n","protected":false},"author":4,"featured_media":1268,"comment_status":"closed","ping_status":"closed","sticky":false,"template":"","format":"standard","meta":{"jetpack_post_was_ever_published":false,"_jetpack_newsletter_access":"","_jetpack_dont_email_post_to_subs":false,"_jetpack_newsletter_tier_id":0,"_jetpack_memberships_contains_paywalled_content":false,"_jetpack_memberships_contains_paid_content":false,"footnotes":"","jetpack_publicize_message":"","jetpack_publicize_feature_enabled":true,"jetpack_social_post_already_shared":true,"jetpack_social_options":{"image_generator_settings":{"template":"highway","default_image_id":0,"font":"","enabled":false},"version":2}},"categories":[11],"tags":[],"class_list":["post-1265","post","type-post","status-publish","format-standard","has-post-thumbnail","hentry","category-altro"],"jetpack_publicize_connections":[],"jetpack_featured_media_url":"https:\/\/i0.wp.com\/uscatletica.ch\/wp\/wp-content\/uploads\/2016\/04\/allenatoreA-1.png?fit=563%2C332&ssl=1","jetpack_sharing_enabled":true,"jetpack_shortlink":"https:\/\/wp.me\/p6V7Ck-kp","jetpack-related-posts":[{"id":10626,"url":"https:\/\/uscatletica.ch\/wp\/?p=10626","url_meta":{"origin":1265,"position":0},"title":"Minicamp Capriasca un gran bel successo","author":"Leonida Stampanoni","date":"18 Agosto 2020","format":false,"excerpt":"Il grande entusiasmo, passione 6 allenamenti\u00a0 una bella escursione alla Moschera a casa della nostra cara Mascotte Brighela, due allenatori ospiti\u00a0 due allenatori USC e 22 atleti motivati e pronti ad affrontare l'intensa fine estate di gare\u00a0 questi gli ingedienti principali dell'edizione 2020 del campo di allenamento svoltosi all'Arena sportiva\u2026","rel":"","context":"In &quot;Pista&quot;","block_context":{"text":"Pista","link":"https:\/\/uscatletica.ch\/wp\/?cat=4"},"img":{"alt_text":"","src":"https:\/\/i0.wp.com\/uscatletica.ch\/wp\/wp-content\/uploads\/2020\/08\/IMG_0299.jpg?fit=640%2C480&ssl=1&resize=350%2C200","width":350,"height":200,"srcset":"https:\/\/i0.wp.com\/uscatletica.ch\/wp\/wp-content\/uploads\/2020\/08\/IMG_0299.jpg?fit=640%2C480&ssl=1&resize=350%2C200 1x, https:\/\/i0.wp.com\/uscatletica.ch\/wp\/wp-content\/uploads\/2020\/08\/IMG_0299.jpg?fit=640%2C480&ssl=1&resize=525%2C300 1.5x"},"classes":[]},{"id":8665,"url":"https:\/\/uscatletica.ch\/wp\/?p=8665","url_meta":{"origin":1265,"position":1},"title":"Christian Kalinka e Lucia sono i nuovi monitori G+S","author":"Leonida Stampanoni","date":"24 Giugno 2019","format":false,"excerpt":"Dopo una settimana intensa di corso G+S, con anche Loris tra gli istruttori Christian e Kalinka Berger e Lucia Baldi hanno ottenuto il brevetto G+S. come monitori di atletica complimenti ai nostri allenatori che gi\u00e0 da un po' di tempo seguivano gi\u00e0 i nostri ragazzi.","rel":"","context":"In &quot;I nostri appuntamenti&quot;","block_context":{"text":"I nostri appuntamenti","link":"https:\/\/uscatletica.ch\/wp\/?cat=12"},"img":{"alt_text":"","src":"https:\/\/i0.wp.com\/uscatletica.ch\/wp\/wp-content\/uploads\/2019\/06\/chkalugs2019.jpg?fit=640%2C480&ssl=1&resize=350%2C200","width":350,"height":200,"srcset":"https:\/\/i0.wp.com\/uscatletica.ch\/wp\/wp-content\/uploads\/2019\/06\/chkalugs2019.jpg?fit=640%2C480&ssl=1&resize=350%2C200 1x, https:\/\/i0.wp.com\/uscatletica.ch\/wp\/wp-content\/uploads\/2019\/06\/chkalugs2019.jpg?fit=640%2C480&ssl=1&resize=525%2C300 1.5x"},"classes":[]},{"id":10878,"url":"https:\/\/uscatletica.ch\/wp\/?p=10878","url_meta":{"origin":1265,"position":2},"title":"FINE SETTIMANA DAI CS AL RAGAZZO + VELOCE 8 medaglie ticinesi","author":"Leonida Stampanoni","date":"10 Settembre 2020","format":false,"excerpt":"Nel fine settimana Basel ospiter\u00e0 i campionati svizzeri assoluti che avrebbero dovuto svolgersi a Bellinzona per festeggiare il mezzo secolo del FTAL. Sulle rive del Reno l'USC torner\u00e0 alla massima rassegna nazionale dopo 10 anni e sar\u00e0 Giada la nostra atleta in mezzo ai migliori talenti rossocrociati. A Lugano invece\u2026","rel":"","context":"In &quot;Pista&quot;","block_context":{"text":"Pista","link":"https:\/\/uscatletica.ch\/wp\/?cat=4"},"img":{"alt_text":"","src":"https:\/\/i0.wp.com\/uscatletica.ch\/wp\/wp-content\/uploads\/2020\/08\/Giadapeso2002podio.jpg?fit=321%2C428&ssl=1&resize=350%2C200","width":350,"height":200},"classes":[]},{"id":10320,"url":"https:\/\/uscatletica.ch\/wp\/?p=10320","url_meta":{"origin":1265,"position":3},"title":"Ripresa Allenamenti (concetto di protezione SA)","author":"Leonida Stampanoni","date":"14 Maggio 2020","format":false,"excerpt":"L'Arena Sportiva rimarr\u00e0 chiusa causa lavori fino a met\u00e0 agosto\u00a0 IL NUOVO CONCETTO DI PROTEZIONE Swiss Athletics Ripresa dell' attivit\u00e0 atletica per il gruppo velocit\u00e0 e discipline tecniche \u00a0 In ottemperanza alle norme vigenti, il gruppo velocit\u00e0 e discipline tecniche ha ripreso le attivit\u00e0 marted\u00ec e mercoled\u00ec, proponendo due fasce\u2026","rel":"","context":"In &quot;CO&quot;","block_context":{"text":"CO","link":"https:\/\/uscatletica.ch\/wp\/?cat=19"},"img":{"alt_text":"","src":"https:\/\/i0.wp.com\/uscatletica.ch\/wp\/wp-content\/uploads\/2020\/05\/IMG_7730.jpg?fit=640%2C480&ssl=1&resize=350%2C200","width":350,"height":200,"srcset":"https:\/\/i0.wp.com\/uscatletica.ch\/wp\/wp-content\/uploads\/2020\/05\/IMG_7730.jpg?fit=640%2C480&ssl=1&resize=350%2C200 1x, https:\/\/i0.wp.com\/uscatletica.ch\/wp\/wp-content\/uploads\/2020\/05\/IMG_7730.jpg?fit=640%2C480&ssl=1&resize=525%2C300 1.5x"},"classes":[]},{"id":2223,"url":"https:\/\/uscatletica.ch\/wp\/?p=2223","url_meta":{"origin":1265,"position":4},"title":"Elisa e Loris Sposi","author":"Leonida Stampanoni","date":"17 Giugno 2016","format":false,"excerpt":"L'USC Augura a LORIS ED ELISA una sorprendente e splendida giornata di Nozze ed un lungo e stupendo Matrimonio Sereno Viaggio di Nozze in Alaska L'USC Augura a LORIS ED ELISA una sorprendente e splendida giornata di Nozze ed un lungo e stupendo Matrimonio","rel":"","context":"In &quot;Diversi&quot;","block_context":{"text":"Diversi","link":"https:\/\/uscatletica.ch\/wp\/?cat=30"},"img":{"alt_text":"","src":"https:\/\/i0.wp.com\/uscatletica.ch\/wp\/wp-content\/uploads\/2016\/06\/LORISELISAcastello.jpg?fit=562%2C380&ssl=1&resize=350%2C200","width":350,"height":200,"srcset":"https:\/\/i0.wp.com\/uscatletica.ch\/wp\/wp-content\/uploads\/2016\/06\/LORISELISAcastello.jpg?fit=562%2C380&ssl=1&resize=350%2C200 1x, https:\/\/i0.wp.com\/uscatletica.ch\/wp\/wp-content\/uploads\/2016\/06\/LORISELISAcastello.jpg?fit=562%2C380&ssl=1&resize=525%2C300 1.5x"},"classes":[]},{"id":6370,"url":"https:\/\/uscatletica.ch\/wp\/?p=6370","url_meta":{"origin":1265,"position":5},"title":"Giada allo scouting day di Swiss Athletics","author":"Leonida Stampanoni","date":"25 Luglio 2018","format":false,"excerpt":"Fine luglio \u00e8 tempo di campi di allenamento con Swiss Athletics e nel 2018 l'USC\u00a0 \u00e8 presente a Tenero con la nostra Giada finalista della Kids Cup lo scorso anno. La nostra Giada trascorrer\u00e0 una settimana in compagnia di alcune delle pi\u00f9 grandi promesse dell'atletica svizzera. Lunedi Giada ha avuto\u2026","rel":"","context":"In &quot;Pista&quot;","block_context":{"text":"Pista","link":"https:\/\/uscatletica.ch\/wp\/?cat=4"},"img":{"alt_text":"","src":"https:\/\/i0.wp.com\/uscatletica.ch\/wp\/wp-content\/uploads\/2018\/07\/ticino2018ukc.jpg?fit=432%2C288&ssl=1&resize=350%2C200","width":350,"height":200},"classes":[]}],"_links":{"self":[{"href":"https:\/\/uscatletica.ch\/wp\/index.php?rest_route=\/wp\/v2\/posts\/1265","targetHints":{"allow":["GET"]}}],"collection":[{"href":"https:\/\/uscatletica.ch\/wp\/index.php?rest_route=\/wp\/v2\/posts"}],"about":[{"href":"https:\/\/uscatletica.ch\/wp\/index.php?rest_route=\/wp\/v2\/types\/post"}],"author":[{"embeddable":true,"href":"https:\/\/uscatletica.ch\/wp\/index.php?rest_route=\/wp\/v2\/users\/4"}],"replies":[{"embeddable":true,"href":"https:\/\/uscatletica.ch\/wp\/index.php?rest_route=%2Fwp%2Fv2%2Fcomments&post=1265"}],"version-history":[{"count":2,"href":"https:\/\/uscatletica.ch\/wp\/index.php?rest_route=\/wp\/v2\/posts\/1265\/revisions"}],"predecessor-version":[{"id":1303,"href":"https:\/\/uscatletica.ch\/wp\/index.php?rest_route=\/wp\/v2\/posts\/1265\/revisions\/1303"}],"wp:featuredmedia":[{"embeddable":true,"href":"https:\/\/uscatletica.ch\/wp\/index.php?rest_route=\/wp\/v2\/media\/1268"}],"wp:attachment":[{"href":"https:\/\/uscatletica.ch\/wp\/index.php?rest_route=%2Fwp%2Fv2%2Fmedia&parent=1265"}],"wp:term":[{"taxonomy":"category","embeddable":true,"href":"https:\/\/uscatletica.ch\/wp\/index.php?rest_route=%2Fwp%2Fv2%2Fcategories&post=1265"},{"taxonomy":"post_tag","embeddable":true,"href":"https:\/\/uscatletica.ch\/wp\/index.php?rest_route=%2Fwp%2Fv2%2Ftags&post=1265"}],"curies":[{"name":"wp","href":"https:\/\/api.w.org\/{rel}","templated":true}]}}