{"id":12968,"date":"2021-07-04T17:24:07","date_gmt":"2021-07-04T15:24:07","guid":{"rendered":"http:\/\/uscatletica.ch\/wp\/?p=12968"},"modified":"2021-07-04T21:05:27","modified_gmt":"2021-07-04T19:05:27","slug":"tre-podi-in-val-calanca","status":"publish","type":"post","link":"https:\/\/uscatletica.ch\/wp\/?p=12968","title":{"rendered":"TRE PODI IN VAL CALANCA"},"content":{"rendered":"\n<p>Si \u00e8 corsa oggi in Valle Calanca la nona edizione del Gran premio Rossa, affascinante prova che ha aperto la <span style=\"text-decoration: underline;\"><a href=\"http:\/\/www.asti-ticino.ch\/asti-new\/podismo\">Coppa Podismo ASTi 2021<\/a><\/span>. Sul suggestivo percorso di 10 km (+271 metri di dislivello) da Selma a Rossa ricco di saliscendi su sterrati e sentieri, ha vinto Lukas Oehen tra gli uomini e Paola Stampanoni tra le donne.<\/p>\n<p><strong>Tre podi per <span style=\"color: #ff0000;\">l\u2019USC<\/span><\/strong>, con <strong>Elia<\/strong> primo tra gli uomini 40 con il terzo tempo assoluto di 39\u201958\u2019\u2019. Tra gli uomini 50 secondo <strong>Ralf<\/strong> e tra le donne 50 seconda <strong>Lara<\/strong>. Completa l\u2019ottima prestazione dall\u2019USC <strong>Maria<\/strong>.<\/p>\n<p>Presto i risultati <span style=\"text-decoration: underline;\"><strong><em><a href=\"https:\/\/performancetiming.ch\/it\/2021\/266-gran-premio-rossa\">qui<\/a><\/em><\/strong><\/span><\/p>\n","protected":false},"excerpt":{"rendered":"<p>Si \u00e8 corsa oggi in Valle Calanca la nona edizione del Gran premio Rossa, affascinante prova che ha aperto la Coppa Podismo ASTi 2021. Sul suggestivo percorso di 10 km (+271 metri di dislivello) da Selma a Rossa ricco di saliscendi su sterrati e sentieri, ha vinto Lukas Oehen tra gli uomini e Paola Stampanoni tra le donne. Tre podi per l\u2019USC, con Elia primo tra gli uomini 40 con il terzo tempo assoluto di&#8230;<\/p>\n","protected":false},"author":3,"featured_media":12969,"comment_status":"closed","ping_status":"closed","sticky":false,"template":"","format":"standard","meta":{"jetpack_post_was_ever_published":false,"_jetpack_newsletter_access":"","_jetpack_dont_email_post_to_subs":false,"_jetpack_newsletter_tier_id":0,"_jetpack_memberships_contains_paywalled_content":false,"_jetpack_memberships_contains_paid_content":false,"footnotes":"","jetpack_publicize_message":"","jetpack_publicize_feature_enabled":true,"jetpack_social_post_already_shared":false,"jetpack_social_options":{"image_generator_settings":{"template":"highway","default_image_id":0,"font":"","enabled":false},"version":2}},"categories":[5,9],"tags":[],"class_list":["post-12968","post","type-post","status-publish","format-standard","has-post-thumbnail","hentry","category-podismo","category-sport"],"jetpack_publicize_connections":[],"jetpack_featured_media_url":"https:\/\/i0.wp.com\/uscatletica.ch\/wp\/wp-content\/uploads\/2021\/07\/Rossa.jpg?fit=221%2C190&ssl=1","jetpack_sharing_enabled":true,"jetpack_shortlink":"https:\/\/wp.me\/p6V7Ck-3na","jetpack-related-posts":[{"id":4731,"url":"https:\/\/uscatletica.ch\/wp\/?p=4731","url_meta":{"origin":12968,"position":0},"title":"COPPA ASTi Il podismo raccoglie il testimone","author":"Leonida Stampanoni","date":"4 Agosto 2017","format":false,"excerpt":"L'estate avanza ed i podisti dalle corse in vetta passano alle corse podistiche \u00a0comunque sempre in cima al valli del alto Ticino e del Moesano, domenica si correva la penultima prova della coppa Asti salita montagna e \u00a0vertical \u00a0al Nara con tre USCini al via \u00a0il primo d'agosto impegno di\u2026","rel":"","context":"In &quot;Diversi&quot;","block_context":{"text":"Diversi","link":"https:\/\/uscatletica.ch\/wp\/?cat=30"},"img":{"alt_text":"","src":"https:\/\/i0.wp.com\/uscatletica.ch\/wp\/wp-content\/uploads\/2016\/08\/valerioeliaselma14.jpg?fit=563%2C374&ssl=1&resize=350%2C200","width":350,"height":200,"srcset":"https:\/\/i0.wp.com\/uscatletica.ch\/wp\/wp-content\/uploads\/2016\/08\/valerioeliaselma14.jpg?fit=563%2C374&ssl=1&resize=350%2C200 1x, https:\/\/i0.wp.com\/uscatletica.ch\/wp\/wp-content\/uploads\/2016\/08\/valerioeliaselma14.jpg?fit=563%2C374&ssl=1&resize=525%2C300 1.5x"},"classes":[]},{"id":15622,"url":"https:\/\/uscatletica.ch\/wp\/?p=15622","url_meta":{"origin":12968,"position":1},"title":"Tre medaglie USC in Calanca","author":"Stampa E","date":"3 Luglio 2022","format":false,"excerpt":"Il 3 luglio s\u2019\u00e8 disputato in Val Calanca il Gran Premio Rossa, valido per la Coppa ASTi e anche valido come CAMPIONATO ASTi di podismo 2022. La gara \u00e8 stata vinta dall\u2019italiano Mascherpa con il nuovo record del percorso di 37\u201928\u2019\u2019, mentre il titolo ASTi \u00e8 andata a Lukas Oehen\u2026","rel":"","context":"In &quot;Podismo&quot;","block_context":{"text":"Podismo","link":"https:\/\/uscatletica.ch\/wp\/?cat=5"},"img":{"alt_text":"","src":"","width":0,"height":0},"classes":[]},{"id":8753,"url":"https:\/\/uscatletica.ch\/wp\/?p=8753","url_meta":{"origin":12968,"position":2},"title":"Elia ed Emanuele vincono a Rossa","author":"Leonida Stampanoni","date":"3 Agosto 2019","format":false,"excerpt":"La Coppa ASTi continua la sua corsa: sabato in Val Calanca Elia ha vinto la sesta edizione del GP Rossa, bella prova di 10 km con 271 metri di salita e disputata in un\u00a0bellissimo pomeriggio estivo tra Selma e Rossa\u00a0(foto A.A.). Nelle categorie vittoria anche per Emanuele tra gli M20\u00a0con\u2026","rel":"","context":"In &quot;Podismo&quot;","block_context":{"text":"Podismo","link":"https:\/\/uscatletica.ch\/wp\/?cat=5"},"img":{"alt_text":"","src":"https:\/\/i0.wp.com\/uscatletica.ch\/wp\/wp-content\/uploads\/2019\/08\/elirossab.jpg?fit=424%2C315&ssl=1&resize=350%2C200","width":350,"height":200},"classes":[]},{"id":17760,"url":"https:\/\/uscatletica.ch\/wp\/?p=17760","url_meta":{"origin":12968,"position":3},"title":"4 USC e 1 podio in VAL CALANCA","author":"Stampa E","date":"3 Luglio 2023","format":false,"excerpt":"Domenica 2 luglio l'appuntamento nella suggestiva cornice del Parco Regionale Calanca, ha visto 4 atleti USC al via. Nel Gran Premio Rossa, lungo lo spettacolare percorso su fondo misto (sterrato, asfalto, sentiero) di 10 km e 271 metri di dislivello positivi da Selma a Rossa, ottimo quinto rango assouto (e\u2026","rel":"","context":"In &quot;Podismo&quot;","block_context":{"text":"Podismo","link":"https:\/\/uscatletica.ch\/wp\/?cat=5"},"img":{"alt_text":"","src":"https:\/\/i0.wp.com\/uscatletica.ch\/wp\/wp-content\/uploads\/2023\/07\/Rossa-2023-Foto-Scarlioni-13.jpg?fit=768%2C1024&ssl=1&resize=350%2C200","width":350,"height":200,"srcset":"https:\/\/i0.wp.com\/uscatletica.ch\/wp\/wp-content\/uploads\/2023\/07\/Rossa-2023-Foto-Scarlioni-13.jpg?fit=768%2C1024&ssl=1&resize=350%2C200 1x, https:\/\/i0.wp.com\/uscatletica.ch\/wp\/wp-content\/uploads\/2023\/07\/Rossa-2023-Foto-Scarlioni-13.jpg?fit=768%2C1024&ssl=1&resize=525%2C300 1.5x, https:\/\/i0.wp.com\/uscatletica.ch\/wp\/wp-content\/uploads\/2023\/07\/Rossa-2023-Foto-Scarlioni-13.jpg?fit=768%2C1024&ssl=1&resize=700%2C400 2x"},"classes":[]},{"id":15613,"url":"https:\/\/uscatletica.ch\/wp\/?p=15613","url_meta":{"origin":12968,"position":4},"title":"Il fine settimana USC in pista a Biasca di corsa in Morobbia e Calanca","author":"Leonida Stampanoni","date":"2 Luglio 2022","format":false,"excerpt":"Il fine settimana si prospetta intenso con tre appuntamenti su suolo ticinesi per atlete ed atleti USC oggi ci sar\u00e0 il Magnus Swiss Jump Tour a Biasca al via Mattia, Matilda, Marco e Federica. Riparte la stagione ASTi sabato si corre il BancaStato Morobbia Trail mentre domenica in Val Calanca\u2026","rel":"","context":"In &quot;Pista&quot;","block_context":{"text":"Pista","link":"https:\/\/uscatletica.ch\/wp\/?cat=4"},"img":{"alt_text":"","src":"https:\/\/i0.wp.com\/uscatletica.ch\/wp\/wp-content\/uploads\/2022\/06\/P1190998.jpeg?fit=324%2C432&ssl=1&resize=350%2C200","width":350,"height":200},"classes":[]},{"id":2543,"url":"https:\/\/uscatletica.ch\/wp\/?p=2543","url_meta":{"origin":12968,"position":5},"title":"Fine Settimana da Selma a Zofingen","author":"Leonida Stampanoni","date":"4 Agosto 2016","format":false,"excerpt":"Archiviata la coppa Ticino di corsa in montagna sabato nel tardo pomeriggio la coppa Ticino raccoglier\u00e0 il testimone con la nona prova Moesa Runner's organizzer\u00e0 in Calanca la Selma Rossa 10 km suggestiva nell'alta valle. A Zofingen si correr\u00e0 invece un meeting nazionale giovanile \u00a0Giada dopo un intenso periodo di\u2026","rel":"","context":"In &quot;Pista&quot;","block_context":{"text":"Pista","link":"https:\/\/uscatletica.ch\/wp\/?cat=4"},"img":{"alt_text":"","src":"https:\/\/i0.wp.com\/uscatletica.ch\/wp\/wp-content\/uploads\/2016\/04\/csigrupo201618anni.png?fit=563%2C307&ssl=1&resize=350%2C200","width":350,"height":200,"srcset":"https:\/\/i0.wp.com\/uscatletica.ch\/wp\/wp-content\/uploads\/2016\/04\/csigrupo201618anni.png?fit=563%2C307&ssl=1&resize=350%2C200 1x, https:\/\/i0.wp.com\/uscatletica.ch\/wp\/wp-content\/uploads\/2016\/04\/csigrupo201618anni.png?fit=563%2C307&ssl=1&resize=525%2C300 1.5x"},"classes":[]}],"_links":{"self":[{"href":"https:\/\/uscatletica.ch\/wp\/index.php?rest_route=\/wp\/v2\/posts\/12968","targetHints":{"allow":["GET"]}}],"collection":[{"href":"https:\/\/uscatletica.ch\/wp\/index.php?rest_route=\/wp\/v2\/posts"}],"about":[{"href":"https:\/\/uscatletica.ch\/wp\/index.php?rest_route=\/wp\/v2\/types\/post"}],"author":[{"embeddable":true,"href":"https:\/\/uscatletica.ch\/wp\/index.php?rest_route=\/wp\/v2\/users\/3"}],"replies":[{"embeddable":true,"href":"https:\/\/uscatletica.ch\/wp\/index.php?rest_route=%2Fwp%2Fv2%2Fcomments&post=12968"}],"version-history":[{"count":3,"href":"https:\/\/uscatletica.ch\/wp\/index.php?rest_route=\/wp\/v2\/posts\/12968\/revisions"}],"predecessor-version":[{"id":12973,"href":"https:\/\/uscatletica.ch\/wp\/index.php?rest_route=\/wp\/v2\/posts\/12968\/revisions\/12973"}],"wp:featuredmedia":[{"embeddable":true,"href":"https:\/\/uscatletica.ch\/wp\/index.php?rest_route=\/wp\/v2\/media\/12969"}],"wp:attachment":[{"href":"https:\/\/uscatletica.ch\/wp\/index.php?rest_route=%2Fwp%2Fv2%2Fmedia&parent=12968"}],"wp:term":[{"taxonomy":"category","embeddable":true,"href":"https:\/\/uscatletica.ch\/wp\/index.php?rest_route=%2Fwp%2Fv2%2Fcategories&post=12968"},{"taxonomy":"post_tag","embeddable":true,"href":"https:\/\/uscatletica.ch\/wp\/index.php?rest_route=%2Fwp%2Fv2%2Ftags&post=12968"}],"curies":[{"name":"wp","href":"https:\/\/api.w.org\/{rel}","templated":true}]}}