{"id":13035,"date":"2021-07-30T09:52:54","date_gmt":"2021-07-30T07:52:54","guid":{"rendered":"http:\/\/uscatletica.ch\/wp\/?p=13035"},"modified":"2021-07-30T09:52:57","modified_gmt":"2021-07-30T07:52:57","slug":"marco-in-abruzzo-per-i-mondiali","status":"publish","type":"post","link":"https:\/\/uscatletica.ch\/wp\/?p=13035","title":{"rendered":"Marco in Abruzzo per i mondiali"},"content":{"rendered":"\n<p>Marco Delorenzi affronta ancora una volta la trasferta per i campionati del mondo giovanili di Verticale e Skyrace sul classico percorso del\u00a0l Gran Sasso d\u2019Italia (L\u2019Aquila), si svolger\u00e0 la quinta edizione del <a href=\"http:\/\/www.gransassoskyrace.it\/\"><strong>Campionato Mondiale giovanile<\/strong><\/a> (U18, U20 e U23) di Skyrunning: venerd\u00ec la specialit\u00e0 del Km verticale (+1000m su 3,5 km, partenza a cronometro), domenica la Skyrace (+2226m su 21.6 km).\u00a0<\/p>\n<p><img data-recalc-dims=\"1\" loading=\"lazy\" decoding=\"async\" data-attachment-id=\"13036\" data-permalink=\"https:\/\/uscatletica.ch\/wp\/?attachment_id=13036\" data-orig-file=\"https:\/\/i0.wp.com\/uscatletica.ch\/wp\/wp-content\/uploads\/2021\/07\/marco20210730.jpg?fit=1191%2C861&amp;ssl=1\" data-orig-size=\"1191,861\" data-comments-opened=\"0\" data-image-meta=\"{&quot;aperture&quot;:&quot;0&quot;,&quot;credit&quot;:&quot;&quot;,&quot;camera&quot;:&quot;&quot;,&quot;caption&quot;:&quot;&quot;,&quot;created_timestamp&quot;:&quot;0&quot;,&quot;copyright&quot;:&quot;&quot;,&quot;focal_length&quot;:&quot;0&quot;,&quot;iso&quot;:&quot;0&quot;,&quot;shutter_speed&quot;:&quot;0&quot;,&quot;title&quot;:&quot;&quot;,&quot;orientation&quot;:&quot;0&quot;}\" data-image-title=\"marco20210730\" data-image-description=\"\" data-image-caption=\"\" data-large-file=\"https:\/\/i0.wp.com\/uscatletica.ch\/wp\/wp-content\/uploads\/2021\/07\/marco20210730.jpg?fit=640%2C463&amp;ssl=1\" class=\"aligncenter size-large wp-image-13036\" src=\"https:\/\/i0.wp.com\/uscatletica.ch\/wp\/wp-content\/uploads\/2021\/07\/marco20210730.jpg?resize=640%2C463&#038;ssl=1\" alt=\"\" width=\"640\" height=\"463\" srcset=\"https:\/\/i0.wp.com\/uscatletica.ch\/wp\/wp-content\/uploads\/2021\/07\/marco20210730.jpg?resize=1024%2C740&amp;ssl=1 1024w, https:\/\/i0.wp.com\/uscatletica.ch\/wp\/wp-content\/uploads\/2021\/07\/marco20210730.jpg?resize=300%2C217&amp;ssl=1 300w, https:\/\/i0.wp.com\/uscatletica.ch\/wp\/wp-content\/uploads\/2021\/07\/marco20210730.jpg?resize=768%2C555&amp;ssl=1 768w, https:\/\/i0.wp.com\/uscatletica.ch\/wp\/wp-content\/uploads\/2021\/07\/marco20210730.jpg?w=1191&amp;ssl=1 1191w\" sizes=\"auto, (max-width: 640px) 100vw, 640px\" \/><\/p>\n","protected":false},"excerpt":{"rendered":"<p>Marco Delorenzi affronta ancora una volta la trasferta per i campionati del mondo giovanili di Verticale e Skyrace sul classico percorso del\u00a0l Gran Sasso d\u2019Italia (L\u2019Aquila), si svolger\u00e0 la quinta edizione del Campionato Mondiale giovanile (U18, U20 e U23) di Skyrunning: venerd\u00ec la specialit\u00e0 del Km verticale (+1000m su 3,5 km, partenza a cronometro), domenica la Skyrace (+2226m su 21.6 km).\u00a0<\/p>\n","protected":false},"author":4,"featured_media":4720,"comment_status":"closed","ping_status":"closed","sticky":false,"template":"","format":"standard","meta":{"jetpack_post_was_ever_published":false,"_jetpack_newsletter_access":"","_jetpack_dont_email_post_to_subs":false,"_jetpack_newsletter_tier_id":0,"_jetpack_memberships_contains_paywalled_content":false,"_jetpack_memberships_contains_paid_content":false,"footnotes":"","jetpack_publicize_message":"","jetpack_publicize_feature_enabled":true,"jetpack_social_post_already_shared":false,"jetpack_social_options":{"image_generator_settings":{"template":"highway","default_image_id":0,"font":"","enabled":false},"version":2}},"categories":[16,9],"tags":[],"class_list":["post-13035","post","type-post","status-publish","format-standard","has-post-thumbnail","hentry","category-montagna","category-sport"],"jetpack_publicize_connections":[],"jetpack_featured_media_url":"https:\/\/i0.wp.com\/uscatletica.ch\/wp\/wp-content\/uploads\/2017\/07\/podiorobiandorra17vert-e1501255566499.jpg?fit=540%2C495&ssl=1","jetpack_sharing_enabled":true,"jetpack_shortlink":"https:\/\/wp.me\/p6V7Ck-3of","jetpack-related-posts":[{"id":4718,"url":"https:\/\/uscatletica.ch\/wp\/?p=4718","url_meta":{"origin":13035,"position":0},"title":"Andorra mondiali Giovanili Skyrace Robi Doppio campione del Mondo","author":"Leonida Stampanoni","date":"28 Luglio 2017","format":false,"excerpt":"Campionati del mondo giovanili Sky Race Il sito della manifestazione in Andorra Seconda esperienza ai mondiali giovanili di Skyrace per i nostri fratelli Delorenzi impegnati ad Andorra. L'edizione 2016 dei campionati mondiali giovanili SKYRACE 15 km +-1415. Roby CAMPIONE DEL MONDO Domenica storica ad Andorra nella Arinsal Skyrace. Roby lungo\u2026","rel":"","context":"In &quot;Montagna&quot;","block_context":{"text":"Montagna","link":"https:\/\/uscatletica.ch\/wp\/?cat=16"},"img":{"alt_text":"","src":"https:\/\/i0.wp.com\/uscatletica.ch\/wp\/wp-content\/uploads\/2017\/07\/podiorobiandorra17vert-e1501255566499.jpg?fit=540%2C495&ssl=1&resize=350%2C200","width":350,"height":200,"srcset":"https:\/\/i0.wp.com\/uscatletica.ch\/wp\/wp-content\/uploads\/2017\/07\/podiorobiandorra17vert-e1501255566499.jpg?fit=540%2C495&ssl=1&resize=350%2C200 1x, https:\/\/i0.wp.com\/uscatletica.ch\/wp\/wp-content\/uploads\/2017\/07\/podiorobiandorra17vert-e1501255566499.jpg?fit=540%2C495&ssl=1&resize=525%2C300 1.5x"},"classes":[]},{"id":8749,"url":"https:\/\/uscatletica.ch\/wp\/?p=8749","url_meta":{"origin":13035,"position":1},"title":"ROBY CAMPIONE DEL MONDO DI SKYRACE MARCO ARGENTO NEL VERTICAL","author":"Leonida Stampanoni","date":"3 Agosto 2019","format":false,"excerpt":"Nel vertical dei campionati mondiali giovanili di Sky race doppia medaglia per i fratelli Delorenzi . Marco nella categoria youth B si merita la prima medaglia individuale della carriera e i permette pure di precedere Roby che arriva terzo nella categoria U23. Domenica nella Skyrace Roberto vince il titolo mondiali\u2026","rel":"","context":"In &quot;Montagna&quot;","block_context":{"text":"Montagna","link":"https:\/\/uscatletica.ch\/wp\/?cat=16"},"img":{"alt_text":"","src":"https:\/\/i0.wp.com\/uscatletica.ch\/wp\/wp-content\/uploads\/2018\/08\/rdelcm2018.jpg?fit=504%2C302&ssl=1&resize=350%2C200","width":350,"height":200},"classes":[]},{"id":6380,"url":"https:\/\/uscatletica.ch\/wp\/?p=6380","url_meta":{"origin":13035,"position":2},"title":"Mondiale Skyrace primo titolo per Roby nel Vertical (Livetracking)","author":"Leonida Stampanoni","date":"3 Agosto 2018","format":false,"excerpt":"Si comincia alla grande ai campionati del mondiali\u00a0 giovanili di Skyrace. Robi vince il titolo U23\u00a0 battendo un altro atleta svizzero Pascal Buchs. Tra gli U20 Marco accarezza il bronzo . qui seguite la gara Skyrace in diretta Forza Delorenzi Partenza alle 7.50 le classifiche Robi campione del mondo, altre\u2026","rel":"","context":"In &quot;Montagna&quot;","block_context":{"text":"Montagna","link":"https:\/\/uscatletica.ch\/wp\/?cat=16"},"img":{"alt_text":"","src":"https:\/\/i0.wp.com\/uscatletica.ch\/wp\/wp-content\/uploads\/2018\/08\/rdelcm2018.jpg?fit=504%2C302&ssl=1&resize=350%2C200","width":350,"height":200},"classes":[]},{"id":8940,"url":"https:\/\/uscatletica.ch\/wp\/?p=8940","url_meta":{"origin":13035,"position":3},"title":"Roby vicecampione europeo di Skyrace (triathlon CO","author":"Leonida Stampanoni","date":"5 Settembre 2019","format":false,"excerpt":"La VeiaSkyrace in Val Bognanco \u00fc il teatro dei campionati europei di Skyrace Gioved\u00ec il programma prevede il Vertical Terme di Bognanco Bognanco 3.4 km per 1100 m di dislivello sabato sar\u00e0 il turno della Skyrace. Nella prima giornata dei campionati sul Vertical vittoria per l'italian Nadir Mguet i n\u2026","rel":"","context":"In &quot;Montagna&quot;","block_context":{"text":"Montagna","link":"https:\/\/uscatletica.ch\/wp\/?cat=16"},"img":{"alt_text":"","src":"https:\/\/i0.wp.com\/uscatletica.ch\/wp\/wp-content\/uploads\/2019\/09\/ROBICESKYRACE2019.jpg?fit=1024%2C768&ssl=1&resize=350%2C200","width":350,"height":200,"srcset":"https:\/\/i0.wp.com\/uscatletica.ch\/wp\/wp-content\/uploads\/2019\/09\/ROBICESKYRACE2019.jpg?fit=1024%2C768&ssl=1&resize=350%2C200 1x, https:\/\/i0.wp.com\/uscatletica.ch\/wp\/wp-content\/uploads\/2019\/09\/ROBICESKYRACE2019.jpg?fit=1024%2C768&ssl=1&resize=525%2C300 1.5x, https:\/\/i0.wp.com\/uscatletica.ch\/wp\/wp-content\/uploads\/2019\/09\/ROBICESKYRACE2019.jpg?fit=1024%2C768&ssl=1&resize=700%2C400 2x"},"classes":[]},{"id":2473,"url":"https:\/\/uscatletica.ch\/wp\/?p=2473","url_meta":{"origin":13035,"position":4},"title":"fine settimana dai mondiali alla Coppa Ticino.","author":"Leonida Stampanoni","date":"29 Luglio 2016","format":false,"excerpt":"Fine settimana intenso quello che aspetta gli USCini per il primo d'agosto, Roberto e Marco saranno al Gran Sasso \u00a0per i campionati del mondo di Skyrace, mentre al Nara si chiuder\u00e0 la coppa Ticino di corsa in montagna. Il primo di agosto invece in strada si correr\u00e0 in Valmaggia \u00a0la\u2026","rel":"","context":"In &quot;Montagna&quot;","block_context":{"text":"Montagna","link":"https:\/\/uscatletica.ch\/wp\/?cat=16"},"img":{"alt_text":"","src":"https:\/\/i0.wp.com\/uscatletica.ch\/wp\/wp-content\/uploads\/2016\/07\/cearco2016start.jpg?fit=563%2C373&ssl=1&resize=350%2C200","width":350,"height":200,"srcset":"https:\/\/i0.wp.com\/uscatletica.ch\/wp\/wp-content\/uploads\/2016\/07\/cearco2016start.jpg?fit=563%2C373&ssl=1&resize=350%2C200 1x, https:\/\/i0.wp.com\/uscatletica.ch\/wp\/wp-content\/uploads\/2016\/07\/cearco2016start.jpg?fit=563%2C373&ssl=1&resize=525%2C300 1.5x"},"classes":[]},{"id":2478,"url":"https:\/\/uscatletica.ch\/wp\/?p=2478","url_meta":{"origin":13035,"position":5},"title":"Mondiali di Skyrace Doppio argento per Roberto (Rassegna Stampa video partenza)","author":"Leonida Stampanoni","date":"31 Luglio 2016","format":false,"excerpt":"Domenica mattina era in programma la prova di Skyrace ai mondiali giovanili. Ottima gara per i fratelli Delorenzi che hanno ulteriormente migliorato la prestazione di venerd\u00ec. Rassegna Stampa\u00a0La Regione Ticino\u00a0CDT GDP Sui 21.6 \u00a0Roberto ha ottenuto la medaglia d'argento nella categoria Youth B correndo i 22 km \u00a0con 2223 m\u2026","rel":"","context":"In &quot;Informazioni&quot;","block_context":{"text":"Informazioni","link":"https:\/\/uscatletica.ch\/wp\/?cat=10"},"img":{"alt_text":"","src":"https:\/\/i0.wp.com\/uscatletica.ch\/wp\/wp-content\/uploads\/2016\/07\/vkmu20robigmpodio.jpg?fit=569%2C359&ssl=1&resize=350%2C200","width":350,"height":200,"srcset":"https:\/\/i0.wp.com\/uscatletica.ch\/wp\/wp-content\/uploads\/2016\/07\/vkmu20robigmpodio.jpg?fit=569%2C359&ssl=1&resize=350%2C200 1x, https:\/\/i0.wp.com\/uscatletica.ch\/wp\/wp-content\/uploads\/2016\/07\/vkmu20robigmpodio.jpg?fit=569%2C359&ssl=1&resize=525%2C300 1.5x"},"classes":[]}],"_links":{"self":[{"href":"https:\/\/uscatletica.ch\/wp\/index.php?rest_route=\/wp\/v2\/posts\/13035","targetHints":{"allow":["GET"]}}],"collection":[{"href":"https:\/\/uscatletica.ch\/wp\/index.php?rest_route=\/wp\/v2\/posts"}],"about":[{"href":"https:\/\/uscatletica.ch\/wp\/index.php?rest_route=\/wp\/v2\/types\/post"}],"author":[{"embeddable":true,"href":"https:\/\/uscatletica.ch\/wp\/index.php?rest_route=\/wp\/v2\/users\/4"}],"replies":[{"embeddable":true,"href":"https:\/\/uscatletica.ch\/wp\/index.php?rest_route=%2Fwp%2Fv2%2Fcomments&post=13035"}],"version-history":[{"count":1,"href":"https:\/\/uscatletica.ch\/wp\/index.php?rest_route=\/wp\/v2\/posts\/13035\/revisions"}],"predecessor-version":[{"id":13037,"href":"https:\/\/uscatletica.ch\/wp\/index.php?rest_route=\/wp\/v2\/posts\/13035\/revisions\/13037"}],"wp:featuredmedia":[{"embeddable":true,"href":"https:\/\/uscatletica.ch\/wp\/index.php?rest_route=\/wp\/v2\/media\/4720"}],"wp:attachment":[{"href":"https:\/\/uscatletica.ch\/wp\/index.php?rest_route=%2Fwp%2Fv2%2Fmedia&parent=13035"}],"wp:term":[{"taxonomy":"category","embeddable":true,"href":"https:\/\/uscatletica.ch\/wp\/index.php?rest_route=%2Fwp%2Fv2%2Fcategories&post=13035"},{"taxonomy":"post_tag","embeddable":true,"href":"https:\/\/uscatletica.ch\/wp\/index.php?rest_route=%2Fwp%2Fv2%2Ftags&post=13035"}],"curies":[{"name":"wp","href":"https:\/\/api.w.org\/{rel}","templated":true}]}}