{"id":13104,"date":"2021-08-30T08:12:00","date_gmt":"2021-08-30T06:12:00","guid":{"rendered":"http:\/\/uscatletica.ch\/wp\/?p=13104"},"modified":"2021-08-30T10:00:16","modified_gmt":"2021-08-30T08:00:16","slug":"risultati-stralugano-2021","status":"publish","type":"post","link":"https:\/\/uscatletica.ch\/wp\/?p=13104","title":{"rendered":"StraLugano 2021, Roberto Campione sui 10 km e primo al Br\u00e9. Sui 5 km altra vittoria USC"},"content":{"rendered":"\n<p>Fine settimana di gare a Lugano con la 15ima edizione della <span style=\"color: #ff0000;\"><strong>StraLugano<\/strong><\/span>.<\/p>\n<p>Sabato le gare dei bambini e la 10 km<\/p>\n<p>Domenica la Monte Br\u00e9 challenge, la mezza maratona e la 5 km.<\/p>\n<p>&#8212;<\/p>\n<p><strong>10 km e Kids<\/strong>. Una decina gli USCini al via e brilla il <strong>titolo ticinese di Roberto<\/strong>.\u00a0 Bene anche Marco. Nella gara giovanile Jennis, Pietro e No\u00e8 in evidenza. \u00a0I titoli nazionali sono andati a Tadesse Abraham, reduce dalle olimpiadi, e Nicole Egger.\u00a0<\/p>\n<p>Nella 10 km, Roberto, con il 18\u00b0 tempo assoluto chiude in 31&#8217;48&#8221;, vincendo nettamente il titolo cantonale. Dopo circa due minuti Marco in 33&#8217;45 finisce quinto ticinese e nei primi 50 assoluti. Ottime prestazioni tra gli M50 per Davide J., sesto in 36&#8217;08&#8221;, e Ralf, 14\u00b0 in 38&#8217;28&#8221;. Janos con 41&#8217;12&#8221;, Lorenzo con 42&#8217;22&#8221;, Alessandro con 42&#8217;32&#8221; e Christian con 43&#8217;05&#8221; completano la gara maschile. Giorgia corre in 44&#8217;02&#8221;, seguita da Elena con 48&#8217;50 e dall&#8217;infaticabile Maria con 52&#8217;00&#8221;, a quasi 70 anni.<\/p>\n<p>Tra i giovani Jennis chiude seconda in 8&#8217;10&#8221;, Pietro quarto in 6&#8217;47&#8221;, No\u00e8 sesto in 7&#8217;58&#8221;, Cecilia quarta in 9&#8217;16&#8221;. Nella gara dei piccoli bravo pure Jacopo.\u00a0<\/p>\n<p><strong>&#8212;-<\/strong><\/p>\n<p><strong>Monte Br\u00e9, mezza e 5 km<\/strong>. Domenica mattina \u00a0Roby vince la la Monte Br\u00e9 challenge e quindi anche la combinata (somma tempi 10 km e Br\u00e9) giungendo in vetta in 44&#8217;13&#8221;. Marco chiude quarto in 46&#8217;42&#8221;. Alessandro chide in 1h04&#8217;34&#8221;. Tra le donne vince Paola Stampanoni in 53&#8217;14, con Lara ottima 11a in 1h09&#8217;38&#8221;.<\/p>\n<p>Nel pomeriggio si \u00e8 corsa la prima edizione della <strong>&#8220;5 km Fast Run&#8221;,<\/strong> su un cirucito cittadino di appubnto 5 km. Bella vittoria di Elia che sul lungolago ha stacato il govane Mattia Vai vincendo in 17&#8217;22&#8221;, mntre Gionata in recupero si \u00e8 assicurato un brillante terzo rango assoluto in 18&#8217;53.<\/p>\n<p><a href=\"https:\/\/www.datasport.com\/live\/ranking\/?racenr=23307\">Risultati completi qui<\/a><\/p>\n<p>\u00a0<\/p>\n<p>\u00a0<\/p>\n<p>\u00a0<\/p>\n<p>\u00a0<\/p>\n","protected":false},"excerpt":{"rendered":"<p>Fine settimana di gare a Lugano con la 15ima edizione della StraLugano. Sabato le gare dei bambini e la 10 km Domenica la Monte Br\u00e9 challenge, la mezza maratona e la 5 km. &#8212; 10 km e Kids. Una decina gli USCini al via e brilla il titolo ticinese di Roberto.\u00a0 Bene anche Marco. Nella gara giovanile Jennis, Pietro e No\u00e8 in evidenza. \u00a0I titoli nazionali sono andati a Tadesse Abraham, reduce dalle olimpiadi, e&#8230;<\/p>\n","protected":false},"author":3,"featured_media":13105,"comment_status":"closed","ping_status":"closed","sticky":false,"template":"","format":"standard","meta":{"jetpack_post_was_ever_published":false,"_jetpack_newsletter_access":"","_jetpack_dont_email_post_to_subs":false,"_jetpack_newsletter_tier_id":0,"_jetpack_memberships_contains_paywalled_content":false,"_jetpack_memberships_contains_paid_content":false,"footnotes":"","jetpack_publicize_message":"","jetpack_publicize_feature_enabled":true,"jetpack_social_post_already_shared":false,"jetpack_social_options":{"image_generator_settings":{"template":"highway","default_image_id":0,"font":"","enabled":false},"version":2}},"categories":[16,5,9],"tags":[],"class_list":["post-13104","post","type-post","status-publish","format-standard","has-post-thumbnail","hentry","category-montagna","category-podismo","category-sport"],"jetpack_publicize_connections":[],"jetpack_featured_media_url":"https:\/\/i0.wp.com\/uscatletica.ch\/wp\/wp-content\/uploads\/2021\/08\/StraLugano2021.png?fit=603%2C276&ssl=1","jetpack_sharing_enabled":true,"jetpack_shortlink":"https:\/\/wp.me\/p6V7Ck-3pm","jetpack-related-posts":[{"id":6094,"url":"https:\/\/uscatletica.ch\/wp\/?p=6094","url_meta":{"origin":13104,"position":0},"title":"Stralugano GP FTAL per finire maggio in Bellezza (Elisa ai JWOC)","author":"Leonida Stampanoni","date":"25 Maggio 2018","format":false,"excerpt":"Nel fine settimana ci sar\u00e0 la Stralugano giunta alla dodicesima edizione della nuova gestione \u00e8 oramai l'evento podistico pi\u00f9 popolare del cantone e domenica ospiter\u00e0 i campionati svizzeri di mezza maratona; al via ci sar\u00e0 il campione europeo in carica Tadesse Abraham. Una decina gli USCini al via. Domenica a\u2026","rel":"","context":"In &quot;CO&quot;","block_context":{"text":"CO","link":"https:\/\/uscatletica.ch\/wp\/?cat=19"},"img":{"alt_text":"","src":"https:\/\/i0.wp.com\/uscatletica.ch\/wp\/wp-content\/uploads\/2016\/10\/runtade2.jpg?fit=500%2C328&ssl=1&resize=350%2C200","width":350,"height":200},"classes":[]},{"id":8238,"url":"https:\/\/uscatletica.ch\/wp\/?p=8238","url_meta":{"origin":13104,"position":1},"title":"Stralugano Brixia il fine settimana USC","author":"Leonida Stampanoni","date":"24 Maggio 2019","format":false,"excerpt":"Nel fine settimana ci sar\u00e0 la classica trasferta a Bressanone per la selezione Ticino continua la tradzione USC nel settore lanci la nostra Giada scender\u00e0 infatti in pedana nel getto del peso e nel disco. L'impegno della selezione Ticino da spazio agli scolari che saranno alle olimpiadi rivensi. In Ticino\u2026","rel":"","context":"In &quot;Pista&quot;","block_context":{"text":"Pista","link":"https:\/\/uscatletica.ch\/wp\/?cat=4"},"img":{"alt_text":"","src":"https:\/\/i0.wp.com\/uscatletica.ch\/wp\/wp-content\/uploads\/2019\/02\/cUFFIE2.jpg?fit=1200%2C721&ssl=1&resize=350%2C200","width":350,"height":200,"srcset":"https:\/\/i0.wp.com\/uscatletica.ch\/wp\/wp-content\/uploads\/2019\/02\/cUFFIE2.jpg?fit=1200%2C721&ssl=1&resize=350%2C200 1x, https:\/\/i0.wp.com\/uscatletica.ch\/wp\/wp-content\/uploads\/2019\/02\/cUFFIE2.jpg?fit=1200%2C721&ssl=1&resize=525%2C300 1.5x, https:\/\/i0.wp.com\/uscatletica.ch\/wp\/wp-content\/uploads\/2019\/02\/cUFFIE2.jpg?fit=1200%2C721&ssl=1&resize=700%2C400 2x, https:\/\/i0.wp.com\/uscatletica.ch\/wp\/wp-content\/uploads\/2019\/02\/cUFFIE2.jpg?fit=1200%2C721&ssl=1&resize=1050%2C600 3x"},"classes":[]},{"id":13096,"url":"https:\/\/uscatletica.ch\/wp\/?p=13096","url_meta":{"origin":13104,"position":2},"title":"A Bellinzona gli assoluti Stralugano CS E CT 10km","author":"Leonida Stampanoni","date":"28 Agosto 2021","format":false,"excerpt":"Nel fine settimana ci saranno i campionati ticinesi assoluti al comunale di Bellinzona al via ci saranno 8 USCIni\/e. Nella due giorni di gare due atlete hanno chiare ambizioni da podio Giada nei lanci e Matilda nella velocit\u00e0. Nel fine settimana ci sar\u00e0 anche la Stralugano con in palio i\u2026","rel":"","context":"In &quot;Pista&quot;","block_context":{"text":"Pista","link":"https:\/\/uscatletica.ch\/wp\/?cat=4"},"img":{"alt_text":"","src":"https:\/\/i0.wp.com\/uscatletica.ch\/wp\/wp-content\/uploads\/2021\/08\/4x100210821podio.jpg?fit=432%2C324&ssl=1&resize=350%2C200","width":350,"height":200},"classes":[]},{"id":176,"url":"https:\/\/uscatletica.ch\/wp\/?p=176","url_meta":{"origin":13104,"position":3},"title":"Stralugano 2015 USCini in forma","author":"Leonida Stampanoni","date":"3 Ottobre 2015","format":false,"excerpt":"Splendida 10 edizione per la Stralugano con oltre 4200 partenti,\u00a0Roberto ha vinto la 30 km U20 davanti a Marco, Patrizia ai piedi del podio, Nella 10 km Elia coglie il 14 tempo assoluto Leonida il 22\u00ba. tra le donne 12rango per Rachele 20\u00aa Karin, 24\u00aa Kalinka. Nella 30 km vinta\u2026","rel":"","context":"In &quot;Podismo&quot;","block_context":{"text":"Podismo","link":"https:\/\/uscatletica.ch\/wp\/?cat=5"},"img":{"alt_text":"","src":"https:\/\/i0.wp.com\/uscatletica.ch\/wp\/wp-content\/uploads\/2015\/09\/robichicostralugano.jpg?fit=466%2C700&ssl=1&resize=350%2C200","width":350,"height":200},"classes":[]},{"id":21297,"url":"https:\/\/uscatletica.ch\/wp\/?p=21297","url_meta":{"origin":13104,"position":4},"title":"Letizia sfiora il primato ticinese alla Stralugano","author":"Leonida Stampanoni","date":"27 Settembre 2025","format":false,"excerpt":",","rel":"","context":"In &quot;Podismo&quot;","block_context":{"text":"Podismo","link":"https:\/\/uscatletica.ch\/wp\/?cat=5"},"img":{"alt_text":"","src":"","width":0,"height":0},"classes":[]},{"id":15835,"url":"https:\/\/uscatletica.ch\/wp\/?p=15835","url_meta":{"origin":13104,"position":5},"title":"Stramassagno e Locarno: USC in evidenza","author":"Leonida Stampanoni","date":"3 Settembre 2022","format":false,"excerpt":"La prima gara \"autunnale\" della Coppa ASTi BancaStato giovanile ha regalato all'USC un buon numero di podi e di buoni risultati. Alla Stramassagno erano una decina i giovani USC al via, con la tripletta nelle U16, la doppietta delle U14, la vittoria di No\u00e8 e il secondo posto per Dalia.\u2026","rel":"","context":"In &quot;Podismo&quot;","block_context":{"text":"Podismo","link":"https:\/\/uscatletica.ch\/wp\/?cat=5"},"img":{"alt_text":"","src":"https:\/\/i0.wp.com\/uscatletica.ch\/wp\/wp-content\/uploads\/2022\/09\/podioutti220903.jpg?fit=432%2C324&ssl=1&resize=350%2C200","width":350,"height":200},"classes":[]}],"_links":{"self":[{"href":"https:\/\/uscatletica.ch\/wp\/index.php?rest_route=\/wp\/v2\/posts\/13104","targetHints":{"allow":["GET"]}}],"collection":[{"href":"https:\/\/uscatletica.ch\/wp\/index.php?rest_route=\/wp\/v2\/posts"}],"about":[{"href":"https:\/\/uscatletica.ch\/wp\/index.php?rest_route=\/wp\/v2\/types\/post"}],"author":[{"embeddable":true,"href":"https:\/\/uscatletica.ch\/wp\/index.php?rest_route=\/wp\/v2\/users\/3"}],"replies":[{"embeddable":true,"href":"https:\/\/uscatletica.ch\/wp\/index.php?rest_route=%2Fwp%2Fv2%2Fcomments&post=13104"}],"version-history":[{"count":15,"href":"https:\/\/uscatletica.ch\/wp\/index.php?rest_route=\/wp\/v2\/posts\/13104\/revisions"}],"predecessor-version":[{"id":13160,"href":"https:\/\/uscatletica.ch\/wp\/index.php?rest_route=\/wp\/v2\/posts\/13104\/revisions\/13160"}],"wp:featuredmedia":[{"embeddable":true,"href":"https:\/\/uscatletica.ch\/wp\/index.php?rest_route=\/wp\/v2\/media\/13105"}],"wp:attachment":[{"href":"https:\/\/uscatletica.ch\/wp\/index.php?rest_route=%2Fwp%2Fv2%2Fmedia&parent=13104"}],"wp:term":[{"taxonomy":"category","embeddable":true,"href":"https:\/\/uscatletica.ch\/wp\/index.php?rest_route=%2Fwp%2Fv2%2Fcategories&post=13104"},{"taxonomy":"post_tag","embeddable":true,"href":"https:\/\/uscatletica.ch\/wp\/index.php?rest_route=%2Fwp%2Fv2%2Ftags&post=13104"}],"curies":[{"name":"wp","href":"https:\/\/api.w.org\/{rel}","templated":true}]}}