{"id":13753,"date":"2021-10-23T19:34:27","date_gmt":"2021-10-23T17:34:27","guid":{"rendered":"http:\/\/uscatletica.ch\/wp\/?p=13753"},"modified":"2021-10-24T15:45:50","modified_gmt":"2021-10-24T13:45:50","slug":"gir-dal-diavol-doppietta-stampanoni","status":"publish","type":"post","link":"https:\/\/uscatletica.ch\/wp\/?p=13753","title":{"rendered":"Gir dal Diavol, doppietta Stampanoni"},"content":{"rendered":"\n<p>La terza edizione del Gir dal diavol svoltasi in uno splendido pomeriggio autunnale ha salutato al via un centinaio di atleti. Nelle due prove valide per la coppa ASTi erano una cinquantina le presenze. \u00a0Nella gara principale successo per Paola Stampanoni del GAB in 28&#8217;12&#8221; (nuovo record della gara) che ha preceduto Sara Solari e Clarisa Gaggini. Tra gli uomini, partiti 4 minuti dopo, vittoria per Elia Stampanoni, USC, con il miglior tempo assoluto di giornata di 25&#8217;27&#8221;, davanti a Enrico Cavadini e Elia Maggetti. <br \/>Nel Minigir dal diavol, doppietta per l&#8217;USA Ascona con Tiziana Rosamilia, miglior tempo assoluto, e Samuele Iaconi. Splendide poi le gare dei bambini, o ragazzi pi\u00f9 giovani, nel veloce circuito di 222 m disegnato dall&#8217;USC all&#8217;interno dell&#8217;Arena Sportiva. Una gran bella manifestazione grazie al prezioso contributo di tutti i volontari che hanno regalato ai presenti un piacevole pomeriggio di sport. Un grazie anche all&#8217;<span style=\"color: #33cccc;\"><a style=\"color: #33cccc;\" href=\"https:\/\/uscatletica.ch\/wp\/?page_id=675\">Arena sportiva di Capriasca e Valcolla<\/a><\/span> per il prezioso sostegno.<img data-recalc-dims=\"1\" loading=\"lazy\" decoding=\"async\" data-attachment-id=\"13812\" data-permalink=\"https:\/\/uscatletica.ch\/wp\/?attachment_id=13812\" data-orig-file=\"https:\/\/i0.wp.com\/uscatletica.ch\/wp\/wp-content\/uploads\/2021\/10\/classificheGdD2021coper.jpg?fit=1240%2C1754&amp;ssl=1\" data-orig-size=\"1240,1754\" data-comments-opened=\"0\" data-image-meta=\"{&quot;aperture&quot;:&quot;0&quot;,&quot;credit&quot;:&quot;&quot;,&quot;camera&quot;:&quot;&quot;,&quot;caption&quot;:&quot;&quot;,&quot;created_timestamp&quot;:&quot;0&quot;,&quot;copyright&quot;:&quot;&quot;,&quot;focal_length&quot;:&quot;0&quot;,&quot;iso&quot;:&quot;0&quot;,&quot;shutter_speed&quot;:&quot;0&quot;,&quot;title&quot;:&quot;&quot;,&quot;orientation&quot;:&quot;0&quot;}\" data-image-title=\"classificheGdD2021coper\" data-image-description=\"\" data-image-caption=\"\" data-large-file=\"https:\/\/i0.wp.com\/uscatletica.ch\/wp\/wp-content\/uploads\/2021\/10\/classificheGdD2021coper.jpg?fit=640%2C905&amp;ssl=1\" class=\"aligncenter size-medium wp-image-13812\" src=\"https:\/\/i0.wp.com\/uscatletica.ch\/wp\/wp-content\/uploads\/2021\/10\/classificheGdD2021coper.jpg?resize=212%2C300&#038;ssl=1\" alt=\"\" width=\"212\" height=\"300\" srcset=\"https:\/\/i0.wp.com\/uscatletica.ch\/wp\/wp-content\/uploads\/2021\/10\/classificheGdD2021coper.jpg?resize=212%2C300&amp;ssl=1 212w, https:\/\/i0.wp.com\/uscatletica.ch\/wp\/wp-content\/uploads\/2021\/10\/classificheGdD2021coper.jpg?resize=724%2C1024&amp;ssl=1 724w, https:\/\/i0.wp.com\/uscatletica.ch\/wp\/wp-content\/uploads\/2021\/10\/classificheGdD2021coper.jpg?resize=768%2C1086&amp;ssl=1 768w, https:\/\/i0.wp.com\/uscatletica.ch\/wp\/wp-content\/uploads\/2021\/10\/classificheGdD2021coper.jpg?resize=1086%2C1536&amp;ssl=1 1086w, https:\/\/i0.wp.com\/uscatletica.ch\/wp\/wp-content\/uploads\/2021\/10\/classificheGdD2021coper.jpg?w=1240&amp;ssl=1 1240w\" sizes=\"auto, (max-width: 212px) 100vw, 212px\" \/><\/p>\n<p><a href=\"https:\/\/uscatletica.ch\/wp\/wp-content\/uploads\/2021\/10\/Gir-dal-diavol-2021-Risultati.pdf\">Gir dal diavol 2021-Risultati<\/a><br \/>Le classifiche delle gare dei bambini: <a href=\"https:\/\/uscatletica.ch\/wp\/wp-content\/uploads\/2021\/10\/Gir-dal-diavol-2021-Risultati-bambini.pdf\">Gir dal diavol 2021-Risultati bambini<\/a><\/p>\n<h2>GIR DAL DIAVOL DOPPIETTA STAMPANONI<\/h2>\n<p>Nella terza edizione, come nella prima, sul gradino pi\u00f9 alto del podio troviamo Paola ed Elia Stampanoni. Paola \u00e8 stata la prima sul traguardo in 28&#8217;12&#8221;, migliorando di 3&#8221; il gi\u00e0 suo record della gara femminile. Dopo un minuto arriva Sara Solari in 29&#8217;12&#8221;, seguita da Clarissa Gaggini (SFGB) in 30&#8217;10&#8221;. Elia in 25&#8217;27&#8221; arriva in solitaria sul traguardo distanziando solo nell&#8217;ultimo dei 4 giri il coriaceo Enrico Cavadini RCB 25&#8217;45&#8221;, primo M50. Completa il podio maschile il giovane Elia Maggetti (SPL) in 26&#8217;42 (primo U20) che la salva il podio resistendo al rientro di Gionata, quarto in 26&#8217;46&#8221;. Ralf in 27&#8217;25&#8221;\u00a0 \u00e8 7\u00b0 terzo di categoria, Leonida chiude in 29&#8217;18&#8221;. Tra le donne Lara corre in 31&#8217;17&#8221;. Giorgia in 31&#8217;52&#8221;, Sara in 39&#8217;36&#8221;. Nella categoria #corroanch&#8217;io, sullo stesso tracciato, Nemorino chiude in 33&#8217;30.<\/p>\n<h2>Minigir: buona USC<\/h2>\n<p>Tiziana Rosamilia (USA Ascona) vince il Minigir dal diavol in 9&#8217;12&#8221; davanti a Samuele Iaconi (TriUnion). Alla sua prima gara in maglia USC, Martina in 9&#8217;37&#8221; ottiene il terzo tempo assoluto davanti a No\u00e8, secondo ragazzo in 9&#8217;49&#8221; e Jennis, 10&#8217;02, che completa il podio femminile. Selina in 10&#8217;1400 conferma i progressi, seguita da Olivia S. in 10&#8217;46&#8217;, Elsa 10&#8217;53&#8221;, Cecilia 10&#8217;55&#8221;, Amedeo e Lara 12&#8217;00&#8221;, Elliot 1215&#8221;.\u00a0<\/p>\n<p><strong>Nelle immagini le premiazioni:<\/strong><\/p>\n<p><strong>Gir dal diavol,<\/strong> da sinistra: Cavadini-Stampanoni-Maggetti e Stampanoni-Gaggini (assente Solari), con i premi offerti daell&#8217;Arena Sportiva<\/p>\n<p><strong>Minigir dal diavol,<\/strong> da sinistra: Iaconi-Volger e Buri-Rosamilia-Berger con i premi della Bottega del Mondo (e Cool and Clean).<\/p>\n<div data-carousel-extra='{&quot;blog_id&quot;:1,&quot;permalink&quot;:&quot;https:\/\/uscatletica.ch\/wp\/?p=13753&quot;}' id='gallery-1' class='gallery galleryid-13753 gallery-columns-3 gallery-size-thumbnail'><figure class='gallery-item'>\n\t\t\t<div class='gallery-icon portrait'>\n\t\t\t\t<a href='https:\/\/uscatletica.ch\/wp\/?attachment_id=13759'><img loading=\"lazy\" decoding=\"async\" width=\"150\" height=\"150\" src=\"https:\/\/i0.wp.com\/uscatletica.ch\/wp\/wp-content\/uploads\/2021\/10\/podioM.jpg?resize=150%2C150&amp;ssl=1\" class=\"attachment-thumbnail size-thumbnail\" alt=\"\" srcset=\"https:\/\/i0.wp.com\/uscatletica.ch\/wp\/wp-content\/uploads\/2021\/10\/podioM.jpg?resize=150%2C150&amp;ssl=1 150w, https:\/\/i0.wp.com\/uscatletica.ch\/wp\/wp-content\/uploads\/2021\/10\/podioM.jpg?resize=83%2C83&amp;ssl=1 83w, https:\/\/i0.wp.com\/uscatletica.ch\/wp\/wp-content\/uploads\/2021\/10\/podioM.jpg?zoom=2&amp;resize=150%2C150&amp;ssl=1 300w\" sizes=\"auto, (max-width: 150px) 100vw, 150px\" data-attachment-id=\"13759\" data-permalink=\"https:\/\/uscatletica.ch\/wp\/?attachment_id=13759\" data-orig-file=\"https:\/\/i0.wp.com\/uscatletica.ch\/wp\/wp-content\/uploads\/2021\/10\/podioM.jpg?fit=324%2C432&amp;ssl=1\" data-orig-size=\"324,432\" data-comments-opened=\"0\" data-image-meta=\"{&quot;aperture&quot;:&quot;4.5&quot;,&quot;credit&quot;:&quot;&quot;,&quot;camera&quot;:&quot;DC-TZ91&quot;,&quot;caption&quot;:&quot;&quot;,&quot;created_timestamp&quot;:&quot;1635013961&quot;,&quot;copyright&quot;:&quot;&quot;,&quot;focal_length&quot;:&quot;12.5&quot;,&quot;iso&quot;:&quot;1600&quot;,&quot;shutter_speed&quot;:&quot;0.0125&quot;,&quot;title&quot;:&quot;&quot;,&quot;orientation&quot;:&quot;1&quot;}\" data-image-title=\"podioM\" data-image-description=\"\" data-image-caption=\"\" data-large-file=\"https:\/\/i0.wp.com\/uscatletica.ch\/wp\/wp-content\/uploads\/2021\/10\/podioM.jpg?fit=324%2C432&amp;ssl=1\" \/><\/a>\n\t\t\t<\/div><\/figure><figure class='gallery-item'>\n\t\t\t<div class='gallery-icon portrait'>\n\t\t\t\t<a href='https:\/\/uscatletica.ch\/wp\/?attachment_id=13760'><img loading=\"lazy\" decoding=\"async\" width=\"150\" height=\"150\" src=\"https:\/\/i0.wp.com\/uscatletica.ch\/wp\/wp-content\/uploads\/2021\/10\/podioW.jpg?resize=150%2C150&amp;ssl=1\" class=\"attachment-thumbnail size-thumbnail\" alt=\"\" srcset=\"https:\/\/i0.wp.com\/uscatletica.ch\/wp\/wp-content\/uploads\/2021\/10\/podioW.jpg?resize=150%2C150&amp;ssl=1 150w, https:\/\/i0.wp.com\/uscatletica.ch\/wp\/wp-content\/uploads\/2021\/10\/podioW.jpg?resize=83%2C83&amp;ssl=1 83w, https:\/\/i0.wp.com\/uscatletica.ch\/wp\/wp-content\/uploads\/2021\/10\/podioW.jpg?zoom=2&amp;resize=150%2C150&amp;ssl=1 300w\" sizes=\"auto, (max-width: 150px) 100vw, 150px\" data-attachment-id=\"13760\" data-permalink=\"https:\/\/uscatletica.ch\/wp\/?attachment_id=13760\" data-orig-file=\"https:\/\/i0.wp.com\/uscatletica.ch\/wp\/wp-content\/uploads\/2021\/10\/podioW.jpg?fit=324%2C432&amp;ssl=1\" data-orig-size=\"324,432\" data-comments-opened=\"0\" data-image-meta=\"{&quot;aperture&quot;:&quot;5&quot;,&quot;credit&quot;:&quot;&quot;,&quot;camera&quot;:&quot;DC-TZ91&quot;,&quot;caption&quot;:&quot;&quot;,&quot;created_timestamp&quot;:&quot;1635013913&quot;,&quot;copyright&quot;:&quot;&quot;,&quot;focal_length&quot;:&quot;17.5&quot;,&quot;iso&quot;:&quot;1600&quot;,&quot;shutter_speed&quot;:&quot;0.0125&quot;,&quot;title&quot;:&quot;&quot;,&quot;orientation&quot;:&quot;1&quot;}\" data-image-title=\"podioW\" data-image-description=\"\" data-image-caption=\"\" data-large-file=\"https:\/\/i0.wp.com\/uscatletica.ch\/wp\/wp-content\/uploads\/2021\/10\/podioW.jpg?fit=324%2C432&amp;ssl=1\" \/><\/a>\n\t\t\t<\/div><\/figure><figure class='gallery-item'>\n\t\t\t<div class='gallery-icon portrait'>\n\t\t\t\t<a href='https:\/\/uscatletica.ch\/wp\/?attachment_id=13761'><img loading=\"lazy\" decoding=\"async\" width=\"150\" height=\"150\" src=\"https:\/\/i0.wp.com\/uscatletica.ch\/wp\/wp-content\/uploads\/2021\/10\/podioU16M.jpg?resize=150%2C150&amp;ssl=1\" class=\"attachment-thumbnail size-thumbnail\" alt=\"\" srcset=\"https:\/\/i0.wp.com\/uscatletica.ch\/wp\/wp-content\/uploads\/2021\/10\/podioU16M.jpg?resize=150%2C150&amp;ssl=1 150w, https:\/\/i0.wp.com\/uscatletica.ch\/wp\/wp-content\/uploads\/2021\/10\/podioU16M.jpg?resize=83%2C83&amp;ssl=1 83w, https:\/\/i0.wp.com\/uscatletica.ch\/wp\/wp-content\/uploads\/2021\/10\/podioU16M.jpg?zoom=2&amp;resize=150%2C150&amp;ssl=1 300w\" sizes=\"auto, (max-width: 150px) 100vw, 150px\" data-attachment-id=\"13761\" data-permalink=\"https:\/\/uscatletica.ch\/wp\/?attachment_id=13761\" data-orig-file=\"https:\/\/i0.wp.com\/uscatletica.ch\/wp\/wp-content\/uploads\/2021\/10\/podioU16M.jpg?fit=324%2C432&amp;ssl=1\" data-orig-size=\"324,432\" data-comments-opened=\"0\" data-image-meta=\"{&quot;aperture&quot;:&quot;4.2&quot;,&quot;credit&quot;:&quot;&quot;,&quot;camera&quot;:&quot;DC-TZ91&quot;,&quot;caption&quot;:&quot;&quot;,&quot;created_timestamp&quot;:&quot;1635013847&quot;,&quot;copyright&quot;:&quot;&quot;,&quot;focal_length&quot;:&quot;10.3&quot;,&quot;iso&quot;:&quot;1600&quot;,&quot;shutter_speed&quot;:&quot;0.008&quot;,&quot;title&quot;:&quot;&quot;,&quot;orientation&quot;:&quot;1&quot;}\" data-image-title=\"podioU16M\" data-image-description=\"\" data-image-caption=\"\" data-large-file=\"https:\/\/i0.wp.com\/uscatletica.ch\/wp\/wp-content\/uploads\/2021\/10\/podioU16M.jpg?fit=324%2C432&amp;ssl=1\" \/><\/a>\n\t\t\t<\/div><\/figure><figure class='gallery-item'>\n\t\t\t<div class='gallery-icon portrait'>\n\t\t\t\t<a href='https:\/\/uscatletica.ch\/wp\/?attachment_id=13762'><img loading=\"lazy\" decoding=\"async\" width=\"150\" height=\"150\" src=\"https:\/\/i0.wp.com\/uscatletica.ch\/wp\/wp-content\/uploads\/2021\/10\/podioU16.jpg?resize=150%2C150&amp;ssl=1\" class=\"attachment-thumbnail size-thumbnail\" alt=\"\" srcset=\"https:\/\/i0.wp.com\/uscatletica.ch\/wp\/wp-content\/uploads\/2021\/10\/podioU16.jpg?resize=150%2C150&amp;ssl=1 150w, https:\/\/i0.wp.com\/uscatletica.ch\/wp\/wp-content\/uploads\/2021\/10\/podioU16.jpg?resize=83%2C83&amp;ssl=1 83w, https:\/\/i0.wp.com\/uscatletica.ch\/wp\/wp-content\/uploads\/2021\/10\/podioU16.jpg?zoom=2&amp;resize=150%2C150&amp;ssl=1 300w\" sizes=\"auto, (max-width: 150px) 100vw, 150px\" data-attachment-id=\"13762\" data-permalink=\"https:\/\/uscatletica.ch\/wp\/?attachment_id=13762\" data-orig-file=\"https:\/\/i0.wp.com\/uscatletica.ch\/wp\/wp-content\/uploads\/2021\/10\/podioU16.jpg?fit=324%2C432&amp;ssl=1\" data-orig-size=\"324,432\" data-comments-opened=\"0\" data-image-meta=\"{&quot;aperture&quot;:&quot;4.1&quot;,&quot;credit&quot;:&quot;&quot;,&quot;camera&quot;:&quot;DC-TZ91&quot;,&quot;caption&quot;:&quot;&quot;,&quot;created_timestamp&quot;:&quot;1635013802&quot;,&quot;copyright&quot;:&quot;&quot;,&quot;focal_length&quot;:&quot;9&quot;,&quot;iso&quot;:&quot;1600&quot;,&quot;shutter_speed&quot;:&quot;0.00625&quot;,&quot;title&quot;:&quot;&quot;,&quot;orientation&quot;:&quot;1&quot;}\" data-image-title=\"podioU16\" data-image-description=\"\" data-image-caption=\"\" data-large-file=\"https:\/\/i0.wp.com\/uscatletica.ch\/wp\/wp-content\/uploads\/2021\/10\/podioU16.jpg?fit=324%2C432&amp;ssl=1\" \/><\/a>\n\t\t\t<\/div><\/figure>\n\t\t<\/div>\n\n\n\n\n<h1><span style=\"color: #ff0000;\">Prossima edizione: probabilmente sabato 22 ottobre 2022<\/span><\/h1>\n","protected":false},"excerpt":{"rendered":"<p>La terza edizione del Gir dal diavol svoltasi in uno splendido pomeriggio autunnale ha salutato al via un centinaio di atleti. Nelle due prove valide per la coppa ASTi erano una cinquantina le presenze. \u00a0Nella gara principale successo per Paola Stampanoni del GAB in 28&#8217;12&#8221; (nuovo record della gara) che ha preceduto Sara Solari e Clarisa Gaggini. Tra gli uomini, partiti 4 minuti dopo, vittoria per Elia Stampanoni, USC, con il miglior tempo assoluto di&#8230;<\/p>\n","protected":false},"author":4,"featured_media":8836,"comment_status":"closed","ping_status":"closed","sticky":false,"template":"","format":"standard","meta":{"jetpack_post_was_ever_published":false,"_jetpack_newsletter_access":"","_jetpack_dont_email_post_to_subs":false,"_jetpack_newsletter_tier_id":0,"_jetpack_memberships_contains_paywalled_content":false,"_jetpack_memberships_contains_paid_content":false,"footnotes":"","jetpack_publicize_message":"","jetpack_publicize_feature_enabled":true,"jetpack_social_post_already_shared":false,"jetpack_social_options":{"image_generator_settings":{"template":"highway","default_image_id":0,"font":"","enabled":false},"version":2}},"categories":[12,5,9],"tags":[],"class_list":["post-13753","post","type-post","status-publish","format-standard","has-post-thumbnail","hentry","category-nostregare","category-podismo","category-sport"],"jetpack_publicize_connections":[],"jetpack_featured_media_url":"https:\/\/i0.wp.com\/uscatletica.ch\/wp\/wp-content\/uploads\/2019\/08\/Gir-dal-diavol-logo-piccolo.jpg?fit=1002%2C755&ssl=1","jetpack_sharing_enabled":true,"jetpack_shortlink":"https:\/\/wp.me\/p6V7Ck-3zP","jetpack-related-posts":[{"id":16296,"url":"https:\/\/uscatletica.ch\/wp\/?p=16296","url_meta":{"origin":13753,"position":0},"title":"Mohamed e Stampanoni primi al Diavol 2022, risultati (ufficiali), comunicato e foto","author":"Stampa E","date":"22 Ottobre 2022","format":false,"excerpt":"Jamie Mohamed dell'Atletica Mendrisiotto e Paola Stampanoni del GAB Bellinzona vincono il Gir dal diavol 2022, una stupenda giornata di sport e divertimento baciata dal sole capriaschese (con il primato di 110 partecipanti \ud83d\ude0a). GRAZIE A TUTTI I PARTECIPANTI E A TUTTI I COLLABORATORI -> I risultati ufficiali -> Il\u2026","rel":"","context":"In &quot;I nostri appuntamenti&quot;","block_context":{"text":"I nostri appuntamenti","link":"https:\/\/uscatletica.ch\/wp\/?cat=12"},"img":{"alt_text":"","src":"https:\/\/i0.wp.com\/uscatletica.ch\/wp\/wp-content\/uploads\/2022\/10\/Gir-diavol-22-Podio-femminile.jpg?fit=480%2C640&ssl=1&resize=350%2C200","width":350,"height":200},"classes":[]},{"id":11154,"url":"https:\/\/uscatletica.ch\/wp\/?p=11154","url_meta":{"origin":13753,"position":1},"title":"Gir dal diavol: risultati,  commento, foto e TV","author":"Stampa E","date":"27 Settembre 2020","format":false,"excerpt":"Doppietta del GAB Bellinzona alla seconda edizione della corsa podistica Gir dal diavol Qualche defezione di troppo dell'ultimo momento ha assottigliato il numero di partenti alla seconda edizione del Gir dal diavol, ma la gara \u00e8 stata un bel successo. Le bandierine Cool and clean hanno segnato la via dei\u2026","rel":"","context":"In &quot;I nostri appuntamenti&quot;","block_context":{"text":"I nostri appuntamenti","link":"https:\/\/uscatletica.ch\/wp\/?cat=12"},"img":{"alt_text":"","src":"https:\/\/i0.wp.com\/uscatletica.ch\/wp\/wp-content\/uploads\/2019\/08\/Gir-dal-diavol-logo-piccolo.jpg?fit=1002%2C755&ssl=1&resize=350%2C200","width":350,"height":200,"srcset":"https:\/\/i0.wp.com\/uscatletica.ch\/wp\/wp-content\/uploads\/2019\/08\/Gir-dal-diavol-logo-piccolo.jpg?fit=1002%2C755&ssl=1&resize=350%2C200 1x, https:\/\/i0.wp.com\/uscatletica.ch\/wp\/wp-content\/uploads\/2019\/08\/Gir-dal-diavol-logo-piccolo.jpg?fit=1002%2C755&ssl=1&resize=525%2C300 1.5x, https:\/\/i0.wp.com\/uscatletica.ch\/wp\/wp-content\/uploads\/2019\/08\/Gir-dal-diavol-logo-piccolo.jpg?fit=1002%2C755&ssl=1&resize=700%2C400 2x"},"classes":[]},{"id":18316,"url":"https:\/\/uscatletica.ch\/wp\/?p=18316","url_meta":{"origin":13753,"position":2},"title":"RISULTATI GIR DAL DIAVOL (aggiornamento) 2023 e COMMENTO","author":"Stampa E","date":"21 Ottobre 2023","format":false,"excerpt":"Ottimo successo per la quinta edizione del Gir dal diavol, con in totale 129 classificati.Un grazie a tutti i partecipanti, a tutti i collaboratori e agli altrettanto preziosi sostenitori: LE GARE Lukas Oehen ha vinto con il nuovo primato del percorso l'edizione 2023. Secondo rango per l'italiano Francesco Mascherpa e\u2026","rel":"","context":"In &quot;I nostri appuntamenti&quot;","block_context":{"text":"I nostri appuntamenti","link":"https:\/\/uscatletica.ch\/wp\/?cat=12"},"img":{"alt_text":"","src":"https:\/\/i0.wp.com\/uscatletica.ch\/wp\/wp-content\/uploads\/2019\/08\/Gir-dal-Diavol-Sasso-E.S..jpg?fit=800%2C600&ssl=1&resize=350%2C200","width":350,"height":200,"srcset":"https:\/\/i0.wp.com\/uscatletica.ch\/wp\/wp-content\/uploads\/2019\/08\/Gir-dal-Diavol-Sasso-E.S..jpg?fit=800%2C600&ssl=1&resize=350%2C200 1x, https:\/\/i0.wp.com\/uscatletica.ch\/wp\/wp-content\/uploads\/2019\/08\/Gir-dal-Diavol-Sasso-E.S..jpg?fit=800%2C600&ssl=1&resize=525%2C300 1.5x, https:\/\/i0.wp.com\/uscatletica.ch\/wp\/wp-content\/uploads\/2019\/08\/Gir-dal-Diavol-Sasso-E.S..jpg?fit=800%2C600&ssl=1&resize=700%2C400 2x"},"classes":[]},{"id":18220,"url":"https:\/\/uscatletica.ch\/wp\/?p=18220","url_meta":{"origin":13753,"position":3},"title":"Gir dal diavol, iscrizioni aperte","author":"Stampa E","date":"9 Ottobre 2023","format":false,"excerpt":"Il gran finale al Gir dal diavol L\u2019appuntamento finale della Coppa ASTi di podismo \u00e8 per sabato 21 ottobre nel pomeriggio in Capriasca, con il Gir dal diavol organizzato dall'USC e i suoi preziosi collaboratori. Oltre alla gara sui 4 giri attorno al \u201cSass dal diavol\u201d, ci saranno anche il\u2026","rel":"","context":"In &quot;Podismo&quot;","block_context":{"text":"Podismo","link":"https:\/\/uscatletica.ch\/wp\/?cat=5"},"img":{"alt_text":"","src":"https:\/\/i0.wp.com\/uscatletica.ch\/wp\/wp-content\/uploads\/2020\/09\/FotoDiavol2020.jpg?fit=755%2C1007&ssl=1&resize=350%2C200","width":350,"height":200,"srcset":"https:\/\/i0.wp.com\/uscatletica.ch\/wp\/wp-content\/uploads\/2020\/09\/FotoDiavol2020.jpg?fit=755%2C1007&ssl=1&resize=350%2C200 1x, https:\/\/i0.wp.com\/uscatletica.ch\/wp\/wp-content\/uploads\/2020\/09\/FotoDiavol2020.jpg?fit=755%2C1007&ssl=1&resize=525%2C300 1.5x, https:\/\/i0.wp.com\/uscatletica.ch\/wp\/wp-content\/uploads\/2020\/09\/FotoDiavol2020.jpg?fit=755%2C1007&ssl=1&resize=700%2C400 2x"},"classes":[]},{"id":13643,"url":"https:\/\/uscatletica.ch\/wp\/?p=13643","url_meta":{"origin":13753,"position":4},"title":"Sabato si corre al Gir dal diavol","author":"Stampa E","date":"21 Ottobre 2021","format":false,"excerpt":"Il programma, con regolamento e concetto di protezione: pagina Gir dal diavol Il volantino per la gara dei bambini: pagina Gir dal diavol Il lancio della manifestazione-Comunicato Stampa USC del 12 ottobre 2021 La Coppa ASTi si decide al Gir dal diavol. Sabato 23 a Tesserete l\u2019ultima prova della Coppa\u2026","rel":"","context":"In &quot;I nostri appuntamenti&quot;","block_context":{"text":"I nostri appuntamenti","link":"https:\/\/uscatletica.ch\/wp\/?cat=12"},"img":{"alt_text":"","src":"https:\/\/i0.wp.com\/uscatletica.ch\/wp\/wp-content\/uploads\/2019\/08\/Gir-dal-diavol-logo-piccolo.jpg?fit=1002%2C755&ssl=1&resize=350%2C200","width":350,"height":200,"srcset":"https:\/\/i0.wp.com\/uscatletica.ch\/wp\/wp-content\/uploads\/2019\/08\/Gir-dal-diavol-logo-piccolo.jpg?fit=1002%2C755&ssl=1&resize=350%2C200 1x, https:\/\/i0.wp.com\/uscatletica.ch\/wp\/wp-content\/uploads\/2019\/08\/Gir-dal-diavol-logo-piccolo.jpg?fit=1002%2C755&ssl=1&resize=525%2C300 1.5x, https:\/\/i0.wp.com\/uscatletica.ch\/wp\/wp-content\/uploads\/2019\/08\/Gir-dal-diavol-logo-piccolo.jpg?fit=1002%2C755&ssl=1&resize=700%2C400 2x"},"classes":[]},{"id":13515,"url":"https:\/\/uscatletica.ch\/wp\/?p=13515","url_meta":{"origin":13753,"position":5},"title":"Locarno Giornico Sagno chiude la pista con i CT Giovanili partono le staffette","author":"Leonida Stampanoni","date":"1 Ottobre 2021","format":false,"excerpt":"A due anni di distanza torna un classico fine settimana autunnale carico di impegni agonistici per l'USC. Al Lido di Locarno saranno una quindicina le presenze USC ai campionati ticinesi giovanili ultimo appuntamento FTAL su suolo cantonale. Tra i favoriti possiamo citare Matilda, Lara S, Pietro, Morena. \u00a0I Podisti faranno\u2026","rel":"","context":"In &quot;Pista&quot;","block_context":{"text":"Pista","link":"https:\/\/uscatletica.ch\/wp\/?cat=4"},"img":{"alt_text":"","src":"https:\/\/i0.wp.com\/uscatletica.ch\/wp\/wp-content\/uploads\/2021\/09\/TASSagno20211002-724x1024.jpg?resize=350%2C200&ssl=1","width":350,"height":200,"srcset":"https:\/\/i0.wp.com\/uscatletica.ch\/wp\/wp-content\/uploads\/2021\/09\/TASSagno20211002-724x1024.jpg?resize=350%2C200&ssl=1 1x, https:\/\/i0.wp.com\/uscatletica.ch\/wp\/wp-content\/uploads\/2021\/09\/TASSagno20211002-724x1024.jpg?resize=525%2C300&ssl=1 1.5x"},"classes":[]}],"_links":{"self":[{"href":"https:\/\/uscatletica.ch\/wp\/index.php?rest_route=\/wp\/v2\/posts\/13753","targetHints":{"allow":["GET"]}}],"collection":[{"href":"https:\/\/uscatletica.ch\/wp\/index.php?rest_route=\/wp\/v2\/posts"}],"about":[{"href":"https:\/\/uscatletica.ch\/wp\/index.php?rest_route=\/wp\/v2\/types\/post"}],"author":[{"embeddable":true,"href":"https:\/\/uscatletica.ch\/wp\/index.php?rest_route=\/wp\/v2\/users\/4"}],"replies":[{"embeddable":true,"href":"https:\/\/uscatletica.ch\/wp\/index.php?rest_route=%2Fwp%2Fv2%2Fcomments&post=13753"}],"version-history":[{"count":31,"href":"https:\/\/uscatletica.ch\/wp\/index.php?rest_route=\/wp\/v2\/posts\/13753\/revisions"}],"predecessor-version":[{"id":13818,"href":"https:\/\/uscatletica.ch\/wp\/index.php?rest_route=\/wp\/v2\/posts\/13753\/revisions\/13818"}],"wp:featuredmedia":[{"embeddable":true,"href":"https:\/\/uscatletica.ch\/wp\/index.php?rest_route=\/wp\/v2\/media\/8836"}],"wp:attachment":[{"href":"https:\/\/uscatletica.ch\/wp\/index.php?rest_route=%2Fwp%2Fv2%2Fmedia&parent=13753"}],"wp:term":[{"taxonomy":"category","embeddable":true,"href":"https:\/\/uscatletica.ch\/wp\/index.php?rest_route=%2Fwp%2Fv2%2Fcategories&post=13753"},{"taxonomy":"post_tag","embeddable":true,"href":"https:\/\/uscatletica.ch\/wp\/index.php?rest_route=%2Fwp%2Fv2%2Ftags&post=13753"}],"curies":[{"name":"wp","href":"https:\/\/api.w.org\/{rel}","templated":true}]}}