{"id":13935,"date":"2021-11-23T10:00:00","date_gmt":"2021-11-23T09:00:00","guid":{"rendered":"http:\/\/uscatletica.ch\/wp\/?p=13935"},"modified":"2021-11-23T10:57:30","modified_gmt":"2021-11-23T09:57:30","slug":"cross-capriaschese-2021-programma","status":"publish","type":"post","link":"https:\/\/uscatletica.ch\/wp\/?p=13935","title":{"rendered":"CROSS CAPRIASCHESE 2021. PROGRAMMA e PERCORSI"},"content":{"rendered":"\n<p>Il nostro cross si terr\u00e0 <strong>domenica 28 novembre 2021 <\/strong>nei prati In Sanela e A Predab\u00fci, ossia al &#8220;solito&#8221; posto.<\/p>\n<h3>Ulteriori dettagli, con programma, zona di gara, i nuovi percorsi e le disposizioni Covid <span style=\"color: #ff0000;\"><strong><span style=\"text-decoration: underline;\"><a style=\"color: #ff0000; text-decoration: underline;\" href=\"https:\/\/uscatletica.ch\/wp\/?page_id=256\">qui<\/a><\/span><\/strong><\/span><\/h3>\n<p><a href=\"https:\/\/i0.wp.com\/uscatletica.ch\/wp\/wp-content\/uploads\/2021\/11\/Cross-USC-2021-zona-di-gara-e-posteggi.jpg?ssl=1\"><img data-recalc-dims=\"1\" loading=\"lazy\" decoding=\"async\" data-attachment-id=\"13926\" data-permalink=\"https:\/\/uscatletica.ch\/wp\/?attachment_id=13926\" data-orig-file=\"https:\/\/i0.wp.com\/uscatletica.ch\/wp\/wp-content\/uploads\/2021\/11\/Cross-USC-2021-zona-di-gara-e-posteggi.jpg?fit=897%2C859&amp;ssl=1\" data-orig-size=\"897,859\" data-comments-opened=\"0\" data-image-meta=\"{&quot;aperture&quot;:&quot;0&quot;,&quot;credit&quot;:&quot;Lenovo&quot;,&quot;camera&quot;:&quot;&quot;,&quot;caption&quot;:&quot;&quot;,&quot;created_timestamp&quot;:&quot;1636985832&quot;,&quot;copyright&quot;:&quot;&quot;,&quot;focal_length&quot;:&quot;0&quot;,&quot;iso&quot;:&quot;0&quot;,&quot;shutter_speed&quot;:&quot;0&quot;,&quot;title&quot;:&quot;&quot;,&quot;orientation&quot;:&quot;0&quot;}\" data-image-title=\"Cross USC 2021 &amp;#8211; zona di gara e posteggi\" data-image-description=\"\" data-image-caption=\"\" data-large-file=\"https:\/\/i0.wp.com\/uscatletica.ch\/wp\/wp-content\/uploads\/2021\/11\/Cross-USC-2021-zona-di-gara-e-posteggi.jpg?fit=640%2C613&amp;ssl=1\" class=\"alignleft  wp-image-13926\" src=\"https:\/\/i0.wp.com\/uscatletica.ch\/wp\/wp-content\/uploads\/2021\/11\/Cross-USC-2021-zona-di-gara-e-posteggi.jpg?resize=401%2C384&#038;ssl=1\" alt=\"\" width=\"401\" height=\"384\" srcset=\"https:\/\/i0.wp.com\/uscatletica.ch\/wp\/wp-content\/uploads\/2021\/11\/Cross-USC-2021-zona-di-gara-e-posteggi.jpg?w=897&amp;ssl=1 897w, https:\/\/i0.wp.com\/uscatletica.ch\/wp\/wp-content\/uploads\/2021\/11\/Cross-USC-2021-zona-di-gara-e-posteggi.jpg?resize=300%2C287&amp;ssl=1 300w, https:\/\/i0.wp.com\/uscatletica.ch\/wp\/wp-content\/uploads\/2021\/11\/Cross-USC-2021-zona-di-gara-e-posteggi.jpg?resize=768%2C735&amp;ssl=1 768w\" sizes=\"auto, (max-width: 401px) 100vw, 401px\" \/><\/a><\/p>\n<p>\u00a0<\/p>\n<p>\u00a0<\/p>\n","protected":false},"excerpt":{"rendered":"<p>Il nostro cross si terr\u00e0 domenica 28 novembre 2021 nei prati In Sanela e A Predab\u00fci, ossia al &#8220;solito&#8221; posto. Ulteriori dettagli, con programma, zona di gara, i nuovi percorsi e le disposizioni Covid qui \u00a0 \u00a0<\/p>\n","protected":false},"author":3,"featured_media":9474,"comment_status":"closed","ping_status":"closed","sticky":false,"template":"","format":"standard","meta":{"jetpack_post_was_ever_published":false,"_jetpack_newsletter_access":"","_jetpack_dont_email_post_to_subs":false,"_jetpack_newsletter_tier_id":0,"_jetpack_memberships_contains_paywalled_content":false,"_jetpack_memberships_contains_paid_content":false,"footnotes":"","jetpack_publicize_message":"","jetpack_publicize_feature_enabled":true,"jetpack_social_post_already_shared":false,"jetpack_social_options":{"image_generator_settings":{"template":"highway","default_image_id":0,"font":"","enabled":false},"version":2}},"categories":[7,12,10,9],"tags":[],"class_list":["post-13935","post","type-post","status-publish","format-standard","has-post-thumbnail","hentry","category-cross","category-nostregare","category-info","category-sport"],"jetpack_publicize_connections":[],"jetpack_featured_media_url":"https:\/\/i0.wp.com\/uscatletica.ch\/wp\/wp-content\/uploads\/2019\/11\/Cross-USC-2018-2-Foto-Nicola-Carenini.jpg?fit=1383%2C848&ssl=1","jetpack_sharing_enabled":true,"jetpack_shortlink":"https:\/\/wp.me\/p6V7Ck-3CL","jetpack-related-posts":[{"id":13863,"url":"https:\/\/uscatletica.ch\/wp\/?p=13863","url_meta":{"origin":13935,"position":0},"title":"LA STAGIONE DEI CROSS PARTE DAL MONTECENERI","author":"Leonida Stampanoni","date":"12 Novembre 2021","format":false,"excerpt":"La Coppa Ticino di cross partir\u00e0 sabato, dopo un'anno di pausa, con una novit\u00e0 : la prima tappa sar\u00e0 al Monteceneri e non a Dongio. Sul nuovo percorso allo stand del Monteceneri al via ci saranno una cinquantina di atlete ed atleti USC. L'inizio di stagione sar\u00e0 decisamente intenso con\u2026","rel":"","context":"In &quot;Cross&quot;","block_context":{"text":"Cross","link":"https:\/\/uscatletica.ch\/wp\/?cat=7"},"img":{"alt_text":"","src":"https:\/\/i0.wp.com\/uscatletica.ch\/wp\/wp-content\/uploads\/2019\/02\/P1010344.jpg?fit=1024%2C768&ssl=1&resize=350%2C200","width":350,"height":200,"srcset":"https:\/\/i0.wp.com\/uscatletica.ch\/wp\/wp-content\/uploads\/2019\/02\/P1010344.jpg?fit=1024%2C768&ssl=1&resize=350%2C200 1x, https:\/\/i0.wp.com\/uscatletica.ch\/wp\/wp-content\/uploads\/2019\/02\/P1010344.jpg?fit=1024%2C768&ssl=1&resize=525%2C300 1.5x, https:\/\/i0.wp.com\/uscatletica.ch\/wp\/wp-content\/uploads\/2019\/02\/P1010344.jpg?fit=1024%2C768&ssl=1&resize=700%2C400 2x"},"classes":[]},{"id":14030,"url":"https:\/\/uscatletica.ch\/wp\/?p=14030","url_meta":{"origin":13935,"position":1},"title":"CROSS CAPRIASCHESE, TERZA TAPPA DI COPPA","author":"Leonida Stampanoni","date":"25 Novembre 2021","format":false,"excerpt":"La coppa Ticino di cross torna in Capriasca domenica 28 novembre.L'USC \u00e8 fiera di ospitare il cross capriaschese, terza prova di coppa Ticino FTAL AET 2021\/2022. Al via a partire dalle 11 sono attesi quasi 400 atleti tra cui un centinaio di atleti USC. Dopo due prove di coppa di\u2026","rel":"","context":"In &quot;Cross&quot;","block_context":{"text":"Cross","link":"https:\/\/uscatletica.ch\/wp\/?cat=7"},"img":{"alt_text":"","src":"https:\/\/i0.wp.com\/uscatletica.ch\/wp\/wp-content\/uploads\/2015\/12\/P1360515.jpg?fit=563%2C422&ssl=1&resize=350%2C200","width":350,"height":200,"srcset":"https:\/\/i0.wp.com\/uscatletica.ch\/wp\/wp-content\/uploads\/2015\/12\/P1360515.jpg?fit=563%2C422&ssl=1&resize=350%2C200 1x, https:\/\/i0.wp.com\/uscatletica.ch\/wp\/wp-content\/uploads\/2015\/12\/P1360515.jpg?fit=563%2C422&ssl=1&resize=525%2C300 1.5x"},"classes":[]},{"id":11864,"url":"https:\/\/uscatletica.ch\/wp\/?p=11864","url_meta":{"origin":13935,"position":2},"title":"Campionati ticinesi giovanili di cross si riparte","author":"Leonida Stampanoni","date":"11 Marzo 2021","format":false,"excerpt":"Archiviata la lunga pausa e nel rispetto delle disposizioni governative, i nostri giovani potranno gareggiare sabato ai campionati ticinesi giovanili di cross. La passione dell'ASM abbinata alla disponibilit\u00e0 della Virtus Locarno hanno permesso di organizzare all'interno del Quadrifoglio di Rivera un cross giovanile con in palio i sei titoli lo\u2026","rel":"","context":"In &quot;Cross&quot;","block_context":{"text":"Cross","link":"https:\/\/uscatletica.ch\/wp\/?cat=7"},"img":{"alt_text":"","src":"https:\/\/i0.wp.com\/uscatletica.ch\/wp\/wp-content\/uploads\/2020\/01\/02.jpg?fit=432%2C288&ssl=1&resize=350%2C200","width":350,"height":200},"classes":[]},{"id":16474,"url":"https:\/\/uscatletica.ch\/wp\/?p=16474","url_meta":{"origin":13935,"position":3},"title":"Cross Capriaschese tutto pronto per la terza prova di coppa","author":"Leonida Stampanoni","date":"26 Novembre 2022","format":false,"excerpt":"Un sabato di lavoro per preparare al meglio il percorso per la terza prova della coppa Ticino di cross \u00a0FTAL AET. \u00a0La scorsa settimana a Mendrisio la seconda tappa ha segnato un nuovo primato di partecipazione, toccando quota 608, per domani sui prati capriaschesi sono attesi 426 specialisti della \u00a0corsa\u2026","rel":"","context":"In &quot;Cross&quot;","block_context":{"text":"Cross","link":"https:\/\/uscatletica.ch\/wp\/?cat=7"},"img":{"alt_text":"","src":"https:\/\/i0.wp.com\/uscatletica.ch\/wp\/wp-content\/uploads\/2019\/11\/Cross-USC-2018-2-Foto-Nicola-Carenini.jpg?fit=1200%2C736&ssl=1&resize=350%2C200","width":350,"height":200,"srcset":"https:\/\/i0.wp.com\/uscatletica.ch\/wp\/wp-content\/uploads\/2019\/11\/Cross-USC-2018-2-Foto-Nicola-Carenini.jpg?fit=1200%2C736&ssl=1&resize=350%2C200 1x, https:\/\/i0.wp.com\/uscatletica.ch\/wp\/wp-content\/uploads\/2019\/11\/Cross-USC-2018-2-Foto-Nicola-Carenini.jpg?fit=1200%2C736&ssl=1&resize=525%2C300 1.5x, https:\/\/i0.wp.com\/uscatletica.ch\/wp\/wp-content\/uploads\/2019\/11\/Cross-USC-2018-2-Foto-Nicola-Carenini.jpg?fit=1200%2C736&ssl=1&resize=700%2C400 2x, https:\/\/i0.wp.com\/uscatletica.ch\/wp\/wp-content\/uploads\/2019\/11\/Cross-USC-2018-2-Foto-Nicola-Carenini.jpg?fit=1200%2C736&ssl=1&resize=1050%2C600 3x"},"classes":[]},{"id":3410,"url":"https:\/\/uscatletica.ch\/wp\/?p=3410","url_meta":{"origin":13935,"position":4},"title":"I campionati ticinesi di cross tornano in Capriasca (Piano gara e Adriano Engelhardt)","author":"Leonida Stampanoni","date":"1 Febbraio 2017","format":false,"excerpt":"Il Cross di Pom accoglie i campionati ticinesi di cross 4.2.2017 Percorso pronto e misurato a 1500 m tramite ruota metrica. 3.2.2017 Il primo campione svizzero assoluto di cross del canton Ticino Adriano Engelhardt sar\u00e0 presente domenica al cross di Pom dove nel 2013 vinse il suo primo titolo di\u2026","rel":"","context":"In &quot;Cross&quot;","block_context":{"text":"Cross","link":"https:\/\/uscatletica.ch\/wp\/?cat=7"},"img":{"alt_text":"","src":"https:\/\/i0.wp.com\/uscatletica.ch\/wp\/wp-content\/uploads\/2015\/11\/DSC_3748.jpg?fit=563%2C374&ssl=1&resize=350%2C200","width":350,"height":200,"srcset":"https:\/\/i0.wp.com\/uscatletica.ch\/wp\/wp-content\/uploads\/2015\/11\/DSC_3748.jpg?fit=563%2C374&ssl=1&resize=350%2C200 1x, https:\/\/i0.wp.com\/uscatletica.ch\/wp\/wp-content\/uploads\/2015\/11\/DSC_3748.jpg?fit=563%2C374&ssl=1&resize=525%2C300 1.5x"},"classes":[]},{"id":9508,"url":"https:\/\/uscatletica.ch\/wp\/?p=9508","url_meta":{"origin":13935,"position":5},"title":"Cross USC di Pom","author":"Stampa E","date":"23 Novembre 2019","format":false,"excerpt":"Tutto pronto per il Cross USC di pom. Clicca qui per altre immagini del percorso, programma e comunicato stampa. Il percorso 2019 (fonte: Ufficio federale di topografia swisstopo-Dati swisstopo-public geo admin)","rel":"","context":"In &quot;Cross&quot;","block_context":{"text":"Cross","link":"https:\/\/uscatletica.ch\/wp\/?cat=7"},"img":{"alt_text":"","src":"https:\/\/i0.wp.com\/uscatletica.ch\/wp\/wp-content\/uploads\/2019\/11\/Cross-2019-3D-Dati-swisstopo-public-geo-admin.jpg?fit=1200%2C560&ssl=1&resize=350%2C200","width":350,"height":200,"srcset":"https:\/\/i0.wp.com\/uscatletica.ch\/wp\/wp-content\/uploads\/2019\/11\/Cross-2019-3D-Dati-swisstopo-public-geo-admin.jpg?fit=1200%2C560&ssl=1&resize=350%2C200 1x, https:\/\/i0.wp.com\/uscatletica.ch\/wp\/wp-content\/uploads\/2019\/11\/Cross-2019-3D-Dati-swisstopo-public-geo-admin.jpg?fit=1200%2C560&ssl=1&resize=525%2C300 1.5x, https:\/\/i0.wp.com\/uscatletica.ch\/wp\/wp-content\/uploads\/2019\/11\/Cross-2019-3D-Dati-swisstopo-public-geo-admin.jpg?fit=1200%2C560&ssl=1&resize=700%2C400 2x, https:\/\/i0.wp.com\/uscatletica.ch\/wp\/wp-content\/uploads\/2019\/11\/Cross-2019-3D-Dati-swisstopo-public-geo-admin.jpg?fit=1200%2C560&ssl=1&resize=1050%2C600 3x"},"classes":[]}],"_links":{"self":[{"href":"https:\/\/uscatletica.ch\/wp\/index.php?rest_route=\/wp\/v2\/posts\/13935","targetHints":{"allow":["GET"]}}],"collection":[{"href":"https:\/\/uscatletica.ch\/wp\/index.php?rest_route=\/wp\/v2\/posts"}],"about":[{"href":"https:\/\/uscatletica.ch\/wp\/index.php?rest_route=\/wp\/v2\/types\/post"}],"author":[{"embeddable":true,"href":"https:\/\/uscatletica.ch\/wp\/index.php?rest_route=\/wp\/v2\/users\/3"}],"replies":[{"embeddable":true,"href":"https:\/\/uscatletica.ch\/wp\/index.php?rest_route=%2Fwp%2Fv2%2Fcomments&post=13935"}],"version-history":[{"count":5,"href":"https:\/\/uscatletica.ch\/wp\/index.php?rest_route=\/wp\/v2\/posts\/13935\/revisions"}],"predecessor-version":[{"id":14019,"href":"https:\/\/uscatletica.ch\/wp\/index.php?rest_route=\/wp\/v2\/posts\/13935\/revisions\/14019"}],"wp:featuredmedia":[{"embeddable":true,"href":"https:\/\/uscatletica.ch\/wp\/index.php?rest_route=\/wp\/v2\/media\/9474"}],"wp:attachment":[{"href":"https:\/\/uscatletica.ch\/wp\/index.php?rest_route=%2Fwp%2Fv2%2Fmedia&parent=13935"}],"wp:term":[{"taxonomy":"category","embeddable":true,"href":"https:\/\/uscatletica.ch\/wp\/index.php?rest_route=%2Fwp%2Fv2%2Fcategories&post=13935"},{"taxonomy":"post_tag","embeddable":true,"href":"https:\/\/uscatletica.ch\/wp\/index.php?rest_route=%2Fwp%2Fv2%2Ftags&post=13935"}],"curies":[{"name":"wp","href":"https:\/\/api.w.org\/{rel}","templated":true}]}}