{"id":14030,"date":"2021-11-25T15:19:07","date_gmt":"2021-11-25T14:19:07","guid":{"rendered":"http:\/\/uscatletica.ch\/wp\/?p=14030"},"modified":"2021-11-25T22:42:39","modified_gmt":"2021-11-25T21:42:39","slug":"cross-capriaschese-terza-tappa-di-coppa","status":"publish","type":"post","link":"https:\/\/uscatletica.ch\/wp\/?p=14030","title":{"rendered":"CROSS CAPRIASCHESE, TERZA TAPPA DI COPPA"},"content":{"rendered":"\n<p>La coppa Ticino di cross torna in Capriasca domenica 28 novembre.<br \/>L&#8217;USC \u00e8 fiera di ospitare il cross capriaschese, terza prova di coppa Ticino FTAL AET 2021\/2022. Al via a partire dalle 11 sono attesi quasi 400 atleti tra cui un centinaio di atleti USC.<\/p>\n<p lang=\"it-IT\">Dopo due prove di coppa di Coppa Ticino, l&#8217;USC correr\u00e0 in casa ed al via ritroveremo anche Roberto ed Elia vincitori all&#8217;esordio di Monteceneri. In testa alla coppa Ticino abbiamo Pietro, Federica, No\u00e9 ed Anais. Sul podio troviamo Gioele, Tristan, Martina, Amelie, Lucia, John, Nathalie e Giancarlo.\u00a0 <em>Classifiche di coppa intermedie <strong><a href=\"https:\/\/uscatletica.ch\/wp\/?page_id=256\">qui.<\/a><\/strong><\/em><\/p>\n<h3><span style=\"color: #ff0000;\">Lancio gara<\/span><a href=\"https:\/\/i0.wp.com\/uscatletica.ch\/wp\/wp-content\/uploads\/2021\/11\/Cross-USC-Lancio.png?ssl=1\"><img data-recalc-dims=\"1\" loading=\"lazy\" decoding=\"async\" data-attachment-id=\"14045\" data-permalink=\"https:\/\/uscatletica.ch\/wp\/?attachment_id=14045\" data-orig-file=\"https:\/\/i0.wp.com\/uscatletica.ch\/wp\/wp-content\/uploads\/2021\/11\/Cross-USC-Lancio.png?fit=1064%2C650&amp;ssl=1\" data-orig-size=\"1064,650\" data-comments-opened=\"0\" data-image-meta=\"{&quot;aperture&quot;:&quot;0&quot;,&quot;credit&quot;:&quot;&quot;,&quot;camera&quot;:&quot;&quot;,&quot;caption&quot;:&quot;&quot;,&quot;created_timestamp&quot;:&quot;0&quot;,&quot;copyright&quot;:&quot;&quot;,&quot;focal_length&quot;:&quot;0&quot;,&quot;iso&quot;:&quot;0&quot;,&quot;shutter_speed&quot;:&quot;0&quot;,&quot;title&quot;:&quot;&quot;,&quot;orientation&quot;:&quot;0&quot;}\" data-image-title=\"Cross USC &amp;#8211; Lancio\" data-image-description=\"\" data-image-caption=\"\" data-large-file=\"https:\/\/i0.wp.com\/uscatletica.ch\/wp\/wp-content\/uploads\/2021\/11\/Cross-USC-Lancio.png?fit=640%2C391&amp;ssl=1\" class=\"size-full wp-image-14045 aligncenter\" src=\"https:\/\/i0.wp.com\/uscatletica.ch\/wp\/wp-content\/uploads\/2021\/11\/Cross-USC-Lancio.png?resize=640%2C391&#038;ssl=1\" alt=\"\" width=\"640\" height=\"391\" srcset=\"https:\/\/i0.wp.com\/uscatletica.ch\/wp\/wp-content\/uploads\/2021\/11\/Cross-USC-Lancio.png?w=1064&amp;ssl=1 1064w, https:\/\/i0.wp.com\/uscatletica.ch\/wp\/wp-content\/uploads\/2021\/11\/Cross-USC-Lancio.png?resize=300%2C183&amp;ssl=1 300w, https:\/\/i0.wp.com\/uscatletica.ch\/wp\/wp-content\/uploads\/2021\/11\/Cross-USC-Lancio.png?resize=1024%2C626&amp;ssl=1 1024w, https:\/\/i0.wp.com\/uscatletica.ch\/wp\/wp-content\/uploads\/2021\/11\/Cross-USC-Lancio.png?resize=768%2C469&amp;ssl=1 768w\" sizes=\"auto, (max-width: 640px) 100vw, 640px\" \/><\/a><\/h3>\n<h2>Lancio gara, programma, zona di gara, i nuovi percorsi e le disposizioni Covid <span style=\"text-decoration: underline; color: #ff0000;\"><strong><a style=\"color: #ff0000;\" href=\"https:\/\/uscatletica.ch\/wp\/?page_id=256\">qui<\/a><\/strong><\/span><\/h2>\n<h2>\u00a0<\/h2>\n<p class=\"western\" lang=\"it-IT\">\u00a0<\/p>\n<p lang=\"it-IT\">\u00a0<\/p>\n<p lang=\"it-IT\">\u00a0<\/p>\n","protected":false},"excerpt":{"rendered":"<p>La coppa Ticino di cross torna in Capriasca domenica 28 novembre.L&#8217;USC \u00e8 fiera di ospitare il cross capriaschese, terza prova di coppa Ticino FTAL AET 2021\/2022. Al via a partire dalle 11 sono attesi quasi 400 atleti tra cui un centinaio di atleti USC. Dopo due prove di coppa di Coppa Ticino, l&#8217;USC correr\u00e0 in casa ed al via ritroveremo anche Roberto ed Elia vincitori all&#8217;esordio di Monteceneri. In testa alla coppa Ticino abbiamo Pietro,&#8230;<\/p>\n","protected":false},"author":4,"featured_media":449,"comment_status":"closed","ping_status":"closed","sticky":false,"template":"","format":"standard","meta":{"jetpack_post_was_ever_published":false,"_jetpack_newsletter_access":"","_jetpack_dont_email_post_to_subs":false,"_jetpack_newsletter_tier_id":0,"_jetpack_memberships_contains_paywalled_content":false,"_jetpack_memberships_contains_paid_content":false,"footnotes":"","jetpack_publicize_message":"","jetpack_publicize_feature_enabled":true,"jetpack_social_post_already_shared":false,"jetpack_social_options":{"image_generator_settings":{"template":"highway","default_image_id":0,"font":"","enabled":false},"version":2}},"categories":[7,9],"tags":[],"class_list":["post-14030","post","type-post","status-publish","format-standard","has-post-thumbnail","hentry","category-cross","category-sport"],"jetpack_publicize_connections":[],"jetpack_featured_media_url":"https:\/\/i0.wp.com\/uscatletica.ch\/wp\/wp-content\/uploads\/2015\/12\/P1360515.jpg?fit=563%2C422&ssl=1","jetpack_sharing_enabled":true,"jetpack_shortlink":"https:\/\/wp.me\/p6V7Ck-3Ei","jetpack-related-posts":[{"id":6961,"url":"https:\/\/uscatletica.ch\/wp\/?p=6961","url_meta":{"origin":14030,"position":0},"title":"Mendrisio la coppa Ticino di cross per chiudere la prima fase","author":"Leonida Stampanoni","date":"14 Dicembre 2018","format":false,"excerpt":"Ad una sola settimana dalla storica giornata del cross di pom, dove per la prima volta l'USC ha portato al traguardo oltre un centinaio di suoi tesserati, La coppa Ticino chiuder\u00e0 la sua prima fase\u00a0 al cross di Mendrisio. Nel parco Casvegno si correr\u00e0 sulle classiche corte distanze proposte dall'atletica\u2026","rel":"","context":"In &quot;Cross&quot;","block_context":{"text":"Cross","link":"https:\/\/uscatletica.ch\/wp\/?cat=7"},"img":{"alt_text":"","src":"https:\/\/i0.wp.com\/uscatletica.ch\/wp\/wp-content\/uploads\/2018\/12\/ssitocrosspom2018caeniIris.jpg?fit=548%2C430&ssl=1&resize=350%2C200","width":350,"height":200,"srcset":"https:\/\/i0.wp.com\/uscatletica.ch\/wp\/wp-content\/uploads\/2018\/12\/ssitocrosspom2018caeniIris.jpg?fit=548%2C430&ssl=1&resize=350%2C200 1x, https:\/\/i0.wp.com\/uscatletica.ch\/wp\/wp-content\/uploads\/2018\/12\/ssitocrosspom2018caeniIris.jpg?fit=548%2C430&ssl=1&resize=525%2C300 1.5x"},"classes":[]},{"id":16474,"url":"https:\/\/uscatletica.ch\/wp\/?p=16474","url_meta":{"origin":14030,"position":1},"title":"Cross Capriaschese tutto pronto per la terza prova di coppa","author":"Leonida Stampanoni","date":"26 Novembre 2022","format":false,"excerpt":"Un sabato di lavoro per preparare al meglio il percorso per la terza prova della coppa Ticino di cross \u00a0FTAL AET. \u00a0La scorsa settimana a Mendrisio la seconda tappa ha segnato un nuovo primato di partecipazione, toccando quota 608, per domani sui prati capriaschesi sono attesi 426 specialisti della \u00a0corsa\u2026","rel":"","context":"In &quot;Cross&quot;","block_context":{"text":"Cross","link":"https:\/\/uscatletica.ch\/wp\/?cat=7"},"img":{"alt_text":"","src":"https:\/\/i0.wp.com\/uscatletica.ch\/wp\/wp-content\/uploads\/2019\/11\/Cross-USC-2018-2-Foto-Nicola-Carenini.jpg?fit=1200%2C736&ssl=1&resize=350%2C200","width":350,"height":200,"srcset":"https:\/\/i0.wp.com\/uscatletica.ch\/wp\/wp-content\/uploads\/2019\/11\/Cross-USC-2018-2-Foto-Nicola-Carenini.jpg?fit=1200%2C736&ssl=1&resize=350%2C200 1x, https:\/\/i0.wp.com\/uscatletica.ch\/wp\/wp-content\/uploads\/2019\/11\/Cross-USC-2018-2-Foto-Nicola-Carenini.jpg?fit=1200%2C736&ssl=1&resize=525%2C300 1.5x, https:\/\/i0.wp.com\/uscatletica.ch\/wp\/wp-content\/uploads\/2019\/11\/Cross-USC-2018-2-Foto-Nicola-Carenini.jpg?fit=1200%2C736&ssl=1&resize=700%2C400 2x, https:\/\/i0.wp.com\/uscatletica.ch\/wp\/wp-content\/uploads\/2019\/11\/Cross-USC-2018-2-Foto-Nicola-Carenini.jpg?fit=1200%2C736&ssl=1&resize=1050%2C600 3x"},"classes":[]},{"id":5474,"url":"https:\/\/uscatletica.ch\/wp\/?p=5474","url_meta":{"origin":14030,"position":2},"title":"Vezia","author":"Leonida Stampanoni","date":"25 Gennaio 2018","format":false,"excerpt":"La coppa Ticino di cross FTAL Laube Greenkey vivr\u00e0 sabato a Vezia la quinta tappa.\u00a0 La gara organizzata dalla SAM sar\u00e0 la sola tappa ticinese della cross cup di Swiss Athletics che conta 12 prove.\u00a0 L'USC, che \u00e8 vicina a vincere per la 18 volta la classifica per societ\u00e0, sar\u00e0\u2026","rel":"","context":"In &quot;Cross&quot;","block_context":{"text":"Cross","link":"https:\/\/uscatletica.ch\/wp\/?cat=7"},"img":{"alt_text":"","src":"https:\/\/i0.wp.com\/uscatletica.ch\/wp\/wp-content\/uploads\/2017\/12\/crosspom201712b.jpg?fit=532%2C399&ssl=1&resize=350%2C200","width":350,"height":200,"srcset":"https:\/\/i0.wp.com\/uscatletica.ch\/wp\/wp-content\/uploads\/2017\/12\/crosspom201712b.jpg?fit=532%2C399&ssl=1&resize=350%2C200 1x, https:\/\/i0.wp.com\/uscatletica.ch\/wp\/wp-content\/uploads\/2017\/12\/crosspom201712b.jpg?fit=532%2C399&ssl=1&resize=525%2C300 1.5x"},"classes":[]},{"id":7011,"url":"https:\/\/uscatletica.ch\/wp\/?p=7011","url_meta":{"origin":14030,"position":3},"title":"La  coppa Ticino riparte dal cross di Gordola","author":"Leonida Stampanoni","date":"11 Gennaio 2019","format":false,"excerpt":"Sabato a Gordola si correr\u00e0 la quinta prova di coppa Ticino, nella prima parte gli atleti USC si sono difesi alla grande una media di una 50ina di partecipanti con lo storico exploit dei 100 arrivati al nostro cross di Pom. Nella classifica di coppa Rachele, Hassan, Jonathan e Roby\u2026","rel":"","context":"In &quot;Cross&quot;","block_context":{"text":"Cross","link":"https:\/\/uscatletica.ch\/wp\/?cat=7"},"img":{"alt_text":"","src":"https:\/\/i0.wp.com\/uscatletica.ch\/wp\/wp-content\/uploads\/2018\/01\/CRO.jpg?fit=532%2C399&ssl=1&resize=350%2C200","width":350,"height":200,"srcset":"https:\/\/i0.wp.com\/uscatletica.ch\/wp\/wp-content\/uploads\/2018\/01\/CRO.jpg?fit=532%2C399&ssl=1&resize=350%2C200 1x, https:\/\/i0.wp.com\/uscatletica.ch\/wp\/wp-content\/uploads\/2018\/01\/CRO.jpg?fit=532%2C399&ssl=1&resize=525%2C300 1.5x"},"classes":[]},{"id":3619,"url":"https:\/\/uscatletica.ch\/wp\/?p=3619","url_meta":{"origin":14030,"position":4},"title":"Banco grande USC per il finale di coppa (Foto)","author":"Leonida Stampanoni","date":"18 Febbraio 2017","format":false,"excerpt":"Una splendida giornata primvaerile ha chiuso a Banco l'edizione 2017 della coppa Ticino di cross, al via erano 367 i partenti, una cinquantina gli USCini che grinta, passione e determinazione hanno concluso la loro gara in una atmosfera festosa. \u00a0Grandi soddisfazioni dapprima il premio per la societ\u00e0 pi\u00f9 numerosa, ed\u2026","rel":"","context":"In &quot;Cross&quot;","block_context":{"text":"Cross","link":"https:\/\/uscatletica.ch\/wp\/?cat=7"},"img":{"alt_text":"","src":"https:\/\/i0.wp.com\/uscatletica.ch\/wp\/wp-content\/uploads\/2017\/02\/P1450068.jpg?fit=563%2C422&ssl=1&resize=350%2C200","width":350,"height":200,"srcset":"https:\/\/i0.wp.com\/uscatletica.ch\/wp\/wp-content\/uploads\/2017\/02\/P1450068.jpg?fit=563%2C422&ssl=1&resize=350%2C200 1x, https:\/\/i0.wp.com\/uscatletica.ch\/wp\/wp-content\/uploads\/2017\/02\/P1450068.jpg?fit=563%2C422&ssl=1&resize=525%2C300 1.5x"},"classes":[]},{"id":3606,"url":"https:\/\/uscatletica.ch\/wp\/?p=3606","url_meta":{"origin":14030,"position":5},"title":"COPPA TICINO DI CROSS GRAN FINALE A BANCO (liste di partenza)","author":"Leonida Stampanoni","date":"15 Febbraio 2017","format":false,"excerpt":"Sabato mattina alle 10.00 si aprir\u00e0 sul circuito di Banco l'ultima prova della coppa Ticino di cross 2017. Le Frecce Gialle introducono come novit\u00e0 per le categorie a partire dagli u16 il premio per il record del percorso \u00a0ed un premio alla societ\u00e0 pi\u00f9 numerosa.\u00a0Il cross Malcantonese\u00a0giunto alla sua quarta\u2026","rel":"","context":"In &quot;Cross&quot;","block_context":{"text":"Cross","link":"https:\/\/uscatletica.ch\/wp\/?cat=7"},"img":{"alt_text":"","src":"https:\/\/i0.wp.com\/uscatletica.ch\/wp\/wp-content\/uploads\/2017\/02\/Cross-USC-2017-jonathan.jpg?fit=448%2C299&ssl=1&resize=350%2C200","width":350,"height":200},"classes":[]}],"_links":{"self":[{"href":"https:\/\/uscatletica.ch\/wp\/index.php?rest_route=\/wp\/v2\/posts\/14030","targetHints":{"allow":["GET"]}}],"collection":[{"href":"https:\/\/uscatletica.ch\/wp\/index.php?rest_route=\/wp\/v2\/posts"}],"about":[{"href":"https:\/\/uscatletica.ch\/wp\/index.php?rest_route=\/wp\/v2\/types\/post"}],"author":[{"embeddable":true,"href":"https:\/\/uscatletica.ch\/wp\/index.php?rest_route=\/wp\/v2\/users\/4"}],"replies":[{"embeddable":true,"href":"https:\/\/uscatletica.ch\/wp\/index.php?rest_route=%2Fwp%2Fv2%2Fcomments&post=14030"}],"version-history":[{"count":13,"href":"https:\/\/uscatletica.ch\/wp\/index.php?rest_route=\/wp\/v2\/posts\/14030\/revisions"}],"predecessor-version":[{"id":16477,"href":"https:\/\/uscatletica.ch\/wp\/index.php?rest_route=\/wp\/v2\/posts\/14030\/revisions\/16477"}],"wp:featuredmedia":[{"embeddable":true,"href":"https:\/\/uscatletica.ch\/wp\/index.php?rest_route=\/wp\/v2\/media\/449"}],"wp:attachment":[{"href":"https:\/\/uscatletica.ch\/wp\/index.php?rest_route=%2Fwp%2Fv2%2Fmedia&parent=14030"}],"wp:term":[{"taxonomy":"category","embeddable":true,"href":"https:\/\/uscatletica.ch\/wp\/index.php?rest_route=%2Fwp%2Fv2%2Fcategories&post=14030"},{"taxonomy":"post_tag","embeddable":true,"href":"https:\/\/uscatletica.ch\/wp\/index.php?rest_route=%2Fwp%2Fv2%2Ftags&post=14030"}],"curies":[{"name":"wp","href":"https:\/\/api.w.org\/{rel}","templated":true}]}}