{"id":14137,"date":"2021-12-23T14:54:32","date_gmt":"2021-12-23T13:54:32","guid":{"rendered":"http:\/\/uscatletica.ch\/wp\/?p=14137"},"modified":"2022-01-03T11:32:16","modified_gmt":"2022-01-03T10:32:16","slug":"calendario-asti-2022-le-gare-usc","status":"publish","type":"post","link":"https:\/\/uscatletica.ch\/wp\/?p=14137","title":{"rendered":"Calendario ASTi 2022, le gare USC"},"content":{"rendered":"\n<h3>Il <span style=\"color: #ff0000;\">calendario <\/span><span style=\"color: #3366ff;\">ASTi<\/span> 2022 \u00e8 in fase di rifinitura \u00e8, <span style=\"color: #339966;\">con diverse novit\u00e0,<\/span> sar\u00e0 presto visibile per intero <a href=\"http:\/\/www.asti-ticino.ch\/asti-new\/podismo\/calendario\"><span style=\"text-decoration: underline; color: #0000ff;\"><em>qui.<\/em><\/span><\/a><\/h3>\n<h3>Segnaliamo gi\u00e0 sin d&#8217;ora le gare <span style=\"color: #ff0000;\">USC<\/span> in programma nel 2022:<\/h3>\n<ul>\n<li>\n<h3>27 marzo, <a href=\"https:\/\/uscatletica.ch\/wp\/?page_id=288\">Staffetta Capriaschese<\/a>, TAS<\/h3>\n<\/li>\n<li>\n<h3>9 aprile, <a href=\"https:\/\/uscatletica.ch\/wp\/?page_id=299\">Cronoascesa al Bigorio<\/a>, CMSV<\/h3>\n<\/li>\n<li>\n<h3>7 maggio, <a href=\"https:\/\/uscatletica.ch\/wp\/?page_id=260\">Tesserete-Gola di Lago<\/a>, CMSV\u00a0\u00a0\u00a0<\/h3>\n<\/li>\n<li>\n<h3>21 settembre, <a href=\"https:\/\/uscatletica.ch\/wp\/?page_id=297\">1000 m \/ 5000 m ASTi Tesserete<\/a>, CPOD+CG+altre gare<\/h3>\n<\/li>\n<li>\n<h3>22 ottobre, <a href=\"https:\/\/uscatletica.ch\/wp\/?page_id=8892\">Gir dal diavol Tesserete<\/a>, CPOD+CG+Gare bambini<\/h3>\n<\/li>\n<\/ul>\n<h3><span style=\"color: #000000;\">Annotatevi le date e non mancate !<\/span><\/h3>\n<h1><span style=\"color: #ff0000;\">Buone feste e buon anno 2022<\/span><\/h1>\n<p><strong>Legenda<br \/><\/strong>CMSV\u00a0\u00a0 Coppa ASTi Montagna salita e vertical<br \/>CPOD\u00a0\u00a0\u00a0 Coppa ASTi Podismo<br \/>CG\u00a0\u00a0\u00a0\u00a0\u00a0\u00a0\u00a0\u00a0\u00a0 Coppa ASTi giovanile<br \/>TAS\u00a0\u00a0\u00a0\u00a0\u00a0\u00a0\u00a0 Trofeo ASTi staffette<\/p>\n<p>\u00a0<\/p>\n<p>\u00a0<\/p>\n<p>\u00a0<\/p>\n","protected":false},"excerpt":{"rendered":"<p>Il calendario ASTi 2022 \u00e8 in fase di rifinitura \u00e8, con diverse novit\u00e0, sar\u00e0 presto visibile per intero qui. Segnaliamo gi\u00e0 sin d&#8217;ora le gare USC in programma nel 2022: 27 marzo, Staffetta Capriaschese, TAS 9 aprile, Cronoascesa al Bigorio, CMSV 7 maggio, Tesserete-Gola di Lago, CMSV\u00a0\u00a0\u00a0 21 settembre, 1000 m \/ 5000 m ASTi Tesserete, CPOD+CG+altre gare 22 ottobre, Gir dal diavol Tesserete, CPOD+CG+Gare bambini Annotatevi le date e non mancate ! Buone feste&#8230;<\/p>\n","protected":false},"author":3,"featured_media":14143,"comment_status":"closed","ping_status":"closed","sticky":false,"template":"","format":"standard","meta":{"jetpack_post_was_ever_published":false,"_jetpack_newsletter_access":"","_jetpack_dont_email_post_to_subs":false,"_jetpack_newsletter_tier_id":0,"_jetpack_memberships_contains_paywalled_content":false,"_jetpack_memberships_contains_paid_content":false,"footnotes":"","jetpack_publicize_message":"","jetpack_publicize_feature_enabled":true,"jetpack_social_post_already_shared":false,"jetpack_social_options":{"image_generator_settings":{"template":"highway","default_image_id":0,"font":"","enabled":false},"version":2}},"categories":[12,10,16,6,5,9,8],"tags":[],"class_list":["post-14137","post","type-post","status-publish","format-standard","has-post-thumbnail","hentry","category-nostregare","category-info","category-montagna","category-non-catalogato","category-podismo","category-sport","category-staffette"],"jetpack_publicize_connections":[],"jetpack_featured_media_url":"https:\/\/i0.wp.com\/uscatletica.ch\/wp\/wp-content\/uploads\/2021\/12\/CalASTi2022.jpg?fit=889%2C657&ssl=1","jetpack_sharing_enabled":true,"jetpack_shortlink":"https:\/\/wp.me\/p6V7Ck-3G1","jetpack-related-posts":[{"id":14189,"url":"https:\/\/uscatletica.ch\/wp\/?p=14189","url_meta":{"origin":14137,"position":0},"title":"Le prime novit\u00e0 ASTi per il 2022","author":"Stampa E","date":"25 Gennaio 2022","format":false,"excerpt":"In attesa degli ultimi cross del 2022, ecco le prime novit\u00e0 ASTi per il 2022 --- 2 gare USC valide per la Coppa ASTi di podismo nella stagione 2022: - Giro podistico di Stabio - Stralosone - BancaStato Comano Run - Gran Premio Rossa - SanBeRun - StraMassagno - StraLugano\u2026","rel":"","context":"In &quot;I nostri appuntamenti&quot;","block_context":{"text":"I nostri appuntamenti","link":"https:\/\/uscatletica.ch\/wp\/?cat=12"},"img":{"alt_text":"","src":"https:\/\/i0.wp.com\/uscatletica.ch\/wp\/wp-content\/uploads\/2021\/04\/CalAsti21.jpg?fit=1079%2C749&ssl=1&resize=350%2C200","width":350,"height":200,"srcset":"https:\/\/i0.wp.com\/uscatletica.ch\/wp\/wp-content\/uploads\/2021\/04\/CalAsti21.jpg?fit=1079%2C749&ssl=1&resize=350%2C200 1x, https:\/\/i0.wp.com\/uscatletica.ch\/wp\/wp-content\/uploads\/2021\/04\/CalAsti21.jpg?fit=1079%2C749&ssl=1&resize=525%2C300 1.5x, https:\/\/i0.wp.com\/uscatletica.ch\/wp\/wp-content\/uploads\/2021\/04\/CalAsti21.jpg?fit=1079%2C749&ssl=1&resize=700%2C400 2x, https:\/\/i0.wp.com\/uscatletica.ch\/wp\/wp-content\/uploads\/2021\/04\/CalAsti21.jpg?fit=1079%2C749&ssl=1&resize=1050%2C600 3x"},"classes":[]},{"id":11792,"url":"https:\/\/uscatletica.ch\/wp\/?p=11792","url_meta":{"origin":14137,"position":1},"title":"Gare USC 2021","author":"Stampa E","date":"22 Marzo 2021","format":false,"excerpt":"Seppur ancora immerso nell'incertezza, il calendario ASTi 2021 \u00e8 stato pubblicato. Oltre alle gare di podismo o montagna e alle staffette, sono note anche le date delle gare di CO. Da annotare sono le seguenti gare USC: Staffetta USC: domenica 14 marzo (annullata) Crono del Bigorio: domenica 18 aprile (probabile\u2026","rel":"","context":"In &quot;CO&quot;","block_context":{"text":"CO","link":"https:\/\/uscatletica.ch\/wp\/?cat=19"},"img":{"alt_text":"","src":"https:\/\/i0.wp.com\/uscatletica.ch\/wp\/wp-content\/uploads\/2021\/02\/Bandana-ASTi-2020-2.jpg?fit=1200%2C1011&ssl=1&resize=350%2C200","width":350,"height":200,"srcset":"https:\/\/i0.wp.com\/uscatletica.ch\/wp\/wp-content\/uploads\/2021\/02\/Bandana-ASTi-2020-2.jpg?fit=1200%2C1011&ssl=1&resize=350%2C200 1x, https:\/\/i0.wp.com\/uscatletica.ch\/wp\/wp-content\/uploads\/2021\/02\/Bandana-ASTi-2020-2.jpg?fit=1200%2C1011&ssl=1&resize=525%2C300 1.5x, https:\/\/i0.wp.com\/uscatletica.ch\/wp\/wp-content\/uploads\/2021\/02\/Bandana-ASTi-2020-2.jpg?fit=1200%2C1011&ssl=1&resize=700%2C400 2x, https:\/\/i0.wp.com\/uscatletica.ch\/wp\/wp-content\/uploads\/2021\/02\/Bandana-ASTi-2020-2.jpg?fit=1200%2C1011&ssl=1&resize=1050%2C600 3x"},"classes":[]},{"id":10717,"url":"https:\/\/uscatletica.ch\/wp\/?p=10717","url_meta":{"origin":14137,"position":2},"title":"Meeting FTAL e tris di gare ASTi in Capriasca","author":"Stampa E","date":"8 Settembre 2020","format":false,"excerpt":"Comunicato Stampa USC del 8 settembre 2020 Meeting FTAL e tris di gare ASTi in Capriasca L\u2019USC, Unione Sportiva Capriaschese sezione atletica, recuperer\u00e0 nei mesi di settembre e ottobre alcune delle gare rinviate in primavera a causa della pandemia, che affiancheranno alcuni eventi gi\u00e0 in calendario. Inserite nei calendari della\u2026","rel":"","context":"In &quot;I nostri appuntamenti&quot;","block_context":{"text":"I nostri appuntamenti","link":"https:\/\/uscatletica.ch\/wp\/?cat=12"},"img":{"alt_text":"","src":"https:\/\/i0.wp.com\/uscatletica.ch\/wp\/wp-content\/uploads\/2020\/09\/Arena-sportiva-pista.jpg?fit=800%2C600&ssl=1&resize=350%2C200","width":350,"height":200,"srcset":"https:\/\/i0.wp.com\/uscatletica.ch\/wp\/wp-content\/uploads\/2020\/09\/Arena-sportiva-pista.jpg?fit=800%2C600&ssl=1&resize=350%2C200 1x, https:\/\/i0.wp.com\/uscatletica.ch\/wp\/wp-content\/uploads\/2020\/09\/Arena-sportiva-pista.jpg?fit=800%2C600&ssl=1&resize=525%2C300 1.5x, https:\/\/i0.wp.com\/uscatletica.ch\/wp\/wp-content\/uploads\/2020\/09\/Arena-sportiva-pista.jpg?fit=800%2C600&ssl=1&resize=700%2C400 2x"},"classes":[]},{"id":14466,"url":"https:\/\/uscatletica.ch\/wp\/?p=14466","url_meta":{"origin":14137,"position":3},"title":"La Staffetta Capriaschese lancia il TAS","author":"Leonida Stampanoni","date":"26 Marzo 2022","format":false,"excerpt":"L\u2019Unione Sportiva Capriaschese ricorda la 47a edizione della Staffetta Capriaschese, Trofeo G. Quadri, valevole per il trofeo ASTI staffette, prevista a Tesserete.\u00a0 Lo scorso anno il TAS vide l'USC vincere due classifiche ed ottenere il podio in altre due . DOMENICA 27 marzo 2022ATTENZIONE: cambiamento dell\u2019ora (spostare avanti di un'ora\u2026","rel":"","context":"In &quot;I nostri appuntamenti&quot;","block_context":{"text":"I nostri appuntamenti","link":"https:\/\/uscatletica.ch\/wp\/?cat=12"},"img":{"alt_text":"","src":"https:\/\/i0.wp.com\/uscatletica.ch\/wp\/wp-content\/uploads\/2022\/03\/staff-USC-programma2022.jpg?fit=852%2C861&ssl=1&resize=350%2C200","width":350,"height":200,"srcset":"https:\/\/i0.wp.com\/uscatletica.ch\/wp\/wp-content\/uploads\/2022\/03\/staff-USC-programma2022.jpg?fit=852%2C861&ssl=1&resize=350%2C200 1x, https:\/\/i0.wp.com\/uscatletica.ch\/wp\/wp-content\/uploads\/2022\/03\/staff-USC-programma2022.jpg?fit=852%2C861&ssl=1&resize=525%2C300 1.5x, https:\/\/i0.wp.com\/uscatletica.ch\/wp\/wp-content\/uploads\/2022\/03\/staff-USC-programma2022.jpg?fit=852%2C861&ssl=1&resize=700%2C400 2x"},"classes":[]},{"id":10500,"url":"https:\/\/uscatletica.ch\/wp\/?p=10500","url_meta":{"origin":14137,"position":4},"title":"Aggiornamento gare ASTi USC","author":"Stampa E","date":"18 Giugno 2020","format":false,"excerpt":"Il comitato USC a fronte dei nuovi sviluppi e delle direttive relative alla diffusione del Coronavirus comunica le seguenti decisioni per le sue gare inserite nel calendario ASTi 2020: \u00a0L\u2019USC intende organizzare le seguenti tre gare: Gir dal diavol: confermata per domenica 27 settembre\u00a0 Cronoascesa del Bigorio: nuova data domenica\u2026","rel":"","context":"In &quot;I nostri appuntamenti&quot;","block_context":{"text":"I nostri appuntamenti","link":"https:\/\/uscatletica.ch\/wp\/?cat=12"},"img":{"alt_text":"","src":"https:\/\/i0.wp.com\/uscatletica.ch\/wp\/wp-content\/uploads\/2020\/01\/10.jpg?fit=432%2C288&ssl=1&resize=350%2C200","width":350,"height":200},"classes":[]},{"id":18927,"url":"https:\/\/uscatletica.ch\/wp\/?p=18927","url_meta":{"origin":14137,"position":5},"title":"Calendario cartaceo ASTi 2024","author":"Stampa E","date":"26 Febbraio 2024","format":false,"excerpt":"\u00c8 pronto il calendario cartaceo ASTi 2024. Lo troverete alle manifestazioni ASTi e verr\u00e0 distribuito anche in occasione dell'Assemblea del 13 marzo 2024. Da subito \u00e8 disponibile in versione PDF: link Le gare USC: 17 marzo: Staffetta Capriaschese 20 aprile: Tesserete - Gola di Lago 21 settembre: Corsa del Bigorio\u2026","rel":"","context":"In &quot;I nostri appuntamenti&quot;","block_context":{"text":"I nostri appuntamenti","link":"https:\/\/uscatletica.ch\/wp\/?cat=12"},"img":{"alt_text":"","src":"https:\/\/i0.wp.com\/uscatletica.ch\/wp\/wp-content\/uploads\/2024\/02\/CatturaASTi2024.gif?fit=961%2C686&ssl=1&resize=350%2C200","width":350,"height":200,"srcset":"https:\/\/i0.wp.com\/uscatletica.ch\/wp\/wp-content\/uploads\/2024\/02\/CatturaASTi2024.gif?fit=961%2C686&ssl=1&resize=350%2C200 1x, https:\/\/i0.wp.com\/uscatletica.ch\/wp\/wp-content\/uploads\/2024\/02\/CatturaASTi2024.gif?fit=961%2C686&ssl=1&resize=525%2C300 1.5x, https:\/\/i0.wp.com\/uscatletica.ch\/wp\/wp-content\/uploads\/2024\/02\/CatturaASTi2024.gif?fit=961%2C686&ssl=1&resize=700%2C400 2x"},"classes":[]}],"_links":{"self":[{"href":"https:\/\/uscatletica.ch\/wp\/index.php?rest_route=\/wp\/v2\/posts\/14137","targetHints":{"allow":["GET"]}}],"collection":[{"href":"https:\/\/uscatletica.ch\/wp\/index.php?rest_route=\/wp\/v2\/posts"}],"about":[{"href":"https:\/\/uscatletica.ch\/wp\/index.php?rest_route=\/wp\/v2\/types\/post"}],"author":[{"embeddable":true,"href":"https:\/\/uscatletica.ch\/wp\/index.php?rest_route=\/wp\/v2\/users\/3"}],"replies":[{"embeddable":true,"href":"https:\/\/uscatletica.ch\/wp\/index.php?rest_route=%2Fwp%2Fv2%2Fcomments&post=14137"}],"version-history":[{"count":5,"href":"https:\/\/uscatletica.ch\/wp\/index.php?rest_route=\/wp\/v2\/posts\/14137\/revisions"}],"predecessor-version":[{"id":14162,"href":"https:\/\/uscatletica.ch\/wp\/index.php?rest_route=\/wp\/v2\/posts\/14137\/revisions\/14162"}],"wp:featuredmedia":[{"embeddable":true,"href":"https:\/\/uscatletica.ch\/wp\/index.php?rest_route=\/wp\/v2\/media\/14143"}],"wp:attachment":[{"href":"https:\/\/uscatletica.ch\/wp\/index.php?rest_route=%2Fwp%2Fv2%2Fmedia&parent=14137"}],"wp:term":[{"taxonomy":"category","embeddable":true,"href":"https:\/\/uscatletica.ch\/wp\/index.php?rest_route=%2Fwp%2Fv2%2Fcategories&post=14137"},{"taxonomy":"post_tag","embeddable":true,"href":"https:\/\/uscatletica.ch\/wp\/index.php?rest_route=%2Fwp%2Fv2%2Ftags&post=14137"}],"curies":[{"name":"wp","href":"https:\/\/api.w.org\/{rel}","templated":true}]}}