{"id":14360,"date":"2022-03-22T21:25:00","date_gmt":"2022-03-22T20:25:00","guid":{"rendered":"http:\/\/uscatletica.ch\/wp\/?p=14360"},"modified":"2022-04-16T12:09:07","modified_gmt":"2022-04-16T10:09:07","slug":"staffetta-capriaschese","status":"publish","type":"post","link":"https:\/\/uscatletica.ch\/wp\/?p=14360","title":{"rendered":"Domenica 27 marzo la Staffetta capriaschese"},"content":{"rendered":"\n<p>L\u2019Unione Sportiva Capriaschese ricroda la 47<sup>a<\/sup> edizione della Staffetta Capriaschese, Trofeo G. Quadri, valevole per il trofeo ASTI staffette, prevista a <span style=\"color: #ff0000;\">Tesserete<\/span><\/p>\n<p><strong>DOMENICA 27 marzo 2022<br>ATTENZIONE: cambiamento dell\u2019ora (spostare avanti di un&#8217;ora gli orologi!)<br><\/strong><\/p>\n<p><span style=\"color: #ff0000;\">Vai alla pagina della <span style=\"text-decoration: underline;\"><a style=\"color: #ff0000; text-decoration: underline;\" href=\"https:\/\/uscatletica.ch\/wp\/?page_id=288\">staffetta<\/a> <\/span>con programma e regolamento<\/span><\/p>\n<p><strong>Lui&amp;Lei.<\/strong> Come da <span style=\"text-decoration: underline;\"><a href=\"https:\/\/uscatletica.ch\/wp\/?page_id=288\">programma<\/a> <\/span>ci sar\u00e0 anche la <strong>\u201cLui e Lei\u201d<\/strong>, gara non competitiva riservata alle famiglie, a gruppi di amici e a tutti coloro che amano correre. La nuova formula prevede <strong>4 giri grandi<\/strong> di 400 metri (totale 1&#8217;600 metri). Tre giri da percorre assieme da ogni coppia, mentre un giro pu\u00f2 essere percorso da un solo componente della coppia. La partecipazione \u00e8 aperta a tutti i nati nel 2006 e prima. Come detto, la gara non ha carattere competitivo e non ci saranno premiazioni, ma solo una classifica nominale senza tempi.<\/p>\n<p><strong>FOTOGRAFIE. <\/strong>Ricordiamo inoltre che, come suggerito da ASTi, nel regolamento&nbsp; \u00e8 stata inserita la seguente informazione:&nbsp; <em>&#8220;Durante la manifestazione potranno essere effettuate delle riprese video e\/o fotografiche. Le immagini saranno utilizzate liberamente dagli organizzatori (o dall\u2019ASTi) a fini pubblicitari o per pubblicazioni. Chi non desidera essere incluso in queste pubblicazioni e non vuole che la propria immagine (in cui sia chiaramente riconoscibile) venga divulgata, deve annunciarlo al momento dell\u2019iscrizione&#8221;.<\/em><\/p>\n<p><span style=\"color: #ff0000;\">Vai alla pagina della <span style=\"text-decoration: underline;\"><a style=\"color: #ff0000; text-decoration: underline;\" href=\"https:\/\/uscatletica.ch\/wp\/?page_id=288\">staffetta<\/a><\/span><\/span><\/p>\n","protected":false},"excerpt":{"rendered":"<p>L\u2019Unione Sportiva Capriaschese ricroda la 47a edizione della Staffetta Capriaschese, Trofeo G. Quadri, valevole per il trofeo ASTI staffette, prevista a Tesserete DOMENICA 27 marzo 2022ATTENZIONE: cambiamento dell\u2019ora (spostare avanti di un&#8217;ora gli orologi!) Vai alla pagina della staffetta con programma e regolamento Lui&amp;Lei. Come da programma ci sar\u00e0 anche la \u201cLui e Lei\u201d, gara non competitiva riservata alle famiglie, a gruppi di amici e a tutti coloro che amano correre. La nuova formula prevede&#8230;<\/p>\n","protected":false},"author":3,"featured_media":14355,"comment_status":"closed","ping_status":"closed","sticky":false,"template":"","format":"standard","meta":{"jetpack_post_was_ever_published":false,"_jetpack_newsletter_access":"","_jetpack_dont_email_post_to_subs":false,"_jetpack_newsletter_tier_id":0,"_jetpack_memberships_contains_paywalled_content":false,"_jetpack_memberships_contains_paid_content":false,"footnotes":"","jetpack_publicize_message":"","jetpack_publicize_feature_enabled":true,"jetpack_social_post_already_shared":false,"jetpack_social_options":{"image_generator_settings":{"template":"highway","default_image_id":0,"font":"","enabled":false},"version":2}},"categories":[12,9,8],"tags":[],"class_list":["post-14360","post","type-post","status-publish","format-standard","has-post-thumbnail","hentry","category-nostregare","category-sport","category-staffette"],"jetpack_publicize_connections":[],"jetpack_featured_media_url":"https:\/\/i0.wp.com\/uscatletica.ch\/wp\/wp-content\/uploads\/2022\/03\/staff-USC-programma2022.jpg?fit=852%2C861&ssl=1","jetpack_sharing_enabled":true,"jetpack_shortlink":"https:\/\/wp.me\/p6V7Ck-3JC","jetpack-related-posts":[{"id":14466,"url":"https:\/\/uscatletica.ch\/wp\/?p=14466","url_meta":{"origin":14360,"position":0},"title":"La Staffetta Capriaschese lancia il TAS","author":"Leonida Stampanoni","date":"26 Marzo 2022","format":false,"excerpt":"L\u2019Unione Sportiva Capriaschese ricorda la 47a edizione della Staffetta Capriaschese, Trofeo G. Quadri, valevole per il trofeo ASTI staffette, prevista a Tesserete.\u00a0 Lo scorso anno il TAS vide l'USC vincere due classifiche ed ottenere il podio in altre due . DOMENICA 27 marzo 2022ATTENZIONE: cambiamento dell\u2019ora (spostare avanti di un'ora\u2026","rel":"","context":"In &quot;I nostri appuntamenti&quot;","block_context":{"text":"I nostri appuntamenti","link":"https:\/\/uscatletica.ch\/wp\/?cat=12"},"img":{"alt_text":"","src":"https:\/\/i0.wp.com\/uscatletica.ch\/wp\/wp-content\/uploads\/2022\/03\/staff-USC-programma2022.jpg?fit=852%2C861&ssl=1&resize=350%2C200","width":350,"height":200,"srcset":"https:\/\/i0.wp.com\/uscatletica.ch\/wp\/wp-content\/uploads\/2022\/03\/staff-USC-programma2022.jpg?fit=852%2C861&ssl=1&resize=350%2C200 1x, https:\/\/i0.wp.com\/uscatletica.ch\/wp\/wp-content\/uploads\/2022\/03\/staff-USC-programma2022.jpg?fit=852%2C861&ssl=1&resize=525%2C300 1.5x, https:\/\/i0.wp.com\/uscatletica.ch\/wp\/wp-content\/uploads\/2022\/03\/staff-USC-programma2022.jpg?fit=852%2C861&ssl=1&resize=700%2C400 2x"},"classes":[]},{"id":20702,"url":"https:\/\/uscatletica.ch\/wp\/?p=20702","url_meta":{"origin":14360,"position":1},"title":"UNA SETTIMANA ALLA 50ma STAFFETTA CAPRIASCHESE","author":"Leonida Stampanoni","date":"22 Marzo 2025","format":false,"excerpt":"50a\u00a0STAFFETTA CAPRIASCHESE \u00a0 Domenica 30 marzo, dopo il passaggio all'ora legale, L'USC accoglier\u00e0 i partecipanti alla 50esima edizione della Staffetta Capriaschese Trofeo Giovanni Quadri. Nato a met\u00e0 anni 70' attorno al Lago d'Origlio la manifestazione a partire dalla fine degli anni 80' \u00e8 cresciuta attorno al nucleo di Tesserete. L'edizione\u2026","rel":"","context":"In &quot;Altro&quot;","block_context":{"text":"Altro","link":"https:\/\/uscatletica.ch\/wp\/?cat=11"},"img":{"alt_text":"","src":"https:\/\/i0.wp.com\/uscatletica.ch\/wp\/wp-content\/uploads\/2025\/03\/LGOG59CAORUASCHESE.jpg?fit=575%2C280&ssl=1&resize=350%2C200","width":350,"height":200,"srcset":"https:\/\/i0.wp.com\/uscatletica.ch\/wp\/wp-content\/uploads\/2025\/03\/LGOG59CAORUASCHESE.jpg?fit=575%2C280&ssl=1&resize=350%2C200 1x, https:\/\/i0.wp.com\/uscatletica.ch\/wp\/wp-content\/uploads\/2025\/03\/LGOG59CAORUASCHESE.jpg?fit=575%2C280&ssl=1&resize=525%2C300 1.5x"},"classes":[]},{"id":16830,"url":"https:\/\/uscatletica.ch\/wp\/?p=16830","url_meta":{"origin":14360,"position":2},"title":"La Staffetta Capriaschese lancia il TAS","author":"Stampa E","date":"24 Marzo 2023","format":false,"excerpt":"Una rinnovata Staffetta Capriaschese lancer\u00e0 la stagione del Trofeo ASTi BancaStato Staffette. L\u2019USC \u00e8 pronta ad accogliere i concorrenti sul circuito di Tesserete. Per le categorie giovanili la novit\u00e0 \u00e8 la parificazione delle distanze tra maschi e femmine. Le attive invece debutteranno nella spettacolare americana a coppie sulla distanza di\u2026","rel":"","context":"In &quot;I nostri appuntamenti&quot;","block_context":{"text":"I nostri appuntamenti","link":"https:\/\/uscatletica.ch\/wp\/?cat=12"},"img":{"alt_text":"","src":"https:\/\/i0.wp.com\/uscatletica.ch\/wp\/wp-content\/uploads\/2023\/03\/StaffettaUSC22-Foto-USC-ES-1-scaled.jpg?fit=1200%2C817&ssl=1&resize=350%2C200","width":350,"height":200,"srcset":"https:\/\/i0.wp.com\/uscatletica.ch\/wp\/wp-content\/uploads\/2023\/03\/StaffettaUSC22-Foto-USC-ES-1-scaled.jpg?fit=1200%2C817&ssl=1&resize=350%2C200 1x, https:\/\/i0.wp.com\/uscatletica.ch\/wp\/wp-content\/uploads\/2023\/03\/StaffettaUSC22-Foto-USC-ES-1-scaled.jpg?fit=1200%2C817&ssl=1&resize=525%2C300 1.5x, https:\/\/i0.wp.com\/uscatletica.ch\/wp\/wp-content\/uploads\/2023\/03\/StaffettaUSC22-Foto-USC-ES-1-scaled.jpg?fit=1200%2C817&ssl=1&resize=700%2C400 2x, https:\/\/i0.wp.com\/uscatletica.ch\/wp\/wp-content\/uploads\/2023\/03\/StaffettaUSC22-Foto-USC-ES-1-scaled.jpg?fit=1200%2C817&ssl=1&resize=1050%2C600 3x"},"classes":[]},{"id":16744,"url":"https:\/\/uscatletica.ch\/wp\/?p=16744","url_meta":{"origin":14360,"position":3},"title":"STAFFETTA CAPRIASCHESE il 26 marzo","author":"Stampa E","date":"27 Febbraio 2023","format":false,"excerpt":"Ecco il programma della STAFFETTA CAPRIASCHESE per le vie di Tesserete di DOMENICA 26 marzo 2023 e valevole per il Trofeo ASTi staffette -> LINK","rel":"","context":"In &quot;I nostri appuntamenti&quot;","block_context":{"text":"I nostri appuntamenti","link":"https:\/\/uscatletica.ch\/wp\/?cat=12"},"img":{"alt_text":"","src":"https:\/\/i0.wp.com\/uscatletica.ch\/wp\/wp-content\/uploads\/2023\/02\/staffUSCprogramma2023-1.jpg?fit=589%2C836&ssl=1&resize=350%2C200","width":350,"height":200,"srcset":"https:\/\/i0.wp.com\/uscatletica.ch\/wp\/wp-content\/uploads\/2023\/02\/staffUSCprogramma2023-1.jpg?fit=589%2C836&ssl=1&resize=350%2C200 1x, https:\/\/i0.wp.com\/uscatletica.ch\/wp\/wp-content\/uploads\/2023\/02\/staffUSCprogramma2023-1.jpg?fit=589%2C836&ssl=1&resize=525%2C300 1.5x"},"classes":[]},{"id":3748,"url":"https:\/\/uscatletica.ch\/wp\/?p=3748","url_meta":{"origin":14360,"position":4},"title":"44 Staffetta Capriaschese Trofeo Giovanni Quadri (ORA LEGALE)","author":"Leonida Stampanoni","date":"17 Marzo 2017","format":false,"excerpt":"L'USC ha l'onore di inaugurare la stagione 2017 del Trofeo ASTi staffette\u00a0con : 44a STAFFETTA CAPRIASCHESE\u00a0 TROFEO IMPRESA GIOVANNI QUADRI Domenica 26\u00a0Marzo 2017 (cambio ora legale ) \u00a0 \u00a0 Il prgoramma 2017 \u00a0 \u00a0 ARCHIVIO RISULTATI \u00a02003 \u00a02004 \u00a02005 2006 2007 2008 2009 2010 2011 2012 \u00a0\u00a02013 \u00a02014 2015 \u00a02016\u2026","rel":"","context":"In &quot;Staffette&quot;","block_context":{"text":"Staffette","link":"https:\/\/uscatletica.ch\/wp\/?cat=8"},"img":{"alt_text":"","src":"https:\/\/i0.wp.com\/uscatletica.ch\/wp\/wp-content\/uploads\/2017\/02\/uckbuttikon17copert.jpg?fit=517%2C417&ssl=1&resize=350%2C200","width":350,"height":200},"classes":[]},{"id":10012,"url":"https:\/\/uscatletica.ch\/wp\/?p=10012","url_meta":{"origin":14360,"position":5},"title":"47 TROFEO Giovanni Quadri Staffetta Capriaschese SOSPESA PER STATO DI NECESSIT\u00c0","author":"Leonida Stampanoni","date":"27 Febbraio 2020","format":false,"excerpt":"\u00a0 47a STAFFETTA CAPRIASCHESE\u00a0 TROFEO IMPRESA GIOVANNI QUADRI Domenica 29 Marzo 2020 ATTENZIONE ORA LEGALE\u00a0 GARA SOSPESA PER STATO DI NECESSIT\u00c0\u00a0IN ATTESA DI NUOVA DATA Programma 2020 \u00a0 \u00a0 \u00a0 \u00a0 \u00a0 \u00a0 \u00a0 \u00a0 \u00a0 \u00a0 \u00a0 \u00a0 Classifiche 2017 u> ARCHIVIO RISULTATI \u00a02003 \u00a02004 \u00a02005 2006 2007 2008\u2026","rel":"","context":"In &quot;Altro&quot;","block_context":{"text":"Altro","link":"https:\/\/uscatletica.ch\/wp\/?cat=11"},"img":{"alt_text":"","src":"https:\/\/i0.wp.com\/uscatletica.ch\/wp\/wp-content\/uploads\/2017\/03\/P1390001.jpg?fit=563%2C422&ssl=1&resize=350%2C200","width":350,"height":200,"srcset":"https:\/\/i0.wp.com\/uscatletica.ch\/wp\/wp-content\/uploads\/2017\/03\/P1390001.jpg?fit=563%2C422&ssl=1&resize=350%2C200 1x, https:\/\/i0.wp.com\/uscatletica.ch\/wp\/wp-content\/uploads\/2017\/03\/P1390001.jpg?fit=563%2C422&ssl=1&resize=525%2C300 1.5x"},"classes":[]}],"_links":{"self":[{"href":"https:\/\/uscatletica.ch\/wp\/index.php?rest_route=\/wp\/v2\/posts\/14360","targetHints":{"allow":["GET"]}}],"collection":[{"href":"https:\/\/uscatletica.ch\/wp\/index.php?rest_route=\/wp\/v2\/posts"}],"about":[{"href":"https:\/\/uscatletica.ch\/wp\/index.php?rest_route=\/wp\/v2\/types\/post"}],"author":[{"embeddable":true,"href":"https:\/\/uscatletica.ch\/wp\/index.php?rest_route=\/wp\/v2\/users\/3"}],"replies":[{"embeddable":true,"href":"https:\/\/uscatletica.ch\/wp\/index.php?rest_route=%2Fwp%2Fv2%2Fcomments&post=14360"}],"version-history":[{"count":9,"href":"https:\/\/uscatletica.ch\/wp\/index.php?rest_route=\/wp\/v2\/posts\/14360\/revisions"}],"predecessor-version":[{"id":14505,"href":"https:\/\/uscatletica.ch\/wp\/index.php?rest_route=\/wp\/v2\/posts\/14360\/revisions\/14505"}],"wp:featuredmedia":[{"embeddable":true,"href":"https:\/\/uscatletica.ch\/wp\/index.php?rest_route=\/wp\/v2\/media\/14355"}],"wp:attachment":[{"href":"https:\/\/uscatletica.ch\/wp\/index.php?rest_route=%2Fwp%2Fv2%2Fmedia&parent=14360"}],"wp:term":[{"taxonomy":"category","embeddable":true,"href":"https:\/\/uscatletica.ch\/wp\/index.php?rest_route=%2Fwp%2Fv2%2Fcategories&post=14360"},{"taxonomy":"post_tag","embeddable":true,"href":"https:\/\/uscatletica.ch\/wp\/index.php?rest_route=%2Fwp%2Fv2%2Ftags&post=14360"}],"curies":[{"name":"wp","href":"https:\/\/api.w.org\/{rel}","templated":true}]}}