{"id":14450,"date":"2022-03-20T08:21:25","date_gmt":"2022-03-20T07:21:25","guid":{"rendered":"http:\/\/uscatletica.ch\/wp\/?p=14450"},"modified":"2022-03-20T08:21:28","modified_gmt":"2022-03-20T07:21:28","slug":"5-uscini-a-cortenova","status":"publish","type":"post","link":"https:\/\/uscatletica.ch\/wp\/?p=14450","title":{"rendered":"5 USCini a Cortenova"},"content":{"rendered":"\n<p>La selezione Ticino torna a Cortenova per il cross delle Bressanelle dopo due anni di pausa forzata. Tra le 17 selezioni \u00a0spiccano le presenze \u00a0USC \u00a0con Jennis, No\u00e8, Am\u00e9lie, Ismael e Dalia.<\/p>\n<p class=\"western\" lang=\"it-IT\"><span style=\"color: #3465a4;\"><span style=\"font-size: medium;\">Comunicato 22.03.15 \u2013 Selezione Ticino FTAL Cross delle selezioni di Cortenova<\/span><\/span><\/p>\n<p class=\"western\" lang=\"it-IT\"><span style=\"color: #00000a;\"><span style=\"font-size: large;\">IL TICINO TORNA A CORTENOVA <\/span><\/span><\/p>\n<p class=\"western\" lang=\"it-IT\"><span style=\"color: #00000a;\"><span style=\"font-size: medium;\">Leonida Stampanoni<\/span><\/span><\/p>\n<p class=\"western\" lang=\"it-IT\">Dopo due anni di pausa si torner\u00e0 con entusiasmo in Valsassasina. Infatti, nel fine settimana i giovani protagonisti della coppa Ticino FTAL &#8211; AET chiuderanno la stagione della corsa campestre con la tradizionale trasferta della selezione Ticino U14-U16 a Cortenova. Il formato del cross delle selezioni prevede la presenza dei 4 migliori atleti di ogni annata tra gli 2007 ed il 2010. Tra le societ\u00e0 meglio rappresentate citiamo USC (5), Vigor (4) , GAB (3), SAB (3) e FGM (3) A partire dal 1998 la nostra delegazione si \u00e8 sempre schierata al via raccogliendo ben 11 vittorie individuali, tra cui spicca il nome di Lucas Oehen primo nel 2001. Doppietta ticinese alla prima edizione con Madelina Buoio e Francesca Gilardoni a cui seguirono i successi di Fabiana Gouveia (2001-2002), Alessandro Schiavone (2002),Daisy Andreoli (2002), Anne Caroline Danielsen (2004), Emma Scanavino (2007), Mara Cattaneo (2008). Ultima vittoria fu per Ettore Poroli nel 2013.<\/p>\n<p class=\"western\" lang=\"it-IT\">Il miglior piazzamento di squadra fu il quarto rango raggiunto nell&#8217;edizione 2005 con al via l\u2019ex nazionale dei 400 m Daniele Angelella e la favolosa nidiata del 1990 che per diversi anni brill\u00f2 anche a livello nazionale con Alessandro Schiavone, Matteo Tamagni e Stefano Battaglia.<\/p>\n<p class=\"western\" lang=\"it-IT\">Sui prati della Bressanella, teatro delle gare, sono passati atleti illustri come il forte Yeman Crippa che di recente ha sfiorato il primato europeo della mezza maratona detenuto dal nostro Julien Wanders.<\/p>\n<p class=\"western\" lang=\"it-IT\">Tra le candidate alla vittoria ci sar\u00e0 certamente la vicecampionessa svizzera di specialit\u00e0 Tiziana Rosamilia che con Tosca Del Siro guider\u00e0 il quartetto del 2008. Tra i nati nel 2007 il campione Ticinese Rahul Sain ed il vincitore di coppa Leonhard Haller saranno gli osservati speciali. Tra le ragazze spicca il nome di Aurora De Marco.<\/p>\n<p class=\"western\" lang=\"it-IT\">Per tutti sar\u00e0 la prima esperienza a confronto con i migliori atleti del nord Italia, l\u2019importante sar\u00e0 lottare per ogni punto per permettere al Ticino di migliorare il piazzamento a squadre che nelle ultime edizioni \u00e8 sempre stato tra l\u2019ottavo ed il nono rango.<\/p>\n<table width=\"781\" cellspacing=\"0\" cellpadding=\"3\"><colgroup><col width=\"114\" \/><col width=\"37\" \/><col width=\"189\" \/><col width=\"79\" \/><col width=\"48\" \/><col width=\"34\" \/><col width=\"162\" \/><col width=\"69\" \/><\/colgroup>\n<tbody>\n<tr>\n<td colspan=\"8\" width=\"774\" height=\"30\">\n<p class=\"western\" align=\"center\">CORTENOVA 2022<\/p>\n<\/td>\n<\/tr>\n<tr valign=\"bottom\">\n<td width=\"114\" height=\"17\">\u00a0<\/td>\n<td width=\"37\">\n<p class=\"western\" align=\"left\">Rango<\/p>\n<\/td>\n<td width=\"189\">\u00a0<\/td>\n<td width=\"79\">\u00a0<\/td>\n<td width=\"48\">\u00a0<\/td>\n<td width=\"34\">\n<p class=\"western\" align=\"left\">Rango<\/p>\n<\/td>\n<td width=\"162\">\u00a0<\/td>\n<td width=\"69\">\u00a0<\/td>\n<\/tr>\n<tr valign=\"bottom\">\n<td width=\"114\" height=\"17\">\n<p class=\"western\" align=\"right\">2007<\/p>\n<\/td>\n<td width=\"37\">\u00a0<\/td>\n<td width=\"189\">\n<p class=\"western\" align=\"left\">De Marco Aurora<\/p>\n<\/td>\n<td width=\"79\">\n<p class=\"western\" align=\"left\">GAB<\/p>\n<\/td>\n<td width=\"48\">\n<p class=\"western\" align=\"right\">2007<\/p>\n<\/td>\n<td width=\"34\">\u00a0<\/td>\n<td width=\"162\">\n<p class=\"western\" align=\"left\">Leonhard Haller<\/p>\n<\/td>\n<td width=\"69\">\n<p class=\"western\" align=\"left\">GAB<\/p>\n<\/td>\n<\/tr>\n<tr valign=\"bottom\">\n<td width=\"114\" height=\"17\">\n<p class=\"western\" align=\"right\">2007<\/p>\n<\/td>\n<td width=\"37\">\u00a0<\/td>\n<td width=\"189\">\n<p class=\"western\" align=\"left\">Felice Ester<\/p>\n<\/td>\n<td width=\"79\">\n<p class=\"western\" align=\"left\">GAB<\/p>\n<\/td>\n<td width=\"48\">\n<p class=\"western\" align=\"right\">2007<\/p>\n<\/td>\n<td width=\"34\">\u00a0<\/td>\n<td width=\"162\">\n<p class=\"western\" align=\"left\">Sain Rahul<\/p>\n<\/td>\n<td width=\"69\">\n<p class=\"western\" align=\"left\">USA<\/p>\n<\/td>\n<\/tr>\n<tr valign=\"bottom\">\n<td width=\"114\" height=\"17\">\n<p class=\"western\" align=\"right\">2007<\/p>\n<\/td>\n<td width=\"37\">\u00a0<\/td>\n<td width=\"189\">\n<p class=\"western\" align=\"left\">Pontarolo Giulia<\/p>\n<\/td>\n<td width=\"79\">\n<p class=\"western\" align=\"left\">SAB B<\/p>\n<\/td>\n<td width=\"48\">\n<p class=\"western\" align=\"right\">2007<\/p>\n<\/td>\n<td width=\"34\">\u00a0<\/td>\n<td width=\"162\">\n<p class=\"western\" align=\"left\">Marcoli Elia<\/p>\n<\/td>\n<td width=\"69\">\n<p class=\"western\" align=\"left\">FGM<\/p>\n<\/td>\n<\/tr>\n<tr valign=\"bottom\">\n<td width=\"114\" height=\"17\">\n<p class=\"western\" align=\"right\">2007<\/p>\n<\/td>\n<td width=\"37\">\u00a0<\/td>\n<td width=\"189\">\n<p class=\"western\" align=\"left\">Corna Alexandra<\/p>\n<\/td>\n<td width=\"79\">\n<p class=\"western\" align=\"left\">Vigor<\/p>\n<\/td>\n<td width=\"48\">\n<p class=\"western\" align=\"right\">2007<\/p>\n<\/td>\n<td width=\"34\">\u00a0<\/td>\n<td width=\"162\">\n<p class=\"western\" align=\"left\">Zenker Nico<\/p>\n<\/td>\n<td width=\"69\">\n<p class=\"western\" align=\"left\">AT90<\/p>\n<\/td>\n<\/tr>\n<tr valign=\"bottom\">\n<td width=\"114\" height=\"17\">\n<p class=\"western\" align=\"right\">2008<\/p>\n<\/td>\n<td width=\"37\">\u00a0<\/td>\n<td width=\"189\">\n<p class=\"western\" align=\"left\">Rosamilia Tiziana<\/p>\n<\/td>\n<td width=\"79\">\n<p class=\"western\" align=\"left\">USA<\/p>\n<\/td>\n<td width=\"48\">\n<p class=\"western\" align=\"right\">2008<\/p>\n<\/td>\n<td width=\"34\">\u00a0<\/td>\n<td width=\"162\">\n<p class=\"western\" align=\"left\">Hofmann Mattia<\/p>\n<\/td>\n<td width=\"69\">\n<p class=\"western\" align=\"left\">SAM<\/p>\n<\/td>\n<\/tr>\n<tr valign=\"bottom\">\n<td width=\"114\" height=\"17\">\n<p class=\"western\" align=\"right\">2008<\/p>\n<\/td>\n<td width=\"37\">\u00a0<\/td>\n<td width=\"189\">\n<p class=\"western\" align=\"left\">Del Siro Tosca<\/p>\n<\/td>\n<td width=\"79\">\n<p class=\"western\" align=\"left\">GAD<\/p>\n<\/td>\n<td width=\"48\">\n<p class=\"western\" align=\"right\">2008<\/p>\n<\/td>\n<td width=\"34\">\u00a0<\/td>\n<td width=\"162\">\n<p class=\"western\" align=\"left\">Lazzeri Tito<\/p>\n<\/td>\n<td width=\"69\">\n<p class=\"western\" align=\"left\">GAD<\/p>\n<\/td>\n<\/tr>\n<tr valign=\"bottom\">\n<td width=\"114\" height=\"17\">\n<p class=\"western\" align=\"right\">2008<\/p>\n<\/td>\n<td width=\"37\">\u00a0<\/td>\n<td width=\"189\">\n<p class=\"western\" align=\"left\">Berger Jennis<\/p>\n<\/td>\n<td width=\"79\">\n<p class=\"western\" align=\"left\">USC<\/p>\n<\/td>\n<td width=\"48\">\n<p class=\"western\" align=\"right\">2008<\/p>\n<\/td>\n<td width=\"34\">\u00a0<\/td>\n<td width=\"162\">\n<p class=\"western\" align=\"left\">Huanca Quispe Eric<\/p>\n<\/td>\n<td width=\"69\">\n<p class=\"western\" align=\"left\">Vigor<\/p>\n<\/td>\n<\/tr>\n<tr valign=\"bottom\">\n<td width=\"114\" height=\"17\">\n<p class=\"western\" align=\"right\">2008<\/p>\n<\/td>\n<td width=\"37\">\u00a0<\/td>\n<td width=\"189\">\n<p class=\"western\" align=\"left\">Gianetti Lisa<\/p>\n<\/td>\n<td width=\"79\">\n<p class=\"western\" align=\"left\">SFG Chi<\/p>\n<\/td>\n<td width=\"48\">\n<p class=\"western\" align=\"right\">2008<\/p>\n<\/td>\n<td width=\"34\">\u00a0<\/td>\n<td width=\"162\">\n<p class=\"western\" align=\"left\">Bacilleri Lucas<\/p>\n<\/td>\n<td width=\"69\">\n<p class=\"western\" align=\"left\">SAM<\/p>\n<\/td>\n<\/tr>\n<tr valign=\"bottom\">\n<td width=\"114\" height=\"17\">\n<p class=\"western\" align=\"right\">2009<\/p>\n<\/td>\n<td width=\"37\">\u00a0<\/td>\n<td width=\"189\">\n<p class=\"western\" align=\"left\">Poncia Emelie<\/p>\n<\/td>\n<td width=\"79\">\n<p class=\"western\" align=\"left\">Vigor<\/p>\n<\/td>\n<td width=\"48\">\n<p class=\"western\" align=\"right\">2009<\/p>\n<\/td>\n<td width=\"34\">\u00a0<\/td>\n<td width=\"162\">\n<p class=\"western\" align=\"left\">Pontarolo Geremia<\/p>\n<\/td>\n<td width=\"69\">\n<p class=\"western\" align=\"left\">SAB B<\/p>\n<\/td>\n<\/tr>\n<tr valign=\"bottom\">\n<td width=\"114\" height=\"17\">\n<p class=\"western\" align=\"right\">2009<\/p>\n<\/td>\n<td width=\"37\">\u00a0<\/td>\n<td width=\"189\">\n<p class=\"western\" align=\"left\">Lucchini Cora<\/p>\n<\/td>\n<td width=\"79\">\n<p class=\"western\" align=\"left\">SAB B<\/p>\n<\/td>\n<td width=\"48\">\n<p class=\"western\" align=\"right\">2009<\/p>\n<\/td>\n<td width=\"34\">\u00a0<\/td>\n<td width=\"162\">\n<p class=\"western\" align=\"left\">Volger No\u00e9<\/p>\n<\/td>\n<td width=\"69\">\n<p class=\"western\" align=\"left\">USC<\/p>\n<\/td>\n<\/tr>\n<tr valign=\"bottom\">\n<td width=\"114\" height=\"17\">\n<p class=\"western\" align=\"right\">2009<\/p>\n<\/td>\n<td width=\"37\">\u00a0<\/td>\n<td width=\"189\">\n<p class=\"western\" align=\"left\">Mozzetti Lea<\/p>\n<\/td>\n<td width=\"79\">\n<p class=\"western\" align=\"left\">SAG<\/p>\n<\/td>\n<td width=\"48\">\n<p class=\"western\" align=\"right\">2009<\/p>\n<\/td>\n<td width=\"34\">\u00a0<\/td>\n<td width=\"162\">\n<p class=\"western\" align=\"left\">Venzi Federico<\/p>\n<\/td>\n<td width=\"69\">\n<p class=\"western\" align=\"left\">ASM<\/p>\n<\/td>\n<\/tr>\n<tr valign=\"bottom\">\n<td width=\"114\" height=\"17\">\n<p class=\"western\" align=\"right\">2009<\/p>\n<\/td>\n<td width=\"37\">\u00a0<\/td>\n<td width=\"189\">\n<p class=\"western\" align=\"left\">Papa Nadia<\/p>\n<\/td>\n<td width=\"79\">\n<p class=\"western\" align=\"left\">SFG Bi<\/p>\n<\/td>\n<td width=\"48\">\n<p class=\"western\" align=\"right\">2009<\/p>\n<\/td>\n<td width=\"34\">\u00a0<\/td>\n<td width=\"162\">\n<p class=\"western\" align=\"left\">Pongelli Jeremy<\/p>\n<\/td>\n<td width=\"69\">\n<p class=\"western\" align=\"left\">ASM<\/p>\n<\/td>\n<\/tr>\n<tr valign=\"bottom\">\n<td width=\"114\" height=\"17\">\n<p class=\"western\" align=\"right\">2009<\/p>\n<\/td>\n<td width=\"37\">\u00a0<\/td>\n<td width=\"189\">\n<p class=\"western\" align=\"left\">Villalobos Benedetta<\/p>\n<\/td>\n<td width=\"79\">\n<p class=\"western\" align=\"left\">Vigor<\/p>\n<\/td>\n<td width=\"48\">\n<p class=\"western\" align=\"right\">2009<\/p>\n<\/td>\n<td width=\"34\">\u00a0<\/td>\n<td width=\"162\">\u00a0<\/td>\n<td width=\"69\">\u00a0<\/td>\n<\/tr>\n<tr valign=\"bottom\">\n<td width=\"114\" height=\"17\">\n<p class=\"western\" align=\"right\">2010<\/p>\n<\/td>\n<td width=\"37\">\u00a0<\/td>\n<td width=\"189\">\n<p class=\"western\" align=\"left\">Del Siro Nathalie<\/p>\n<\/td>\n<td width=\"79\">\n<p class=\"western\" align=\"left\">GAD<\/p>\n<\/td>\n<td width=\"48\">\n<p class=\"western\" align=\"right\">2010<\/p>\n<\/td>\n<td width=\"34\">\u00a0<\/td>\n<td width=\"162\">\n<p class=\"western\" align=\"left\">Singenberger Ismail<\/p>\n<\/td>\n<td width=\"69\">\n<p class=\"western\" align=\"left\">USC<\/p>\n<\/td>\n<\/tr>\n<tr valign=\"bottom\">\n<td width=\"114\" height=\"17\">\n<p class=\"western\" align=\"right\">2010<\/p>\n<\/td>\n<td width=\"37\">\u00a0<\/td>\n<td width=\"189\">\n<p class=\"western\" align=\"left\">Andreoli Am\u00e9lie<\/p>\n<\/td>\n<td width=\"79\">\n<p class=\"western\" align=\"left\">USC<\/p>\n<\/td>\n<td width=\"48\">\n<p class=\"western\" align=\"right\">2010<\/p>\n<\/td>\n<td width=\"34\">\u00a0<\/td>\n<td width=\"162\">\n<p class=\"western\" align=\"left\">Sciutto Giuseppe<\/p>\n<\/td>\n<td width=\"69\">\n<p class=\"western\" align=\"left\">SAL<\/p>\n<\/td>\n<\/tr>\n<tr valign=\"bottom\">\n<td width=\"114\" height=\"17\">\n<p class=\"western\" align=\"right\">2010<\/p>\n<\/td>\n<td width=\"37\">\u00a0<\/td>\n<td width=\"189\">\n<p class=\"western\" align=\"left\">De Vincenti Sofia<\/p>\n<\/td>\n<td width=\"79\">\n<p class=\"western\" align=\"left\">FGM<\/p>\n<\/td>\n<td width=\"48\">\n<p class=\"western\" align=\"right\">2010<\/p>\n<\/td>\n<td width=\"34\">\u00a0<\/td>\n<td width=\"162\">\n<p class=\"western\" align=\"left\">Bracchi Lorenzo<\/p>\n<\/td>\n<td width=\"69\">\n<p class=\"western\" align=\"left\">Virtus<\/p>\n<\/td>\n<\/tr>\n<tr valign=\"bottom\">\n<td width=\"114\" height=\"17\">\n<p class=\"western\" align=\"right\">2010<\/p>\n<\/td>\n<td width=\"37\">\u00a0<\/td>\n<td width=\"189\">\n<p class=\"western\" align=\"left\">Caissutti Dalia<\/p>\n<\/td>\n<td width=\"79\">\n<p class=\"western\" align=\"left\">USC<\/p>\n<\/td>\n<td width=\"48\">\n<p class=\"western\" align=\"right\">2010<\/p>\n<\/td>\n<td width=\"34\">\u00a0<\/td>\n<td width=\"162\">\n<p class=\"western\" align=\"left\">Gygax Samuel<\/p>\n<\/td>\n<td width=\"69\">\n<p class=\"western\" align=\"left\">FGM<\/p>\n<\/td>\n<\/tr>\n<\/tbody>\n<\/table>\n<p class=\"western\"><br \/><br \/><\/p>\n","protected":false},"excerpt":{"rendered":"<p>La selezione Ticino torna a Cortenova per il cross delle Bressanelle dopo due anni di pausa forzata. Tra le 17 selezioni \u00a0spiccano le presenze \u00a0USC \u00a0con Jennis, No\u00e8, Am\u00e9lie, Ismael e Dalia. Comunicato 22.03.15 \u2013 Selezione Ticino FTAL Cross delle selezioni di Cortenova IL TICINO TORNA A CORTENOVA Leonida Stampanoni Dopo due anni di pausa si torner\u00e0 con entusiasmo in Valsassasina. Infatti, nel fine settimana i giovani protagonisti della coppa Ticino FTAL &#8211; AET chiuderanno&#8230;<\/p>\n","protected":false},"author":4,"featured_media":7447,"comment_status":"closed","ping_status":"closed","sticky":false,"template":"","format":"standard","meta":{"jetpack_post_was_ever_published":false,"_jetpack_newsletter_access":"","_jetpack_dont_email_post_to_subs":false,"_jetpack_newsletter_tier_id":0,"_jetpack_memberships_contains_paywalled_content":false,"_jetpack_memberships_contains_paid_content":false,"footnotes":"","jetpack_publicize_message":"","jetpack_publicize_feature_enabled":true,"jetpack_social_post_already_shared":false,"jetpack_social_options":{"image_generator_settings":{"template":"highway","default_image_id":0,"font":"","enabled":false},"version":2}},"categories":[7,9],"tags":[],"class_list":["post-14450","post","type-post","status-publish","format-standard","has-post-thumbnail","hentry","category-cross","category-sport"],"jetpack_publicize_connections":[],"jetpack_featured_media_url":"https:\/\/i0.wp.com\/uscatletica.ch\/wp\/wp-content\/uploads\/2019\/03\/image1.jpeg?fit=518%2C299&ssl=1","jetpack_sharing_enabled":true,"jetpack_shortlink":"https:\/\/wp.me\/p6V7Ck-3L4","jetpack-related-posts":[{"id":980,"url":"https:\/\/uscatletica.ch\/wp\/?p=980","url_meta":{"origin":14450,"position":0},"title":"Cortenova 7 USCini con la selezione Ticino.","author":"Leonida Stampanoni","date":"11 Marzo 2016","format":false,"excerpt":"L'appuntamento con il 19o\u00a0Meeting Regionale di corsa \u00a0campestre di Cortenova chiuder\u00e0 la stagione 2016 di cross. Una trentina di giovani formeranno la selezione Ticino della FTAL che garegger\u00e0 domenica in Valsassina. Sette gli USCini selezionati Florian, Louis, Matilde, Ruben, Giorgia, Janet, Vera, Alex si batteranno sui parti della Bressanella. Il\u2026","rel":"","context":"In &quot;Cross&quot;","block_context":{"text":"Cross","link":"https:\/\/uscatletica.ch\/wp\/?cat=7"},"img":{"alt_text":"","src":"https:\/\/i0.wp.com\/uscatletica.ch\/wp\/wp-content\/uploads\/2016\/03\/P1380230.jpg?fit=563%2C422&ssl=1&resize=350%2C200","width":350,"height":200,"srcset":"https:\/\/i0.wp.com\/uscatletica.ch\/wp\/wp-content\/uploads\/2016\/03\/P1380230.jpg?fit=563%2C422&ssl=1&resize=350%2C200 1x, https:\/\/i0.wp.com\/uscatletica.ch\/wp\/wp-content\/uploads\/2016\/03\/P1380230.jpg?fit=563%2C422&ssl=1&resize=525%2C300 1.5x"},"classes":[]},{"id":19023,"url":"https:\/\/uscatletica.ch\/wp\/?p=19023","url_meta":{"origin":14450,"position":1},"title":"DOMENICA TRA TESSERETE E CORTENOVA","author":"Leonida Stampanoni","date":"16 Marzo 2024","format":false,"excerpt":"Domenica la stagione del Trofeo ASTi BancaStato Staffette raccoglier\u00e0 il testimone da quella di cross che vivr\u00e0 a Cortenova il suo epilogo mentre alla Staffetta Capriaschee debutter\u00e0 la stagione del TAS.\u00a0 In Valsassina con la selezione Ticino ben otto le presenze USC a sfidare le selezioni provinciali italiani sul bellissimo\u2026","rel":"","context":"In &quot;Cross&quot;","block_context":{"text":"Cross","link":"https:\/\/uscatletica.ch\/wp\/?cat=7"},"img":{"alt_text":"","src":"https:\/\/i0.wp.com\/uscatletica.ch\/wp\/wp-content\/uploads\/2023\/03\/StaffettaUSC22-Foto-USC-ES-1-scaled.jpg?fit=1200%2C817&ssl=1&resize=350%2C200","width":350,"height":200,"srcset":"https:\/\/i0.wp.com\/uscatletica.ch\/wp\/wp-content\/uploads\/2023\/03\/StaffettaUSC22-Foto-USC-ES-1-scaled.jpg?fit=1200%2C817&ssl=1&resize=350%2C200 1x, https:\/\/i0.wp.com\/uscatletica.ch\/wp\/wp-content\/uploads\/2023\/03\/StaffettaUSC22-Foto-USC-ES-1-scaled.jpg?fit=1200%2C817&ssl=1&resize=525%2C300 1.5x, https:\/\/i0.wp.com\/uscatletica.ch\/wp\/wp-content\/uploads\/2023\/03\/StaffettaUSC22-Foto-USC-ES-1-scaled.jpg?fit=1200%2C817&ssl=1&resize=700%2C400 2x, https:\/\/i0.wp.com\/uscatletica.ch\/wp\/wp-content\/uploads\/2023\/03\/StaffettaUSC22-Foto-USC-ES-1-scaled.jpg?fit=1200%2C817&ssl=1&resize=1050%2C600 3x"},"classes":[]},{"id":3732,"url":"https:\/\/uscatletica.ch\/wp\/?p=3732","url_meta":{"origin":14450,"position":2},"title":"Fine settimana da brivido Coppa Ticino Cortenova e Kerzers","author":"Leonida Stampanoni","date":"18 Marzo 2017","format":false,"excerpt":"Nell'ultimo fine settimana invernale i nostri atleti saranno impegnati su tre fronti: A Cortenova si sar\u00e0 il ventesimo del cross delle selezione con ben 6 USCini a rappresentare i colori della FTAL il Valsassina, Matilde, Florian, Louis, Federica, Samuele e Ruben L.\u00a0live da Cortenova Sabato alla Kerzerslauf i podisti saranno\u2026","rel":"","context":"In &quot;Cross&quot;","block_context":{"text":"Cross","link":"https:\/\/uscatletica.ch\/wp\/?cat=7"},"img":{"alt_text":"","src":"https:\/\/i0.wp.com\/uscatletica.ch\/wp\/wp-content\/uploads\/2017\/03\/P1450207.jpg?fit=563%2C422&ssl=1&resize=350%2C200","width":350,"height":200,"srcset":"https:\/\/i0.wp.com\/uscatletica.ch\/wp\/wp-content\/uploads\/2017\/03\/P1450207.jpg?fit=563%2C422&ssl=1&resize=350%2C200 1x, https:\/\/i0.wp.com\/uscatletica.ch\/wp\/wp-content\/uploads\/2017\/03\/P1450207.jpg?fit=563%2C422&ssl=1&resize=525%2C300 1.5x"},"classes":[]},{"id":16813,"url":"https:\/\/uscatletica.ch\/wp\/?p=16813","url_meta":{"origin":14450,"position":3},"title":"Settebello USC a Cortenova","author":"Leonida Stampanoni","date":"17 Marzo 2023","format":false,"excerpt":"La classica trasferta con la selezione Ticino U14-U16 a Cortenova che si terr\u00e0 domenica vedr\u00e0 ancora l'USC offrire un sostanzioso contributo con ben sette presenze. \u00a0Reduci dai campionati svizzeri Elsa, Olivia, No\u00e9, Am\u00e9lie, Ismael, Anais e Dario saranno tra i 40 giovani ticinesi che sfideranno le province del NordItalia nel\u2026","rel":"","context":"In &quot;Cross&quot;","block_context":{"text":"Cross","link":"https:\/\/uscatletica.ch\/wp\/?cat=7"},"img":{"alt_text":"","src":"https:\/\/i0.wp.com\/uscatletica.ch\/wp\/wp-content\/uploads\/2023\/03\/U14230305.jpg?fit=432%2C324&ssl=1&resize=350%2C200","width":350,"height":200},"classes":[]},{"id":7436,"url":"https:\/\/uscatletica.ch\/wp\/?p=7436","url_meta":{"origin":14450,"position":4},"title":"IL FINE SETTIMANA DELLE SELEZIONE DA CORTENOVA A BERGAMO","author":"Leonida Stampanoni","date":"14 Marzo 2019","format":false,"excerpt":"Nel fine settimana una decina di USCini difenderanno i colori del Ticino nelle due gare tra rappresentative in programma. Le tre ragazze del CAT Future Gaia Matilde e Morena saranno a Bergamo per il quadrangolare indoor a cui per l'USC hanno gi\u00e0 partecipato Giada Florian Lia e Gea. Per la\u2026","rel":"","context":"In &quot;Cross&quot;","block_context":{"text":"Cross","link":"https:\/\/uscatletica.ch\/wp\/?cat=7"},"img":{"alt_text":"","src":"https:\/\/i0.wp.com\/uscatletica.ch\/wp\/wp-content\/uploads\/2019\/02\/ticinou18u20aladeisardi.jpg?fit=964%2C1200&ssl=1&resize=350%2C200","width":350,"height":200,"srcset":"https:\/\/i0.wp.com\/uscatletica.ch\/wp\/wp-content\/uploads\/2019\/02\/ticinou18u20aladeisardi.jpg?fit=964%2C1200&ssl=1&resize=350%2C200 1x, https:\/\/i0.wp.com\/uscatletica.ch\/wp\/wp-content\/uploads\/2019\/02\/ticinou18u20aladeisardi.jpg?fit=964%2C1200&ssl=1&resize=525%2C300 1.5x, https:\/\/i0.wp.com\/uscatletica.ch\/wp\/wp-content\/uploads\/2019\/02\/ticinou18u20aladeisardi.jpg?fit=964%2C1200&ssl=1&resize=700%2C400 2x"},"classes":[]},{"id":5703,"url":"https:\/\/uscatletica.ch\/wp\/?p=5703","url_meta":{"origin":14450,"position":5},"title":"Cortenova 8 USCini alla carica con la FTAL","author":"Leonida Stampanoni","date":"15 Marzo 2018","format":false,"excerpt":"La stagione dei cross 2018 si chiuder\u00e0 domenica sui prati delle Bressanelle con il cross delle selezioni a Cortenova. La selezione Ticino della FTAL conter\u00e0 8 USCini tra i 40 partenti nella sfida con le selezioni provinciali del centro norditalia.\u00a0 \u00a0Matilde e Ruben B. sono all'ultima uscita al debutto invece\u2026","rel":"","context":"In &quot;Cross&quot;","block_context":{"text":"Cross","link":"https:\/\/uscatletica.ch\/wp\/?cat=7"},"img":{"alt_text":"","src":"https:\/\/i0.wp.com\/uscatletica.ch\/wp\/wp-content\/uploads\/2016\/03\/cortenova16ftalticino.jpg?fit=563%2C317&ssl=1&resize=350%2C200","width":350,"height":200,"srcset":"https:\/\/i0.wp.com\/uscatletica.ch\/wp\/wp-content\/uploads\/2016\/03\/cortenova16ftalticino.jpg?fit=563%2C317&ssl=1&resize=350%2C200 1x, https:\/\/i0.wp.com\/uscatletica.ch\/wp\/wp-content\/uploads\/2016\/03\/cortenova16ftalticino.jpg?fit=563%2C317&ssl=1&resize=525%2C300 1.5x"},"classes":[]}],"_links":{"self":[{"href":"https:\/\/uscatletica.ch\/wp\/index.php?rest_route=\/wp\/v2\/posts\/14450","targetHints":{"allow":["GET"]}}],"collection":[{"href":"https:\/\/uscatletica.ch\/wp\/index.php?rest_route=\/wp\/v2\/posts"}],"about":[{"href":"https:\/\/uscatletica.ch\/wp\/index.php?rest_route=\/wp\/v2\/types\/post"}],"author":[{"embeddable":true,"href":"https:\/\/uscatletica.ch\/wp\/index.php?rest_route=\/wp\/v2\/users\/4"}],"replies":[{"embeddable":true,"href":"https:\/\/uscatletica.ch\/wp\/index.php?rest_route=%2Fwp%2Fv2%2Fcomments&post=14450"}],"version-history":[{"count":2,"href":"https:\/\/uscatletica.ch\/wp\/index.php?rest_route=\/wp\/v2\/posts\/14450\/revisions"}],"predecessor-version":[{"id":16582,"href":"https:\/\/uscatletica.ch\/wp\/index.php?rest_route=\/wp\/v2\/posts\/14450\/revisions\/16582"}],"wp:featuredmedia":[{"embeddable":true,"href":"https:\/\/uscatletica.ch\/wp\/index.php?rest_route=\/wp\/v2\/media\/7447"}],"wp:attachment":[{"href":"https:\/\/uscatletica.ch\/wp\/index.php?rest_route=%2Fwp%2Fv2%2Fmedia&parent=14450"}],"wp:term":[{"taxonomy":"category","embeddable":true,"href":"https:\/\/uscatletica.ch\/wp\/index.php?rest_route=%2Fwp%2Fv2%2Fcategories&post=14450"},{"taxonomy":"post_tag","embeddable":true,"href":"https:\/\/uscatletica.ch\/wp\/index.php?rest_route=%2Fwp%2Fv2%2Ftags&post=14450"}],"curies":[{"name":"wp","href":"https:\/\/api.w.org\/{rel}","templated":true}]}}