{"id":14466,"date":"2022-03-26T11:06:59","date_gmt":"2022-03-26T10:06:59","guid":{"rendered":"http:\/\/uscatletica.ch\/wp\/?p=14466"},"modified":"2022-03-26T13:34:28","modified_gmt":"2022-03-26T12:34:28","slug":"la-staffetta-capriaschese-lancia-il-tas-2","status":"publish","type":"post","link":"https:\/\/uscatletica.ch\/wp\/?p=14466","title":{"rendered":"La Staffetta Capriaschese lancia il TAS"},"content":{"rendered":"\n<p>L\u2019Unione Sportiva Capriaschese ricorda la 47<sup>a<\/sup> edizione della Staffetta Capriaschese, Trofeo G. Quadri, valevole per il trofeo ASTI staffette, prevista a <span style=\"color: #ff0000;\">Tesserete.\u00a0<\/span><\/p>\n<p>Lo scorso anno il TAS vide l&#8217;USC vincere due classifiche ed ottenere il podio in altre due .<\/p>\n<p><strong>DOMENICA 27 marzo 2022<br \/>ATTENZIONE: cambiamento dell\u2019ora (spostare avanti di un&#8217;ora gli orologi!)<\/strong><\/p>\n<p><span style=\"color: #ff0000;\"><a style=\"color: #ff0000;\" href=\"https:\/\/uscatletica.ch\/wp\/?page_id=288\">PAGINA STAFFETTA<\/a><\/span><\/p>\n<p>\u00a0<\/p>\n<p><a href=\"https:\/\/uscatletica.ch\/wp\/?page_id=288\"><img data-recalc-dims=\"1\" loading=\"lazy\" decoding=\"async\" data-attachment-id=\"14355\" data-permalink=\"https:\/\/uscatletica.ch\/wp\/?attachment_id=14355\" data-orig-file=\"https:\/\/i0.wp.com\/uscatletica.ch\/wp\/wp-content\/uploads\/2022\/03\/staff-USC-programma2022.jpg?fit=852%2C861&amp;ssl=1\" data-orig-size=\"852,861\" data-comments-opened=\"0\" data-image-meta=\"{&quot;aperture&quot;:&quot;0&quot;,&quot;credit&quot;:&quot;Lenovo&quot;,&quot;camera&quot;:&quot;&quot;,&quot;caption&quot;:&quot;&quot;,&quot;created_timestamp&quot;:&quot;1646472661&quot;,&quot;copyright&quot;:&quot;&quot;,&quot;focal_length&quot;:&quot;0&quot;,&quot;iso&quot;:&quot;0&quot;,&quot;shutter_speed&quot;:&quot;0&quot;,&quot;title&quot;:&quot;&quot;,&quot;orientation&quot;:&quot;0&quot;}\" data-image-title=\"staff USC programma2022\" data-image-description=\"\" data-image-caption=\"\" data-large-file=\"https:\/\/i0.wp.com\/uscatletica.ch\/wp\/wp-content\/uploads\/2022\/03\/staff-USC-programma2022.jpg?fit=640%2C647&amp;ssl=1\" class=\"alignnone  wp-image-14355\" src=\"https:\/\/i0.wp.com\/uscatletica.ch\/wp\/wp-content\/uploads\/2022\/03\/staff-USC-programma2022.jpg?resize=441%2C446&#038;ssl=1\" alt=\"\" width=\"441\" height=\"446\" srcset=\"https:\/\/i0.wp.com\/uscatletica.ch\/wp\/wp-content\/uploads\/2022\/03\/staff-USC-programma2022.jpg?w=852&amp;ssl=1 852w, https:\/\/i0.wp.com\/uscatletica.ch\/wp\/wp-content\/uploads\/2022\/03\/staff-USC-programma2022.jpg?resize=297%2C300&amp;ssl=1 297w, https:\/\/i0.wp.com\/uscatletica.ch\/wp\/wp-content\/uploads\/2022\/03\/staff-USC-programma2022.jpg?resize=768%2C776&amp;ssl=1 768w, https:\/\/i0.wp.com\/uscatletica.ch\/wp\/wp-content\/uploads\/2022\/03\/staff-USC-programma2022.jpg?resize=83%2C83&amp;ssl=1 83w\" sizes=\"auto, (max-width: 441px) 100vw, 441px\" \/><\/a><br \/><a href=\"https:\/\/uscatletica.ch\/wp\/wp-content\/uploads\/2022\/03\/staff-USC-programma2022.pdf\">Programma staffetta Capriaschese<\/a><\/p>\n<p class=\"western\" lang=\"it-IT\" align=\"justify\"><span style=\"font-family: Calibri, sans-serif;\">ASTi \u2013 Podismo <\/span><\/p>\n<p class=\"western\" lang=\"it-IT\" align=\"justify\"><span style=\"font-family: Calibri, sans-serif;\">Comunicato 24.03.2022 TROFEO ASTI STAFFETTE <\/span><\/p>\n<p lang=\"it-IT\" align=\"left\"><span style=\"font-family: Calibri, sans-serif;\"><span style=\"font-size: large;\">IL TAS 2022 PARTE DA TESSERETE <\/span><\/span><\/p>\n<p class=\"western\" lang=\"it-IT\"><span style=\"font-family: Calibri, sans-serif;\">Saranno i pi\u00f9 giovani a lanciare la stagione ASTI 2022 domenica a Tesserete con il Trofeo ASTi Staffette. Dopo due anni di pausa si torna in Capriasca dove, a partire dalle 14.30, l&#8217;US Capriaschese far\u00e0 gli onori di casa per la 47\u00b0 edizione della Staffetta Capriaschese, Trofeo G. Quadri, nata negli anni 70 come giro del Lago di Origlio. Da un ventennio si corre oramai nel centro di Tesserete sul vallonato circuito disegnato attorno al municipio. Due le particolarit\u00e0 della prima tappa del TAS, l&#8217;americana a coppie degli attivi che offre la possibilit\u00e0 di scontro tra velocisti e mezzofondisti ed il Trofeo impresa costruzioni Giovanni Quadri che premia la migliore societ\u00e0. La novit\u00e0 del 2022 \u00e8 la corsa Lui&amp;Lei non competitiva con nuova formula che chiuder\u00e0 le gare. <\/span><\/p>\n<p class=\"western\" lang=\"it-IT\"><span style=\"font-family: Calibri, sans-serif;\">Lo scorso anno l\u2019edizione del TAS si svolse su quattro prove. L\u2019USC vinse in volata il Supertrofeo superando all\u2019ultima gara SFG Chiasso e Vigor Ligornetto.<\/span><\/p>\n<p class=\"western\" lang=\"it-IT\"><span style=\"font-family: Calibri, sans-serif;\">Il TAS, che prevede sette tappe, porta l&#8217;atletica al centro dei nostri villaggi, permettendo ai ragazzi di vivere un&#8217;esperienza di squadra in uno sport prettamente individuale. Le staffette regalano sempre molte emozioni e permettono ai ragazzi di muovere i primi passi nello sport in un ambiente allegro e sano. <\/span><\/p>\n<p class=\"western\" lang=\"it-IT\"><span style=\"font-family: Calibri, sans-serif;\">Le prime tre tappe del 2022 si terranno in soli 14 giorni, infatti all\u2019appuntamento Capriaschese seguiranno due classiche mom\u00f2: il 3 aprile si correr\u00e0 la 57a edizione della Staffetta SAV, mentre il 9 aprile sar\u00e0 il centro di Mendrisio ad ospitare la staffetta del Magnifico Borgo. A fine maggio tutti ospiti della Vigor Ligornetto che chiuder\u00e0 le gare primaverili festeggiando il 65<\/span><sup><span style=\"font-family: Calibri, sans-serif;\">o<\/span><\/sup><span style=\"font-family: Calibri, sans-serif;\"> anniversario. <\/span><\/p>\n<p class=\"western\" lang=\"it-IT\"><span style=\"font-family: Calibri, sans-serif;\">In autunno saranno le categorie dedicate ai ragazzi delle scuole elementari a divertirsi e a contendersi i podi nelle tre staffette di Isone, Riva San Vitale e Sagno. <\/span><\/p>\n<p class=\"western\" lang=\"it-IT\"><span style=\"font-family: Calibri, sans-serif;\">Nel 2022 si spera di poter riprendere appieno l\u2019attivit\u00e0 sportiva per i giovani e l\u2019ASTi ha pure deciso di ampliare l\u2019offerta della coppa giovanile di podismo alle categorie U12 ed U14 che potranno gareggiare con gli U16, ma con classifiche distinte.<\/span><\/p>\n","protected":false},"excerpt":{"rendered":"<p>L\u2019Unione Sportiva Capriaschese ricorda la 47a edizione della Staffetta Capriaschese, Trofeo G. Quadri, valevole per il trofeo ASTI staffette, prevista a Tesserete.\u00a0 Lo scorso anno il TAS vide l&#8217;USC vincere due classifiche ed ottenere il podio in altre due . DOMENICA 27 marzo 2022ATTENZIONE: cambiamento dell\u2019ora (spostare avanti di un&#8217;ora gli orologi!) PAGINA STAFFETTA \u00a0 Programma staffetta Capriaschese ASTi \u2013 Podismo Comunicato 24.03.2022 TROFEO ASTI STAFFETTE IL TAS 2022 PARTE DA TESSERETE Saranno i pi\u00f9&#8230;<\/p>\n","protected":false},"author":4,"featured_media":14355,"comment_status":"closed","ping_status":"closed","sticky":false,"template":"","format":"standard","meta":{"jetpack_post_was_ever_published":false,"_jetpack_newsletter_access":"","_jetpack_dont_email_post_to_subs":false,"_jetpack_newsletter_tier_id":0,"_jetpack_memberships_contains_paywalled_content":false,"_jetpack_memberships_contains_paid_content":false,"footnotes":"","jetpack_publicize_message":"","jetpack_publicize_feature_enabled":true,"jetpack_social_post_already_shared":false,"jetpack_social_options":{"image_generator_settings":{"template":"highway","default_image_id":0,"font":"","enabled":false},"version":2}},"categories":[12,5,9,8],"tags":[],"class_list":["post-14466","post","type-post","status-publish","format-standard","has-post-thumbnail","hentry","category-nostregare","category-podismo","category-sport","category-staffette"],"jetpack_publicize_connections":[],"jetpack_featured_media_url":"https:\/\/i0.wp.com\/uscatletica.ch\/wp\/wp-content\/uploads\/2022\/03\/staff-USC-programma2022.jpg?fit=852%2C861&ssl=1","jetpack_sharing_enabled":true,"jetpack_shortlink":"https:\/\/wp.me\/p6V7Ck-3Lk","jetpack-related-posts":[{"id":3776,"url":"https:\/\/uscatletica.ch\/wp\/?p=3776","url_meta":{"origin":14466,"position":0},"title":"La staffetta Capriaschese lancia il TAS 2017 Attenzione Ora Legale orologi avanti  1 ora","author":"Leonida Stampanoni","date":"22 Marzo 2017","format":false,"excerpt":"Domenica a Tesserete l'USC avr\u00e0 l'onore di aprire la 15 stagione del TAS che assegner\u00e0 il supertrofeo ed i 6 trofei di categorie. La nostra staffetta nata nel 1974 sul lago d'Origlio si disputa da oramai una ventina d'anni nel centro di Tesserete. \u00a0Alle 14.30, attenzione nella notte \u00a0ci sar\u00e0\u2026","rel":"","context":"In &quot;Staffette&quot;","block_context":{"text":"Staffette","link":"https:\/\/uscatletica.ch\/wp\/?cat=8"},"img":{"alt_text":"","src":"https:\/\/i0.wp.com\/uscatletica.ch\/wp\/wp-content\/uploads\/2015\/11\/percorsostaffetta.png?fit=640%2C378&ssl=1&resize=350%2C200","width":350,"height":200,"srcset":"https:\/\/i0.wp.com\/uscatletica.ch\/wp\/wp-content\/uploads\/2015\/11\/percorsostaffetta.png?fit=640%2C378&ssl=1&resize=350%2C200 1x, https:\/\/i0.wp.com\/uscatletica.ch\/wp\/wp-content\/uploads\/2015\/11\/percorsostaffetta.png?fit=640%2C378&ssl=1&resize=525%2C300 1.5x"},"classes":[]},{"id":1001,"url":"https:\/\/uscatletica.ch\/wp\/?p=1001","url_meta":{"origin":14466,"position":1},"title":"La Staffetta Capriaschese lancia il TAS (Benvenuti a Tesserete)","author":"Leonida Stampanoni","date":"17 Marzo 2016","format":false,"excerpt":"L'USC CAPRIASCHESE AUGURA A TUTTI UNA SPLENDIDA STAFFETTA CAPRIASCHESE ED A TUTTI I PAP\u00c0 UN SERENA FESTA Una splendida giornata di primavera sar\u00e0 la cornice ideale della prima staffetta del TAS 2016 L'USC ha il piacere di inaugurare il\u00a0Trofeo Asti Staffette\u00a02016, la 43a\u00a0edizione della Staffetta Capriaschese animer\u00e0 sabato 19 marzo\u2026","rel":"","context":"In &quot;Staffette&quot;","block_context":{"text":"Staffette","link":"https:\/\/uscatletica.ch\/wp\/?cat=8"},"img":{"alt_text":"","src":"https:\/\/i0.wp.com\/uscatletica.ch\/wp\/wp-content\/uploads\/2016\/03\/P1280835.jpg?fit=600%2C450&ssl=1&resize=350%2C200","width":350,"height":200,"srcset":"https:\/\/i0.wp.com\/uscatletica.ch\/wp\/wp-content\/uploads\/2016\/03\/P1280835.jpg?fit=600%2C450&ssl=1&resize=350%2C200 1x, https:\/\/i0.wp.com\/uscatletica.ch\/wp\/wp-content\/uploads\/2016\/03\/P1280835.jpg?fit=600%2C450&ssl=1&resize=525%2C300 1.5x"},"classes":[]},{"id":16830,"url":"https:\/\/uscatletica.ch\/wp\/?p=16830","url_meta":{"origin":14466,"position":2},"title":"La Staffetta Capriaschese lancia il TAS","author":"Stampa E","date":"24 Marzo 2023","format":false,"excerpt":"Una rinnovata Staffetta Capriaschese lancer\u00e0 la stagione del Trofeo ASTi BancaStato Staffette. L\u2019USC \u00e8 pronta ad accogliere i concorrenti sul circuito di Tesserete. Per le categorie giovanili la novit\u00e0 \u00e8 la parificazione delle distanze tra maschi e femmine. Le attive invece debutteranno nella spettacolare americana a coppie sulla distanza di\u2026","rel":"","context":"In &quot;I nostri appuntamenti&quot;","block_context":{"text":"I nostri appuntamenti","link":"https:\/\/uscatletica.ch\/wp\/?cat=12"},"img":{"alt_text":"","src":"https:\/\/i0.wp.com\/uscatletica.ch\/wp\/wp-content\/uploads\/2023\/03\/StaffettaUSC22-Foto-USC-ES-1-scaled.jpg?fit=1200%2C817&ssl=1&resize=350%2C200","width":350,"height":200,"srcset":"https:\/\/i0.wp.com\/uscatletica.ch\/wp\/wp-content\/uploads\/2023\/03\/StaffettaUSC22-Foto-USC-ES-1-scaled.jpg?fit=1200%2C817&ssl=1&resize=350%2C200 1x, https:\/\/i0.wp.com\/uscatletica.ch\/wp\/wp-content\/uploads\/2023\/03\/StaffettaUSC22-Foto-USC-ES-1-scaled.jpg?fit=1200%2C817&ssl=1&resize=525%2C300 1.5x, https:\/\/i0.wp.com\/uscatletica.ch\/wp\/wp-content\/uploads\/2023\/03\/StaffettaUSC22-Foto-USC-ES-1-scaled.jpg?fit=1200%2C817&ssl=1&resize=700%2C400 2x, https:\/\/i0.wp.com\/uscatletica.ch\/wp\/wp-content\/uploads\/2023\/03\/StaffettaUSC22-Foto-USC-ES-1-scaled.jpg?fit=1200%2C817&ssl=1&resize=1050%2C600 3x"},"classes":[]},{"id":7488,"url":"https:\/\/uscatletica.ch\/wp\/?p=7488","url_meta":{"origin":14466,"position":3},"title":"La Stagione ASTi parte con il trofeo Quadri e la Sementina San Defendente","author":"Leonida Stampanoni","date":"29 Marzo 2019","format":false,"excerpt":"L'ora Legale SABATO NOTTERICORDATEVI DI SPOSTARE I VOSTRI MARCATEMPO AVANTI \u00a0DI UN'ORA Con il salto nell'ora Legale parte anche la Stagione ASTi delle gare fuori pista. Il Trofeo ASTi Staffette parte con la Staffetta Capriaschese che assegner\u00e0 il Trofeo impresa costruzioni Giovanni Quadri. Siamo pronti ad accogliere sule strade di\u2026","rel":"","context":"In &quot;I nostri appuntamenti&quot;","block_context":{"text":"I nostri appuntamenti","link":"https:\/\/uscatletica.ch\/wp\/?cat=12"},"img":{"alt_text":"","src":"https:\/\/i0.wp.com\/uscatletica.ch\/wp\/wp-content\/uploads\/2018\/04\/tgq18U0810-1.jpg?fit=562%2C273&ssl=1&resize=350%2C200","width":350,"height":200,"srcset":"https:\/\/i0.wp.com\/uscatletica.ch\/wp\/wp-content\/uploads\/2018\/04\/tgq18U0810-1.jpg?fit=562%2C273&ssl=1&resize=350%2C200 1x, https:\/\/i0.wp.com\/uscatletica.ch\/wp\/wp-content\/uploads\/2018\/04\/tgq18U0810-1.jpg?fit=562%2C273&ssl=1&resize=525%2C300 1.5x"},"classes":[]},{"id":7375,"url":"https:\/\/uscatletica.ch\/wp\/?p=7375","url_meta":{"origin":14466,"position":4},"title":"LA STAFFETTA CAPRIASCHESE 2019 LANCIA IL TAS (ORA LEGALE)","author":"Leonida Stampanoni","date":"7 Marzo 2019","format":false,"excerpt":"ATTENZIONE SALTO NELL'ORA LEGALE SPOSTARE GLI OROLOGI AVANTI DI UN'ORA La stagione 2019 del Trofeo ASTi Staffette partir\u00e0 con la 46 edizione della staffetta Capriaschese. I nostri atleti debuteranno in casa nell'amatissima competizione per i giovani podisti Il nuovo calendario agenda ASTi 46a STAFFETTA CAPRIASCHESE\u00a0 TROFEO IMPRESA GIOVANNI QUADRI Domenica\u2026","rel":"","context":"In &quot;Altro&quot;","block_context":{"text":"Altro","link":"https:\/\/uscatletica.ch\/wp\/?cat=11"},"img":{"alt_text":"","src":"https:\/\/i0.wp.com\/uscatletica.ch\/wp\/wp-content\/uploads\/2015\/11\/staffUSC2017CLASS.jpg?resize=350%2C200&ssl=1","width":350,"height":200,"srcset":"https:\/\/i0.wp.com\/uscatletica.ch\/wp\/wp-content\/uploads\/2015\/11\/staffUSC2017CLASS.jpg?resize=350%2C200&ssl=1 1x, https:\/\/i0.wp.com\/uscatletica.ch\/wp\/wp-content\/uploads\/2015\/11\/staffUSC2017CLASS.jpg?resize=525%2C300&ssl=1 1.5x"},"classes":[]},{"id":21791,"url":"https:\/\/uscatletica.ch\/wp\/?p=21791","url_meta":{"origin":14466,"position":5},"title":"La Staffetta Capriaschese inaugura la stagione TAS","author":"Leonida Stampanoni","date":"19 Marzo 2026","format":false,"excerpt":"51a STAFFETTA USC 2026 - TROFEO GIOVANNI QUADRIper le vie di Tesserete Valida per il Trofeo ASTi staffette Programma_2026","rel":"","context":"In &quot;Sport&quot;","block_context":{"text":"Sport","link":"https:\/\/uscatletica.ch\/wp\/?cat=9"},"img":{"alt_text":"","src":"https:\/\/i0.wp.com\/uscatletica.ch\/wp\/wp-content\/uploads\/2024\/03\/Staffetta-USC-2024-Americana-maschile-FotoEliSta.jpg?fit=811%2C562&ssl=1&resize=350%2C200","width":350,"height":200,"srcset":"https:\/\/i0.wp.com\/uscatletica.ch\/wp\/wp-content\/uploads\/2024\/03\/Staffetta-USC-2024-Americana-maschile-FotoEliSta.jpg?fit=811%2C562&ssl=1&resize=350%2C200 1x, https:\/\/i0.wp.com\/uscatletica.ch\/wp\/wp-content\/uploads\/2024\/03\/Staffetta-USC-2024-Americana-maschile-FotoEliSta.jpg?fit=811%2C562&ssl=1&resize=525%2C300 1.5x, https:\/\/i0.wp.com\/uscatletica.ch\/wp\/wp-content\/uploads\/2024\/03\/Staffetta-USC-2024-Americana-maschile-FotoEliSta.jpg?fit=811%2C562&ssl=1&resize=700%2C400 2x"},"classes":[]}],"_links":{"self":[{"href":"https:\/\/uscatletica.ch\/wp\/index.php?rest_route=\/wp\/v2\/posts\/14466","targetHints":{"allow":["GET"]}}],"collection":[{"href":"https:\/\/uscatletica.ch\/wp\/index.php?rest_route=\/wp\/v2\/posts"}],"about":[{"href":"https:\/\/uscatletica.ch\/wp\/index.php?rest_route=\/wp\/v2\/types\/post"}],"author":[{"embeddable":true,"href":"https:\/\/uscatletica.ch\/wp\/index.php?rest_route=\/wp\/v2\/users\/4"}],"replies":[{"embeddable":true,"href":"https:\/\/uscatletica.ch\/wp\/index.php?rest_route=%2Fwp%2Fv2%2Fcomments&post=14466"}],"version-history":[{"count":3,"href":"https:\/\/uscatletica.ch\/wp\/index.php?rest_route=\/wp\/v2\/posts\/14466\/revisions"}],"predecessor-version":[{"id":14475,"href":"https:\/\/uscatletica.ch\/wp\/index.php?rest_route=\/wp\/v2\/posts\/14466\/revisions\/14475"}],"wp:featuredmedia":[{"embeddable":true,"href":"https:\/\/uscatletica.ch\/wp\/index.php?rest_route=\/wp\/v2\/media\/14355"}],"wp:attachment":[{"href":"https:\/\/uscatletica.ch\/wp\/index.php?rest_route=%2Fwp%2Fv2%2Fmedia&parent=14466"}],"wp:term":[{"taxonomy":"category","embeddable":true,"href":"https:\/\/uscatletica.ch\/wp\/index.php?rest_route=%2Fwp%2Fv2%2Fcategories&post=14466"},{"taxonomy":"post_tag","embeddable":true,"href":"https:\/\/uscatletica.ch\/wp\/index.php?rest_route=%2Fwp%2Fv2%2Ftags&post=14466"}],"curies":[{"name":"wp","href":"https:\/\/api.w.org\/{rel}","templated":true}]}}