{"id":15083,"date":"2022-05-07T08:44:03","date_gmt":"2022-05-07T06:44:03","guid":{"rendered":"http:\/\/uscatletica.ch\/wp\/?p=15083"},"modified":"2022-05-07T08:44:07","modified_gmt":"2022-05-07T06:44:07","slug":"il-fine-settimana-usc-40-tgdl-ct-staffette-e-sola","status":"publish","type":"post","link":"https:\/\/uscatletica.ch\/wp\/?p=15083","title":{"rendered":"Il fine settimana USC 40 TGDL CT STAFFETTE E SOLA"},"content":{"rendered":"\n<p>Il fine settimana della 40 edizione della Tesserete Gola di Lago offre agli appassionati due altri appuntamenti le nostre ragazze saranno a Bellinzona per i campionati ticinesi giovanili di Staffette\u00a0 tre le squadre al via la 4&#215;100 m e l&#8217;olimpionica U18 con Matilda reduce dal raduno con la nazionale a le compagne. le U16 saranno al via nella 3&#215;1000 m. Nella corsa al titolo die 10000 m in gara anche John . Chiara dal canto sui sar\u00e0 impegnata in Italia in preparazione dei mondiali di categoria in programma a giugno. <\/p>\n<p>4000 persone al via della SOLA Staffette i Ticino Capitals che lo scorso hanno al termine delle 14 tratte salirono sul podio potranno contare su 4 atleti USC per sfidare lungo i 113 km le migliori squadre universitarie.<\/p>\n<p><a href=\"https:\/\/trackmaxx.ch\/results\/?race=solazh22\" target=\"_blank\" rel=\"noopener\">Seguite live i Ticino Capitals con Michele, Elisa, Marco e Manuele.\u00a0 <\/a>I<a href=\"https:\/\/slv.laportal.net\/Competitions\/Details\/6789\" target=\"_blank\" rel=\"noopener\"> risultati dal comunale di Bellinzona<\/a><\/p>\n<p>Al comunale di Bellinzona saranno 43 le squadre a contendersi i primi titoli su pista. Nella 4&#215;100 l&#8217;USC regolarmente a medaglia negli ultimi anni si presenta con Pauline, Gaia, Lea e Matilda che nel finale potr\u00e0 chiudere in bellezza il lavoro svolto dalle compagne . Nell&#8217;Olimpionica Federica e Morena Matilda\u00a0 e Carolina lotteranno contro SAL e Atletica Mendrisiotto. 10 le squadre al via nella 3&#215;1000 m con Martina Jennis e Olivia S. che proveranno a duellare con le favorite. John sar\u00e0 al via dei campionati ticinesi dei 10000 m con Toto Notari e Marco Oberti . Chiara sar\u00e0 al via sulle piste Italiane dopo il nuovo primato personale degli 80 m\u00a0 che lascia intravvedere miglioramento\u00a0 anche nelle altre specialit\u00e0- <\/p>\n<p>La Sola Staffette il pi\u00f9 grande evento sportivo universitario della Svizzera si sta correndo attualmente a Zurigo. Quattro gli studenti USC al via nella squadra Ticino Capitals, terza lo scorso anno. Manuele in quinta tratta, Michele in nona, Elisa in decima e Marco in undicesima tratta avranno tutti un ruolo primario nell&#8217;ottima riuscita della formazione Ticinese.<\/p>\n<p>\u00a0<\/p>\n","protected":false},"excerpt":{"rendered":"<p>Il fine settimana della 40 edizione della Tesserete Gola di Lago offre agli appassionati due altri appuntamenti le nostre ragazze saranno a Bellinzona per i campionati ticinesi giovanili di Staffette\u00a0 tre le squadre al via la 4&#215;100 m e l&#8217;olimpionica U18 con Matilda reduce dal raduno con la nazionale a le compagne. le U16 saranno al via nella 3&#215;1000 m. Nella corsa al titolo die 10000 m in gara anche John . Chiara dal canto&#8230;<\/p>\n","protected":false},"author":4,"featured_media":12671,"comment_status":"closed","ping_status":"closed","sticky":false,"template":"","format":"standard","meta":{"jetpack_post_was_ever_published":false,"_jetpack_newsletter_access":"","_jetpack_dont_email_post_to_subs":false,"_jetpack_newsletter_tier_id":0,"_jetpack_memberships_contains_paywalled_content":false,"_jetpack_memberships_contains_paid_content":false,"footnotes":"","jetpack_publicize_message":"","jetpack_publicize_feature_enabled":true,"jetpack_social_post_already_shared":false,"jetpack_social_options":{"image_generator_settings":{"template":"highway","default_image_id":0,"font":"","enabled":false},"version":2}},"categories":[16,4,5,9],"tags":[],"class_list":["post-15083","post","type-post","status-publish","format-standard","has-post-thumbnail","hentry","category-montagna","category-pista","category-podismo","category-sport"],"jetpack_publicize_connections":[],"jetpack_featured_media_url":"https:\/\/i0.wp.com\/uscatletica.ch\/wp\/wp-content\/uploads\/2021\/06\/P1110468.jpeg?fit=432%2C324&ssl=1","jetpack_sharing_enabled":true,"jetpack_shortlink":"https:\/\/wp.me\/p6V7Ck-3Vh","jetpack-related-posts":[{"id":19296,"url":"https:\/\/uscatletica.ch\/wp\/?p=19296","url_meta":{"origin":15083,"position":0},"title":"DA LOCARNO A COMANO IL FINE SETTIMANA USC","author":"Leonida Stampanoni","date":"3 Maggio 2024","format":false,"excerpt":"Il primo fine settimana di maggio sar\u00e0 particolarmente intenso sabato a Locarno ci saranno i CSI ed i campionati ticinesi di Staffetta Olimpionica una ventina le presenze USC. Domenica alla Comano Run quarta prova delle Coppe ASTi BancaStato \u00a0Podismo e Giovanile \u00a0si assegneranno anche i titoli ASTi in gara singola.\u2026","rel":"","context":"In &quot;Pista&quot;","block_context":{"text":"Pista","link":"https:\/\/uscatletica.ch\/wp\/?cat=4"},"img":{"alt_text":"","src":"https:\/\/i0.wp.com\/uscatletica.ch\/wp\/wp-content\/uploads\/2017\/05\/csi2017u16.jpg?fit=579%2C407&ssl=1&resize=350%2C200","width":350,"height":200,"srcset":"https:\/\/i0.wp.com\/uscatletica.ch\/wp\/wp-content\/uploads\/2017\/05\/csi2017u16.jpg?fit=579%2C407&ssl=1&resize=350%2C200 1x, https:\/\/i0.wp.com\/uscatletica.ch\/wp\/wp-content\/uploads\/2017\/05\/csi2017u16.jpg?fit=579%2C407&ssl=1&resize=525%2C300 1.5x"},"classes":[]},{"id":8025,"url":"https:\/\/uscatletica.ch\/wp\/?p=8025","url_meta":{"origin":15083,"position":1},"title":"Al Lido la medaglia sfuma in finale.Ticino Capitals secondi alla Sola (video)","author":"Leonida Stampanoni","date":"4 Maggio 2019","format":false,"excerpt":"Sabato di staffette per l'USC; a Locarno si assegnano i primi titoli attorno all'anello di 400 m per la stagione 2019 le nostre atlete purtroppo incappano nella squalifica all'ultimo cambio della 5x80 m . Alla Sola Staffette di Zurich 6 USCini completano l'organico di 14 atleti dei Ticino Capitals impegnati\u2026","rel":"","context":"In &quot;Pista&quot;","block_context":{"text":"Pista","link":"https:\/\/uscatletica.ch\/wp\/?cat=4"},"img":{"alt_text":"","src":"https:\/\/i0.wp.com\/uscatletica.ch\/wp\/wp-content\/uploads\/2019\/02\/P1010343.jpg?fit=1024%2C768&ssl=1&resize=350%2C200","width":350,"height":200,"srcset":"https:\/\/i0.wp.com\/uscatletica.ch\/wp\/wp-content\/uploads\/2019\/02\/P1010343.jpg?fit=1024%2C768&ssl=1&resize=350%2C200 1x, https:\/\/i0.wp.com\/uscatletica.ch\/wp\/wp-content\/uploads\/2019\/02\/P1010343.jpg?fit=1024%2C768&ssl=1&resize=525%2C300 1.5x, https:\/\/i0.wp.com\/uscatletica.ch\/wp\/wp-content\/uploads\/2019\/02\/P1010343.jpg?fit=1024%2C768&ssl=1&resize=700%2C400 2x"},"classes":[]},{"id":6017,"url":"https:\/\/uscatletica.ch\/wp\/?p=6017","url_meta":{"origin":15083,"position":2},"title":"CSI USCini al gran completo","author":"Leonida Stampanoni","date":"11 Maggio 2018","format":false,"excerpt":"Il Ticino \u00e8 in piena febbre dell'oro con gli orientisti rossocrociato che hanno una media di un titolo al giorno, l'atletica ticinese non si ferma e sabato lo Stadio di Cornaredo ospiter\u00e0 l'edizione 2018 dei CSI. Sabato 12 maggio sar\u00e0 una data storica per l'USC che presenter\u00e0 al via ben\u2026","rel":"","context":"In &quot;Pista&quot;","block_context":{"text":"Pista","link":"https:\/\/uscatletica.ch\/wp\/?cat=4"},"img":{"alt_text":"","src":"https:\/\/i0.wp.com\/uscatletica.ch\/wp\/wp-content\/uploads\/2017\/05\/P1470021.jpg?fit=563%2C422&ssl=1&resize=350%2C200","width":350,"height":200,"srcset":"https:\/\/i0.wp.com\/uscatletica.ch\/wp\/wp-content\/uploads\/2017\/05\/P1470021.jpg?fit=563%2C422&ssl=1&resize=350%2C200 1x, https:\/\/i0.wp.com\/uscatletica.ch\/wp\/wp-content\/uploads\/2017\/05\/P1470021.jpg?fit=563%2C422&ssl=1&resize=525%2C300 1.5x"},"classes":[]},{"id":15303,"url":"https:\/\/uscatletica.ch\/wp\/?p=15303","url_meta":{"origin":15083,"position":3},"title":"Gare a Lugano, Bressanone e Ligornetto","author":"Leonida Stampanoni","date":"28 Maggio 2022","format":false,"excerpt":"Il fine settimana USC sar\u00e0 intenso per l'USC tre impegni si comincia sabato allo stadio di Cornaredo con la finale cantonale Visana Sprint con sei uscine al via Aubree, Anais, Alice, Jennis, Melissa, Marta.\u00a0 Morena e Matilda invece con la selezione Ticino andranno per il fine settimana a Bressanone per\u2026","rel":"","context":"In &quot;Pista&quot;","block_context":{"text":"Pista","link":"https:\/\/uscatletica.ch\/wp\/?cat=4"},"img":{"alt_text":"","src":"https:\/\/i0.wp.com\/uscatletica.ch\/wp\/wp-content\/uploads\/2022\/05\/220105stralos.png?fit=432%2C288&ssl=1&resize=350%2C200","width":350,"height":200},"classes":[]},{"id":13069,"url":"https:\/\/uscatletica.ch\/wp\/?p=13069","url_meta":{"origin":15083,"position":4},"title":"A Cornaredo riparte la stagione la nostra 4&#215;100 ambiziosa","author":"Leonida Stampanoni","date":"20 Agosto 2021","format":false,"excerpt":"Sabato sera saranno una decina gli atleti USC al via del Meeting Serale di Lugano abbinato ai campionati ticinesi di 4x100 e staffetta Olimpionica. Il nostro quartetto sar\u00e0 al via della 4x100 m femminile \u00a0sei atleti al via nelle gare individuali \u00a0su 100 m e 600 m. Nei prossimi due\u2026","rel":"","context":"In &quot;Pista&quot;","block_context":{"text":"Pista","link":"https:\/\/uscatletica.ch\/wp\/?cat=4"},"img":{"alt_text":"","src":"https:\/\/i0.wp.com\/uscatletica.ch\/wp\/wp-content\/uploads\/2021\/07\/210721leilamatilda.jpg?fit=432%2C324&ssl=1&resize=350%2C200","width":350,"height":200},"classes":[]},{"id":15134,"url":"https:\/\/uscatletica.ch\/wp\/?p=15134","url_meta":{"origin":15083,"position":5},"title":"SOLA STAFETTE con 4 USCini in gran spolvero","author":"Leonida Stampanoni","date":"8 Maggio 2022","format":false,"excerpt":"Nel pi\u00f9 grande evento sportivo universitario della Svizzera la Sola Staffette Zurich. che gi\u00e0 vide gli USCini brillare a cavallo del passaggio di Millennio, l'edizione 2022 ha visto i Ticino Capitals con ben 4 USCini presenti nel team di 14 prendersi il terzo rango . In Mattinata Manuele ha corso\u2026","rel":"","context":"In &quot;Non catalogato&quot;","block_context":{"text":"Non catalogato","link":"https:\/\/uscatletica.ch\/wp\/?cat=6"},"img":{"alt_text":"","src":"https:\/\/i0.wp.com\/uscatletica.ch\/wp\/wp-content\/uploads\/2022\/05\/sola2022dal.jpg?fit=432%2C324&ssl=1&resize=350%2C200","width":350,"height":200},"classes":[]}],"_links":{"self":[{"href":"https:\/\/uscatletica.ch\/wp\/index.php?rest_route=\/wp\/v2\/posts\/15083","targetHints":{"allow":["GET"]}}],"collection":[{"href":"https:\/\/uscatletica.ch\/wp\/index.php?rest_route=\/wp\/v2\/posts"}],"about":[{"href":"https:\/\/uscatletica.ch\/wp\/index.php?rest_route=\/wp\/v2\/types\/post"}],"author":[{"embeddable":true,"href":"https:\/\/uscatletica.ch\/wp\/index.php?rest_route=\/wp\/v2\/users\/4"}],"replies":[{"embeddable":true,"href":"https:\/\/uscatletica.ch\/wp\/index.php?rest_route=%2Fwp%2Fv2%2Fcomments&post=15083"}],"version-history":[{"count":1,"href":"https:\/\/uscatletica.ch\/wp\/index.php?rest_route=\/wp\/v2\/posts\/15083\/revisions"}],"predecessor-version":[{"id":15084,"href":"https:\/\/uscatletica.ch\/wp\/index.php?rest_route=\/wp\/v2\/posts\/15083\/revisions\/15084"}],"wp:featuredmedia":[{"embeddable":true,"href":"https:\/\/uscatletica.ch\/wp\/index.php?rest_route=\/wp\/v2\/media\/12671"}],"wp:attachment":[{"href":"https:\/\/uscatletica.ch\/wp\/index.php?rest_route=%2Fwp%2Fv2%2Fmedia&parent=15083"}],"wp:term":[{"taxonomy":"category","embeddable":true,"href":"https:\/\/uscatletica.ch\/wp\/index.php?rest_route=%2Fwp%2Fv2%2Fcategories&post=15083"},{"taxonomy":"post_tag","embeddable":true,"href":"https:\/\/uscatletica.ch\/wp\/index.php?rest_route=%2Fwp%2Fv2%2Ftags&post=15083"}],"curies":[{"name":"wp","href":"https:\/\/api.w.org\/{rel}","templated":true}]}}