{"id":15162,"date":"2022-05-13T15:33:00","date_gmt":"2022-05-13T13:33:00","guid":{"rendered":"http:\/\/uscatletica.ch\/wp\/?p=15162"},"modified":"2022-05-16T17:36:57","modified_gmt":"2022-05-16T15:36:57","slug":"fine-settimana-tra-biasca-berna-e-comano","status":"publish","type":"post","link":"https:\/\/uscatletica.ch\/wp\/?p=15162","title":{"rendered":"Fine settimana tra Biasca, Horw, Berna e Comano"},"content":{"rendered":"\n<p>Il fine settimana USC sar\u00e0 particolarmente intenso\u00a0 sabato le nostre ragazze tornano in pista come sqaudra\u00a0 dopo le tre medaglie in staffetta le U18 affronteranno a Biasca i CSI una squadra motivata e pronta\u00a0 a cogliere grandi soddisfazioni. Giada sar\u00e0 invece in pedana ad Horw Sabato i podisti saranno impegnati al GP Bern una delle grandissime classiche del panorama Elvetico con oltre 30000 partecipanti. Domenica\u00a0 si corre la Comano Run terza prova della Coppa ASTi BancaStato podismo e podismo giovanile molti i giovanissimi podisti USC al via.<\/p>\n<p><a href=\"https:\/\/trackmaxx.ch\/entrylist\/?race=gp22\" target=\"_blank\" rel=\"noopener\">Live da Bern\u00a0<\/a>\u00a0<a href=\"https:\/\/slv.laportal.net\/Competitions\/Details\/6848\">RISULTATI Live da Horw<\/a>\u00a0<a href=\"https:\/\/slv.laportal.net\/Competitions\/Details\/6918\" target=\"_blank\" rel=\"noopener\">risultati live da Biasca<\/a><\/p>\n<p>Ai CSI di Biasca le nostre duplici campionesse ticinese di Staffette U18. Torneranno a lottare in squadra dirette da Loris e Lorenzo. Nella sfida a 4 ci saranno CA Ascona Locarno Atletica Mendrisiotto e SA Bellinzona. Matilda, Morena, Lara S, Gaia, Carolina, Lea, Pauline e Martina sono pronte a\u00a0 raccogliere i frutti del grande lavoro invernale. A Horw la nostra primatista cantonale Giada lancer\u00e0 la sua prima stagione nella categoria maggiore alle 11.45 sar\u00e0 in pedana nel Disco mentre alle 14.10 getter\u00e0 il peso<\/p>\n","protected":false},"excerpt":{"rendered":"<p>Il fine settimana USC sar\u00e0 particolarmente intenso\u00a0 sabato le nostre ragazze tornano in pista come sqaudra\u00a0 dopo le tre medaglie in staffetta le U18 affronteranno a Biasca i CSI una squadra motivata e pronta\u00a0 a cogliere grandi soddisfazioni. Giada sar\u00e0 invece in pedana ad Horw Sabato i podisti saranno impegnati al GP Bern una delle grandissime classiche del panorama Elvetico con oltre 30000 partecipanti. Domenica\u00a0 si corre la Comano Run terza prova della Coppa ASTi&#8230;<\/p>\n","protected":false},"author":4,"featured_media":15136,"comment_status":"closed","ping_status":"closed","sticky":false,"template":"","format":"standard","meta":{"jetpack_post_was_ever_published":false,"_jetpack_newsletter_access":"","_jetpack_dont_email_post_to_subs":false,"_jetpack_newsletter_tier_id":0,"_jetpack_memberships_contains_paywalled_content":false,"_jetpack_memberships_contains_paid_content":false,"footnotes":"","jetpack_publicize_message":"","jetpack_publicize_feature_enabled":true,"jetpack_social_post_already_shared":false,"jetpack_social_options":{"image_generator_settings":{"template":"highway","default_image_id":0,"font":"","enabled":false},"version":2}},"categories":[4,5],"tags":[],"class_list":["post-15162","post","type-post","status-publish","format-standard","has-post-thumbnail","hentry","category-pista","category-podismo"],"jetpack_publicize_connections":[],"jetpack_featured_media_url":"https:\/\/i0.wp.com\/uscatletica.ch\/wp\/wp-content\/uploads\/2022\/05\/P1180123.jpg?fit=432%2C324&ssl=1","jetpack_sharing_enabled":true,"jetpack_shortlink":"https:\/\/wp.me\/p6V7Ck-3Wy","jetpack-related-posts":[{"id":19296,"url":"https:\/\/uscatletica.ch\/wp\/?p=19296","url_meta":{"origin":15162,"position":0},"title":"DA LOCARNO A COMANO IL FINE SETTIMANA USC","author":"Leonida Stampanoni","date":"3 Maggio 2024","format":false,"excerpt":"Il primo fine settimana di maggio sar\u00e0 particolarmente intenso sabato a Locarno ci saranno i CSI ed i campionati ticinesi di Staffetta Olimpionica una ventina le presenze USC. Domenica alla Comano Run quarta prova delle Coppe ASTi BancaStato \u00a0Podismo e Giovanile \u00a0si assegneranno anche i titoli ASTi in gara singola.\u2026","rel":"","context":"In &quot;Pista&quot;","block_context":{"text":"Pista","link":"https:\/\/uscatletica.ch\/wp\/?cat=4"},"img":{"alt_text":"","src":"https:\/\/i0.wp.com\/uscatletica.ch\/wp\/wp-content\/uploads\/2017\/05\/csi2017u16.jpg?fit=579%2C407&ssl=1&resize=350%2C200","width":350,"height":200,"srcset":"https:\/\/i0.wp.com\/uscatletica.ch\/wp\/wp-content\/uploads\/2017\/05\/csi2017u16.jpg?fit=579%2C407&ssl=1&resize=350%2C200 1x, https:\/\/i0.wp.com\/uscatletica.ch\/wp\/wp-content\/uploads\/2017\/05\/csi2017u16.jpg?fit=579%2C407&ssl=1&resize=525%2C300 1.5x"},"classes":[]},{"id":5343,"url":"https:\/\/uscatletica.ch\/wp\/?p=5343","url_meta":{"origin":15162,"position":1},"title":"UKC TEAM A BIASCA PER DIVERTIRSI I PODISTI A ZURICH","author":"Leonida Stampanoni","date":"9 Dicembre 2017","format":false,"excerpt":"Nel secondo fine settimana di dicembre saranno i nostri ragazzi a scendere in pista nella palestra SPAI di Biasca per la UBS KIDS CUP Team con 113 squadre iscritte. Nel marzo scorso 2 squadre USC hanno partecipato ad\u00a0alla finale svizzera\u00a0di Untesiggenthal, domenica a Biasca saranno 4 le squadre al via\u2026","rel":"","context":"In &quot;Pista&quot;","block_context":{"text":"Pista","link":"https:\/\/uscatletica.ch\/wp\/?cat=4"},"img":{"alt_text":"","src":"https:\/\/i0.wp.com\/uscatletica.ch\/wp\/wp-content\/uploads\/2017\/02\/uckbuttikon17mini016.jpg?fit=563%2C422&ssl=1&resize=350%2C200","width":350,"height":200,"srcset":"https:\/\/i0.wp.com\/uscatletica.ch\/wp\/wp-content\/uploads\/2017\/02\/uckbuttikon17mini016.jpg?fit=563%2C422&ssl=1&resize=350%2C200 1x, https:\/\/i0.wp.com\/uscatletica.ch\/wp\/wp-content\/uploads\/2017\/02\/uckbuttikon17mini016.jpg?fit=563%2C422&ssl=1&resize=525%2C300 1.5x"},"classes":[]},{"id":13515,"url":"https:\/\/uscatletica.ch\/wp\/?p=13515","url_meta":{"origin":15162,"position":2},"title":"Locarno Giornico Sagno chiude la pista con i CT Giovanili partono le staffette","author":"Leonida Stampanoni","date":"1 Ottobre 2021","format":false,"excerpt":"A due anni di distanza torna un classico fine settimana autunnale carico di impegni agonistici per l'USC. Al Lido di Locarno saranno una quindicina le presenze USC ai campionati ticinesi giovanili ultimo appuntamento FTAL su suolo cantonale. Tra i favoriti possiamo citare Matilda, Lara S, Pietro, Morena. \u00a0I Podisti faranno\u2026","rel":"","context":"In &quot;Pista&quot;","block_context":{"text":"Pista","link":"https:\/\/uscatletica.ch\/wp\/?cat=4"},"img":{"alt_text":"","src":"https:\/\/i0.wp.com\/uscatletica.ch\/wp\/wp-content\/uploads\/2021\/09\/TASSagno20211002-724x1024.jpg?resize=350%2C200&ssl=1","width":350,"height":200,"srcset":"https:\/\/i0.wp.com\/uscatletica.ch\/wp\/wp-content\/uploads\/2021\/09\/TASSagno20211002-724x1024.jpg?resize=350%2C200&ssl=1 1x, https:\/\/i0.wp.com\/uscatletica.ch\/wp\/wp-content\/uploads\/2021\/09\/TASSagno20211002-724x1024.jpg?resize=525%2C300&ssl=1 1.5x"},"classes":[]},{"id":1567,"url":"https:\/\/uscatletica.ch\/wp\/?p=1567","url_meta":{"origin":15162,"position":3},"title":"CSI a Tenero In pista a Chiasso e podisti a Losone (Rassegna stampa)","author":"Leonida Stampanoni","date":"29 Aprile 2016","format":false,"excerpt":"Fine settimana tra aprile e maggio ricco di appuntamenti \u00a0per gli atleti USC che gareggeranno su parecchi fronti. Sabato a Tenero giornata campale con i CSI per le nostre U16. Domenica\u00a0\u00a0al Riva IV di Chiasso \u00a0partir\u00e0 invece la stagione per U20 e attivi \u00a0con le corse su distanze spurie. Podismo\u2026","rel":"","context":"In &quot;Pista&quot;","block_context":{"text":"Pista","link":"https:\/\/uscatletica.ch\/wp\/?cat=4"},"img":{"alt_text":"","src":"https:\/\/i0.wp.com\/uscatletica.ch\/wp\/wp-content\/uploads\/2016\/03\/celle2016.png?fit=558%2C362&ssl=1&resize=350%2C200","width":350,"height":200,"srcset":"https:\/\/i0.wp.com\/uscatletica.ch\/wp\/wp-content\/uploads\/2016\/03\/celle2016.png?fit=558%2C362&ssl=1&resize=350%2C200 1x, https:\/\/i0.wp.com\/uscatletica.ch\/wp\/wp-content\/uploads\/2016\/03\/celle2016.png?fit=558%2C362&ssl=1&resize=525%2C300 1.5x"},"classes":[]},{"id":6017,"url":"https:\/\/uscatletica.ch\/wp\/?p=6017","url_meta":{"origin":15162,"position":4},"title":"CSI USCini al gran completo","author":"Leonida Stampanoni","date":"11 Maggio 2018","format":false,"excerpt":"Il Ticino \u00e8 in piena febbre dell'oro con gli orientisti rossocrociato che hanno una media di un titolo al giorno, l'atletica ticinese non si ferma e sabato lo Stadio di Cornaredo ospiter\u00e0 l'edizione 2018 dei CSI. Sabato 12 maggio sar\u00e0 una data storica per l'USC che presenter\u00e0 al via ben\u2026","rel":"","context":"In &quot;Pista&quot;","block_context":{"text":"Pista","link":"https:\/\/uscatletica.ch\/wp\/?cat=4"},"img":{"alt_text":"","src":"https:\/\/i0.wp.com\/uscatletica.ch\/wp\/wp-content\/uploads\/2017\/05\/P1470021.jpg?fit=563%2C422&ssl=1&resize=350%2C200","width":350,"height":200,"srcset":"https:\/\/i0.wp.com\/uscatletica.ch\/wp\/wp-content\/uploads\/2017\/05\/P1470021.jpg?fit=563%2C422&ssl=1&resize=350%2C200 1x, https:\/\/i0.wp.com\/uscatletica.ch\/wp\/wp-content\/uploads\/2017\/05\/P1470021.jpg?fit=563%2C422&ssl=1&resize=525%2C300 1.5x"},"classes":[]},{"id":8067,"url":"https:\/\/uscatletica.ch\/wp\/?p=8067","url_meta":{"origin":15162,"position":5},"title":"CSI POKER USC AL VIA AL LIDO GP BERN","author":"Leonida Stampanoni","date":"10 Maggio 2019","format":false,"excerpt":"Sabato al Lido grande giornata di atletica con i CSI Giovanili, i campionati svizzeri per societ\u00e0. Sulle rive del Verbano 10 societ\u00e0 ticinesi presenteranno 40 squadre al via nelle sei categorie. L'USC sar\u00e0 presente con 4 squadre una per categoria U18,U16, U14 al femminile e gli U16 Maschili . Tra\u2026","rel":"","context":"In &quot;Pista&quot;","block_context":{"text":"Pista","link":"https:\/\/uscatletica.ch\/wp\/?cat=4"},"img":{"alt_text":"","src":"https:\/\/i0.wp.com\/uscatletica.ch\/wp\/wp-content\/uploads\/2017\/05\/csi2017u16.jpg?fit=579%2C407&ssl=1&resize=350%2C200","width":350,"height":200,"srcset":"https:\/\/i0.wp.com\/uscatletica.ch\/wp\/wp-content\/uploads\/2017\/05\/csi2017u16.jpg?fit=579%2C407&ssl=1&resize=350%2C200 1x, https:\/\/i0.wp.com\/uscatletica.ch\/wp\/wp-content\/uploads\/2017\/05\/csi2017u16.jpg?fit=579%2C407&ssl=1&resize=525%2C300 1.5x"},"classes":[]}],"_links":{"self":[{"href":"https:\/\/uscatletica.ch\/wp\/index.php?rest_route=\/wp\/v2\/posts\/15162","targetHints":{"allow":["GET"]}}],"collection":[{"href":"https:\/\/uscatletica.ch\/wp\/index.php?rest_route=\/wp\/v2\/posts"}],"about":[{"href":"https:\/\/uscatletica.ch\/wp\/index.php?rest_route=\/wp\/v2\/types\/post"}],"author":[{"embeddable":true,"href":"https:\/\/uscatletica.ch\/wp\/index.php?rest_route=\/wp\/v2\/users\/4"}],"replies":[{"embeddable":true,"href":"https:\/\/uscatletica.ch\/wp\/index.php?rest_route=%2Fwp%2Fv2%2Fcomments&post=15162"}],"version-history":[{"count":6,"href":"https:\/\/uscatletica.ch\/wp\/index.php?rest_route=\/wp\/v2\/posts\/15162\/revisions"}],"predecessor-version":[{"id":15182,"href":"https:\/\/uscatletica.ch\/wp\/index.php?rest_route=\/wp\/v2\/posts\/15162\/revisions\/15182"}],"wp:featuredmedia":[{"embeddable":true,"href":"https:\/\/uscatletica.ch\/wp\/index.php?rest_route=\/wp\/v2\/media\/15136"}],"wp:attachment":[{"href":"https:\/\/uscatletica.ch\/wp\/index.php?rest_route=%2Fwp%2Fv2%2Fmedia&parent=15162"}],"wp:term":[{"taxonomy":"category","embeddable":true,"href":"https:\/\/uscatletica.ch\/wp\/index.php?rest_route=%2Fwp%2Fv2%2Fcategories&post=15162"},{"taxonomy":"post_tag","embeddable":true,"href":"https:\/\/uscatletica.ch\/wp\/index.php?rest_route=%2Fwp%2Fv2%2Ftags&post=15162"}],"curies":[{"name":"wp","href":"https:\/\/api.w.org\/{rel}","templated":true}]}}