{"id":15282,"date":"2022-06-01T09:00:00","date_gmt":"2022-06-01T07:00:00","guid":{"rendered":"http:\/\/uscatletica.ch\/wp\/?p=15282"},"modified":"2022-06-01T11:05:51","modified_gmt":"2022-06-01T09:05:51","slug":"meeting-serale-capriaschese-1-giugno-2022","status":"publish","type":"post","link":"https:\/\/uscatletica.ch\/wp\/?p=15282","title":{"rendered":"Stasera il 1\u00b0 meeting serale Capriaschese"},"content":{"rendered":"\n<p>MERCOLED\u00cc 1 GIUGNO 2022<\/p>\n<p>Meeting serale Capriaschese<br \/>Swiss athletics \u2013 meeting C<\/p>\n<p><br \/>USC Capriaschese &#8211; Arena Sportiva Capriasca<\/p>\n<p><a href=\"https:\/\/slv.laportal.net\/Competitions\/Details\/7125\" target=\"_blank\" rel=\"noopener\">Le <span style=\"text-decoration: underline;\">liste<\/span> di Partenza <\/a><\/p>\n<p><span style=\"text-decoration: underline;\"><a href=\"https:\/\/uscatletica.ch\/wp\/?page_id=295\">Clicca qui per la pagina con il programma<\/a><\/span><\/p>\n<p><strong>Durante il meeting sar\u00e0 in funzione la Buvette\u00a0<\/strong><\/p>\n","protected":false},"excerpt":{"rendered":"<p>MERCOLED\u00cc 1 GIUGNO 2022 Meeting serale CapriascheseSwiss athletics \u2013 meeting C USC Capriaschese &#8211; Arena Sportiva Capriasca Le liste di Partenza Clicca qui per la pagina con il programma Durante il meeting sar\u00e0 in funzione la Buvette\u00a0<\/p>\n","protected":false},"author":3,"featured_media":15283,"comment_status":"closed","ping_status":"closed","sticky":false,"template":"","format":"standard","meta":{"jetpack_post_was_ever_published":false,"_jetpack_newsletter_access":"","_jetpack_dont_email_post_to_subs":false,"_jetpack_newsletter_tier_id":0,"_jetpack_memberships_contains_paywalled_content":false,"_jetpack_memberships_contains_paid_content":false,"footnotes":"","jetpack_publicize_message":"","jetpack_publicize_feature_enabled":true,"jetpack_social_post_already_shared":false,"jetpack_social_options":{"image_generator_settings":{"template":"highway","default_image_id":0,"font":"","enabled":false},"version":2}},"categories":[12,10,4,9],"tags":[],"class_list":["post-15282","post","type-post","status-publish","format-standard","has-post-thumbnail","hentry","category-nostregare","category-info","category-pista","category-sport"],"jetpack_publicize_connections":[],"jetpack_featured_media_url":"https:\/\/i0.wp.com\/uscatletica.ch\/wp\/wp-content\/uploads\/2022\/05\/meeting1giugno.jpg?fit=984%2C450&ssl=1","jetpack_sharing_enabled":true,"jetpack_shortlink":"https:\/\/wp.me\/p6V7Ck-3Yu","jetpack-related-posts":[{"id":6516,"url":"https:\/\/uscatletica.ch\/wp\/?p=6516","url_meta":{"origin":15282,"position":0},"title":"Campionati Ticinesi di olimpionica 12 Meeting Capriaschese tutto pronto stampa","author":"Leonida Stampanoni","date":"11 Settembre 2018","format":false,"excerpt":"Staffette olimpioniche in Capriasca Meeting serale mercoled\u00ec a Tesserete con anche i Campionati ticinesi di staffetta olimpionica, dove Virtus Locarno e SAL Lugano cercheranno di difendere il titolo conquistato nel 2017 liste di partenza 2018 \ufeff 12 edizione Meeting Capriaschese \u00a0Campionati Ticinesi Olimpionica 12 settembre 2018 PrCToli18 il programma 2018\u2026","rel":"","context":"In &quot;Pista&quot;","block_context":{"text":"Pista","link":"https:\/\/uscatletica.ch\/wp\/?cat=4"},"img":{"alt_text":"","src":"https:\/\/i0.wp.com\/uscatletica.ch\/wp\/wp-content\/uploads\/2018\/08\/berlinstmoritz2018.jpg?fit=432%2C293&ssl=1&resize=350%2C200","width":350,"height":200},"classes":[]},{"id":17347,"url":"https:\/\/uscatletica.ch\/wp\/?p=17347","url_meta":{"origin":15282,"position":1},"title":"BENVENUTI AL MEETING CAPRIASCHESE","author":"Leonida Stampanoni","date":"24 Maggio 2023","format":false,"excerpt":"LA \u00a018 edizione del Meeting Capriaschese andr\u00e0 in scena mercoled\u00ec sera, l'organizzazione USC \u00e8 pronta ad accogliere i 228 partecipanti che a partire dalle 18,15 offrir\u00e0 un ricco programma di gare.\u00a0 Per la prima volta il meeting sar\u00e0 pure una world ranking competition valida per i punteggi di qualifica agli\u2026","rel":"","context":"In &quot;Pista&quot;","block_context":{"text":"Pista","link":"https:\/\/uscatletica.ch\/wp\/?cat=4"},"img":{"alt_text":"","src":"https:\/\/i0.wp.com\/uscatletica.ch\/wp\/wp-content\/uploads\/2020\/09\/Arena-sportiva-pista.jpg?fit=800%2C600&ssl=1&resize=350%2C200","width":350,"height":200,"srcset":"https:\/\/i0.wp.com\/uscatletica.ch\/wp\/wp-content\/uploads\/2020\/09\/Arena-sportiva-pista.jpg?fit=800%2C600&ssl=1&resize=350%2C200 1x, https:\/\/i0.wp.com\/uscatletica.ch\/wp\/wp-content\/uploads\/2020\/09\/Arena-sportiva-pista.jpg?fit=800%2C600&ssl=1&resize=525%2C300 1.5x, https:\/\/i0.wp.com\/uscatletica.ch\/wp\/wp-content\/uploads\/2020\/09\/Arena-sportiva-pista.jpg?fit=800%2C600&ssl=1&resize=700%2C400 2x"},"classes":[]},{"id":10648,"url":"https:\/\/uscatletica.ch\/wp\/?p=10648","url_meta":{"origin":15282,"position":2},"title":"Buon rientro alle gare per gli USCini","author":"Leonida Stampanoni","date":"18 Agosto 2020","format":false,"excerpt":"In una serata dal clima ideale erano una decina gli USCini al via del Meeting di Lugano e del campionato ticinese della 4x100 m\u00a0 diversi i personali\u00a0 ottenuti dalle nostre ragazze. Matilda ha vinto gli 80 m personale invece per Pauline, Elody, Marco\u00a0 e per concludere per Morena sui 600\u2026","rel":"","context":"In &quot;Pista&quot;","block_context":{"text":"Pista","link":"https:\/\/uscatletica.ch\/wp\/?cat=4"},"img":{"alt_text":"","src":"https:\/\/i0.wp.com\/uscatletica.ch\/wp\/wp-content\/uploads\/2020\/08\/4x100m2020.jpg?fit=410%2C308&ssl=1&resize=350%2C200","width":350,"height":200},"classes":[]},{"id":10516,"url":"https:\/\/uscatletica.ch\/wp\/?p=10516","url_meta":{"origin":15282,"position":3},"title":"La stagione Ticinese riparte da Bellinzona","author":"Leonida Stampanoni","date":"23 Giugno 2020","format":false,"excerpt":"Trascorso l'emergenza sanitaria, finalmente in Ticino si torna a gareggiare ad aprire la stagione sar\u00e0 il primo meeting serale di Bellinzona dove il 15 settembre torner\u00e0 il Gal\u00e0 Dei Castelli.\u00a0\u00a0Mercoled\u00ec sera al comunale saranno tre gli USCini al via Giada nel getto del Peso Leila e Matilde sui 100 m.\u2026","rel":"","context":"In &quot;Pista&quot;","block_context":{"text":"Pista","link":"https:\/\/uscatletica.ch\/wp\/?cat=4"},"img":{"alt_text":"","src":"https:\/\/i0.wp.com\/uscatletica.ch\/wp\/wp-content\/uploads\/2019\/08\/IMG_0908.jpg?fit=640%2C480&ssl=1&resize=350%2C200","width":350,"height":200,"srcset":"https:\/\/i0.wp.com\/uscatletica.ch\/wp\/wp-content\/uploads\/2019\/08\/IMG_0908.jpg?fit=640%2C480&ssl=1&resize=350%2C200 1x, https:\/\/i0.wp.com\/uscatletica.ch\/wp\/wp-content\/uploads\/2019\/08\/IMG_0908.jpg?fit=640%2C480&ssl=1&resize=525%2C300 1.5x"},"classes":[]},{"id":4935,"url":"https:\/\/uscatletica.ch\/wp\/?p=4935","url_meta":{"origin":15282,"position":4},"title":"CT OLIMPIONICA E MEETING CAPRIASCHESE TUTTI AI BLOCCHI DI  (Nuova lista iscritta  rassegna stampa)","author":"Leonida Stampanoni","date":"12 Settembre 2017","format":false,"excerpt":"11 edizione Meeting Capriaschese \u00a0Campionati Ticinesi Olimpionica 13 settembre 2017 Nuova lista iscritti CT Olimpionica 13.09 6.45 \u00a0 Formulario da riempire ed inviare\u00a0 Importante indicare il numero di licenza Swiss Athletics Campionato ticinese di Staffetta Olimpionica Termine per le iscrizioni nominali complete di numero di licenza Swiss Athletics \u00a0mercoledi 13.09\u2026","rel":"","context":"In &quot;I nostri appuntamenti&quot;","block_context":{"text":"I nostri appuntamenti","link":"https:\/\/uscatletica.ch\/wp\/?cat=12"},"img":{"alt_text":"","src":"https:\/\/i0.wp.com\/uscatletica.ch\/wp\/wp-content\/uploads\/2016\/09\/CTOLI16F.jpg?fit=562%2C347&ssl=1&resize=350%2C200","width":350,"height":200,"srcset":"https:\/\/i0.wp.com\/uscatletica.ch\/wp\/wp-content\/uploads\/2016\/09\/CTOLI16F.jpg?fit=562%2C347&ssl=1&resize=350%2C200 1x, https:\/\/i0.wp.com\/uscatletica.ch\/wp\/wp-content\/uploads\/2016\/09\/CTOLI16F.jpg?fit=562%2C347&ssl=1&resize=525%2C300 1.5x"},"classes":[]},{"id":9001,"url":"https:\/\/uscatletica.ch\/wp\/?p=9001","url_meta":{"origin":15282,"position":5},"title":"Meeting Capriaschese CT Staffetta Olimpionica","author":"Leonida Stampanoni","date":"11 Settembre 2019","format":false,"excerpt":"La 13 edizione del meeting Capriachese \u00e8 pronta siamo lieti di accogliere in Capriasca \u00a0le dodici squadre che si contenderanno i i titoli di campione ticinese. Benvenuti anche tutti gli atleti che gareggeranno nelle gare individuali\u00a0 SAM E GAB Trionfano nella staffetta olimpionica echi dell'edizione 2018 Iscritti \u00a0 Comunicato FTAL,\u2026","rel":"","context":"In &quot;Non catalogato&quot;","block_context":{"text":"Non catalogato","link":"https:\/\/uscatletica.ch\/wp\/?cat=6"},"img":{"alt_text":"","src":"https:\/\/i0.wp.com\/uscatletica.ch\/wp\/wp-content\/uploads\/2016\/01\/LOGOUSC2015.jpg?fit=1200%2C626&ssl=1&resize=350%2C200","width":350,"height":200,"srcset":"https:\/\/i0.wp.com\/uscatletica.ch\/wp\/wp-content\/uploads\/2016\/01\/LOGOUSC2015.jpg?fit=1200%2C626&ssl=1&resize=350%2C200 1x, https:\/\/i0.wp.com\/uscatletica.ch\/wp\/wp-content\/uploads\/2016\/01\/LOGOUSC2015.jpg?fit=1200%2C626&ssl=1&resize=525%2C300 1.5x, https:\/\/i0.wp.com\/uscatletica.ch\/wp\/wp-content\/uploads\/2016\/01\/LOGOUSC2015.jpg?fit=1200%2C626&ssl=1&resize=700%2C400 2x, https:\/\/i0.wp.com\/uscatletica.ch\/wp\/wp-content\/uploads\/2016\/01\/LOGOUSC2015.jpg?fit=1200%2C626&ssl=1&resize=1050%2C600 3x"},"classes":[]}],"_links":{"self":[{"href":"https:\/\/uscatletica.ch\/wp\/index.php?rest_route=\/wp\/v2\/posts\/15282","targetHints":{"allow":["GET"]}}],"collection":[{"href":"https:\/\/uscatletica.ch\/wp\/index.php?rest_route=\/wp\/v2\/posts"}],"about":[{"href":"https:\/\/uscatletica.ch\/wp\/index.php?rest_route=\/wp\/v2\/types\/post"}],"author":[{"embeddable":true,"href":"https:\/\/uscatletica.ch\/wp\/index.php?rest_route=\/wp\/v2\/users\/3"}],"replies":[{"embeddable":true,"href":"https:\/\/uscatletica.ch\/wp\/index.php?rest_route=%2Fwp%2Fv2%2Fcomments&post=15282"}],"version-history":[{"count":5,"href":"https:\/\/uscatletica.ch\/wp\/index.php?rest_route=\/wp\/v2\/posts\/15282\/revisions"}],"predecessor-version":[{"id":15372,"href":"https:\/\/uscatletica.ch\/wp\/index.php?rest_route=\/wp\/v2\/posts\/15282\/revisions\/15372"}],"wp:featuredmedia":[{"embeddable":true,"href":"https:\/\/uscatletica.ch\/wp\/index.php?rest_route=\/wp\/v2\/media\/15283"}],"wp:attachment":[{"href":"https:\/\/uscatletica.ch\/wp\/index.php?rest_route=%2Fwp%2Fv2%2Fmedia&parent=15282"}],"wp:term":[{"taxonomy":"category","embeddable":true,"href":"https:\/\/uscatletica.ch\/wp\/index.php?rest_route=%2Fwp%2Fv2%2Fcategories&post=15282"},{"taxonomy":"post_tag","embeddable":true,"href":"https:\/\/uscatletica.ch\/wp\/index.php?rest_route=%2Fwp%2Fv2%2Ftags&post=15282"}],"curies":[{"name":"wp","href":"https:\/\/api.w.org\/{rel}","templated":true}]}}