{"id":15398,"date":"2022-06-03T23:33:18","date_gmt":"2022-06-03T21:33:18","guid":{"rendered":"http:\/\/uscatletica.ch\/wp\/?p=15398"},"modified":"2022-06-04T07:32:24","modified_gmt":"2022-06-04T05:32:24","slug":"matilda-debutta-nella-4x100-nazionale-a-zofingen-chiara-ai-campionati-italiani-in-puglia","status":"publish","type":"post","link":"https:\/\/uscatletica.ch\/wp\/?p=15398","title":{"rendered":"Matilda debutta nella 4&#215;100 nazionale a Zofingen Chiara ai campionati italiani in Puglia"},"content":{"rendered":"\n<p>La Pentecoste per l&#8217;atletica \u00e8 sinonimo da sempre di due grandi meeting svizzeri a Zofingen e Basilea dove in pista scenderanno\u00a0 molti atleti nazionali reduci dalla scorsa trionfale stagione olimpica.\u00a0 Sar\u00e0 un momento storico per l&#8217;USC che vedr\u00e0 per la prima volta una sua atleta vestire la maglia nazionale in una staffetta. Matilda, accolta nel progetto nazionale della 4&#215;100 m, avr\u00e0 l&#8217;onore per la prima di correre con la maglia rossocrociata.\u00a0 Lunedi al Susanne Meier di Basilea Robi sar\u00e0 al via sui 1500 m. Fine settimana intenso per Chiara che sar\u00e0 impegnata in Puglia per i campionati italiani. Mentre i nostri giovani allievi delle scuole elementari saranno al via del Meeting di Dongio.<\/p>\n<p><a href=\"https:\/\/www.swiss-athletics.ch\/fr\/blog\/2022\/06\/03\/riche-programme-a-zofingue-et-a-bale\/\" target=\"_blank\" rel=\"noopener\">la presentazione della Pentecoste atletica di Swiss Athlietics<\/a><\/p>\n<p><a href=\"https:\/\/slv.laportal.net\/Competitions\/Details\/7229\" target=\"_blank\" rel=\"noopener\">Risultati live da Zofingen <\/a>\u00a0<a href=\"https:\/\/slv.laportal.net\/Competitions\/Details\/6572\" target=\"_blank\" rel=\"noopener\">\u00a0Live dal Susanne Meier<\/a><\/p>\n<p><a href=\"https:\/\/www.fisdir.it\/news\/molfetta-e-pronta-sabato-le-gare-del-campionato-italiano-agonistico-di-atletica-leggera\/\" target=\"_blank\" rel=\"noopener\">il link per le info sui campionati italiani di Molfetta<\/a><\/p>\n<p><span class=\"embed-youtube\" style=\"text-align:center; display: block;\"><iframe loading=\"lazy\" class=\"youtube-player\" width=\"640\" height=\"360\" src=\"https:\/\/www.youtube.com\/embed\/TJRdwQ96AuE?version=3&#038;rel=1&#038;showsearch=0&#038;showinfo=1&#038;iv_load_policy=1&#038;fs=1&#038;hl=it-IT&#038;autohide=2&#038;wmode=transparent\" allowfullscreen=\"true\" style=\"border:0;\" sandbox=\"allow-scripts allow-same-origin allow-popups allow-presentation allow-popups-to-escape-sandbox\"><\/iframe><\/span><\/p>\n<p><span class=\"embed-youtube\" style=\"text-align:center; display: block;\"><iframe loading=\"lazy\" class=\"youtube-player\" width=\"640\" height=\"360\" src=\"https:\/\/www.youtube.com\/embed\/xlagEfDKC4s?version=3&#038;rel=1&#038;showsearch=0&#038;showinfo=1&#038;iv_load_policy=1&#038;fs=1&#038;hl=it-IT&#038;autohide=2&#038;wmode=transparent\" allowfullscreen=\"true\" style=\"border:0;\" sandbox=\"allow-scripts allow-same-origin allow-popups allow-presentation allow-popups-to-escape-sandbox\"><\/iframe><\/span><\/p>\n<p><span class=\"embed-youtube\" style=\"text-align:center; display: block;\"><iframe loading=\"lazy\" class=\"youtube-player\" width=\"640\" height=\"360\" src=\"https:\/\/www.youtube.com\/embed\/ypch2EjnDmk?version=3&#038;rel=1&#038;showsearch=0&#038;showinfo=1&#038;iv_load_policy=1&#038;fs=1&#038;hl=it-IT&#038;autohide=2&#038;wmode=transparent\" allowfullscreen=\"true\" style=\"border:0;\" sandbox=\"allow-scripts allow-same-origin allow-popups allow-presentation allow-popups-to-escape-sandbox\"><\/iframe><\/span><\/p>\n","protected":false},"excerpt":{"rendered":"<p>La Pentecoste per l&#8217;atletica \u00e8 sinonimo da sempre di due grandi meeting svizzeri a Zofingen e Basilea dove in pista scenderanno\u00a0 molti atleti nazionali reduci dalla scorsa trionfale stagione olimpica.\u00a0 Sar\u00e0 un momento storico per l&#8217;USC che vedr\u00e0 per la prima volta una sua atleta vestire la maglia nazionale in una staffetta. Matilda, accolta nel progetto nazionale della 4&#215;100 m, avr\u00e0 l&#8217;onore per la prima di correre con la maglia rossocrociata.\u00a0 Lunedi al Susanne Meier&#8230;<\/p>\n","protected":false},"author":4,"featured_media":10973,"comment_status":"closed","ping_status":"closed","sticky":false,"template":"","format":"standard","meta":{"jetpack_post_was_ever_published":false,"_jetpack_newsletter_access":"","_jetpack_dont_email_post_to_subs":false,"_jetpack_newsletter_tier_id":0,"_jetpack_memberships_contains_paywalled_content":false,"_jetpack_memberships_contains_paid_content":false,"footnotes":"","jetpack_publicize_message":"","jetpack_publicize_feature_enabled":true,"jetpack_social_post_already_shared":false,"jetpack_social_options":{"image_generator_settings":{"template":"highway","default_image_id":0,"font":"","enabled":false},"version":2}},"categories":[4,9],"tags":[],"class_list":["post-15398","post","type-post","status-publish","format-standard","has-post-thumbnail","hentry","category-pista","category-sport"],"jetpack_publicize_connections":[],"jetpack_featured_media_url":"https:\/\/i0.wp.com\/uscatletica.ch\/wp\/wp-content\/uploads\/2020\/09\/P1040451.jpeg?fit=315%2C420&ssl=1","jetpack_sharing_enabled":true,"jetpack_shortlink":"https:\/\/wp.me\/p6V7Ck-40m","jetpack-related-posts":[{"id":15403,"url":"https:\/\/uscatletica.ch\/wp\/?p=15403","url_meta":{"origin":15398,"position":0},"title":"Matilda una grande esperienza a Zofingen Chiara doppio primato del mondo","author":"Leonida Stampanoni","date":"4 Giugno 2022","format":false,"excerpt":"La 48 edizione del Pfingstenmeeting \u00e8 stata un'edizione storica per l'USC. Alla Trinermatte di Zofingen Matilda ha debuttato con la maglia della nazionale nel progetto nazionale della 4x100 m U18. In mattinata Matilda aveva corso in 12\"61 la sua batteria dei 100 m . Erano 5 i ticinesi con la\u2026","rel":"","context":"In &quot;Pista&quot;","block_context":{"text":"Pista","link":"https:\/\/uscatletica.ch\/wp\/?cat=4"},"img":{"alt_text":"","src":"https:\/\/i0.wp.com\/uscatletica.ch\/wp\/wp-content\/uploads\/2022\/06\/220604SWISS4X100U20TImix.jpg?fit=432%2C324&ssl=1&resize=350%2C200","width":350,"height":200},"classes":[]},{"id":6042,"url":"https:\/\/uscatletica.ch\/wp\/?p=6042","url_meta":{"origin":15398,"position":1},"title":"Giada a Bressanone I podisti tra GP Bern Ritom e Malvaglia","author":"Leonida Stampanoni","date":"17 Maggio 2018","format":false,"excerpt":"Il lungo fine settimana di Pentecoste \u00e8 ricco di appuntamenti atletici e podistici, Giada sar\u00e0 a Bressanone con i colori del Ticino per il Brixia meeting. Nella capitale ci sar\u00e0 la solita delegazione USC al GP Bern la 10 miglia pi\u00f9 bella al mondo, La coppa ASTi prevede un doppio\u2026","rel":"","context":"In &quot;Montagna&quot;","block_context":{"text":"Montagna","link":"https:\/\/uscatletica.ch\/wp\/?cat=16"},"img":{"alt_text":"","src":"https:\/\/i0.wp.com\/uscatletica.ch\/wp\/wp-content\/uploads\/2017\/10\/giadagiavepo2.jpg?fit=531%2C320&ssl=1&resize=350%2C200","width":350,"height":200,"srcset":"https:\/\/i0.wp.com\/uscatletica.ch\/wp\/wp-content\/uploads\/2017\/10\/giadagiavepo2.jpg?fit=531%2C320&ssl=1&resize=350%2C200 1x, https:\/\/i0.wp.com\/uscatletica.ch\/wp\/wp-content\/uploads\/2017\/10\/giadagiavepo2.jpg?fit=531%2C320&ssl=1&resize=525%2C300 1.5x"},"classes":[]},{"id":6350,"url":"https:\/\/uscatletica.ch\/wp\/?p=6350","url_meta":{"origin":15398,"position":2},"title":"Gaia e Chiara al Gal\u00e0 dei Castelli","author":"Leonida Stampanoni","date":"17 Luglio 2018","format":false,"excerpt":"L'atletica svizzera, nel mese dei mondiali di Calcio, \u00e8 riuscita ha rapire il cuore degli appassionati a suon di prestazioni mirabolanti. l'ultima ciliegina sulla torta sar\u00e0 il Gal\u00e0 dei Castelli che porter\u00e0 al comunale il meglio nel atletica nazionale e mondiale specialmente sui 100 m. Nel mezzo di tanta aristocrazia\u2026","rel":"","context":"In &quot;Altro&quot;","block_context":{"text":"Altro","link":"https:\/\/uscatletica.ch\/wp\/?cat=11"},"img":{"alt_text":"","src":"https:\/\/i0.wp.com\/uscatletica.ch\/wp\/wp-content\/uploads\/2017\/05\/P1460253.jpg?fit=563%2C422&ssl=1&resize=350%2C200","width":350,"height":200,"srcset":"https:\/\/i0.wp.com\/uscatletica.ch\/wp\/wp-content\/uploads\/2017\/05\/P1460253.jpg?fit=563%2C422&ssl=1&resize=350%2C200 1x, https:\/\/i0.wp.com\/uscatletica.ch\/wp\/wp-content\/uploads\/2017\/05\/P1460253.jpg?fit=563%2C422&ssl=1&resize=525%2C300 1.5x"},"classes":[]},{"id":13069,"url":"https:\/\/uscatletica.ch\/wp\/?p=13069","url_meta":{"origin":15398,"position":3},"title":"A Cornaredo riparte la stagione la nostra 4&#215;100 ambiziosa","author":"Leonida Stampanoni","date":"20 Agosto 2021","format":false,"excerpt":"Sabato sera saranno una decina gli atleti USC al via del Meeting Serale di Lugano abbinato ai campionati ticinesi di 4x100 e staffetta Olimpionica. Il nostro quartetto sar\u00e0 al via della 4x100 m femminile \u00a0sei atleti al via nelle gare individuali \u00a0su 100 m e 600 m. Nei prossimi due\u2026","rel":"","context":"In &quot;Pista&quot;","block_context":{"text":"Pista","link":"https:\/\/uscatletica.ch\/wp\/?cat=4"},"img":{"alt_text":"","src":"https:\/\/i0.wp.com\/uscatletica.ch\/wp\/wp-content\/uploads\/2021\/07\/210721leilamatilda.jpg?fit=432%2C324&ssl=1&resize=350%2C200","width":350,"height":200},"classes":[]},{"id":6054,"url":"https:\/\/uscatletica.ch\/wp\/?p=6054","url_meta":{"origin":15398,"position":4},"title":"Selezione Ticino brava Giada","author":"Leonida Stampanoni","date":"21 Maggio 2018","format":false,"excerpt":"Domenica alla 36 edizione del meeting Brixia Athletics a difendere i colori del Ticino nella sfida con 19 regioni del centro europa c'era anche la nostra Giada che scendeva in pedana nel peso. Nel fine settimana altri tre atleti ticinese hanno ottenuto il limite per i campionati europei e mondiali\u2026","rel":"","context":"In &quot;Pista&quot;","block_context":{"text":"Pista","link":"https:\/\/uscatletica.ch\/wp\/?cat=4"},"img":{"alt_text":"","src":"https:\/\/i0.wp.com\/uscatletica.ch\/wp\/wp-content\/uploads\/2017\/09\/argealp2017TICINO.jpeg?fit=960%2C720&ssl=1&resize=350%2C200","width":350,"height":200,"srcset":"https:\/\/i0.wp.com\/uscatletica.ch\/wp\/wp-content\/uploads\/2017\/09\/argealp2017TICINO.jpeg?fit=960%2C720&ssl=1&resize=350%2C200 1x, https:\/\/i0.wp.com\/uscatletica.ch\/wp\/wp-content\/uploads\/2017\/09\/argealp2017TICINO.jpeg?fit=960%2C720&ssl=1&resize=525%2C300 1.5x, https:\/\/i0.wp.com\/uscatletica.ch\/wp\/wp-content\/uploads\/2017\/09\/argealp2017TICINO.jpeg?fit=960%2C720&ssl=1&resize=700%2C400 2x"},"classes":[]},{"id":6466,"url":"https:\/\/uscatletica.ch\/wp\/?p=6466","url_meta":{"origin":15398,"position":5},"title":"Bellinzona Zurich Cristallina Zofingen weekend ricco per gli USCini","author":"Leonida Stampanoni","date":"31 Agosto 2018","format":false,"excerpt":"Il programma del fine settimana \u00e8 abbastanza intensa venerdi sera si chiude la coppa giovanile ASTi a Bellinzona con la 30 edizione della\u00a0 Go & Run . Sabato a Zurich ,dopo un'indimenticabile edizione del Weltklasse, Chiara rappresenter\u00e0 l'USC alla finale della Kids Cup. La nostra atleta aveva vinto\u00a0 lo scorso\u2026","rel":"","context":"In &quot;CO&quot;","block_context":{"text":"CO","link":"https:\/\/uscatletica.ch\/wp\/?cat=19"},"img":{"alt_text":"","src":"https:\/\/i0.wp.com\/uscatletica.ch\/wp\/wp-content\/uploads\/2018\/08\/chiarakidscup.jpg?fit=423%2C297&ssl=1&resize=350%2C200","width":350,"height":200},"classes":[]}],"_links":{"self":[{"href":"https:\/\/uscatletica.ch\/wp\/index.php?rest_route=\/wp\/v2\/posts\/15398","targetHints":{"allow":["GET"]}}],"collection":[{"href":"https:\/\/uscatletica.ch\/wp\/index.php?rest_route=\/wp\/v2\/posts"}],"about":[{"href":"https:\/\/uscatletica.ch\/wp\/index.php?rest_route=\/wp\/v2\/types\/post"}],"author":[{"embeddable":true,"href":"https:\/\/uscatletica.ch\/wp\/index.php?rest_route=\/wp\/v2\/users\/4"}],"replies":[{"embeddable":true,"href":"https:\/\/uscatletica.ch\/wp\/index.php?rest_route=%2Fwp%2Fv2%2Fcomments&post=15398"}],"version-history":[{"count":3,"href":"https:\/\/uscatletica.ch\/wp\/index.php?rest_route=\/wp\/v2\/posts\/15398\/revisions"}],"predecessor-version":[{"id":15402,"href":"https:\/\/uscatletica.ch\/wp\/index.php?rest_route=\/wp\/v2\/posts\/15398\/revisions\/15402"}],"wp:featuredmedia":[{"embeddable":true,"href":"https:\/\/uscatletica.ch\/wp\/index.php?rest_route=\/wp\/v2\/media\/10973"}],"wp:attachment":[{"href":"https:\/\/uscatletica.ch\/wp\/index.php?rest_route=%2Fwp%2Fv2%2Fmedia&parent=15398"}],"wp:term":[{"taxonomy":"category","embeddable":true,"href":"https:\/\/uscatletica.ch\/wp\/index.php?rest_route=%2Fwp%2Fv2%2Fcategories&post=15398"},{"taxonomy":"post_tag","embeddable":true,"href":"https:\/\/uscatletica.ch\/wp\/index.php?rest_route=%2Fwp%2Fv2%2Ftags&post=15398"}],"curies":[{"name":"wp","href":"https:\/\/api.w.org\/{rel}","templated":true}]}}