{"id":15431,"date":"2022-06-12T06:23:39","date_gmt":"2022-06-12T04:23:39","guid":{"rendered":"http:\/\/uscatletica.ch\/wp\/?p=15431"},"modified":"2022-06-12T06:23:42","modified_gmt":"2022-06-12T04:23:42","slug":"domenica-dalla-kids-cup-a-orselina","status":"publish","type":"post","link":"https:\/\/uscatletica.ch\/wp\/?p=15431","title":{"rendered":"Domenica dalla Kids Cup a  Orselina"},"content":{"rendered":"\n<p>Sabato un ottimo meeting Capriaschese ha aperto il fine settimana atletico \u00a0che si chiuder\u00e0 domenica con la UBS Kids Cup finale a Bellinzona con una quindicina giovani USCini\/e \u00a0e la classica <a href=\"https:\/\/www.orselinacimetta.ch\" target=\"_blank\" rel=\"noopener\">Orselina Cimetta<\/a> valida per la Coppa ASTi BancaStato\u00a0<\/p>\n<p>Ecco i finalisti USC impegnati oggi<\/p>\n<table style=\"width: 100%;\" border=\"0\" cellspacing=\"0\"><colgroup span=\"3\" width=\"117\"><\/colgroup>\n<tbody>\n<tr>\n<td style=\"width: 33.13953488372093%;\" align=\"left\" height=\"23\">W13<\/td>\n<td style=\"width: 13.759689922480614%;\" align=\"right\">2<\/td>\n<td style=\"width: 52.519379844961236%;\" align=\"left\">Alice Petralli<\/td>\n<\/tr>\n<tr>\n<td style=\"width: 33.13953488372093%;\" align=\"left\" height=\"23\">W15<\/td>\n<td style=\"width: 13.759689922480614%;\" align=\"right\">2<\/td>\n<td style=\"width: 52.519379844961236%;\" align=\"left\">Marta Mulatteri<\/td>\n<\/tr>\n<tr>\n<td style=\"width: 33.13953488372093%;\" align=\"left\" height=\"23\">M08<\/td>\n<td style=\"width: 13.759689922480614%;\" align=\"right\">3<\/td>\n<td style=\"width: 52.519379844961236%;\" align=\"left\">Martino Brenna<\/td>\n<\/tr>\n<tr>\n<td style=\"width: 33.13953488372093%;\" align=\"left\" height=\"23\">M09<\/td>\n<td style=\"width: 13.759689922480614%;\" align=\"right\">4<\/td>\n<td style=\"width: 52.519379844961236%;\" align=\"left\">Ilan Turienzo Gasser<\/td>\n<\/tr>\n<tr>\n<td style=\"width: 33.13953488372093%;\" align=\"left\" height=\"23\">W09<\/td>\n<td style=\"width: 13.759689922480614%;\" align=\"right\">4<\/td>\n<td style=\"width: 52.519379844961236%;\" align=\"left\">Aubree Motta<\/td>\n<\/tr>\n<tr>\n<td style=\"width: 33.13953488372093%;\" align=\"left\" height=\"23\">W08<\/td>\n<td style=\"width: 13.759689922480614%;\" align=\"right\">5<\/td>\n<td style=\"width: 52.519379844961236%;\" align=\"left\">Giulia Dozio<\/td>\n<\/tr>\n<tr>\n<td style=\"width: 33.13953488372093%;\" align=\"left\" height=\"23\">W07<\/td>\n<td style=\"width: 13.759689922480614%;\" align=\"right\">7<\/td>\n<td style=\"width: 52.519379844961236%;\" align=\"left\">Anna Borsari<\/td>\n<\/tr>\n<tr>\n<td style=\"width: 33.13953488372093%;\" align=\"left\" height=\"23\">W11<\/td>\n<td style=\"width: 13.759689922480614%;\" align=\"right\">9<\/td>\n<td style=\"width: 52.519379844961236%;\" align=\"left\">Asia Corti<\/td>\n<\/tr>\n<tr>\n<td style=\"width: 33.13953488372093%;\" align=\"left\" height=\"23\">W14<\/td>\n<td style=\"width: 13.759689922480614%;\" align=\"right\">10<\/td>\n<td style=\"width: 52.519379844961236%;\" align=\"left\">Jennis Berger<\/td>\n<\/tr>\n<tr>\n<td style=\"width: 33.13953488372093%;\" align=\"left\" height=\"23\">M11<\/td>\n<td style=\"width: 13.759689922480614%;\" align=\"right\">11<\/td>\n<td style=\"width: 52.519379844961236%;\" align=\"left\">Dario Macconi<\/td>\n<\/tr>\n<tr>\n<td style=\"width: 33.13953488372093%;\" align=\"left\" height=\"23\">W10<\/td>\n<td style=\"width: 13.759689922480614%;\" align=\"right\">13<\/td>\n<td style=\"width: 52.519379844961236%;\" align=\"left\">Viola Groppi<\/td>\n<\/tr>\n<tr>\n<td style=\"width: 33.13953488372093%;\" align=\"left\" height=\"23\">W14<\/td>\n<td style=\"width: 13.759689922480614%;\" align=\"right\">14<\/td>\n<td style=\"width: 52.519379844961236%;\" align=\"left\">Brenna Melissa<\/td>\n<\/tr>\n<tr>\n<td style=\"width: 33.13953488372093%;\" align=\"left\" height=\"23\">W11<\/td>\n<td style=\"width: 13.759689922480614%;\" align=\"right\">20<\/td>\n<td style=\"width: 52.519379844961236%;\" align=\"left\">Anais Piattini<\/td>\n<\/tr>\n<tr>\n<td style=\"width: 33.13953488372093%;\" align=\"left\" height=\"23\">M13<\/td>\n<td style=\"width: 13.759689922480614%;\" align=\"right\">21<\/td>\n<td style=\"width: 52.519379844961236%;\" align=\"left\">No\u00e9 Volger<\/td>\n<\/tr>\n<tr>\n<td style=\"width: 33.13953488372093%;\" align=\"left\" height=\"23\">W10<\/td>\n<td style=\"width: 13.759689922480614%;\" align=\"right\">23<\/td>\n<td style=\"width: 52.519379844961236%;\" align=\"left\">Maelle Lepori<\/td>\n<\/tr>\n<tr>\n<td style=\"width: 33.13953488372093%;\" align=\"left\" height=\"23\">W11<\/td>\n<td style=\"width: 13.759689922480614%;\" align=\"right\">23<\/td>\n<td style=\"width: 52.519379844961236%;\" align=\"left\">Camilla Amaro<\/td>\n<\/tr>\n<tr>\n<td style=\"width: 33.13953488372093%;\" align=\"left\" height=\"23\">W08<\/td>\n<td style=\"width: 13.759689922480614%;\" align=\"right\">25<\/td>\n<td style=\"width: 52.519379844961236%;\" align=\"left\">Virginia Gerosa<\/td>\n<\/tr>\n<\/tbody>\n<\/table>\n<h2 class=\"western\"><span style=\"color: #2e74b5;\"><span style=\"font-family: Calibri, serif;\"><span style=\"font-size: medium;\"><span lang=\"it-CH\">Comunicato FTAL <\/span><\/span><\/span><\/span><span style=\"color: #2e74b5;\"><span style=\"font-family: Calibri, serif;\"><span style=\"font-size: medium;\"><span lang=\"it-CH\">09<\/span><\/span><\/span><\/span><span style=\"color: #2e74b5;\"><span style=\"font-family: Calibri, serif;\"><span style=\"font-size: medium;\"><span lang=\"it-CH\">.06.21- FINALE CANTONALE <\/span><\/span><\/span><\/span><span style=\"color: #2e74b5;\"><span style=\"font-family: Calibri, serif;\"><span style=\"font-size: medium;\"><span lang=\"it-CH\">UBS KIDS CUP TICINO 12.06.21<\/span><\/span><\/span><\/span><\/h2>\n<p class=\"western\"><span style=\"font-size: large;\">UBS Kids Cup : ALL\u2018OMBRA DEI CASTELLI SOGNANDO IL LETZIGRUND<\/span><\/p>\n<p class=\"western\"><br \/><br \/><\/p>\n<p class=\"western\" lang=\"it-IT\">Leonida Stampanoni<\/p>\n<p class=\"western\" lang=\"it-IT\"><span style=\"font-size: small;\">350 talenti sportivi provenienti da tutto il cantone gareggeranno sabato 12 giugno nella finale cantonale della UBS Kids Cup. Dopo tre anni la manifestazione torna a Bellinzona, la casa dell\u2019atletica ticinese dove, al Gal\u00e0 dei castelli, gareggiano regolarmente campioni olimpici e mondiali. <\/span><\/p>\n<p class=\"western\" lang=\"it-IT\"><span style=\"font-size: small;\">Lo stadio comunale sar\u00e0 quindi la cornice ideale per ammirare i 25 migliori atleti ticinesi per ogni anno di et\u00e0 che si sfideranno nel triathlon pi\u00f9 popolare della svizzera sotto la direzione della SAB. A Bellinzona ci aspettiamo quindi gare di alto livello. <\/span><\/p>\n<p class=\"western\" lang=\"it-IT\"><span style=\"font-size: small;\">Dopo un anno di pausa forzata saranno molti i giovani ticinesi che vorranno aggiungersi a Eleonora De Putti, Emma Piffaretti, uno dei talenti pi\u00f9 promettenti del panorama cantonale e Gian Vetterli nella lista dei vincitori. Quest\u2019ultimo trionfatore della finale svizzera nel 2015 e membro dei quadri nazionali, \u00e8 diventato il primo ticinese a lanciare il disco oltre i 50 m, e sar\u00e0 al comunale ad incitare i ragazzi ed a firmare autografi.<\/span><\/p>\n<p class=\"western\" lang=\"it-IT\"><span style=\"font-size: small;\">Obiettivo: finale \u00abWeltklasse Z\u00fcrich\u00bb<\/span><\/p>\n<p class=\"western\" lang=\"it-IT\"><span style=\"font-size: small;\">Matteo De Biasio (SAM) \u00e8 attualmente quarto nelle liste svizzere tra i nati nel 2006, tra le ragazze Ivana Pirolli (USA) guida la lista cantonale. Nella Top Ten nazionale troviamo Samuele Cereda (2014), Alessia Asmus (2012). Tra i nati nel 2008, tra i migliori 8, ci sono Gianmarco Bielli e Cedric Tognetti, ma attenzione anche a Ilian Pirotta. <\/span><\/p>\n<p class=\"western\" lang=\"it-IT\"><span style=\"font-size: small;\">Sabato 11 settembre, in occasione della finale svizzera, i giovani talenti daranno il meglio di s\u00e9 nel leggendario stadio Letzigrund solo due giorni dopo il meeting di atletica leggera di fama mondiale. I bambini e i ragazzi d\u2019et\u00e0 compresa tra i 7 e i 15 anni, durante questa importante giornata, saranno accompagnati dalle star mondiali dell\u2019atletica leggera. <\/span><\/p>\n<p class=\"western\" lang=\"it-IT\"><span style=\"font-size: small;\">Solo i 18 vincitori di categoria della finale cantonale, organizzata dal SAB Bellinzona con il sostegno della FTAL, si qualificheranno direttamente per la finale svizzera a Zurigo. <\/span><\/p>\n<p class=\"western\" lang=\"it-IT\"><span style=\"font-size: small;\">Per la UBS Kids Cup 2021 sono attesi in tutta la Svizzera oltre 100 000 atleti partecipanti alle innumerevoli manifestazioni. Il progetto, ideato da Weltklasse Z\u00fcrich e da Swiss Athletics, \u00e8 di gran lunga l\u2019evento giovanile di sport individuale pi\u00f9 importante in Svizzera<\/span><\/p>\n<p class=\"western\" lang=\"it-IT\"><br \/><br \/><\/p>\n<p class=\"western\" lang=\"it-IT\"><span style=\"font-size: small;\">I risultati dei Ticinesi nelle liste svizzere<\/span><\/p>\n<p class=\"western\" lang=\"it-IT\"><span style=\"font-size: small;\">2014 42 Kate Kleimann 461 pti 10\u201d92,16.08, 3.16 3 Samuele Cereda 636 pti 10\u201d66, 20.96, 2.87 <\/span><\/p>\n<p class=\"western\" lang=\"it-IT\"><span style=\"font-size: small;\">15 Martino Brenna 636 pti 11\u201d66, 22.02, 2.83<\/span><\/p>\n<p class=\"western\" lang=\"it-IT\"><span style=\"font-size: small;\">2013 29 Agata Solari 747 pti 11\u201d16, 15.42, 3.31 31 Damon Berto 1112 pti 9\u201d94, 23.78, 2.60<\/span><\/p>\n<p class=\"western\" lang=\"it-IT\"><span style=\"font-size: small;\">2012 6 Alessia Asmus 1180 pti 9\u201d85,28.54, 3.158 13 Ryan Gianinazzi 1112 pti 9\u201d94, 29.20, 3.27<\/span><\/p>\n<p class=\"western\" lang=\"it-IT\"><span style=\"font-size: small;\">12 Agata Felappi 1048 pti 9\u201d85,18.28, 3.48 <\/span><\/p>\n<p class=\"western\" lang=\"it-IT\"><span style=\"font-size: small;\">2011 30 Selina Gianetti 1161 pti 9\u201d86, 22.96 ,3.72 21 Raphael Pontarolo 1165 pti 9\u201d53, 33.86, 4.07<\/span><\/p>\n<p class=\"western\" lang=\"it-IT\"><span style=\"font-size: small;\">2010 41 Lara Zanetti 1364 pti 9\u201d38, 24.65, 4.08 12 Novak Stosic 991 pti 8\u201d91, 39.78, 4.02<\/span><\/p>\n<p class=\"western\" lang=\"it-IT\"><span style=\"font-size: small;\">2009 33 Ambra Giugno 1636 pti 8\u201d72, 30.80, 4.10 10 Mattia Genini 1523 pti 8\u201d76, 39.68, 4.86<\/span><\/p>\n<p class=\"western\" lang=\"it-IT\"><span style=\"font-size: small;\">2008 17 Elisa Tricarico 1944 pti 8\u201d71, 44.37, 4.57 7 Gianmarco Bielli 1750 pti 8\u201d41, 48.06, 5.12<\/span><\/p>\n<p class=\"western\" lang=\"it-IT\"><span style=\"font-size: small;\">19. Aicha Pirotta 1920 pti 8\u201d71, 36.58, 5.02 8 Cedric Tognetti 1748 pti 8\u201d44, 47.46, 5.19<\/span><\/p>\n<p class=\"western\" lang=\"it-IT\"><span style=\"font-size: small;\">17 Ilian Pirotta 1698 pti 8\u201d59, 48.03, 5.07<\/span><\/p>\n<p class=\"western\" lang=\"it-IT\"><span style=\"font-size: small;\">2007 29 Lea Rossi 1943 pti 8\u201d60, 41.26, 4.65 10 Leonardo Laffranchi 1925 pti 8\u201d22, 53.40, 5.50<\/span><\/p>\n<p class=\"western\" lang=\"it-IT\"><span style=\"font-size: small;\">2006 21. Ivana Pirolli 2093 pti 8\u201d32, 36.59, 5.19 4 Matteo De Biasio 2295 pti 7&#8243;53, 64.55, 5.79<\/span><\/p>\n<p class=\"western\" lang=\"it-IT\"><span style=\"font-size: small;\">18 Loris Perosa 1683 pti 7\u201d68, 65.40, 5.26<\/span><\/p>\n<p class=\"western\" lang=\"it-IT\" align=\"justify\"><span style=\"font-family: Calibri, sans-serif;\">ASTi \u2013 Podismo <\/span><\/p>\n<p class=\"western\" lang=\"it-IT\" align=\"justify\"><span style=\"font-family: Calibri, sans-serif;\">Comunicato 10.06.2022 COPPA ASTI Bancastato MONTAGNA<\/span><\/p>\n<p lang=\"it-IT\" align=\"left\"><span style=\"font-family: Calibri, sans-serif;\"><span style=\"font-size: large;\">LA ORSELINA CIMETTA LANCIA L\u2019ESTATE DELLE COPPE ASTI <\/span><\/span><\/p>\n<p lang=\"it-IT\" align=\"left\"><span style=\"font-family: Calibri, serif;\">Domenica si correr\u00e0 la Orselina Cimetta, da inizio luglio la stagione entrer\u00e0 nel vivo con molte gare tra podismo, montagna e trail<\/span><\/p>\n<p class=\"western\" lang=\"it-IT\"><span style=\"font-family: Calibri, serif;\"><span style=\"font-size: small;\">Domenica la Orselina Cimetta sar\u00e0 la terza prova della coppa ASTi BancaStato di montagna, dopo i due eventi capriaschesi di aprile e maggio. La SPL organizza la prova, nata nel 2013 dalla Orselina Cimetta in occasione del campionato svizzero di categoria, che si disputa sulla distanza di 8.7 km con ben 1270 metri di dislivello. <\/span><\/span><\/p>\n<p class=\"western\" lang=\"it-IT\"><span style=\"font-family: Calibri, serif;\"><span style=\"font-size: small;\">Nelle classifiche generali, molto provvisorie, al comando troviamo Elia Stampanoni (USC) e Jeannette Bragagnolo (GAB), mentre nel podismo conducono Ivan Boggini (RCB) e Sara Solari (SAM). Classifiche che si delineeranno nel mese di luglio, quando le coppe ASTi BancaStato di podismo e montagna entreranno nel vivo con ben 4 appuntamenti: si parte con il Gran Premio Rossa domenica 3 luglio, che assegner\u00e0 pure i titoli di campione e campionessa ASTi di podismo. La settimana seguente si resta nel Grigioni italiano con la SanBeRun, la quale celebrer\u00e0 il 10\u00b0 anniversario. Domenica 14 sar\u00e0 la Rodi-Tremorgio a raccogliere il testimone per le prove in montagna, che continueranno il 31 agosto con la 25ima edizione della Cronometro del Nara. <\/span><\/span><\/p>\n<p class=\"western\" lang=\"it-IT\"><span style=\"font-family: Calibri, serif;\"><span style=\"font-size: small;\">Sabato 2 luglio con il BancaStato Morobbia Trail, gli appassionati ASTi ritroveranno la coppa ASTi Trail, dopo i due eventi positivi sull\u2019asse Tamaro-Lema, dove a livello assoluto si sono imposti Paola Stampanoni e Lukas Oehen del GAB. Ricordiamo che in questa coppa dell\u2019ASTi, vengono stilate delle classifiche per le categorie &lt;45M, &gt;45M, &lt;45F e &gt;45F (visibili sul sito <\/span><\/span><span style=\"color: #000080;\"><span lang=\"zxx\"><u><a class=\"western\" href=\"http:\/\/www.asti-ticino.ch\/\"><span style=\"font-family: Calibri, serif;\"><span style=\"font-size: small;\">www.asti-ticino.ch<\/span><\/span><\/a><\/u><\/span><\/span><span style=\"font-family: Calibri, serif;\"><span style=\"font-size: small;\">) e che per partecipare alla Coppa non \u00e8 necessaria un\u2019iscrizione particolare, ma \u00e8 essenziale appartenere a una societ\u00e0 ASTi oppure aver richiesto la tessera d\u2019affiliazione.<\/span><\/span><\/p>\n<p class=\"western\" lang=\"it-IT\"><span style=\"font-family: Calibri, serif;\"><span style=\"font-size: small;\">CTPS ASTI\/LS\/ES<\/span><\/span><\/p>\n<p class=\"western\" lang=\"it-IT\">\u00a0<\/p>\n<p class=\"western\" lang=\"it-IT\">\u00a0<\/p>\n<p>\u00a0<\/p>\n","protected":false},"excerpt":{"rendered":"<p>Sabato un ottimo meeting Capriaschese ha aperto il fine settimana atletico \u00a0che si chiuder\u00e0 domenica con la UBS Kids Cup finale a Bellinzona con una quindicina giovani USCini\/e \u00a0e la classica Orselina Cimetta valida per la Coppa ASTi BancaStato\u00a0 Ecco i finalisti USC impegnati oggi W13 2 Alice Petralli W15 2 Marta Mulatteri M08 3 Martino Brenna M09 4 Ilan Turienzo Gasser W09 4 Aubree Motta W08 5 Giulia Dozio W07 7 Anna Borsari W11&#8230;<\/p>\n","protected":false},"author":4,"featured_media":15311,"comment_status":"closed","ping_status":"closed","sticky":false,"template":"","format":"standard","meta":{"jetpack_post_was_ever_published":false,"_jetpack_newsletter_access":"","_jetpack_dont_email_post_to_subs":false,"_jetpack_newsletter_tier_id":0,"_jetpack_memberships_contains_paywalled_content":false,"_jetpack_memberships_contains_paid_content":false,"footnotes":"","jetpack_publicize_message":"","jetpack_publicize_feature_enabled":true,"jetpack_social_post_already_shared":false,"jetpack_social_options":{"image_generator_settings":{"template":"highway","default_image_id":0,"font":"","enabled":false},"version":2}},"categories":[16,6,4,9],"tags":[],"class_list":["post-15431","post","type-post","status-publish","format-standard","has-post-thumbnail","hentry","category-montagna","category-non-catalogato","category-pista","category-sport"],"jetpack_publicize_connections":[],"jetpack_featured_media_url":"https:\/\/i0.wp.com\/uscatletica.ch\/wp\/wp-content\/uploads\/2022\/05\/P1180325.jpeg?fit=324%2C432&ssl=1","jetpack_sharing_enabled":true,"jetpack_shortlink":"https:\/\/wp.me\/p6V7Ck-40T","jetpack-related-posts":[{"id":1258,"url":"https:\/\/uscatletica.ch\/wp\/?p=1258","url_meta":{"origin":15431,"position":0},"title":"TAS A VACALLO LA TERZA TAPPA TAS  BELLINZONA DEBUTTA LA KIDS CUP (Rassegna Stampa)","author":"Leonida Stampanoni","date":"15 Aprile 2016","format":false,"excerpt":"Sabato si correr\u00e0 la 52a\u00a0edizione della Staffetta di Vacallo valida quale terza prova del TAS, I nostri USCini sono pronti per vivere un'altra vivace giornata agonistica, sfidando l'impervio percorso mom\u00f2. Domenica invece \u00a0al comunale di Bellinzona ripartono le selezioni della Kids Cup con in palio i posti per la finale\u2026","rel":"","context":"In &quot;Pista&quot;","block_context":{"text":"Pista","link":"https:\/\/uscatletica.ch\/wp\/?cat=4"},"img":{"alt_text":"","src":"https:\/\/i0.wp.com\/uscatletica.ch\/wp\/wp-content\/uploads\/2016\/03\/P1390105.jpg?fit=563%2C422&ssl=1&resize=350%2C200","width":350,"height":200,"srcset":"https:\/\/i0.wp.com\/uscatletica.ch\/wp\/wp-content\/uploads\/2016\/03\/P1390105.jpg?fit=563%2C422&ssl=1&resize=350%2C200 1x, https:\/\/i0.wp.com\/uscatletica.ch\/wp\/wp-content\/uploads\/2016\/03\/P1390105.jpg?fit=563%2C422&ssl=1&resize=525%2C300 1.5x"},"classes":[]},{"id":5917,"url":"https:\/\/uscatletica.ch\/wp\/?p=5917","url_meta":{"origin":15431,"position":1},"title":"milLe Gruyere UBS KIDS CUP largo ai giovani","author":"Leonida Stampanoni","date":"24 Aprile 2018","format":false,"excerpt":"Settimana intensa per i nostri allievi delle scuole medie, si parte infatti con i progetti giovanili di Swiss Athletics: Mercoled\u00ec a Bellinzona si correr\u00e0 la finale cantonale del MilLe Gruyere, mentre venerdi sera ci sar\u00e0 la KIDS CUP sociale all'Arena.\u00a0 La Kids Cup vivr\u00e0 poi le 3 eliminatorie cantonali in\u2026","rel":"","context":"In &quot;I nostri appuntamenti&quot;","block_context":{"text":"I nostri appuntamenti","link":"https:\/\/uscatletica.ch\/wp\/?cat=12"},"img":{"alt_text":"","src":"https:\/\/i0.wp.com\/uscatletica.ch\/wp\/wp-content\/uploads\/2016\/09\/CHIARALETZI16.jpg?fit=578%2C341&ssl=1&resize=350%2C200","width":350,"height":200,"srcset":"https:\/\/i0.wp.com\/uscatletica.ch\/wp\/wp-content\/uploads\/2016\/09\/CHIARALETZI16.jpg?fit=578%2C341&ssl=1&resize=350%2C200 1x, https:\/\/i0.wp.com\/uscatletica.ch\/wp\/wp-content\/uploads\/2016\/09\/CHIARALETZI16.jpg?fit=578%2C341&ssl=1&resize=525%2C300 1.5x"},"classes":[]},{"id":17439,"url":"https:\/\/uscatletica.ch\/wp\/?p=17439","url_meta":{"origin":15431,"position":2},"title":"Doppio appuntamento al Comunale, i podisti al Br\u00e8 e al Tamaro","author":"Leonida Stampanoni","date":"2 Giugno 2023","format":false,"excerpt":"Il primo fine settimana di giugno sar\u00e0 particolarmente intenso con Bellinzona come centro dell'attivit\u00e0. Sabato saranno una decina le nostre giovani leve alla finale Cantonale della KIDS CUP. Alice finalista nazionale lo scorso anno guider\u00e0 il gruppo. Domenica in pista saranno i migliori atleti del cantone con la prima tappa\u2026","rel":"","context":"In &quot;Pista&quot;","block_context":{"text":"Pista","link":"https:\/\/uscatletica.ch\/wp\/?cat=4"},"img":{"alt_text":"","src":"https:\/\/i0.wp.com\/uscatletica.ch\/wp\/wp-content\/uploads\/2022\/09\/220910APUKCFI69M.jpg?fit=432%2C324&ssl=1&resize=350%2C200","width":350,"height":200},"classes":[]},{"id":5343,"url":"https:\/\/uscatletica.ch\/wp\/?p=5343","url_meta":{"origin":15431,"position":3},"title":"UKC TEAM A BIASCA PER DIVERTIRSI I PODISTI A ZURICH","author":"Leonida Stampanoni","date":"9 Dicembre 2017","format":false,"excerpt":"Nel secondo fine settimana di dicembre saranno i nostri ragazzi a scendere in pista nella palestra SPAI di Biasca per la UBS KIDS CUP Team con 113 squadre iscritte. Nel marzo scorso 2 squadre USC hanno partecipato ad\u00a0alla finale svizzera\u00a0di Untesiggenthal, domenica a Biasca saranno 4 le squadre al via\u2026","rel":"","context":"In &quot;Pista&quot;","block_context":{"text":"Pista","link":"https:\/\/uscatletica.ch\/wp\/?cat=4"},"img":{"alt_text":"","src":"https:\/\/i0.wp.com\/uscatletica.ch\/wp\/wp-content\/uploads\/2017\/02\/uckbuttikon17mini016.jpg?fit=563%2C422&ssl=1&resize=350%2C200","width":350,"height":200,"srcset":"https:\/\/i0.wp.com\/uscatletica.ch\/wp\/wp-content\/uploads\/2017\/02\/uckbuttikon17mini016.jpg?fit=563%2C422&ssl=1&resize=350%2C200 1x, https:\/\/i0.wp.com\/uscatletica.ch\/wp\/wp-content\/uploads\/2017\/02\/uckbuttikon17mini016.jpg?fit=563%2C422&ssl=1&resize=525%2C300 1.5x"},"classes":[]},{"id":429,"url":"https:\/\/uscatletica.ch\/wp\/?p=429","url_meta":{"origin":15431,"position":4},"title":"2 quintetti USC al via della Kids Cup alla SPAI di BIasca","author":"Leonida Stampanoni","date":"5 Dicembre 2015","format":false,"excerpt":"Domenica levataccia per gli USCini che a partire dalle 9.00 saranno in palestra alla SPAI di Biasca per la KIDS CUP TEAM Ticino. Due quintetti U16 parteciperanno alle 4 prove gioco. Tra le U16 gareggeranno Janet, Annika, Giorgia, Giada e Alessia mentre la squadra mista avr\u00e0 Erik, Alex, Vera, Clo\u00e9\u2026","rel":"","context":"In &quot;Pista&quot;","block_context":{"text":"Pista","link":"https:\/\/uscatletica.ch\/wp\/?cat=4"},"img":{"alt_text":"","src":"https:\/\/i0.wp.com\/uscatletica.ch\/wp\/wp-content\/uploads\/2015\/12\/uckt2016USCAT90.jpg?fit=960%2C720&ssl=1&resize=350%2C200","width":350,"height":200,"srcset":"https:\/\/i0.wp.com\/uscatletica.ch\/wp\/wp-content\/uploads\/2015\/12\/uckt2016USCAT90.jpg?fit=960%2C720&ssl=1&resize=350%2C200 1x, https:\/\/i0.wp.com\/uscatletica.ch\/wp\/wp-content\/uploads\/2015\/12\/uckt2016USCAT90.jpg?fit=960%2C720&ssl=1&resize=525%2C300 1.5x, https:\/\/i0.wp.com\/uscatletica.ch\/wp\/wp-content\/uploads\/2015\/12\/uckt2016USCAT90.jpg?fit=960%2C720&ssl=1&resize=700%2C400 2x"},"classes":[]},{"id":7292,"url":"https:\/\/uscatletica.ch\/wp\/?p=7292","url_meta":{"origin":15431,"position":5},"title":"DALLA SARDEGNA A BELLINZONA IL FINE SETTIMANA DEGLI USCINI","author":"Leonida Stampanoni","date":"14 Febbraio 2019","format":false,"excerpt":"Sabato a Bellinzona per la prima volta in 8 edizioni la finale regionale della UBS Kids Team si disputer\u00e0 in Ticino,l'USC sar\u00e0 al via con tre squadre due U16 una femminile ed una maschile ed una femminile ed il sestetto misto delle U12. Domenica Rachele invece sar\u00e0 con la selezione\u2026","rel":"","context":"In &quot;Cross&quot;","block_context":{"text":"Cross","link":"https:\/\/uscatletica.ch\/wp\/?cat=7"},"img":{"alt_text":"","src":"https:\/\/i0.wp.com\/uscatletica.ch\/wp\/wp-content\/uploads\/2019\/01\/ukct19all.jpg?fit=532%2C399&ssl=1&resize=350%2C200","width":350,"height":200,"srcset":"https:\/\/i0.wp.com\/uscatletica.ch\/wp\/wp-content\/uploads\/2019\/01\/ukct19all.jpg?fit=532%2C399&ssl=1&resize=350%2C200 1x, https:\/\/i0.wp.com\/uscatletica.ch\/wp\/wp-content\/uploads\/2019\/01\/ukct19all.jpg?fit=532%2C399&ssl=1&resize=525%2C300 1.5x"},"classes":[]}],"_links":{"self":[{"href":"https:\/\/uscatletica.ch\/wp\/index.php?rest_route=\/wp\/v2\/posts\/15431","targetHints":{"allow":["GET"]}}],"collection":[{"href":"https:\/\/uscatletica.ch\/wp\/index.php?rest_route=\/wp\/v2\/posts"}],"about":[{"href":"https:\/\/uscatletica.ch\/wp\/index.php?rest_route=\/wp\/v2\/types\/post"}],"author":[{"embeddable":true,"href":"https:\/\/uscatletica.ch\/wp\/index.php?rest_route=\/wp\/v2\/users\/4"}],"replies":[{"embeddable":true,"href":"https:\/\/uscatletica.ch\/wp\/index.php?rest_route=%2Fwp%2Fv2%2Fcomments&post=15431"}],"version-history":[{"count":1,"href":"https:\/\/uscatletica.ch\/wp\/index.php?rest_route=\/wp\/v2\/posts\/15431\/revisions"}],"predecessor-version":[{"id":15474,"href":"https:\/\/uscatletica.ch\/wp\/index.php?rest_route=\/wp\/v2\/posts\/15431\/revisions\/15474"}],"wp:featuredmedia":[{"embeddable":true,"href":"https:\/\/uscatletica.ch\/wp\/index.php?rest_route=\/wp\/v2\/media\/15311"}],"wp:attachment":[{"href":"https:\/\/uscatletica.ch\/wp\/index.php?rest_route=%2Fwp%2Fv2%2Fmedia&parent=15431"}],"wp:term":[{"taxonomy":"category","embeddable":true,"href":"https:\/\/uscatletica.ch\/wp\/index.php?rest_route=%2Fwp%2Fv2%2Fcategories&post=15431"},{"taxonomy":"post_tag","embeddable":true,"href":"https:\/\/uscatletica.ch\/wp\/index.php?rest_route=%2Fwp%2Fv2%2Ftags&post=15431"}],"curies":[{"name":"wp","href":"https:\/\/api.w.org\/{rel}","templated":true}]}}