{"id":15482,"date":"2022-06-13T00:57:52","date_gmt":"2022-06-12T22:57:52","guid":{"rendered":"http:\/\/uscatletica.ch\/wp\/?p=15482"},"modified":"2022-06-14T10:41:04","modified_gmt":"2022-06-14T08:41:04","slug":"alice-vola-al-letzigrund-vincendo-la-finale-cantonale","status":"publish","type":"post","link":"https:\/\/uscatletica.ch\/wp\/?p=15482","title":{"rendered":"Alice vola al Letzigrund vincendo la finale cantonale"},"content":{"rendered":"\n<p>La finale cantonale UBS Kids Cup svoltasi a Bellinzona in una splendida giornata di sport, ha salutato i 350 partecipanti in un calda giornata estiva. L&#8217;USC era presente con 10 ragazze e 3 ragazzi che hanno saputo brillare riportano Brighela alla finale nazionale del Letzigrund di Zurigo. Alice infatti ha colto una bella vittoria tra le nate nel 2009, Martino conferma il podio dello scorso anno, Ai piedi del podio ma con un bel diploma troviamo Marta, Giulia,Stefano e Anna. Bravissime anche Asia, Melissa, Anais, Ilan, Jennis, Viola e Virginia. Alcuni problemi di cronometraggio oltre ad aver scombussolato il programma hanno migliorato i tempi dei 60 m.\u00a0<\/p>\n<p><a href=\"https:\/\/www.swiss-athletics.ch\/de\/live-resultate\/\" target=\"_blank\" rel=\"noopener\">Tutti i risultati live da Bellinzona<\/a><\/p>\n<p>Nella categoria W13 Alice completa la rimonta sui 60 m dominando la gara con 0.36s di vantaggio sulle rivali, dopo aver gi\u00e0 vinto il lungo con 4.77 m, mentre nella pallina avevo ottenuto un buon 28.60 m cio\u00e8 che significa una vittoria convincente.<\/p>\n<p>Tra gli M08 Martino e Stefano hanno duellato per il podio che ha premiato la regolarit\u00e0 di Martino ( 843;9.88,23.23, 3.29) Stefano arriva \u00a0pu\u00f2 consolarsi con la vittoria nel lancio della pallina con 28.50 , che si aggiungono al 10.15 e al 3.05 per un totale di 832 poi. Due vittorie parziali non regalano il podio a Marta che con un ottimo 5.05 vince il lungo prima di aggiudicarsi l&#8217;ultimo 60 m di giornata. 30.55 nella pallina portano il totale a 2051 punti a soli due dal terzo rango. La regolarit\u00e0 porta Giulia (805; 10.15,13.61,3.02)per salire a 22 punti dal podio W08 Virginia (495,11.15,8.23,2.71) si gusta la sua finale. Anna (569;10&#8243;57,9.35,2.57) chiude quinta nelle W07 con un terzo rango sui 60 m. Tra le W11, accompagnate lungo la giornata dal presidente della FTAL, Asia (1287;9&#8243;51,26.19,3.73)arriva decima, 14esima Anais (1237; 9&#8243;03, 20.05, 3.43) completa il trittico di finali dei progetti \u00a0giovanili di Swiss Athletics. Nelle W14 Melissa( 1826;8&#8243;33,33.00, 4.35) chiude dodicesimo vincendo il duello con Jennis (1753;8&#8243;08, 22.33, 4.43).Negli Ilan (792;10.53,26.98,3.27) chiude 14esimo non ripetendo la misura di Tesserete nel lancio vede sfuggirsi un piazzamento migliore. Viola (1031;9.73,18.76,3.31) tra le W09 chiude una buona gara al quindicesimo rango. Un ringraziamento Leonida, Sergio, Christian ed \u00a0a tutti i genitori che hanno accompagnato e sostenuto i loro figli ed in particolare a chi aiutato nelle giurie.\u00a0<\/p>\n<table border=\"0\" cellspacing=\"0\"><colgroup width=\"117\"><\/colgroup><colgroup width=\"63\"><\/colgroup><colgroup width=\"184\"><\/colgroup><colgroup span=\"4\" width=\"80\"><\/colgroup>\n<tbody>\n<tr>\n<td align=\"left\" height=\"23\">Categoria<\/td>\n<td align=\"left\">Rango<\/td>\n<td align=\"left\">\u00a0<\/td>\n<td align=\"left\">pti<\/td>\n<td align=\"right\">60<\/td>\n<td align=\"left\">pallina<\/td>\n<td align=\"left\">lungo<\/td>\n<\/tr>\n<tr>\n<td align=\"left\" height=\"23\">W13<\/td>\n<td align=\"right\">1<\/td>\n<td align=\"left\">Alice Petralli<\/td>\n<td align=\"right\">2028<\/td>\n<td align=\"right\">7.75<\/td>\n<td align=\"right\">28.60<\/td>\n<td align=\"right\">4.77<\/td>\n<\/tr>\n<tr>\n<td align=\"left\" height=\"23\">M08<\/td>\n<td align=\"right\">3<\/td>\n<td align=\"left\">Martino Brenna<\/td>\n<td align=\"right\">843<\/td>\n<td align=\"right\">9.88<\/td>\n<td align=\"right\">23.23<\/td>\n<td align=\"right\">3.29<\/td>\n<\/tr>\n<tr>\n<td align=\"left\" height=\"23\">W15<\/td>\n<td align=\"right\">4<\/td>\n<td align=\"left\">Marta Mulattieri<\/td>\n<td align=\"right\">2051<\/td>\n<td align=\"right\">7.96<\/td>\n<td align=\"right\">30.55<\/td>\n<td align=\"right\">5.05<\/td>\n<\/tr>\n<tr>\n<td align=\"left\" height=\"23\">W08<\/td>\n<td align=\"right\">4<\/td>\n<td align=\"left\">Giulia Dozio<\/td>\n<td align=\"right\">805<\/td>\n<td align=\"right\">10.15<\/td>\n<td align=\"right\">13.61<\/td>\n<td align=\"right\">3.02<\/td>\n<\/tr>\n<tr>\n<td align=\"left\" height=\"23\">W07<\/td>\n<td align=\"right\">5<\/td>\n<td align=\"left\">Anna Borsari<\/td>\n<td align=\"right\">569<\/td>\n<td align=\"right\">10.57<\/td>\n<td align=\"right\">9.35<\/td>\n<td align=\"right\">2.57<\/td>\n<\/tr>\n<tr>\n<td align=\"left\" height=\"23\">W11<\/td>\n<td align=\"right\">10<\/td>\n<td align=\"left\">Asia Corti<\/td>\n<td align=\"right\">1287<\/td>\n<td align=\"right\">9.51<\/td>\n<td align=\"right\">26.19<\/td>\n<td align=\"right\">3.73<\/td>\n<\/tr>\n<tr>\n<td align=\"left\" height=\"23\">W14<\/td>\n<td align=\"right\">12<\/td>\n<td align=\"left\">Brenna Melissa<\/td>\n<td align=\"right\">1826<\/td>\n<td align=\"right\">8.33<\/td>\n<td align=\"right\">33.00<\/td>\n<td align=\"right\">4.35<\/td>\n<\/tr>\n<tr>\n<td align=\"left\" height=\"23\">W14<\/td>\n<td align=\"right\">14<\/td>\n<td align=\"left\">Jennis Berger<\/td>\n<td align=\"right\">1753<\/td>\n<td align=\"right\">8.08<\/td>\n<td align=\"right\">22.33<\/td>\n<td align=\"right\">4.46<\/td>\n<\/tr>\n<tr>\n<td align=\"left\" height=\"23\">W11<\/td>\n<td align=\"right\">14<\/td>\n<td align=\"left\">Anais Piattini<\/td>\n<td align=\"right\">1237<\/td>\n<td align=\"right\">9.03<\/td>\n<td align=\"right\">20.05<\/td>\n<td align=\"right\">3.43<\/td>\n<\/tr>\n<tr>\n<td align=\"left\" height=\"23\">M09<\/td>\n<td align=\"right\">14<\/td>\n<td align=\"left\">Ilan Turienzo Gasser<\/td>\n<td align=\"right\">792<\/td>\n<td align=\"right\">10.53<\/td>\n<td align=\"right\">26.98<\/td>\n<td align=\"right\">3.27<\/td>\n<\/tr>\n<tr>\n<td align=\"left\" height=\"23\">W10<\/td>\n<td align=\"right\">15<\/td>\n<td align=\"left\">Viola Groppi<\/td>\n<td align=\"right\">1031<\/td>\n<td align=\"right\">9.73<\/td>\n<td align=\"right\">18.76<\/td>\n<td align=\"right\">3.31<\/td>\n<\/tr>\n<tr>\n<td align=\"left\" height=\"23\">W08<\/td>\n<td align=\"right\">20<\/td>\n<td align=\"left\">Virginia Gerosa<\/td>\n<td align=\"right\">495<\/td>\n<td align=\"right\">11.15<\/td>\n<td align=\"right\">8.23<\/td>\n<td align=\"right\">2.71<\/td>\n<\/tr>\n<\/tbody>\n<\/table>\n\n\n\n<div>\u00a0<\/div>\n<div><a href=\"https:\/\/ftal.ch\/ricky-petrucciani-accompagna-i-giovani-nel-sogno-verso-il-letzigrund\/\" target=\"_blank\" rel=\"noopener\">https:\/\/ftal.ch\/ricky-petrucciani-accompagna-i-giovani-nel-sogno-verso-il-letzigrund\/<\/a><\/div>\n<div>\u00a0<\/div>\n<div class=\"\"><span class=\"\" style=\"color: #3465a4;\"><span class=\"\">Comunicato 13.06.22 \u2013 FINALE CANTONALE UBS KIDS CUP 2022 BELLINZONA<\/span><\/span><\/div>\n<div class=\"\"><span class=\"\" style=\"color: #00000a;\"><span class=\"\">Ricky Petrucciani accompagna i ragazzi nel sogno verso il Letzigrund<\/span><\/span><\/div>\n<div class=\"\"><span class=\"\" style=\"color: #00000a;\"><span class=\"\">Leonida Stampanoni<\/span><\/span><\/div>\n<p class=\"western\" lang=\"it-IT\"><br class=\"\" \/><br class=\"\" \/><\/p>\n<p class=\"western\" lang=\"it-IT\"><span class=\"\">Obiettivo: finale \u00abWeltklasse Z\u00fcrich\u00bb<\/span><\/p>\n<p class=\"western\" lang=\"it-IT\" align=\"justify\"><span class=\"\" style=\"font-family: Calibri, sans-serif;\"><span class=\"\">Una splendida giornata di sole ha baciato l&#8217;edizione 2022 della finale UBS Kids Cup svoltasi domenica al comunale di Bellinzona sotto gli occhi attenti del semifinalista olimpico Ricky Petrucciani, che mostrando una particolare disponibilit\u00e0 e passione ha risposto con entusiasmo alle sollecitazioni dei 350 partecipanti alla giornata di gare. In un\u2018 atmosfera di festa i migliori talenti ticinesi hanno raccolto la sfida impegnandosi a fondo 60m salto in lungo e lancio della pallina, godendosi la splendida atmosfera di festa e la puntuale organizzazione della SA Bellinzona supportata dalla FTAL e da UBS che sono riusciti a regalare una bella giornata di sport risolvendo brillantemente anche un panne cronometrica che ha posto diversi grattacapi durante la mattinata. <\/span><\/span><\/p>\n<p class=\"western\" lang=\"it-IT\" align=\"justify\"><span class=\"\" style=\"font-family: Calibri, sans-serif;\"><span class=\"\">Sotto il sole cocente sono arrivate delle ottime prestazioni in particolare nel lancio della pallina. Dove Elisa Tricarico (SAM) ha ottenuto il miglior lancio ticinese di sempre alla Kids Cup con 58.25 m risultato che le ha permesso di dominare con 2556 punti la gara delle W14 davanti Tosca Del Siro (GAD) 2356 risultata la migliore sui 60 m e nel lungo con 5.03m. <\/span><\/span><\/p>\n<p class=\"western\" lang=\"it-IT\" align=\"justify\"><span class=\"\"><span class=\"\" style=\"font-family: Calibri, sans-serif;\">Tra gli Milo Vigani con 2263 punti ha ottenuto il miglior punteggio assoluto di giornata battendo i concorrenti delle categorie superiori. <\/span><\/span><span class=\"\"><span class=\"\" style=\"font-family: Calibri, sans-serif;\">Vincitore nelle tre discipline spiccano il lancio a 65.39 miglior lancio di giornata e terza misura svizzera dell\u2019anno ed un bel salto a 5.31 m. Sul podio con lui i gemelli Barbaresco per una tripletta Virtus. Altra vittoria Virtus negli M15 con Matteo Cavalli (2221) che grazie a lancio a 62.68 m e ad un balzo a 5.46 riesce a respingere l\u2019assalto del vincitore di Visana Sprint Martin Malinverno (SAB) il miglior dei 60 m e Giona Losa (ASSPO) due volte ragazzo pi\u00f9 veloce della svizzera atterrato a 5.69 m. Tra i nati nel 2008 Cedric Tognetti <\/span><span class=\"\" style=\"font-family: Calibri, sans-serif;\">(Vigor) arriva a 2258 punti e con 5.65 vince il salto in lungo. Disciplina fatale a Gianmarco Bielli (SAM) il miglior sui 60 m e nella pallina con 57.17 m. Ilian Pirotta (USA) \u00e8 secondo con 2134 punti. Lea Rossi (SAB) 2196 pti si dimostra la pi\u00f9 regolare tra le W15 e batte Marianna Bettega (AM) 2145. Tea Taborelli(AM) vince la pallina con 49.95 salvando il podio per due punti su Marta Mulattieri (USC) la migliore sui 60 m e nel salto in lungo con 5.05. Tra le W13 l\u2019USC si prende la vittoria con Alice Petralli che con 2028 punti \u00e8 la miglior sui 60 m e nel lungo con 4.43 m, <\/span><span class=\"\" style=\"font-family: Calibri, sans-serif;\">seconda Ambra Giugno (ASSPO). <\/span><\/span><\/p>\n<p class=\"western\" lang=\"it-IT\" align=\"justify\"><span class=\"\"><span class=\"\" style=\"font-family: Calibri, sans-serif;\">Tra gli M12 solo tre punti separano il duo SAM Tiziano Orlando (1590) e Novak Stosic (1587), il vincitore prevale nel lungo e nella pallina con 44.81, terzo Samuele Gygax (FGM) con i migliori risultati nel lungo con 4.60 e nello sprint. Tra le ragazze prevale Matilda Losa (GAB) 1872 punti, la migliore nella pallina con 34.63, con soli sei punti su Emma Bianchi (SFG Chiasso) che risulta la pi\u00f9 veloce su 60 m. Nelle categorie 2011 in finale vanno Selina Gianetti (SFG Chiasso e Raphael Pontarolo (SAB) gi\u00e0 finalisti del MilLe Gruy\u00e9re. Tra i pi\u00f9 piccoli Valentino Conceprio (GAD) attualmente secondo nelle liste svizzere sar\u00e0 accompagnato da Giada Ferrari( ASSPO). <\/span><span class=\"\" style=\"font-family: Calibri, sans-serif;\">Kaila Broggi (USA), Juliette Azar (Vigor), Neil Pagani (SVAM) e Edoardo Albini (SAV) potranno godersi la finale del Letzigrund<\/span><\/span><\/p>\n<p class=\"western\" lang=\"it-IT\"><span class=\"\">Uno spiraglio di partecipazione rimane aperto per i Lucky losers ovvero i 5 migliori risultati per categoria selezionati tra le 26 finali cantonali. I nostri atleti dovranno per\u00f2 pazientare fino a met\u00e0 agosto per scoprire se avranno diritto al biglietto fortunato per la magica gara Sabato 10 settembre, nel leggendario stadio Letzigrund solo due giorni dopo la finale 2022 della Diamond League al Weltklasse Zurich. <\/span><\/p>\n<p class=\"western\" lang=\"it-IT\"><span class=\"\">Prima dell\u2019inizio dell\u2019estate la UBS Kids Cup 2022 in tutta la Svizzera ha raggiunto oltre 100 000 giovani al via nelle oltre 1000 manifestazioni. Il progetto, ideato da Weltklasse Z\u00fcrich e da Swiss Athletics, \u00e8 di gran lunga l\u2019evento giovanile di sport individuale pi\u00f9 importante in Svizzera<\/span><\/p>\n<p class=\"western\" lang=\"it-IT\"><br class=\"\" \/><br class=\"\" \/><\/p>\n<p class=\"western\" lang=\"it-IT\"><span class=\"\">I Vincitori di Bellinzona qualificati per la finale nazionale del 10 settembre al Letzigrund<\/span><\/p>\n<p class=\"western\" lang=\"it-IT\"><span class=\"\">2015 Giada Ferrari ASSPO 665 pti 10\u201d65,13.20, 2.34 <\/span><\/p>\n<p class=\"western\" lang=\"it-IT\"><span class=\"\">Sebastiano Conceprio GAD 818 pti 10\u201d02, 21.90, 3.38<\/span><\/p>\n<p class=\"western\" lang=\"it-IT\"><span class=\"\">2014 Kate Kleimann Vigor 957 pti 10\u201d06,19.63, 3.18<\/span><\/p>\n<p class=\"western\" lang=\"it-IT\"><span class=\"\">Neil Pagani SVAM 875 pti 9\u201d73, 21.90, 3.44<\/span><\/p>\n<p class=\"western\" lang=\"it-IT\"><span class=\"\">2013 Kaila Broggi USA 910 pti 10\u201d14, 19.08, 3.06<\/span><\/p>\n<p class=\"western\" lang=\"it-IT\"><span class=\"\">Edoardo Albini SAV 997 pti 9\u201d33, 23.74, 3.60<\/span><\/p>\n<p class=\"western\" lang=\"it-IT\"><span class=\"\">2012 Juliette Azar Vigor 1652 pti 8\u201d57, 28.08, 4.22<\/span><\/p>\n<p class=\"western\" lang=\"it-IT\"><span class=\"\">Noel Malossa Virtus 1332 pti 8\u201d97, 37.12, 4.18<\/span><\/p>\n<div class=\"\">\u00a0<\/div>\n<p class=\"western\" lang=\"it-IT\"><span class=\"\">2011 Selina Gianetti SFG Chiasso 1757 pti 8\u201d43, 33.94 ,4.09<\/span><\/p>\n<p class=\"western\" lang=\"it-IT\"><span class=\"\">Raphael Pontarolo SAB 1590 pti 8\u201d41, 39.36, 4.48<\/span><\/p>\n<p class=\"western\" lang=\"it-IT\"><span class=\"\">2010 Matilda Losa GAB 1872 pti 8\u201d32, 34.62, 4.43 <\/span><\/p>\n<p class=\"western\" lang=\"it-IT\"><span class=\"\">Tiziano Orlando SAM 1590 pti 8\u201d49, 44.81, 4.52<\/span><\/p>\n<p class=\"western\" lang=\"it-IT\"><span class=\"\">2009 Alice Petralli USC 2028 pti 7\u201d75, 35.15, 4.10 <\/span><\/p>\n<p class=\"western\" lang=\"it-IT\"><span class=\"\">Milo Vigani Virtus 2263 pti 7\u201d39, 65.39, 5.31 Miglior lancio U14 in Ticino nella UBS KIDS CUP<\/span><\/p>\n<p class=\"western\" lang=\"it-IT\"><span class=\"\">2008 Elisa Tricarico SAM 2556 pti 7\u201d57, 58.25, 4.81 Miglior lancio ticinese di sempre <\/span><\/p>\n<p class=\"western\" lang=\"it-IT\"><span class=\"\">Cedric Tognetti Vigor 2258 pti 7\u201d23, 55.51, 5.65<\/span><\/p>\n<p class=\"western\" lang=\"it-IT\"><span class=\"\">2007 Lea Rossi SAB 2196 pti 7\u201d98, 41.69, 4.94<\/span><\/p>\n<p class=\"western\" lang=\"it-IT\"><span class=\"\">Matteo Cavalli 2221 pti 7\u201d51, 62.68, 5.45<\/span><\/p>\n","protected":false},"excerpt":{"rendered":"<p>La finale cantonale UBS Kids Cup svoltasi a Bellinzona in una splendida giornata di sport, ha salutato i 350 partecipanti in un calda giornata estiva. L&#8217;USC era presente con 10 ragazze e 3 ragazzi che hanno saputo brillare riportano Brighela alla finale nazionale del Letzigrund di Zurigo. Alice infatti ha colto una bella vittoria tra le nate nel 2009, Martino conferma il podio dello scorso anno, Ai piedi del podio ma con un bel diploma&#8230;<\/p>\n","protected":false},"author":4,"featured_media":12420,"comment_status":"closed","ping_status":"closed","sticky":false,"template":"","format":"standard","meta":{"jetpack_post_was_ever_published":false,"_jetpack_newsletter_access":"","_jetpack_dont_email_post_to_subs":false,"_jetpack_newsletter_tier_id":0,"_jetpack_memberships_contains_paywalled_content":false,"_jetpack_memberships_contains_paid_content":false,"footnotes":"","jetpack_publicize_message":"","jetpack_publicize_feature_enabled":true,"jetpack_social_post_already_shared":false,"jetpack_social_options":{"image_generator_settings":{"template":"highway","default_image_id":0,"font":"","enabled":false},"version":2}},"categories":[4,9],"tags":[],"class_list":["post-15482","post","type-post","status-publish","format-standard","has-post-thumbnail","hentry","category-pista","category-sport"],"jetpack_publicize_connections":[],"jetpack_featured_media_url":"https:\/\/i0.wp.com\/uscatletica.ch\/wp\/wp-content\/uploads\/2021\/06\/210603rvtialice.jpg?fit=324%2C432&ssl=1","jetpack_sharing_enabled":true,"jetpack_shortlink":"https:\/\/wp.me\/p6V7Ck-41I","jetpack-related-posts":[{"id":2146,"url":"https:\/\/uscatletica.ch\/wp\/?p=2146","url_meta":{"origin":15482,"position":0},"title":"KIDS CUP Morena vola verso il Letzigrund (classifiche video 60m  foto)","author":"Leonida Stampanoni","date":"12 Giugno 2016","format":false,"excerpt":"Il sole ha baciato l'intensa giornata della finale cantonale della UBS KIDS CUP, ottima l'organizzazione della gara, \u00a0grandi emozioni per tutti gli 20 USCini \u00a0al via. Giornata frenetica anche per i genitori ed i monitori Lorenzo, Elisa, Jonathan, Michela ed un grazie in particolare Sandra e Renato impegnati come giudici\u2026","rel":"","context":"In &quot;Pista&quot;","block_context":{"text":"Pista","link":"https:\/\/uscatletica.ch\/wp\/?cat=4"},"img":{"alt_text":"","src":"https:\/\/i0.wp.com\/uscatletica.ch\/wp\/wp-content\/uploads\/2016\/06\/uckfint2016tit.png?fit=560%2C336&ssl=1&resize=350%2C200","width":350,"height":200,"srcset":"https:\/\/i0.wp.com\/uscatletica.ch\/wp\/wp-content\/uploads\/2016\/06\/uckfint2016tit.png?fit=560%2C336&ssl=1&resize=350%2C200 1x, https:\/\/i0.wp.com\/uscatletica.ch\/wp\/wp-content\/uploads\/2016\/06\/uckfint2016tit.png?fit=560%2C336&ssl=1&resize=525%2C300 1.5x"},"classes":[]},{"id":19242,"url":"https:\/\/uscatletica.ch\/wp\/?p=19242","url_meta":{"origin":15482,"position":1},"title":"Un bel pomeriggio USC alla KIDS CUP","author":"Leonida Stampanoni","date":"25 Aprile 2024","format":false,"excerpt":"Nel pomeriggio erano una cinquantina di USCine ed USCini erano all'arena per partecipare alla nostra eliminatoria del progetto giovanile pi\u00f9 popolare della Svizzera. Accompagnati da monitori ed accompagnatori si sono sfidati correndo i 60 m saltando in lungo e lanciando la pallina. Il divertimento era in primo piano ma ora\u2026","rel":"","context":"In &quot;Pista&quot;","block_context":{"text":"Pista","link":"https:\/\/uscatletica.ch\/wp\/?cat=4"},"img":{"alt_text":"","src":"https:\/\/i0.wp.com\/uscatletica.ch\/wp\/wp-content\/uploads\/2022\/09\/220910APUKCFI69M.jpg?fit=432%2C324&ssl=1&resize=350%2C200","width":350,"height":200},"classes":[]},{"id":17407,"url":"https:\/\/uscatletica.ch\/wp\/?p=17407","url_meta":{"origin":15482,"position":2},"title":"Alice vince la finale Visana Sprint ottima USC","author":"Leonida Stampanoni","date":"28 Maggio 2023","format":false,"excerpt":"L'USC si \u00e8 presentata all'ultima gara sulla pista di Cornaredo forte di ben 6 presenze. In un caldo pomeriggio primaverile, incastonato nel cantiere del nuovo Polo sportivo luganese, il rettilineo di Cornaredo ha accolto le frecce ticinesi a caccia di un posto per la finale Visana Sprint di Fribourg il\u2026","rel":"","context":"In &quot;Pista&quot;","block_context":{"text":"Pista","link":"https:\/\/uscatletica.ch\/wp\/?cat=4"},"img":{"alt_text":"","src":"https:\/\/i0.wp.com\/uscatletica.ch\/wp\/wp-content\/uploads\/2023\/05\/230528alpeotopb.jpg?fit=450%2C338&ssl=1&resize=350%2C200","width":350,"height":200},"classes":[]},{"id":19450,"url":"https:\/\/uscatletica.ch\/wp\/?p=19450","url_meta":{"origin":15482,"position":3},"title":"Al Comunale Alice, Martino, Linda e Kayla sul podio della KIDS CUP","author":"Leonida Stampanoni","date":"9 Giugno 2024","format":false,"excerpt":"Una splendida giornata un atmosfera di festa una ventina di giovani USCine hanno potuto gustarsi la magia della finale cantonale UBS KIDS CUP sabato al comunale di Bellinzona che il 9 settembre ospiter\u00e0 il gal\u00e0 dei Castelli. I nostri atleti hanno potuto anche salutare Ajla Del Ponte la festeggiatissima stella\u2026","rel":"","context":"In &quot;Pista&quot;","block_context":{"text":"Pista","link":"https:\/\/uscatletica.ch\/wp\/?cat=4"},"img":{"alt_text":"","src":"https:\/\/i0.wp.com\/uscatletica.ch\/wp\/wp-content\/uploads\/2020\/09\/P1030658.jpeg?fit=315%2C420&ssl=1&resize=350%2C200","width":350,"height":200},"classes":[]},{"id":17439,"url":"https:\/\/uscatletica.ch\/wp\/?p=17439","url_meta":{"origin":15482,"position":4},"title":"Doppio appuntamento al Comunale, i podisti al Br\u00e8 e al Tamaro","author":"Leonida Stampanoni","date":"2 Giugno 2023","format":false,"excerpt":"Il primo fine settimana di giugno sar\u00e0 particolarmente intenso con Bellinzona come centro dell'attivit\u00e0. Sabato saranno una decina le nostre giovani leve alla finale Cantonale della KIDS CUP. Alice finalista nazionale lo scorso anno guider\u00e0 il gruppo. Domenica in pista saranno i migliori atleti del cantone con la prima tappa\u2026","rel":"","context":"In &quot;Pista&quot;","block_context":{"text":"Pista","link":"https:\/\/uscatletica.ch\/wp\/?cat=4"},"img":{"alt_text":"","src":"https:\/\/i0.wp.com\/uscatletica.ch\/wp\/wp-content\/uploads\/2022\/09\/220910APUKCFI69M.jpg?fit=432%2C324&ssl=1&resize=350%2C200","width":350,"height":200},"classes":[]},{"id":4350,"url":"https:\/\/uscatletica.ch\/wp\/?p=4350","url_meta":{"origin":15482,"position":5},"title":"KIDS CUP Ottimi USCini Morena vola alla finale del Letzigrund (Video 60 m Rassegna Stampa)","author":"Leonida Stampanoni","date":"28 Maggio 2017","format":false,"excerpt":"L'atletica svizzera ha vissuto una fine settimana storico con 4 nuovi primati svizzeri assoluti migliorati da Alex Wilson (100,200) e G\u00e9raldine Ruckstuhl (eptathlon e giavellotto), Il Ticino che ha avuto da Ajla Del Ponte il suo primato cantonale sui 200 m celebrava invece la festa dell'atletica giovanili con la finale\u2026","rel":"","context":"In &quot;Pista&quot;","block_context":{"text":"Pista","link":"https:\/\/uscatletica.ch\/wp\/?cat=4"},"img":{"alt_text":"","src":"https:\/\/i0.wp.com\/uscatletica.ch\/wp\/wp-content\/uploads\/2017\/05\/P1470012.jpg?fit=563%2C422&ssl=1&resize=350%2C200","width":350,"height":200,"srcset":"https:\/\/i0.wp.com\/uscatletica.ch\/wp\/wp-content\/uploads\/2017\/05\/P1470012.jpg?fit=563%2C422&ssl=1&resize=350%2C200 1x, https:\/\/i0.wp.com\/uscatletica.ch\/wp\/wp-content\/uploads\/2017\/05\/P1470012.jpg?fit=563%2C422&ssl=1&resize=525%2C300 1.5x"},"classes":[]}],"_links":{"self":[{"href":"https:\/\/uscatletica.ch\/wp\/index.php?rest_route=\/wp\/v2\/posts\/15482","targetHints":{"allow":["GET"]}}],"collection":[{"href":"https:\/\/uscatletica.ch\/wp\/index.php?rest_route=\/wp\/v2\/posts"}],"about":[{"href":"https:\/\/uscatletica.ch\/wp\/index.php?rest_route=\/wp\/v2\/types\/post"}],"author":[{"embeddable":true,"href":"https:\/\/uscatletica.ch\/wp\/index.php?rest_route=\/wp\/v2\/users\/4"}],"replies":[{"embeddable":true,"href":"https:\/\/uscatletica.ch\/wp\/index.php?rest_route=%2Fwp%2Fv2%2Fcomments&post=15482"}],"version-history":[{"count":4,"href":"https:\/\/uscatletica.ch\/wp\/index.php?rest_route=\/wp\/v2\/posts\/15482\/revisions"}],"predecessor-version":[{"id":16576,"href":"https:\/\/uscatletica.ch\/wp\/index.php?rest_route=\/wp\/v2\/posts\/15482\/revisions\/16576"}],"wp:featuredmedia":[{"embeddable":true,"href":"https:\/\/uscatletica.ch\/wp\/index.php?rest_route=\/wp\/v2\/media\/12420"}],"wp:attachment":[{"href":"https:\/\/uscatletica.ch\/wp\/index.php?rest_route=%2Fwp%2Fv2%2Fmedia&parent=15482"}],"wp:term":[{"taxonomy":"category","embeddable":true,"href":"https:\/\/uscatletica.ch\/wp\/index.php?rest_route=%2Fwp%2Fv2%2Fcategories&post=15482"},{"taxonomy":"post_tag","embeddable":true,"href":"https:\/\/uscatletica.ch\/wp\/index.php?rest_route=%2Fwp%2Fv2%2Ftags&post=15482"}],"curies":[{"name":"wp","href":"https:\/\/api.w.org\/{rel}","templated":true}]}}