{"id":15613,"date":"2022-07-02T07:53:17","date_gmt":"2022-07-02T05:53:17","guid":{"rendered":"http:\/\/uscatletica.ch\/wp\/?p=15613"},"modified":"2022-07-02T07:53:21","modified_gmt":"2022-07-02T05:53:21","slug":"il-fine-settimana-usc-in-pista-a-biasca-di-corsa-in-morobbia-e-calanca","status":"publish","type":"post","link":"https:\/\/uscatletica.ch\/wp\/?p=15613","title":{"rendered":"Il fine settimana USC in pista a Biasca di corsa in Morobbia e Calanca"},"content":{"rendered":"\n<p>Il fine settimana si prospetta intenso con tre appuntamenti su suolo ticinesi per atlete ed atleti USC oggi ci sar\u00e0 il Magnus Swiss Jump Tour a Biasca al via Mattia, Matilda, Marco e Federica. Riparte la stagione ASTi sabato si corre il <a href=\"https:\/\/morobbia-trail.ch\/k33\" target=\"_blank\" rel=\"noopener\">BancaStato Morobbia Trai<\/a>l mentre domenica in Val Calanca in palio ci saranno i titoli di campione ASTi di podismo l&#8217;USC lo scorso hanno vinse il titolo assoluto e M20 con Marco e quello M40 con Elia. \u00a0Il nostro Matteo sar\u00e0 invece impegnato nei campionati europei giovanili di CO in Ungheria.\u00a0<\/p>\n<p><a href=\"https:\/\/slv.laportal.net\/Competitions\/Details\/7611\">Risultati live da Biasca\u00a0<\/a>\u00a0I<a href=\"https:\/\/eu.jotform.com\/app\/performance-timing\/resultsapp\/\" target=\"_blank\" rel=\"noopener\"> Risultati live delle due gare ASTi<\/a>\u00a0<a href=\"https:\/\/orienteering.sport\/event\/european-youth-orienteering-championships\/welcome\/\" target=\"_blank\" rel=\"noopener\">tutte le news dall&#8217;Ungheria\u00a0<\/a>\u00a0<\/p>\n<p>A Biasca riprende la stagione ticinese dopo le escursioni in Liechtenstein e a Zurich per i campionati \u00a0con il titolo di Matilda e la medaglia di Federica, \u00a0e la sempre prestigiosa presenza di Giada e Matilda al Letzigrund. \u00a0Al Vallone Matilda e Marco correranno 100 e 200 \u00a0mentre Mattia sar\u00e0 al via solo sui 100 m.<\/p>\n<p>Nelle due prove ASTi \u00a0contiamo sulla solita presenza degli appassionati con Ralf ed Elia in lotta per il podio finale nella classifica di podismo \u00a0e con ambizioni anche di medaglia al campionato ASTi del Gran Premio Rossa<\/p>\n<p>Matteo sar\u00e0 da sabato a luned\u00ec agli EYOC 2022 in Ungheria dopo una brillante stagione crossistica con la maglia USC che gli ha permesso di sfruttare la sua grande abilit\u00e0 in cartina.\u00a0<\/p>\n<p>\u00a0<\/p>\n<p>N CALANCA PARTE L\u2019INTENSA ESTATE AGONISTICA ASTi<\/p>\n<p>Sabato si terr\u00e0 la 2<sup>a<\/sup>\u00a0edizione del BancaStato Morobbia Trail. Domenica al Gran Premio Rossa si lotter\u00e0 per i titoli ASTi podismo\u00a0<\/p>\n<p>Nel primo fine settimana di luglio prender\u00e0 il via l\u2019intensa estate agonistica delle coppe ASTi che offrir\u00e0 agli appassionati ben 11 prove equamente distribuite nei 4 differenti trofei. Si partir\u00e0 sabato con la 2<sup>a<\/sup>\u00a0edizione del Morobbia Trail. Il gruppo Baraonda a Pianezzo accoglier\u00e0 gli specialisti che potranno gustarsi lo spettacolare percorso di 33 km con 2250 m di dislivello che transiter\u00e0 nei punti chiave dell\u2019alpe del Giumello, Passo san Jorio e Capanna del Gesero. La gara partir\u00e0 alle 8.30Domenica il comune di Rossa ed i Moesa Runners, grazie al Gran Premio Rossa, accoglieranno il campionato ASTi di podismo con in palio i otto titoli nelle diverse categorie pi\u00f9 i due titoli assoluti. La caccia alle medaglie si svolger\u00e0 sui 10 km immersi in uno splendido scenario tra il fiume ed gli scoscesi fianchi della Val Calanca . Marco Delorenzi (USC) e Paola Vollmeier Casanova (SAM) vinsero i titoli assoluti lo scorso anno alla Stramassagno.<\/p>\n<p>La coppa ASTi BancaStato podismo rester\u00e0 nel Grigioni italiano anche settimana prossima con la SanBeRun che attorno al lago di Isola accoglier\u00e0 anche le categorie della coppa ASTi BancaStato giovanile.<\/p>\n<p>Archiviate tre delle dieci gare valide per la classifica podismo, nella generale maschile Ivan Boggini (RCB) \u00e8 tuttora imbattuto e guida la classifica davanti a Simone Spessot (TC) e il collega di societ\u00e0 Enrico Cavadini. Nella generale femminile al comando troviamo Sara Solari (SAM) impostasi nelle ultime due prove. Jeannette Bragagnolo (GAB) e la giovane Cristina Maggetti (SPL) sono le prime inseguitrici.\u00a0<\/p>\n<p>Solari (F20) e Boggini (M40) guidano pure le rispettive categorie. Negli M50 Ralf Mureddu (USC), unico atleta non RCB ad aver vinto una gara tra i masters, guida su Enrico Cavadini vincitore delle prime due prove. Gaetano Genovese tra gli M60 completa il domino del RCB.\u00a0<\/p>\n<p>Bellinzona, grazie al GAB, sugli scudi anche al femminile: Jeannette Bragagnolo guida le F50 con dopo il tris di successi, mentre nelle F40 Zuleika Bionda precede Clarissa Gaggini, la vincitrice delle prime due gare.\u00a0<\/p>\n<p>Tra gli U20 l\u2019atletica Mendrisiotto detta legge con Riccardo Rovira davanti a Jamie Mohamed.\u00a0<\/p>\n<p>Nella coppa Trail \u00e8 sempre la capitale a dominare la classifica: il GAB ha infatti vinto le prime due prove con Lukas Oehen e Paola Stampanoni. La classifica, dopo la prova in Morobbia, prender\u00e0 forma in agosto con Trail Sanbe, Greina Trail e Vallemaggia Trail.\u00a0<\/p>\n<p>L\u2019intenso calendario estivo proseguir\u00e0 il 17 luglio con la 21a edizione della Rodi Tremorgio, nel fine settimana tra luglio ed agosto ci saranno la 25a edizione della cronometro del Nara e il campionato ASTi giovanile alla Coppa Froda con il sempre suggestivo arrivo sotto la cascata di Foroglio. In agosto, oltre al tris di coppa trail, con piacere segnaliamo il ritorno in calendario, il 14 agosto, della Pontironese.<\/p>\n<p>Tutte le informazioni le trovate su http:\/\/www.asti-ticino.ch\/asti-new\/asti.<\/p>\n<p>CTPS ASTI\/LS\/ES<\/p>\n<p>\u00a0<\/p>\n<p>\u00a0<\/p>\n","protected":false},"excerpt":{"rendered":"<p>Il fine settimana si prospetta intenso con tre appuntamenti su suolo ticinesi per atlete ed atleti USC oggi ci sar\u00e0 il Magnus Swiss Jump Tour a Biasca al via Mattia, Matilda, Marco e Federica. Riparte la stagione ASTi sabato si corre il BancaStato Morobbia Trail mentre domenica in Val Calanca in palio ci saranno i titoli di campione ASTi di podismo l&#8217;USC lo scorso hanno vinse il titolo assoluto e M20 con Marco e quello&#8230;<\/p>\n","protected":false},"author":4,"featured_media":15527,"comment_status":"closed","ping_status":"closed","sticky":false,"template":"","format":"standard","meta":{"jetpack_post_was_ever_published":false,"_jetpack_newsletter_access":"","_jetpack_dont_email_post_to_subs":false,"_jetpack_newsletter_tier_id":0,"_jetpack_memberships_contains_paywalled_content":false,"_jetpack_memberships_contains_paid_content":false,"footnotes":"","jetpack_publicize_message":"","jetpack_publicize_feature_enabled":true,"jetpack_social_post_already_shared":false,"jetpack_social_options":{"image_generator_settings":{"template":"highway","default_image_id":0,"font":"","enabled":false},"version":2}},"categories":[4,9],"tags":[],"class_list":["post-15613","post","type-post","status-publish","format-standard","has-post-thumbnail","hentry","category-pista","category-sport"],"jetpack_publicize_connections":[],"jetpack_featured_media_url":"https:\/\/i0.wp.com\/uscatletica.ch\/wp\/wp-content\/uploads\/2022\/06\/P1190998.jpeg?fit=324%2C432&ssl=1","jetpack_sharing_enabled":true,"jetpack_shortlink":"https:\/\/wp.me\/p6V7Ck-43P","jetpack-related-posts":[{"id":15162,"url":"https:\/\/uscatletica.ch\/wp\/?p=15162","url_meta":{"origin":15613,"position":0},"title":"Fine settimana tra Biasca, Horw, Berna e Comano","author":"Leonida Stampanoni","date":"13 Maggio 2022","format":false,"excerpt":"Il fine settimana USC sar\u00e0 particolarmente intenso\u00a0 sabato le nostre ragazze tornano in pista come sqaudra\u00a0 dopo le tre medaglie in staffetta le U18 affronteranno a Biasca i CSI una squadra motivata e pronta\u00a0 a cogliere grandi soddisfazioni. Giada sar\u00e0 invece in pedana ad Horw Sabato i podisti saranno impegnati\u2026","rel":"","context":"In &quot;Pista&quot;","block_context":{"text":"Pista","link":"https:\/\/uscatletica.ch\/wp\/?cat=4"},"img":{"alt_text":"","src":"https:\/\/i0.wp.com\/uscatletica.ch\/wp\/wp-content\/uploads\/2022\/05\/P1180123.jpg?fit=432%2C324&ssl=1&resize=350%2C200","width":350,"height":200},"classes":[]},{"id":13515,"url":"https:\/\/uscatletica.ch\/wp\/?p=13515","url_meta":{"origin":15613,"position":1},"title":"Locarno Giornico Sagno chiude la pista con i CT Giovanili partono le staffette","author":"Leonida Stampanoni","date":"1 Ottobre 2021","format":false,"excerpt":"A due anni di distanza torna un classico fine settimana autunnale carico di impegni agonistici per l'USC. Al Lido di Locarno saranno una quindicina le presenze USC ai campionati ticinesi giovanili ultimo appuntamento FTAL su suolo cantonale. Tra i favoriti possiamo citare Matilda, Lara S, Pietro, Morena. \u00a0I Podisti faranno\u2026","rel":"","context":"In &quot;Pista&quot;","block_context":{"text":"Pista","link":"https:\/\/uscatletica.ch\/wp\/?cat=4"},"img":{"alt_text":"","src":"https:\/\/i0.wp.com\/uscatletica.ch\/wp\/wp-content\/uploads\/2021\/09\/TASSagno20211002-724x1024.jpg?resize=350%2C200&ssl=1","width":350,"height":200,"srcset":"https:\/\/i0.wp.com\/uscatletica.ch\/wp\/wp-content\/uploads\/2021\/09\/TASSagno20211002-724x1024.jpg?resize=350%2C200&ssl=1 1x, https:\/\/i0.wp.com\/uscatletica.ch\/wp\/wp-content\/uploads\/2021\/09\/TASSagno20211002-724x1024.jpg?resize=525%2C300&ssl=1 1.5x"},"classes":[]},{"id":19801,"url":"https:\/\/uscatletica.ch\/wp\/?p=19801","url_meta":{"origin":15613,"position":2},"title":"Alice ai Campionati svizzeri, le coppe ASTi in Calanca","author":"Leonida Stampanoni","date":"30 Agosto 2024","format":false,"excerpt":"Nel fine settimana diversi gli appuntamenti per le atlete e gli atleti USC. Oltre Gottardo ci saranno i campionati svizzeri U16-U18, dove Alice sar\u00e0 al via alla Pontaise di Losanna sui 100 m. Al via pure una cinquantina di atleti ed atlete ticinesi. L'ASTi invece propone per podisti e podiste\u2026","rel":"","context":"In &quot;Montagna&quot;","block_context":{"text":"Montagna","link":"https:\/\/uscatletica.ch\/wp\/?cat=16"},"img":{"alt_text":"","src":"https:\/\/i0.wp.com\/uscatletica.ch\/wp\/wp-content\/uploads\/2024\/08\/IMG_2185-2.jpg?fit=432%2C324&ssl=1&resize=350%2C200","width":350,"height":200},"classes":[]},{"id":9109,"url":"https:\/\/uscatletica.ch\/wp\/?p=9109","url_meta":{"origin":15613,"position":3},"title":"Bellinzona Isone Basodino Locarno Uster USC a 360 gradi","author":"Leonida Stampanoni","date":"20 Settembre 2019","format":false,"excerpt":"Il primo fine settimana autunnale sar\u00e0 veramente ricco di impegni per gli atleti USC. In pista si chiude il Gran Prix FTAL al comunale di Bellinzona con i palio pure i titoli suo 5000 m e 3000 m prima di ospitare il classico meeting Masters giunto alla 19 edizioni. Locarno\u2026","rel":"","context":"In &quot;Montagna&quot;","block_context":{"text":"Montagna","link":"https:\/\/uscatletica.ch\/wp\/?cat=16"},"img":{"alt_text":"","src":"https:\/\/i0.wp.com\/uscatletica.ch\/wp\/wp-content\/uploads\/2019\/08\/caratschlausc190815.jpg?fit=432%2C324&ssl=1&resize=350%2C200","width":350,"height":200},"classes":[]},{"id":19411,"url":"https:\/\/uscatletica.ch\/wp\/?p=19411","url_meta":{"origin":15613,"position":4},"title":"SABATO IL BANCASTATO GP FTAL AL LIDO","author":"Leonida Stampanoni","date":"31 Maggio 2024","format":false,"excerpt":"Sabato al Lido ci sar\u00e0 la prima tappa del BancaStato Gran Prix FTAL, il circuito che proseguir\u00e0 domenica prossima a Biasca e si concluder\u00e0 con i campionati ticinesi assoluti a settembre. Al Lido saranno sei gli\/le atleti\/e \u00a0USC al via \u00a0Giada nel disco Lana nel triplo\u00a0, Tiziano nei 1500, Lea\u2026","rel":"","context":"In &quot;Pista&quot;","block_context":{"text":"Pista","link":"https:\/\/uscatletica.ch\/wp\/?cat=4"},"img":{"alt_text":"Partenza 10'000 metri 13 aprile","src":"https:\/\/i0.wp.com\/uscatletica.ch\/wp\/wp-content\/uploads\/2024\/04\/Partenza-10000-metri-13-aprile.jpg?fit=884%2C593&ssl=1&resize=350%2C200","width":350,"height":200,"srcset":"https:\/\/i0.wp.com\/uscatletica.ch\/wp\/wp-content\/uploads\/2024\/04\/Partenza-10000-metri-13-aprile.jpg?fit=884%2C593&ssl=1&resize=350%2C200 1x, https:\/\/i0.wp.com\/uscatletica.ch\/wp\/wp-content\/uploads\/2024\/04\/Partenza-10000-metri-13-aprile.jpg?fit=884%2C593&ssl=1&resize=525%2C300 1.5x, https:\/\/i0.wp.com\/uscatletica.ch\/wp\/wp-content\/uploads\/2024\/04\/Partenza-10000-metri-13-aprile.jpg?fit=884%2C593&ssl=1&resize=700%2C400 2x"},"classes":[]},{"id":4731,"url":"https:\/\/uscatletica.ch\/wp\/?p=4731","url_meta":{"origin":15613,"position":5},"title":"COPPA ASTi Il podismo raccoglie il testimone","author":"Leonida Stampanoni","date":"4 Agosto 2017","format":false,"excerpt":"L'estate avanza ed i podisti dalle corse in vetta passano alle corse podistiche \u00a0comunque sempre in cima al valli del alto Ticino e del Moesano, domenica si correva la penultima prova della coppa Asti salita montagna e \u00a0vertical \u00a0al Nara con tre USCini al via \u00a0il primo d'agosto impegno di\u2026","rel":"","context":"In &quot;Diversi&quot;","block_context":{"text":"Diversi","link":"https:\/\/uscatletica.ch\/wp\/?cat=30"},"img":{"alt_text":"","src":"https:\/\/i0.wp.com\/uscatletica.ch\/wp\/wp-content\/uploads\/2016\/08\/valerioeliaselma14.jpg?fit=563%2C374&ssl=1&resize=350%2C200","width":350,"height":200,"srcset":"https:\/\/i0.wp.com\/uscatletica.ch\/wp\/wp-content\/uploads\/2016\/08\/valerioeliaselma14.jpg?fit=563%2C374&ssl=1&resize=350%2C200 1x, https:\/\/i0.wp.com\/uscatletica.ch\/wp\/wp-content\/uploads\/2016\/08\/valerioeliaselma14.jpg?fit=563%2C374&ssl=1&resize=525%2C300 1.5x"},"classes":[]}],"_links":{"self":[{"href":"https:\/\/uscatletica.ch\/wp\/index.php?rest_route=\/wp\/v2\/posts\/15613","targetHints":{"allow":["GET"]}}],"collection":[{"href":"https:\/\/uscatletica.ch\/wp\/index.php?rest_route=\/wp\/v2\/posts"}],"about":[{"href":"https:\/\/uscatletica.ch\/wp\/index.php?rest_route=\/wp\/v2\/types\/post"}],"author":[{"embeddable":true,"href":"https:\/\/uscatletica.ch\/wp\/index.php?rest_route=\/wp\/v2\/users\/4"}],"replies":[{"embeddable":true,"href":"https:\/\/uscatletica.ch\/wp\/index.php?rest_route=%2Fwp%2Fv2%2Fcomments&post=15613"}],"version-history":[{"count":1,"href":"https:\/\/uscatletica.ch\/wp\/index.php?rest_route=\/wp\/v2\/posts\/15613\/revisions"}],"predecessor-version":[{"id":15614,"href":"https:\/\/uscatletica.ch\/wp\/index.php?rest_route=\/wp\/v2\/posts\/15613\/revisions\/15614"}],"wp:featuredmedia":[{"embeddable":true,"href":"https:\/\/uscatletica.ch\/wp\/index.php?rest_route=\/wp\/v2\/media\/15527"}],"wp:attachment":[{"href":"https:\/\/uscatletica.ch\/wp\/index.php?rest_route=%2Fwp%2Fv2%2Fmedia&parent=15613"}],"wp:term":[{"taxonomy":"category","embeddable":true,"href":"https:\/\/uscatletica.ch\/wp\/index.php?rest_route=%2Fwp%2Fv2%2Fcategories&post=15613"},{"taxonomy":"post_tag","embeddable":true,"href":"https:\/\/uscatletica.ch\/wp\/index.php?rest_route=%2Fwp%2Fv2%2Ftags&post=15613"}],"curies":[{"name":"wp","href":"https:\/\/api.w.org\/{rel}","templated":true}]}}