{"id":15616,"date":"2022-07-02T20:23:07","date_gmt":"2022-07-02T18:23:07","guid":{"rendered":"http:\/\/uscatletica.ch\/wp\/?p=15616"},"modified":"2022-07-02T20:25:51","modified_gmt":"2022-07-02T18:25:51","slug":"al-vallone-marco-e-federica-firmano-i-personali","status":"publish","type":"post","link":"https:\/\/uscatletica.ch\/wp\/?p=15616","title":{"rendered":"Al Vallone Marco e Federica firmano i personali"},"content":{"rendered":"\n<p>Buona giornata di gara per l&#8217;USC al Magnus Swiss Jump Tour al Vallone di Biasca, dove sono arrivati ben tre primati personali due per Marco ed unger Federica, Matilda dal canto suo chiuso due volte sul podio di giornata. \u00a0Mattia continua il suo rientro agonistico migliorandosi progressivamente.\u00a0<\/p>\n<p><a href=\"https:\/\/slv.laportal.net\/Competitions\/Details\/7611\" target=\"_blank\" rel=\"noopener\">Risultati da Biasca<\/a><\/p>\n<p>Nei 100 m il primo a scendere in pista \u00e8 \u00a0Mattia che corre in 11&#8243;76 \u00a0lanciando incoraggianti segnali di ripresa, Marco risponde \u00a0con un ottimo 12&#8243;20 abbassando per l&#8217;ennesima volta il personale come far\u00e0 poi sui 200 m correndo in 24&#8243;80. Matilda \u00a0terza sui 100 m in 12&#8243;49 \u00a0finir\u00e0 seconda sui 200 m in 26&#8243;19. \u00a0I pi\u00f9 veloci di giornata sui 100 m sono stati \u00a0Joao Sepulveda Moreira 11&#8243;08. Sofia Regazzi e Amy K\u00fcng \u00a0in 12&#8243;37, \u00a0mentre sui 200 rivincita per Julian R\u00fcfenacht 22&#8243;39 e Ma\u00ebva Tahou 26&#8243;03.\u00a0<\/p>\n<p>Negli 800 m Federica in 2&#8217;21&#8243;83 polverizza il suo personale chiudendo al terzo rango la migliore \u00e8 stata l&#8217;italiana Alice Minelli in 2&#8217;14&#8243;12. \u00a0La prossima settimana si corre a Mendrisio la Highspeed League. Tra gli uomini ottima vittoria per Enea Ratti in 1&#8217;56&#8243;83.\u00a0<\/p>\n","protected":false},"excerpt":{"rendered":"<p>Buona giornata di gara per l&#8217;USC al Magnus Swiss Jump Tour al Vallone di Biasca, dove sono arrivati ben tre primati personali due per Marco ed unger Federica, Matilda dal canto suo chiuso due volte sul podio di giornata. \u00a0Mattia continua il suo rientro agonistico migliorandosi progressivamente.\u00a0 Risultati da Biasca Nei 100 m il primo a scendere in pista \u00e8 \u00a0Mattia che corre in 11&#8243;76 \u00a0lanciando incoraggianti segnali di ripresa, Marco risponde \u00a0con un ottimo&#8230;<\/p>\n","protected":false},"author":4,"featured_media":13135,"comment_status":"closed","ping_status":"closed","sticky":false,"template":"","format":"standard","meta":{"jetpack_post_was_ever_published":false,"_jetpack_newsletter_access":"","_jetpack_dont_email_post_to_subs":false,"_jetpack_newsletter_tier_id":0,"_jetpack_memberships_contains_paywalled_content":false,"_jetpack_memberships_contains_paid_content":false,"footnotes":"","jetpack_publicize_message":"","jetpack_publicize_feature_enabled":true,"jetpack_social_post_already_shared":false,"jetpack_social_options":{"image_generator_settings":{"template":"highway","default_image_id":0,"font":"","enabled":false},"version":2}},"categories":[4,9],"tags":[],"class_list":["post-15616","post","type-post","status-publish","format-standard","has-post-thumbnail","hentry","category-pista","category-sport"],"jetpack_publicize_connections":[],"jetpack_featured_media_url":"https:\/\/i0.wp.com\/uscatletica.ch\/wp\/wp-content\/uploads\/2021\/08\/210828CTASS100M.jpg?fit=432%2C324&ssl=1","jetpack_sharing_enabled":true,"jetpack_shortlink":"https:\/\/wp.me\/p6V7Ck-43S","jetpack-related-posts":[{"id":17859,"url":"https:\/\/uscatletica.ch\/wp\/?p=17859","url_meta":{"origin":15616,"position":0},"title":"CAMPIONATI TICINESI ASSOLUTI A BIASCA","author":"Leonida Stampanoni","date":"25 Agosto 2023","format":false,"excerpt":"Nel fine settimana ci sar\u00e0 la massima rassegna atletica cantonale. il Vallone di Biasca ospiter\u00e0 i campionati ticinesi assoluti l'USC sar\u00e0 presente con sei ragazze che proveranno a cogliere l'exploit.\u00a0 In pista scenderanno Matilda Federica e Lea mentre nei lancio avremo Lara, Morena e Kora.\u00a0 Venerd\u00ec in serata \u00a0sar\u00e0 Kora\u2026","rel":"","context":"In &quot;Pista&quot;","block_context":{"text":"Pista","link":"https:\/\/uscatletica.ch\/wp\/?cat=4"},"img":{"alt_text":"","src":"https:\/\/i0.wp.com\/uscatletica.ch\/wp\/wp-content\/uploads\/2022\/10\/220110podiogiave.jpg?fit=324%2C432&ssl=1&resize=350%2C200","width":350,"height":200},"classes":[]},{"id":12964,"url":"https:\/\/uscatletica.ch\/wp\/?p=12964","url_meta":{"origin":15616,"position":1},"title":"Biasca USC in gran forma nel vento","author":"Leonida Stampanoni","date":"3 Luglio 2021","format":false,"excerpt":"Sabato al Magnus Jump Meeting al Vallone di Biasca c'erano i nostri velocisti che si sono battuti con grinta, in una giornata segnata da un forte vento contrario. Sui 200 m Simone e Matilda hanno ottenuto la seconda miglior prestazione di sempre a livello sociale. Grande lancio del Giavellotto per\u2026","rel":"","context":"In &quot;Pista&quot;","block_context":{"text":"Pista","link":"https:\/\/uscatletica.ch\/wp\/?cat=4"},"img":{"alt_text":"","src":"https:\/\/i0.wp.com\/uscatletica.ch\/wp\/wp-content\/uploads\/2021\/06\/P1110421.jpeg?fit=432%2C324&ssl=1&resize=350%2C200","width":350,"height":200},"classes":[]},{"id":17773,"url":"https:\/\/uscatletica.ch\/wp\/?p=17773","url_meta":{"origin":15616,"position":2},"title":"Bene le USCINE A Biasca","author":"Leonida Stampanoni","date":"9 Luglio 2023","format":false,"excerpt":"In un caldo pomeriggio estivo \u00a0ben cinque USCine erano presenti al Magnus Meeting Swiss Jump Tour di Biasca. Quattro le velociste presenti Matilda, Lea e le giovani Melissa e Alice. Federica ha invece corso gli 800 m .\u00a0 Tutti i risultati da Biasca Le prime a scendere in pista sugli\u2026","rel":"","context":"In &quot;Pista&quot;","block_context":{"text":"Pista","link":"https:\/\/uscatletica.ch\/wp\/?cat=4"},"img":{"alt_text":"","src":"https:\/\/i0.wp.com\/uscatletica.ch\/wp\/wp-content\/uploads\/2022\/06\/image0-rotated.jpeg?fit=640%2C480&ssl=1&resize=350%2C200","width":350,"height":200,"srcset":"https:\/\/i0.wp.com\/uscatletica.ch\/wp\/wp-content\/uploads\/2022\/06\/image0-rotated.jpeg?fit=640%2C480&ssl=1&resize=350%2C200 1x, https:\/\/i0.wp.com\/uscatletica.ch\/wp\/wp-content\/uploads\/2022\/06\/image0-rotated.jpeg?fit=640%2C480&ssl=1&resize=525%2C300 1.5x"},"classes":[]},{"id":10579,"url":"https:\/\/uscatletica.ch\/wp\/?p=10579","url_meta":{"origin":15616,"position":3},"title":"CT 3000-50000 metri: USCini a caccia del titolo","author":"Leonida Stampanoni","date":"27 Luglio 2020","format":false,"excerpt":"Sulla rinnovata pista del Vallone di Biasca in palio ci saranno i titoli di 3'000 m e 5'000 m,\u00a0 con diversi atleti USC al via: la campionessa uscente Letizia e Giorgia tra le donne, i fratelli Delorenzi e Enea sui 5'000 m uomini. Nelle altre discipline del meeting serale al\u2026","rel":"","context":"In &quot;Non catalogato&quot;","block_context":{"text":"Non catalogato","link":"https:\/\/uscatletica.ch\/wp\/?cat=6"},"img":{"alt_text":"","src":"https:\/\/i0.wp.com\/uscatletica.ch\/wp\/wp-content\/uploads\/2020\/07\/start100mu200807.jpg?fit=432%2C324&ssl=1&resize=350%2C200","width":350,"height":200},"classes":[]},{"id":15968,"url":"https:\/\/uscatletica.ch\/wp\/?p=15968","url_meta":{"origin":15616,"position":4},"title":"CT ASSOLUTI GIADA TITOLO E BRONZO MATILDA DOPPIO ARGENTO NUOVO","author":"Leonida Stampanoni","date":"17 Settembre 2022","format":false,"excerpt":"Le forti folate di vento \u00a0hanno caratterizzato la prima giornata dei campionati ticinesi assoluti disputatesi sabato al Lido di Locarno. \u00a0Un'ottima giornata per l'USC che con Giada ha vinto il titolo nel peso e con Matilda ha vinto l'argento sui 100 m. Mattia ha meritato la finale dei 100 m.\u2026","rel":"","context":"In &quot;Pista&quot;","block_context":{"text":"Pista","link":"https:\/\/uscatletica.ch\/wp\/?cat=4"},"img":{"alt_text":"","src":"https:\/\/i0.wp.com\/uscatletica.ch\/wp\/wp-content\/uploads\/2022\/09\/Giadapodio220916.jpg?fit=498%2C413&ssl=1&resize=350%2C200","width":350,"height":200},"classes":[]},{"id":15759,"url":"https:\/\/uscatletica.ch\/wp\/?p=15759","url_meta":{"origin":15616,"position":5},"title":"Campionati Svizzeri  domenica  live","author":"Leonida Stampanoni","date":"27 Agosto 2022","format":false,"excerpt":"La seconda giornata dei campionati svizzeri con le due nostre atlete \u00a0ancora in gara Federica in finale dei 1500 m mentre Matilda cerca la finale sui 200 m. Federica al terzo 1500 m in tre giorni estrae la magia del cilindro e corre finisce settima demolendo il personale e la\u2026","rel":"","context":"In &quot;Pista&quot;","block_context":{"text":"Pista","link":"https:\/\/uscatletica.ch\/wp\/?cat=4"},"img":{"alt_text":"","src":"https:\/\/i0.wp.com\/uscatletica.ch\/wp\/wp-content\/uploads\/2022\/08\/tiehen2022.png?fit=432%2C206&ssl=1&resize=350%2C200","width":350,"height":200},"classes":[]}],"_links":{"self":[{"href":"https:\/\/uscatletica.ch\/wp\/index.php?rest_route=\/wp\/v2\/posts\/15616","targetHints":{"allow":["GET"]}}],"collection":[{"href":"https:\/\/uscatletica.ch\/wp\/index.php?rest_route=\/wp\/v2\/posts"}],"about":[{"href":"https:\/\/uscatletica.ch\/wp\/index.php?rest_route=\/wp\/v2\/types\/post"}],"author":[{"embeddable":true,"href":"https:\/\/uscatletica.ch\/wp\/index.php?rest_route=\/wp\/v2\/users\/4"}],"replies":[{"embeddable":true,"href":"https:\/\/uscatletica.ch\/wp\/index.php?rest_route=%2Fwp%2Fv2%2Fcomments&post=15616"}],"version-history":[{"count":3,"href":"https:\/\/uscatletica.ch\/wp\/index.php?rest_route=\/wp\/v2\/posts\/15616\/revisions"}],"predecessor-version":[{"id":15620,"href":"https:\/\/uscatletica.ch\/wp\/index.php?rest_route=\/wp\/v2\/posts\/15616\/revisions\/15620"}],"wp:featuredmedia":[{"embeddable":true,"href":"https:\/\/uscatletica.ch\/wp\/index.php?rest_route=\/wp\/v2\/media\/13135"}],"wp:attachment":[{"href":"https:\/\/uscatletica.ch\/wp\/index.php?rest_route=%2Fwp%2Fv2%2Fmedia&parent=15616"}],"wp:term":[{"taxonomy":"category","embeddable":true,"href":"https:\/\/uscatletica.ch\/wp\/index.php?rest_route=%2Fwp%2Fv2%2Fcategories&post=15616"},{"taxonomy":"post_tag","embeddable":true,"href":"https:\/\/uscatletica.ch\/wp\/index.php?rest_route=%2Fwp%2Fv2%2Ftags&post=15616"}],"curies":[{"name":"wp","href":"https:\/\/api.w.org\/{rel}","templated":true}]}}