{"id":15730,"date":"2022-08-25T22:40:15","date_gmt":"2022-08-25T20:40:15","guid":{"rendered":"http:\/\/uscatletica.ch\/wp\/?p=15730"},"modified":"2022-08-25T22:51:30","modified_gmt":"2022-08-25T20:51:30","slug":"athletissima-ai-campionati-svizzeri-giovanili-matilda-e-federica-in-gara","status":"publish","type":"post","link":"https:\/\/uscatletica.ch\/wp\/?p=15730","title":{"rendered":"ATHLETISSIMA AI CAMPIONATI SVIZZERI GIOVANILI MATILDA E FEDERICA IN GARA"},"content":{"rendered":"\n<p>Nel fine settimana ci saranno i campionati svizzeri U16\/U18 che dopo una storica edizione \u00a0nel 2015 tornano a Riehen. Nell&#8217;ultima edizione nella periferia Basilese emersero i nomi di Simon Ehammer ed Annik Kalin. Per l&#8217;USC al via ci furono le partecipazioni di Simone e C\u00e9line. \u00a0A Riehen scenderanno in pista Matilda e Federica.<\/p>\n<p><a href=\"https:\/\/slv.laportal.net\/Competitions\/Details\/7000\" target=\"_blank\" rel=\"noopener\">I risultati live da Riehen<\/a><\/p>\n<p>Per Federica venerd\u00ec sera ci sar\u00e0 il battesimo in Diamond League con \u00a0i 1500 m del meeting \u00a0di Athletissima come gi\u00e0 Luca, Johanna, Flavie e Rachele il miglior tempo femminile sulla mitica pista della Pontaise \u00e8 \u00a0di 5&#8217;02&#8243;23 ottenuto nel 2017 da Rachele.\u00a0<\/p>\n<p><a href=\"https:\/\/lausanne.diamondleague.com\/startlistsresults\/#baseFrame#__athSchedule#ScheduleInit#Lausanne2022_CURRENTEVENT_JSON\" target=\"_blank\" rel=\"noopener\">i Risultati live da Lausanne <\/a><\/p>\n<p>A Riehen doppio impegno per Matilda che sabato correr\u00e0 i 100 m alla ricerca di un posto in finale, mentre domenica il compito di raggiungere la finale sui 200 m sar\u00e0 molto pi\u00f9 arduo. \u00a0Lo scorso anno a Winterthur Matilda giunse \u00a0ottava in 12&#8243;56. Mentre sui 200 corse in 26&#8243;07 entrambi i migliori tempi corsi da un&#8217;atleta USC ai campionati svizzeri giovanili<\/p>\n<p>Sui 1500 m Federica smaltite le fatiche vodesi, ha i mezzi per ambire ad una finale ripetendo l&#8217;exploit dello scorso anno dove ottenne il miglior tempo USC in un campionato svizzero U18 in 5&#8217;06&#8243;67.<\/p>\n<p>\u00a0<\/p>\n<p class=\"western\"><span style=\"color: #3465a4;\"><span style=\"font-size: medium;\"><span lang=\"it-IT\">Comunicato 25.08.22 \u2013 CAMPIONATI SVIZZERI U16\/U18 RIEHEN<\/span><\/span><\/span><\/p>\n<p class=\"western\"><span style=\"color: #00000a;\"><span style=\"font-size: large;\"><span lang=\"it-IT\"><b>GIADA BORIN AMY K<\/b><\/span><\/span><\/span><span style=\"color: #00000a;\"><span style=\"font-size: large;\"><span lang=\"it-IT\"><b>\u00dcNG GUIDANO UN TICINO AMBIZIOSO A RIEHEN<\/b><\/span><\/span><\/span><\/p>\n<p class=\"western\"><span style=\"color: #00000a;\"><span style=\"font-size: medium;\"><span lang=\"it-IT\">Leonida Stampanoni<\/span><\/span><\/span><\/p>\n<p class=\"western\"><span style=\"font-size: small;\"><span lang=\"it-IT\">Nel fine settimana 800 giovani giovani talenti delle categorie U16 ed U18 si troveranno allo stadio Grendelmatte di Riehen per i campionati svizzeri. Nella precedente edizione datata 2015 si ricordano i cinque titoli e sette medaglie di Gian Vetterli (USA) . Tra i plurimedagliati di sette anni orsono ricordiamo anche il vicecampione europeo e bronzo mondiali Simon Ehammer ed il bronzo europeo Annik K<\/span><\/span><span style=\"color: #000000;\"><span style=\"font-size: small;\"><span lang=\"it-IT\">\u00e4lin. Il nostro argento europeo Ricky Petrucciani raggiunse la finale degli 80 m. Saranno 25 atlete e 21 atleti della Svizzera italiana equamente divisi tra le due categorie U18 e U16 a rappresentare 13 societ\u00e0 della FTAL.<\/span><\/span><\/span><\/p>\n<p class=\"western\"><span style=\"color: #000000;\"><span style=\"font-size: small;\"><span lang=\"it-IT\">La discobola Giada Borin (ASSPO) finalista ai campionati europei U18 di Gerusalemme \u00e8 certamente tra i nomi pi\u00f9 attesi. La Virtus ha due assi da calare la fresca primatista cantonale Joanne Hartmeier reduce dal 42.82 di Bellinzona ed il martellista Seo Dazio. Nicolas Cerutti (USA) sar\u00e0 tra i protagonisti nel peso. Nel Disco oltre a Cerutti e Dazio ci sar\u00e0 anche Leo Domin\u00e9 (SFG Biasca). <\/span><\/span><\/span><\/p>\n<p class=\"western\"><span style=\"color: #000000;\"><span style=\"font-size: small;\"><span lang=\"it-IT\">La U16 Amy K\u00fcng (Sfg Biasca) sar\u00e0 tra le favorite sia negli 80 m ostacoli che sulla distanza piana contro Xenia Buri fresca detentrice della miglior prestazione svizzera di tutti i tempi. Tra i ragazzi con ambizione da finale ci sar\u00e0 Martin Malinverno (SAB) ed il due volte vincitore della finale svizzera Visana Sprint Giona Losa ASSPO. Sugli ostacoli ci sar\u00e0 Lorenzo Pugni (USA). Sui 100 m U18 Joao Sepulveda Moreira vanta il terzo tempo assoluto e se la vedr\u00e0 con i due semifinalisti degli europei di categoria. Leonardo Ambiveri (SAL) punter\u00e0 ad un posto in finale. come le ragazze Matilda Rosa (USC), Ivana Pirolli (USA) e Carol Brechb\u00fchl(GAB), ad eccezione di quest\u2019ultima saranno tutti impegnati domenica sui 200 m dove ritroveranno gli specialisti dei 400 m Giulio Fugazzi (SFG Chiasso) ed Alice Baggi (FGM). Sul giro di pista ci saranno pure Nikolas Tognetti (Vigor) e Noah Crescini (ASM). Sui 110 m ostacoli Matteo De Biasio (GAB) si aggiunge a molti pretendenti ad un posto tra i primi 8. <\/span><\/span><\/span><\/p>\n<p class=\"western\"><span style=\"color: #000000;\"><span style=\"font-size: small;\"><span lang=\"it-IT\">Nel mezzofondo Tiziana Rosamilia vanta il terzo tempo sui 2000m ma \u00e8 iscritta pure sui 600 m dove un posto in finale lo cercheranno pure Tosca Del Siro (GAD), Aurora De Marco (GAB) e Leonhard Haller (GAB) tra i ragazzi. <\/span><\/span><\/span><\/p>\n<p class=\"western\"><span style=\"color: #000000;\"><span style=\"font-size: small;\"><span lang=\"it-IT\">Nei 1500 m maschili Gioele De Marco (GAB) cerca l\u2019exploit contro atleti sulla carta pi\u00f9 veloci. Al femminile al via ci sar\u00e0 la medaglia di bronzo dei campionati europei di categoria Shirin Kerber.<\/span><\/span><\/span><\/p>\n<p class=\"western\"><span style=\"color: #000000;\"><span style=\"font-size: small;\"><span lang=\"it-IT\">Nei salti Emma Rosa nell\u2019alto U16 \u00e8 tra le favorite, ben quattro ticinesi al via nel triplo segno di una rinascita di questa disciplina ad alto contenuto tecnico. Nel salto con l\u2019asta due ticinesi sfideranno Valentin Imsand medaglia di bronzo europea a Gerusalemme. Nathan Codiroli (SAB) sar\u00e0 tra i favoriti nel lungo si scalder\u00e0 sabato sui 100 m. <\/span><\/span><\/span><\/p>\n<p class=\"western\"><span style=\"color: #000000;\"><span style=\"font-size: small;\"><span lang=\"it-IT\">Venerd\u00ec\u2019 sera torner\u00e0 la Diamond League in Svizzera con Athletissima al via oltre alla 4x100m con Ajla Del Ponte, ci sar\u00e0 il primatista ticinese dei 400 m ostacoli Mattia Tajana. Nei 1500 ci saranno Giulia, Sara Salvad\u00e9 (Vigor) e Federica Baldi. <\/span><\/span><\/span><\/p>\n<p class=\"western\" lang=\"it-IT\"><br \/><br \/><\/p>\n<p class=\"western\"><br \/><br \/><\/p>\n","protected":false},"excerpt":{"rendered":"<p>Nel fine settimana ci saranno i campionati svizzeri U16\/U18 che dopo una storica edizione \u00a0nel 2015 tornano a Riehen. Nell&#8217;ultima edizione nella periferia Basilese emersero i nomi di Simon Ehammer ed Annik Kalin. Per l&#8217;USC al via ci furono le partecipazioni di Simone e C\u00e9line. \u00a0A Riehen scenderanno in pista Matilda e Federica. I risultati live da Riehen Per Federica venerd\u00ec sera ci sar\u00e0 il battesimo in Diamond League con \u00a0i 1500 m del meeting&#8230;<\/p>\n","protected":false},"author":4,"featured_media":15731,"comment_status":"closed","ping_status":"closed","sticky":false,"template":"","format":"standard","meta":{"jetpack_post_was_ever_published":false,"_jetpack_newsletter_access":"","_jetpack_dont_email_post_to_subs":false,"_jetpack_newsletter_tier_id":0,"_jetpack_memberships_contains_paywalled_content":false,"_jetpack_memberships_contains_paid_content":false,"footnotes":"","jetpack_publicize_message":"","jetpack_publicize_feature_enabled":true,"jetpack_social_post_already_shared":false,"jetpack_social_options":{"image_generator_settings":{"template":"highway","default_image_id":0,"font":"","enabled":false},"version":2}},"categories":[4,9],"tags":[],"class_list":["post-15730","post","type-post","status-publish","format-standard","has-post-thumbnail","hentry","category-pista","category-sport"],"jetpack_publicize_connections":[],"jetpack_featured_media_url":"https:\/\/i0.wp.com\/uscatletica.ch\/wp\/wp-content\/uploads\/2022\/08\/tiehen2022.png?fit=432%2C206&ssl=1","jetpack_sharing_enabled":true,"jetpack_shortlink":"https:\/\/wp.me\/p6V7Ck-45I","jetpack-related-posts":[{"id":11112,"url":"https:\/\/uscatletica.ch\/wp\/?p=11112","url_meta":{"origin":15730,"position":0},"title":"Monthey Bellinzona Tesserete Lugano si chiude la stagione con i giovanili","author":"Leonida Stampanoni","date":"25 Settembre 2020","format":false,"excerpt":"Intenso fine settimana per gli atleti USC ,sabato No\u00e9, Jennis, e Federica saranno a Monthey per la finale del MilLe Gruyere Kariem Hussein far\u00e0 tappa ai campionati svizzeri Masters dove Elia chiuder\u00e0 la sua stagione. Domenica dopo la seconda edizione del Gir dal Diavol a Lugano ci saranno i Campionati\u2026","rel":"","context":"In &quot;Pista&quot;","block_context":{"text":"Pista","link":"https:\/\/uscatletica.ch\/wp\/?cat=4"},"img":{"alt_text":"","src":"https:\/\/i0.wp.com\/uscatletica.ch\/wp\/wp-content\/uploads\/2020\/09\/1.jpeg?fit=420%2C315&ssl=1&resize=350%2C200","width":350,"height":200},"classes":[]},{"id":4631,"url":"https:\/\/uscatletica.ch\/wp\/?p=4631","url_meta":{"origin":15730,"position":1},"title":"Poker di USCine convocate per il Gal\u00e0 dei Castelli (Elisa agli Eyoc)","author":"Leonida Stampanoni","date":"28 Giugno 2017","format":false,"excerpt":"Il mese di luglio sar\u00e0 un mese di grande atletica in Ticino ed in svizzera si partir\u00e0 giovedi con Athletissima a Lausanne dove al via ci sar\u00e0 Rachele nei 1500 m della Cross Cup, seguir\u00e0 la prova dello Spitzenleichtatletik Luzern martedi 11 . In Ticino l'appuntamento con Asafa Powell e\u2026","rel":"","context":"In &quot;CO&quot;","block_context":{"text":"CO","link":"https:\/\/uscatletica.ch\/wp\/?cat=19"},"img":{"alt_text":"","src":"https:\/\/i0.wp.com\/uscatletica.ch\/wp\/wp-content\/uploads\/2017\/05\/P1470011.jpg?fit=563%2C422&ssl=1&resize=350%2C200","width":350,"height":200,"srcset":"https:\/\/i0.wp.com\/uscatletica.ch\/wp\/wp-content\/uploads\/2017\/05\/P1470011.jpg?fit=563%2C422&ssl=1&resize=350%2C200 1x, https:\/\/i0.wp.com\/uscatletica.ch\/wp\/wp-content\/uploads\/2017\/05\/P1470011.jpg?fit=563%2C422&ssl=1&resize=525%2C300 1.5x"},"classes":[]},{"id":13096,"url":"https:\/\/uscatletica.ch\/wp\/?p=13096","url_meta":{"origin":15730,"position":2},"title":"A Bellinzona gli assoluti Stralugano CS E CT 10km","author":"Leonida Stampanoni","date":"28 Agosto 2021","format":false,"excerpt":"Nel fine settimana ci saranno i campionati ticinesi assoluti al comunale di Bellinzona al via ci saranno 8 USCIni\/e. Nella due giorni di gare due atlete hanno chiare ambizioni da podio Giada nei lanci e Matilda nella velocit\u00e0. Nel fine settimana ci sar\u00e0 anche la Stralugano con in palio i\u2026","rel":"","context":"In &quot;Pista&quot;","block_context":{"text":"Pista","link":"https:\/\/uscatletica.ch\/wp\/?cat=4"},"img":{"alt_text":"","src":"https:\/\/i0.wp.com\/uscatletica.ch\/wp\/wp-content\/uploads\/2021\/08\/4x100210821podio.jpg?fit=432%2C324&ssl=1&resize=350%2C200","width":350,"height":200},"classes":[]},{"id":18075,"url":"https:\/\/uscatletica.ch\/wp\/?p=18075","url_meta":{"origin":15730,"position":3},"title":"ALICE FEDERICA MATILDA AI CAMPIONATI SVIZZERI GIOVANILI","author":"Leonida Stampanoni","date":"8 Settembre 2023","format":false,"excerpt":"Nel fine settimana tra Losanna (U23\/U20) e Frauenfeld (U18 U16)si correranno i campionati svizzeri giovanili. L'USC sar\u00e0 presente con tre ragazze; \u00a0Federica e Matilda \u00a0a Losanna dove al via ci saranno 600 atleti ed un trentina di ticinesi. Alice garegger\u00e0 Frauenfeld con 800 atleti ed una cinquantina di ticinesi al\u2026","rel":"","context":"In &quot;Pista&quot;","block_context":{"text":"Pista","link":"https:\/\/uscatletica.ch\/wp\/?cat=4"},"img":{"alt_text":"","src":"https:\/\/i0.wp.com\/uscatletica.ch\/wp\/wp-content\/uploads\/2023\/09\/230903widencoas.jpg?fit=432%2C287&ssl=1&resize=350%2C200","width":350,"height":200},"classes":[]},{"id":4672,"url":"https:\/\/uscatletica.ch\/wp\/?p=4672","url_meta":{"origin":15730,"position":4},"title":"Rachele ed altri sei ticinesi festeggiano i 40 anni di Athletissima","author":"Leonida Stampanoni","date":"6 Luglio 2017","format":false,"excerpt":"Una parata di star per i 40 anni di Athletissima la prima tappa svizzera di Diamondleague si correr\u00e0 stasera alla Pontaise di Lausanne \u00a0e dopo la fatiche della cross cup al via ci sar\u00e0 anche la nostra Rachele che continua la tradizione inaugurata nella prima edizione 2012 da Luca e\u2026","rel":"","context":"In &quot;Diversi&quot;","block_context":{"text":"Diversi","link":"https:\/\/uscatletica.ch\/wp\/?cat=30"},"img":{"alt_text":"","src":"https:\/\/i0.wp.com\/uscatletica.ch\/wp\/wp-content\/uploads\/2016\/07\/chestatri16.jpg?fit=630%2C354&ssl=1&resize=350%2C200","width":350,"height":200,"srcset":"https:\/\/i0.wp.com\/uscatletica.ch\/wp\/wp-content\/uploads\/2016\/07\/chestatri16.jpg?fit=630%2C354&ssl=1&resize=350%2C200 1x, https:\/\/i0.wp.com\/uscatletica.ch\/wp\/wp-content\/uploads\/2016\/07\/chestatri16.jpg?fit=630%2C354&ssl=1&resize=525%2C300 1.5x"},"classes":[]},{"id":15740,"url":"https:\/\/uscatletica.ch\/wp\/?p=15740","url_meta":{"origin":15730,"position":5},"title":"Athletissima Live  Federica PRIMATO PERSONALE","author":"Leonida Stampanoni","date":"26 Agosto 2022","format":false,"excerpt":"In una serata ventosa \u00a0si disputa il la 47 edizione del meeting Athletissima Lausanne \u00a0prova svizzera della Diamond League al via troviamo \u00a0anche un atleta USC Federica Baldi. Ottima gara per la nostra Federica che ha ottenuto un nuovo primato personale. Risultati Live Federica al termine di un gara condotta\u2026","rel":"","context":"In &quot;Pista&quot;","block_context":{"text":"Pista","link":"https:\/\/uscatletica.ch\/wp\/?cat=4"},"img":{"alt_text":"","src":"https:\/\/i0.wp.com\/uscatletica.ch\/wp\/wp-content\/uploads\/2022\/08\/P1210648athel.jpg?fit=432%2C324&ssl=1&resize=350%2C200","width":350,"height":200},"classes":[]}],"_links":{"self":[{"href":"https:\/\/uscatletica.ch\/wp\/index.php?rest_route=\/wp\/v2\/posts\/15730","targetHints":{"allow":["GET"]}}],"collection":[{"href":"https:\/\/uscatletica.ch\/wp\/index.php?rest_route=\/wp\/v2\/posts"}],"about":[{"href":"https:\/\/uscatletica.ch\/wp\/index.php?rest_route=\/wp\/v2\/types\/post"}],"author":[{"embeddable":true,"href":"https:\/\/uscatletica.ch\/wp\/index.php?rest_route=\/wp\/v2\/users\/4"}],"replies":[{"embeddable":true,"href":"https:\/\/uscatletica.ch\/wp\/index.php?rest_route=%2Fwp%2Fv2%2Fcomments&post=15730"}],"version-history":[{"count":4,"href":"https:\/\/uscatletica.ch\/wp\/index.php?rest_route=\/wp\/v2\/posts\/15730\/revisions"}],"predecessor-version":[{"id":15738,"href":"https:\/\/uscatletica.ch\/wp\/index.php?rest_route=\/wp\/v2\/posts\/15730\/revisions\/15738"}],"wp:featuredmedia":[{"embeddable":true,"href":"https:\/\/uscatletica.ch\/wp\/index.php?rest_route=\/wp\/v2\/media\/15731"}],"wp:attachment":[{"href":"https:\/\/uscatletica.ch\/wp\/index.php?rest_route=%2Fwp%2Fv2%2Fmedia&parent=15730"}],"wp:term":[{"taxonomy":"category","embeddable":true,"href":"https:\/\/uscatletica.ch\/wp\/index.php?rest_route=%2Fwp%2Fv2%2Fcategories&post=15730"},{"taxonomy":"post_tag","embeddable":true,"href":"https:\/\/uscatletica.ch\/wp\/index.php?rest_route=%2Fwp%2Fv2%2Ftags&post=15730"}],"curies":[{"name":"wp","href":"https:\/\/api.w.org\/{rel}","templated":true}]}}