{"id":15818,"date":"2022-09-02T16:46:41","date_gmt":"2022-09-02T14:46:41","guid":{"rendered":"http:\/\/uscatletica.ch\/wp\/?p=15818"},"modified":"2022-09-04T20:52:47","modified_gmt":"2022-09-04T18:52:47","slug":"roberto-veloce-in-italia-fine-settimana-per-podisti-alla-stramassagno","status":"publish","type":"post","link":"https:\/\/uscatletica.ch\/wp\/?p=15818","title":{"rendered":"Roberto Veloce in Italia Dai campionati svizzeri alla Stramassagno"},"content":{"rendered":"\n<p>Nel fine settimana entra nel vivo la <a href=\"http:\/\/asti-ticino.ch\/asti-new\/podismo\/classifiche\" target=\"_blank\" rel=\"noopener\">Coppa ASTi BancaStato Podismo<\/a> che vivr\u00e0 un poker di prove nel Sottoceneri. Si partir\u00e0 dalla Stramassagno in programma sabato passando dalla StraLugano e Penz..iamo per concludersi con il nostro<a href=\"https:\/\/uscatletica.ch\/wp\/?page_id=15792\"> Tutti in Pista<\/a> mercoled\u00ec 21 settembre. Gioved\u00ec Roberto, ha corso a Cernusco sul naviglio migliorando ancora il suo personale e stabilendosi al terzo posto della Classifica USC di tutti i tempi. Giada invece nel fine settimana garegger\u00e0 ai Campionati svizzeri U20\/U23 a Ginevra<\/p>\n<p><a href=\"https:\/\/www.endu.net\/it\/events\/cross-sam-massagno-2\/\" target=\"_blank\" rel=\"noopener\">Risultati live da Massagno\u00a0\u00a0<\/a>\u00a0<a href=\"https:\/\/slv.laportal.net\/Competitions\/Details\/7999\" target=\"_blank\" rel=\"noopener\">Live dai campionati Svizzeri U20\/U23<\/a><\/p>\n<p>Al Meeting di Cernusco sul Naviglio ottima prova per Robi che ha corso i 1500 m in 3&#8217;58&#8243;14 inserito nella prima batteria ha potuto seguire l&#8217;ottimo ritmo imposto dai forti atleti italiani.\u00a0<\/p>\n<p>Giada sabato sar\u00e0 impegnata ai campionati svizzeri U20\/U23. Alle 12.00 garegger\u00e0 nel lancio del disco , mentre alle 15.30 scender\u00e0 in pedana del peso. Lo scorso annno Giada colse la medaglia agli assoluti nel peso ed i primati cantonali U20 in emrambe le specialit\u00e0. Il 2022 con l&#8217;inizio della scuola reclute\u00a0 ha comportato nuove sfide per coordinare i suoi allenamenti nel peso Giada sembra in buona condizione nel in stagione ha\u00a0 avuto una qualche difficolt\u00e0 in pi\u00f9.\u00a0<\/p>\n<p>Sabato a Massagno correranno anche diversi giovani nella Coppa ASTi BancaStato giovanile.\u00a0<\/p>\n<p>\u00a0<\/p>\n<p>\u00a0<\/p>\n<p>\u00a0<\/p>\n<p>\u00a0<\/p>\n","protected":false},"excerpt":{"rendered":"<p>Nel fine settimana entra nel vivo la Coppa ASTi BancaStato Podismo che vivr\u00e0 un poker di prove nel Sottoceneri. Si partir\u00e0 dalla Stramassagno in programma sabato passando dalla StraLugano e Penz..iamo per concludersi con il nostro Tutti in Pista mercoled\u00ec 21 settembre. Gioved\u00ec Roberto, ha corso a Cernusco sul naviglio migliorando ancora il suo personale e stabilendosi al terzo posto della Classifica USC di tutti i tempi. Giada invece nel fine settimana garegger\u00e0 ai Campionati&#8230;<\/p>\n","protected":false},"author":4,"featured_media":15467,"comment_status":"closed","ping_status":"closed","sticky":false,"template":"","format":"standard","meta":{"jetpack_post_was_ever_published":false,"_jetpack_newsletter_access":"","_jetpack_dont_email_post_to_subs":false,"_jetpack_newsletter_tier_id":0,"_jetpack_memberships_contains_paywalled_content":false,"_jetpack_memberships_contains_paid_content":false,"footnotes":"","jetpack_publicize_message":"","jetpack_publicize_feature_enabled":true,"jetpack_social_post_already_shared":false,"jetpack_social_options":{"image_generator_settings":{"template":"highway","default_image_id":0,"font":"","enabled":false},"version":2}},"categories":[4,5,9],"tags":[],"class_list":["post-15818","post","type-post","status-publish","format-standard","has-post-thumbnail","hentry","category-pista","category-podismo","category-sport"],"jetpack_publicize_connections":[],"jetpack_featured_media_url":"https:\/\/i0.wp.com\/uscatletica.ch\/wp\/wp-content\/uploads\/2022\/06\/image6.jpeg?fit=640%2C480&ssl=1","jetpack_sharing_enabled":true,"jetpack_shortlink":"https:\/\/wp.me\/p6V7Ck-478","jetpack-related-posts":[{"id":13188,"url":"https:\/\/uscatletica.ch\/wp\/?p=13188","url_meta":{"origin":15818,"position":0},"title":"Fine settimana da Massagno ai campionati svizzeri giovanili","author":"Leonida Stampanoni","date":"2 Settembre 2021","format":false,"excerpt":"Fine settimana intenso per l'USC \u00a0che sar\u00e0 impegnata su pi\u00f9 fronti \u00a0Venerd\u00ec sera alla Stramassagno in palio ci saranno i primi titoli di campione ASTi, mentre nel fine settimana ci saranno i campionati svizzeri giovanili \u00a0tra Winterthur e Nottwil sei atlete ed atleti USC saranno in pista con ambizioni di\u2026","rel":"","context":"In &quot;Non catalogato&quot;","block_context":{"text":"Non catalogato","link":"https:\/\/uscatletica.ch\/wp\/?cat=6"},"img":{"alt_text":"","src":"https:\/\/i0.wp.com\/uscatletica.ch\/wp\/wp-content\/uploads\/2021\/06\/GIADAPODIOCS21.jpg?fit=640%2C480&ssl=1&resize=350%2C200","width":350,"height":200,"srcset":"https:\/\/i0.wp.com\/uscatletica.ch\/wp\/wp-content\/uploads\/2021\/06\/GIADAPODIOCS21.jpg?fit=640%2C480&ssl=1&resize=350%2C200 1x, https:\/\/i0.wp.com\/uscatletica.ch\/wp\/wp-content\/uploads\/2021\/06\/GIADAPODIOCS21.jpg?fit=640%2C480&ssl=1&resize=525%2C300 1.5x"},"classes":[]},{"id":2765,"url":"https:\/\/uscatletica.ch\/wp\/?p=2765","url_meta":{"origin":15818,"position":1},"title":"Fine settimana Da Aarau a Sportissima","author":"Leonida Stampanoni","date":"9 Settembre 2016","format":false,"excerpt":"Nel fine settimana in programma i campionati svizzeri giovanili \u00a0l'USC sar\u00e0 ad Aarau con SImone e Giada. In Ticino sabato ci sar\u00e0 la Stramassagno prova valida per la coppa Ticino di podismo. Domenica all'Arena Sportiva ci sar\u00e0 Sportissima \u00a0con la premiazione al merito sportivo del comune di Capriasca con Roberto,\u2026","rel":"","context":"In &quot;Diversi&quot;","block_context":{"text":"Diversi","link":"https:\/\/uscatletica.ch\/wp\/?cat=30"},"img":{"alt_text":"","src":"https:\/\/i0.wp.com\/uscatletica.ch\/wp\/wp-content\/uploads\/2016\/08\/IMG_7139.jpg?fit=563%2C422&ssl=1&resize=350%2C200","width":350,"height":200,"srcset":"https:\/\/i0.wp.com\/uscatletica.ch\/wp\/wp-content\/uploads\/2016\/08\/IMG_7139.jpg?fit=563%2C422&ssl=1&resize=350%2C200 1x, https:\/\/i0.wp.com\/uscatletica.ch\/wp\/wp-content\/uploads\/2016\/08\/IMG_7139.jpg?fit=563%2C422&ssl=1&resize=525%2C300 1.5x"},"classes":[]},{"id":17964,"url":"https:\/\/uscatletica.ch\/wp\/?p=17964","url_meta":{"origin":15818,"position":2},"title":"Dai CS di Staffette al Gal\u00e0 dei Castelli passando dalla Stramassagno","author":"Leonida Stampanoni","date":"2 Settembre 2023","format":false,"excerpt":"Fine settimana intenso per l'USC pur senza nessun presente alla finale nazionale del UBS Kids Cup al Letzigrund le maglie USC avranno diverse occasioni di brillare domenica la prima uscita in grande stile della comunit\u00e0 atletica sottoceneri che porter\u00e0 ben cinque squadre ai campionati svizzeri di staffetta l'USC sar\u00e0 al\u2026","rel":"","context":"In &quot;Pista&quot;","block_context":{"text":"Pista","link":"https:\/\/uscatletica.ch\/wp\/?cat=4"},"img":{"alt_text":"","src":"https:\/\/i0.wp.com\/uscatletica.ch\/wp\/wp-content\/uploads\/2021\/08\/4x100210821.jpeg?fit=432%2C324&ssl=1&resize=350%2C200","width":350,"height":200},"classes":[]},{"id":21256,"url":"https:\/\/uscatletica.ch\/wp\/?p=21256","url_meta":{"origin":15818,"position":3},"title":"Marta No\u00e9 ed Alice al via dei campionati svizzeri giovanili","author":"Leonida Stampanoni","date":"12 Settembre 2025","format":false,"excerpt":"Nel fine settimana il Canton Argovia ospiter\u00e0 i campionati svizzeri giovanili 900 talenti delle categorie U16\/U18 saranno al via a Zofingen, mentre nella capitale Aarau gareggeranno quasi 700 U20\/U23. Per il Ticino saranno un centinaio i partecipanti nelle due sedi. Tre gli USCini No\u00e9 ed Alice gareggeranno tra. gli \u00a0U18\u2026","rel":"","context":"In &quot;Pista&quot;","block_context":{"text":"Pista","link":"https:\/\/uscatletica.ch\/wp\/?cat=4"},"img":{"alt_text":"","src":"https:\/\/i0.wp.com\/uscatletica.ch\/wp\/wp-content\/uploads\/2024\/06\/Pista-Olgiate-Olona-1-scaled.jpg?fit=1200%2C900&ssl=1&resize=350%2C200","width":350,"height":200,"srcset":"https:\/\/i0.wp.com\/uscatletica.ch\/wp\/wp-content\/uploads\/2024\/06\/Pista-Olgiate-Olona-1-scaled.jpg?fit=1200%2C900&ssl=1&resize=350%2C200 1x, https:\/\/i0.wp.com\/uscatletica.ch\/wp\/wp-content\/uploads\/2024\/06\/Pista-Olgiate-Olona-1-scaled.jpg?fit=1200%2C900&ssl=1&resize=525%2C300 1.5x, https:\/\/i0.wp.com\/uscatletica.ch\/wp\/wp-content\/uploads\/2024\/06\/Pista-Olgiate-Olona-1-scaled.jpg?fit=1200%2C900&ssl=1&resize=700%2C400 2x, https:\/\/i0.wp.com\/uscatletica.ch\/wp\/wp-content\/uploads\/2024\/06\/Pista-Olgiate-Olona-1-scaled.jpg?fit=1200%2C900&ssl=1&resize=1050%2C600 3x"},"classes":[]},{"id":4885,"url":"https:\/\/uscatletica.ch\/wp\/?p=4885","url_meta":{"origin":15818,"position":4},"title":"Campionati Svizzeri cinque USCini al via , Coppa  ASTi il gran finale","author":"Leonida Stampanoni","date":"8 Settembre 2017","format":false,"excerpt":"Fine settimana intenso per gli USCini i nostri migliori giovani saranno impegnati tra Lausanne e Winterthur nei campionati svizzeri giovanili, C\u00e9line e Simone saranno sulle rive del Lemano mentre Giada, Vera ed Alessia saranno nel canton Zurigo. In \u00a0Ticino ci \u00a0sar\u00e0 il gran finale su strada delle coppe ASTi la\u2026","rel":"","context":"In &quot;CO&quot;","block_context":{"text":"CO","link":"https:\/\/uscatletica.ch\/wp\/?cat=19"},"img":{"alt_text":"","src":"https:\/\/i0.wp.com\/uscatletica.ch\/wp\/wp-content\/uploads\/2017\/06\/P1470477.jpg?fit=563%2C422&ssl=1&resize=350%2C200","width":350,"height":200,"srcset":"https:\/\/i0.wp.com\/uscatletica.ch\/wp\/wp-content\/uploads\/2017\/06\/P1470477.jpg?fit=563%2C422&ssl=1&resize=350%2C200 1x, https:\/\/i0.wp.com\/uscatletica.ch\/wp\/wp-content\/uploads\/2017\/06\/P1470477.jpg?fit=563%2C422&ssl=1&resize=525%2C300 1.5x"},"classes":[]},{"id":19694,"url":"https:\/\/uscatletica.ch\/wp\/?p=19694","url_meta":{"origin":15818,"position":5},"title":"Giada e Lea ai campionati svizzeri U23\/20 a Langenthal","author":"Leonida Stampanoni","date":"16 Agosto 2024","format":false,"excerpt":"Nel fine settimana riparte a spron battuto la stagione dopo l'abbuffata internazionale con Europei ed Olimpiadi. Diversi dei protagonisti saranno a Langenthal per i campionati svizzeri giovanili U20\/U23. Nella delegazione ticinese spiccano le nostre due atlete L'esperta Giada Battaini gi\u00e0 in grado di conquistare alcune medaglie nel settore lanci, e\u2026","rel":"","context":"In &quot;Pista&quot;","block_context":{"text":"Pista","link":"https:\/\/uscatletica.ch\/wp\/?cat=4"},"img":{"alt_text":"","src":"https:\/\/i0.wp.com\/uscatletica.ch\/wp\/wp-content\/uploads\/2024\/05\/5erchi.jpg?fit=474%2C315&ssl=1&resize=350%2C200","width":350,"height":200},"classes":[]}],"_links":{"self":[{"href":"https:\/\/uscatletica.ch\/wp\/index.php?rest_route=\/wp\/v2\/posts\/15818","targetHints":{"allow":["GET"]}}],"collection":[{"href":"https:\/\/uscatletica.ch\/wp\/index.php?rest_route=\/wp\/v2\/posts"}],"about":[{"href":"https:\/\/uscatletica.ch\/wp\/index.php?rest_route=\/wp\/v2\/types\/post"}],"author":[{"embeddable":true,"href":"https:\/\/uscatletica.ch\/wp\/index.php?rest_route=\/wp\/v2\/users\/4"}],"replies":[{"embeddable":true,"href":"https:\/\/uscatletica.ch\/wp\/index.php?rest_route=%2Fwp%2Fv2%2Fcomments&post=15818"}],"version-history":[{"count":3,"href":"https:\/\/uscatletica.ch\/wp\/index.php?rest_route=\/wp\/v2\/posts\/15818\/revisions"}],"predecessor-version":[{"id":15850,"href":"https:\/\/uscatletica.ch\/wp\/index.php?rest_route=\/wp\/v2\/posts\/15818\/revisions\/15850"}],"wp:featuredmedia":[{"embeddable":true,"href":"https:\/\/uscatletica.ch\/wp\/index.php?rest_route=\/wp\/v2\/media\/15467"}],"wp:attachment":[{"href":"https:\/\/uscatletica.ch\/wp\/index.php?rest_route=%2Fwp%2Fv2%2Fmedia&parent=15818"}],"wp:term":[{"taxonomy":"category","embeddable":true,"href":"https:\/\/uscatletica.ch\/wp\/index.php?rest_route=%2Fwp%2Fv2%2Fcategories&post=15818"},{"taxonomy":"post_tag","embeddable":true,"href":"https:\/\/uscatletica.ch\/wp\/index.php?rest_route=%2Fwp%2Fv2%2Ftags&post=15818"}],"curies":[{"name":"wp","href":"https:\/\/api.w.org\/{rel}","templated":true}]}}