{"id":15854,"date":"2022-09-09T19:28:48","date_gmt":"2022-09-09T17:28:48","guid":{"rendered":"http:\/\/uscatletica.ch\/wp\/?p=15854"},"modified":"2022-09-10T06:17:53","modified_gmt":"2022-09-10T04:17:53","slug":"da-zurigo-a-bellinzona-passando-per-lugano-il-fine-settimana-usc","status":"publish","type":"post","link":"https:\/\/uscatletica.ch\/wp\/?p=15854","title":{"rendered":"DA Zurigo a Bellinzona passando per Lugano il fine settimana USC"},"content":{"rendered":"\n<p>Quattro appuntamenti agonistici per l&#8217;USC nel fine settimana \u00a0si parte sabato Mattina con la finale UBS Kids Cup \u00a0sulla mitica pista del Letzigrund fresca della finale della Diamond League con Alice, che raccoglie il testimone di Flavie, C\u00e9line, Giada, Morena \u00a0e Chiara capace anche di vincere. \u00a0Sabato a Lugano ci sar\u00e0 il meeting del sottoceneri con Federica al Via sugli 800, Jennis sugli 80m ostacoli, Marta e Melissa sugli 80 m e Olivia O. sui 600 m. \u00a0Luned\u00ec al Gal\u00e0 dei Castelli tra le stelle dell&#8217;atletica mondiale e svizzera ci sar\u00e0 anche Matilda impegnata sui 100 \u00a0m. \u00a0Domenica le giovani leve USC saranno all&#8217;allenamento delle star mondiali\u00a0<\/p>\n<p><a href=\"https:\/\/slv.laportal.net\/Competitions\/Details\/8183\" target=\"_blank\" rel=\"noopener\">i risultati da Cornaredo \u00a0<\/a>\u00a0 i<a href=\"https:\/\/slv.laportal.net\/Competitions\/Details\/8052\" target=\"_blank\" rel=\"noopener\"> Risultati e le liste di Partenza dal Gal\u00e0 dei Castelli<\/a><\/p>\n<p>La Stralugano sar\u00e0 l&#8217;evento del fine settimana \u00a0con la gara sui 10 km valida per la coppa ASTi BancaStato Podismo sabato con anche la 5 km charity Run. Domenica mezza maratona la tre Vertical e soprattutto al prova di coppa ASTi BancaStato Giovanile con i nostri che dettano il ritmo in classifica.<\/p>\n<p>le classifiche delle<a href=\"http:\/\/asti-ticino.ch\/asti-new\/podismo\/classifiche\" target=\"_blank\" rel=\"noopener\"> Coppe ASTi BancaStato<\/a><\/p>\n<p><a href=\"https:\/\/www.datasport.com\/live\/ranking\/?racenr=24307\" target=\"_blank\" rel=\"noopener\">Risultati della Stralugano<\/a><\/p>\n\n\n\n<p><blockquote class=\"wp-embedded-content\" data-secret=\"S0ZRbTRsvH\"><a href=\"https:\/\/ftal.ch\/ubs-kids-cup-le-stelle-di-domani-si-trovano-al-letzigrund\/\">UBS KIDS CUP: LE STELLE DI DOMANI SI TROVANO AL LETZIGRUND<\/a><\/blockquote><iframe loading=\"lazy\" class=\"wp-embedded-content\" sandbox=\"allow-scripts\" security=\"restricted\" style=\"position: absolute; clip: rect(1px, 1px, 1px, 1px);\" title=\"&#8220;UBS KIDS CUP: LE STELLE DI DOMANI SI TROVANO AL LETZIGRUND&#8221; &#8212; FTAL\" src=\"https:\/\/ftal.ch\/ubs-kids-cup-le-stelle-di-domani-si-trovano-al-letzigrund\/embed\/#?secret=LkAzmfimPo#?secret=S0ZRbTRsvH\" data-secret=\"S0ZRbTRsvH\" width=\"600\" height=\"338\" frameborder=\"0\" marginwidth=\"0\" marginheight=\"0\" scrolling=\"no\"><\/iframe><\/p>\n<p>\u00a0<\/p>\n","protected":false},"excerpt":{"rendered":"<p>Quattro appuntamenti agonistici per l&#8217;USC nel fine settimana \u00a0si parte sabato Mattina con la finale UBS Kids Cup \u00a0sulla mitica pista del Letzigrund fresca della finale della Diamond League con Alice, che raccoglie il testimone di Flavie, C\u00e9line, Giada, Morena \u00a0e Chiara capace anche di vincere. \u00a0Sabato a Lugano ci sar\u00e0 il meeting del sottoceneri con Federica al Via sugli 800, Jennis sugli 80m ostacoli, Marta e Melissa sugli 80 m e Olivia O. sui&#8230;<\/p>\n","protected":false},"author":4,"featured_media":13376,"comment_status":"closed","ping_status":"closed","sticky":false,"template":"","format":"standard","meta":{"jetpack_post_was_ever_published":false,"_jetpack_newsletter_access":"","_jetpack_dont_email_post_to_subs":false,"_jetpack_newsletter_tier_id":0,"_jetpack_memberships_contains_paywalled_content":false,"_jetpack_memberships_contains_paid_content":false,"footnotes":"","jetpack_publicize_message":"","jetpack_publicize_feature_enabled":true,"jetpack_social_post_already_shared":false,"jetpack_social_options":{"image_generator_settings":{"template":"highway","default_image_id":0,"font":"","enabled":false},"version":2}},"categories":[4,5,9],"tags":[],"class_list":["post-15854","post","type-post","status-publish","format-standard","has-post-thumbnail","hentry","category-pista","category-podismo","category-sport"],"jetpack_publicize_connections":[],"jetpack_featured_media_url":"https:\/\/i0.wp.com\/uscatletica.ch\/wp\/wp-content\/uploads\/2021\/09\/210914U118eajla.jpg?fit=432%2C324&ssl=1","jetpack_sharing_enabled":true,"jetpack_shortlink":"https:\/\/wp.me\/p6V7Ck-47I","jetpack-related-posts":[{"id":17964,"url":"https:\/\/uscatletica.ch\/wp\/?p=17964","url_meta":{"origin":15854,"position":0},"title":"Dai CS di Staffette al Gal\u00e0 dei Castelli passando dalla Stramassagno","author":"Leonida Stampanoni","date":"2 Settembre 2023","format":false,"excerpt":"Fine settimana intenso per l'USC pur senza nessun presente alla finale nazionale del UBS Kids Cup al Letzigrund le maglie USC avranno diverse occasioni di brillare domenica la prima uscita in grande stile della comunit\u00e0 atletica sottoceneri che porter\u00e0 ben cinque squadre ai campionati svizzeri di staffetta l'USC sar\u00e0 al\u2026","rel":"","context":"In &quot;Pista&quot;","block_context":{"text":"Pista","link":"https:\/\/uscatletica.ch\/wp\/?cat=4"},"img":{"alt_text":"","src":"https:\/\/i0.wp.com\/uscatletica.ch\/wp\/wp-content\/uploads\/2021\/08\/4x100210821.jpeg?fit=432%2C324&ssl=1&resize=350%2C200","width":350,"height":200},"classes":[]},{"id":13345,"url":"https:\/\/uscatletica.ch\/wp\/?p=13345","url_meta":{"origin":15854,"position":1},"title":"Gal\u00e0 dei Castelli una decina di atlete USC al via","author":"Leonida Stampanoni","date":"14 Settembre 2021","format":false,"excerpt":"La chiusura della stagione per la grande atletica svizzera sar\u00e0 stasera al Gal\u00e0 dei Castelli \u00a0uno dei maggiori appuntamenti sportivi del cantone. L'USC sar\u00e0 presenti con 8 atlete ed un atleta . Reduci dai campionati svizzeri di staffette con la finale raggiunta nella 4x100 m Sofia e Matilda gareggeranno sui\u2026","rel":"","context":"In &quot;Non catalogato&quot;","block_context":{"text":"Non catalogato","link":"https:\/\/uscatletica.ch\/wp\/?cat=6"},"img":{"alt_text":"","src":"https:\/\/i0.wp.com\/uscatletica.ch\/wp\/wp-content\/uploads\/2021\/06\/P1110468.jpeg?fit=432%2C324&ssl=1&resize=350%2C200","width":350,"height":200},"classes":[]},{"id":16067,"url":"https:\/\/uscatletica.ch\/wp\/?p=16067","url_meta":{"origin":15854,"position":2},"title":"Da Salzburg a Ginevra in pista passando dal Trail San Giorgio","author":"Leonida Stampanoni","date":"23 Settembre 2022","format":false,"excerpt":"Fine settimana intenso per l'USC tre le presenze USC con la selezione Ticino FTAL che sar\u00e0 a Salzburg per l'incontro Arge Alp. Il nostro No\u00e9 sar\u00e0 alla quarta finale MilLe Gruy\u00e8re consecutiva la trasferta lo porter\u00e0 fino al bout du monde a Ginevra. In Ticino ci sar\u00e0 il Trail San\u2026","rel":"","context":"In &quot;Montagna&quot;","block_context":{"text":"Montagna","link":"https:\/\/uscatletica.ch\/wp\/?cat=16"},"img":{"alt_text":"","src":"https:\/\/i0.wp.com\/uscatletica.ch\/wp\/wp-content\/uploads\/2021\/09\/210914U14post.jpg?fit=324%2C432&ssl=1&resize=350%2C200","width":350,"height":200},"classes":[]},{"id":19897,"url":"https:\/\/uscatletica.ch\/wp\/?p=19897","url_meta":{"origin":15854,"position":3},"title":"USCINI E USCINE AL GALA DEI CASTELLI","author":"Leonida Stampanoni","date":"8 Settembre 2024","format":false,"excerpt":"Luned\u00ec \u00a0a Bellinzona ci sar\u00e0 l'evento sportivo ticinese dell'anno il comunale ospiter\u00e0 il Gal\u00e0 dei Castelli con molti campioni mondiali ed olimpici avvia nel segno della tradizione l'USC sar\u00e0 sulla linea di partenza nelle gare presentate dalla FTAL. Mattia e No\u00e9 reduci dai campionati svizzeri di staffette a Ginevra correranno\u2026","rel":"","context":"In &quot;Pista&quot;","block_context":{"text":"Pista","link":"https:\/\/uscatletica.ch\/wp\/?cat=4"},"img":{"alt_text":"","src":"https:\/\/i0.wp.com\/uscatletica.ch\/wp\/wp-content\/uploads\/2021\/09\/210914U118podio-1.png?fit=432%2C324&ssl=1&resize=350%2C200","width":350,"height":200},"classes":[]},{"id":11112,"url":"https:\/\/uscatletica.ch\/wp\/?p=11112","url_meta":{"origin":15854,"position":4},"title":"Monthey Bellinzona Tesserete Lugano si chiude la stagione con i giovanili","author":"Leonida Stampanoni","date":"25 Settembre 2020","format":false,"excerpt":"Intenso fine settimana per gli atleti USC ,sabato No\u00e9, Jennis, e Federica saranno a Monthey per la finale del MilLe Gruyere Kariem Hussein far\u00e0 tappa ai campionati svizzeri Masters dove Elia chiuder\u00e0 la sua stagione. Domenica dopo la seconda edizione del Gir dal Diavol a Lugano ci saranno i Campionati\u2026","rel":"","context":"In &quot;Pista&quot;","block_context":{"text":"Pista","link":"https:\/\/uscatletica.ch\/wp\/?cat=4"},"img":{"alt_text":"","src":"https:\/\/i0.wp.com\/uscatletica.ch\/wp\/wp-content\/uploads\/2020\/09\/1.jpeg?fit=420%2C315&ssl=1&resize=350%2C200","width":350,"height":200},"classes":[]},{"id":8865,"url":"https:\/\/uscatletica.ch\/wp\/?p=8865","url_meta":{"origin":15854,"position":5},"title":"Gli USCini dalla KIDS CUP al Gal\u00e0 dei Castelli","author":"Leonida Stampanoni","date":"31 Agosto 2019","format":false,"excerpt":"l'ultimo fine settimana di Vacanza \u00e8 sinonimo di grande atletica giovedi sera il Weltklasse ha portato in svizzera il meglio dell'atletica mondiale, sabato alcuni dei protagonisti saranno con Chiara alla sue ultima finale della UBS KIDS CUP. Domenica la grande atletica sbarcher\u00e0 in Ticino con l'inaugurazione del nuovo comunale in\u2026","rel":"","context":"In &quot;Montagna&quot;","block_context":{"text":"Montagna","link":"https:\/\/uscatletica.ch\/wp\/?cat=16"},"img":{"alt_text":"","src":"https:\/\/i0.wp.com\/uscatletica.ch\/wp\/wp-content\/uploads\/2018\/08\/chiarakidscup.jpg?fit=423%2C297&ssl=1&resize=350%2C200","width":350,"height":200},"classes":[]}],"_links":{"self":[{"href":"https:\/\/uscatletica.ch\/wp\/index.php?rest_route=\/wp\/v2\/posts\/15854","targetHints":{"allow":["GET"]}}],"collection":[{"href":"https:\/\/uscatletica.ch\/wp\/index.php?rest_route=\/wp\/v2\/posts"}],"about":[{"href":"https:\/\/uscatletica.ch\/wp\/index.php?rest_route=\/wp\/v2\/types\/post"}],"author":[{"embeddable":true,"href":"https:\/\/uscatletica.ch\/wp\/index.php?rest_route=\/wp\/v2\/users\/4"}],"replies":[{"embeddable":true,"href":"https:\/\/uscatletica.ch\/wp\/index.php?rest_route=%2Fwp%2Fv2%2Fcomments&post=15854"}],"version-history":[{"count":2,"href":"https:\/\/uscatletica.ch\/wp\/index.php?rest_route=\/wp\/v2\/posts\/15854\/revisions"}],"predecessor-version":[{"id":15857,"href":"https:\/\/uscatletica.ch\/wp\/index.php?rest_route=\/wp\/v2\/posts\/15854\/revisions\/15857"}],"wp:featuredmedia":[{"embeddable":true,"href":"https:\/\/uscatletica.ch\/wp\/index.php?rest_route=\/wp\/v2\/media\/13376"}],"wp:attachment":[{"href":"https:\/\/uscatletica.ch\/wp\/index.php?rest_route=%2Fwp%2Fv2%2Fmedia&parent=15854"}],"wp:term":[{"taxonomy":"category","embeddable":true,"href":"https:\/\/uscatletica.ch\/wp\/index.php?rest_route=%2Fwp%2Fv2%2Fcategories&post=15854"},{"taxonomy":"post_tag","embeddable":true,"href":"https:\/\/uscatletica.ch\/wp\/index.php?rest_route=%2Fwp%2Fv2%2Ftags&post=15854"}],"curies":[{"name":"wp","href":"https:\/\/api.w.org\/{rel}","templated":true}]}}