{"id":15888,"date":"2022-09-12T16:22:58","date_gmt":"2022-09-12T14:22:58","guid":{"rendered":"http:\/\/uscatletica.ch\/wp\/?p=15888"},"modified":"2022-09-12T21:40:53","modified_gmt":"2022-09-12T19:40:53","slug":"matilda-al-via-al-gala-dei-castelli","status":"publish","type":"post","link":"https:\/\/uscatletica.ch\/wp\/?p=15888","title":{"rendered":"Matilda seconda al Gal\u00e0 dei Castelli Live"},"content":{"rendered":"\n<p>Il Gal\u00e0 dei Castelli l&#8217;evento sportivo ticinese dell&#8217;anno accoglier\u00e0 il podio intero dei mondiali nel peso con i due migliori specialisti di tutti i tempi che si sfideranno al comunale. In mezzo a tutte le stelle dell&#8217;atletica svizzera e mondiale anche nel 2022 ci sar\u00e0 una maglia USC. La nostra velocista Matilda Rosa sar\u00e0 al via alle 19.00 nella serie FTAL. Le gare si potranno seguire live su RSI LA2 <a href=\"https:\/\/i0.wp.com\/uscatletica.ch\/wp\/wp-content\/uploads\/2022\/09\/Gala.jpg?ssl=1\"><img data-recalc-dims=\"1\" loading=\"lazy\" decoding=\"async\" data-attachment-id=\"15889\" data-permalink=\"https:\/\/uscatletica.ch\/wp\/?attachment_id=15889\" data-orig-file=\"https:\/\/i0.wp.com\/uscatletica.ch\/wp\/wp-content\/uploads\/2022\/09\/Gala.jpg?fit=753%2C257&amp;ssl=1\" data-orig-size=\"753,257\" data-comments-opened=\"0\" data-image-meta=\"{&quot;aperture&quot;:&quot;4&quot;,&quot;credit&quot;:&quot;&quot;,&quot;camera&quot;:&quot;DC-TZ91&quot;,&quot;caption&quot;:&quot;&quot;,&quot;created_timestamp&quot;:&quot;1663000481&quot;,&quot;copyright&quot;:&quot;&quot;,&quot;focal_length&quot;:&quot;4.3&quot;,&quot;iso&quot;:&quot;80&quot;,&quot;shutter_speed&quot;:&quot;0.004&quot;,&quot;title&quot;:&quot;&quot;,&quot;orientation&quot;:&quot;1&quot;}\" data-image-title=\"Gal\u00e4\" data-image-description=\"\" data-image-caption=\"\" data-large-file=\"https:\/\/i0.wp.com\/uscatletica.ch\/wp\/wp-content\/uploads\/2022\/09\/Gala.jpg?fit=640%2C218&amp;ssl=1\" class=\"alignnone size-full wp-image-15889\" src=\"https:\/\/i0.wp.com\/uscatletica.ch\/wp\/wp-content\/uploads\/2022\/09\/Gala.jpg?resize=640%2C218&#038;ssl=1\" alt=\"\" width=\"640\" height=\"218\" srcset=\"https:\/\/i0.wp.com\/uscatletica.ch\/wp\/wp-content\/uploads\/2022\/09\/Gala.jpg?w=753&amp;ssl=1 753w, https:\/\/i0.wp.com\/uscatletica.ch\/wp\/wp-content\/uploads\/2022\/09\/Gala.jpg?resize=300%2C102&amp;ssl=1 300w\" sizes=\"auto, (max-width: 640px) 100vw, 640px\" \/><\/a><\/p>\n<p><a href=\"https:\/\/slv.laportal.net\/Competitions\/Details\/8052\" target=\"_blank\" rel=\"noopener\">Tutti i risultati live <\/a>\u00a0<\/p>\n<p>Matilda ottiene il secondo posto \u00a0sui 100 m \u00a0FTAL al Gal\u00e0 dei Castelli \u00a0correndo in 12&#8243;91 (-0.6) si inchina solamente a Ma\u00ebva Tahou 12&#8243;54 terza Carol Brechb\u00fchl. Al maschile\u00a0<\/p>\n<p>Buon pomeriggio dal Gal\u00e0 dei Castelli qui potete seguire in diretta\u00a0<\/p>\n<p>Partenza col Botto per i 600 m U16 \u00a0<\/p>\n<p>Tiziana Rosamilia vince in 1&#8217;33&#8243;69 terzo prestazione ticinese U20 \u00a0di sempre, sfidata fino all&#8217;ultimo da Tosca Del Siro 1&#8217;33&#8243;79 terza miglior atleta U20 di sempre e Aurora De Marco 1&#8217;35&#8243;95. Ottimi tempi anche sui 600 m maschili Elia Marcoli vince in 1&#8217;27&#8243;80 su Leonhard Haller \u00a01&#8217;28&#8243;08 \u00a0terzo Eliseo Schumacher 1&#8217;34&#8243;20.\u00a0<\/p>\n<p>100 m<\/p>\n<p><a href=\"https:\/\/i0.wp.com\/uscatletica.ch\/wp\/wp-content\/uploads\/2022\/09\/100M.png?ssl=1\"><img data-recalc-dims=\"1\" loading=\"lazy\" decoding=\"async\" data-attachment-id=\"15894\" data-permalink=\"https:\/\/uscatletica.ch\/wp\/?attachment_id=15894\" data-orig-file=\"https:\/\/i0.wp.com\/uscatletica.ch\/wp\/wp-content\/uploads\/2022\/09\/100M.png?fit=600%2C280&amp;ssl=1\" data-orig-size=\"600,280\" data-comments-opened=\"0\" data-image-meta=\"{&quot;aperture&quot;:&quot;0&quot;,&quot;credit&quot;:&quot;&quot;,&quot;camera&quot;:&quot;&quot;,&quot;caption&quot;:&quot;&quot;,&quot;created_timestamp&quot;:&quot;0&quot;,&quot;copyright&quot;:&quot;&quot;,&quot;focal_length&quot;:&quot;0&quot;,&quot;iso&quot;:&quot;0&quot;,&quot;shutter_speed&quot;:&quot;0&quot;,&quot;title&quot;:&quot;&quot;,&quot;orientation&quot;:&quot;0&quot;}\" data-image-title=\"100M\" data-image-description=\"\" data-image-caption=\"\" data-large-file=\"https:\/\/i0.wp.com\/uscatletica.ch\/wp\/wp-content\/uploads\/2022\/09\/100M.png?fit=600%2C280&amp;ssl=1\" class=\"alignnone size-full wp-image-15894\" src=\"https:\/\/i0.wp.com\/uscatletica.ch\/wp\/wp-content\/uploads\/2022\/09\/100M.png?resize=600%2C280&#038;ssl=1\" alt=\"\" width=\"600\" height=\"280\" srcset=\"https:\/\/i0.wp.com\/uscatletica.ch\/wp\/wp-content\/uploads\/2022\/09\/100M.png?w=600&amp;ssl=1 600w, https:\/\/i0.wp.com\/uscatletica.ch\/wp\/wp-content\/uploads\/2022\/09\/100M.png?resize=300%2C140&amp;ssl=1 300w\" sizes=\"auto, (max-width: 600px) 100vw, 600px\" \/><\/a><\/p>\n<p>100 m serIe B\u00a0<\/p>\n<p>Ashley Henderson 11&#8243;30 brucia sul filo di lana Anna Kielbasinska 11&#8243;31 \u00a0Per la svizzera Riccarda Dietsche 11&#8243;67 Selina Furler 11&#8243;92. \u00a0Nei 100 m maschili doppietta Italiana \u00a0con Hilary Polanco Rio 10&#8243;38, su Andrea Federici 10&#8243;50 il nazionale svizzero U20 Nathan Oberti corre in 10&#8243;89 battendo il campione europeo U23 sui 200 William Jeff Reais.\u00a0<\/p>\n<p>Asta Maschile\u00a0<\/p>\n<p>Al via il vicecampione europeo U20 lo svizzero Valentin Imsand al cospetto del vicecampione olimpico Chris Nilsen, e il giustiziere di Duplantis \u00a0John Ernest Obiena e l&#8217;ex primatista mondiale ,campione del mondo e campione olimpico Renaud Lavillenie\u00a0<\/p>\n<p>Nell&#8217;asta con il tentativo valido a 5.21 \u00a0Valentin Imsand e Justin Fournier non riescono migliorare il primato svizzero U20 a 5.41 Ora la gara dedicata ai migliori al mondo \u00e9lite a 5.41 esce Dominik Alberto<\/p>\n<p>Chris Nilsen, Renaud Lavillenie, e Jacob Wooten siglano il primato dello stadio con 5.71 m\u00a0<\/p>\n<p>Ernest John Obiena si prende il primato dello stadio ed il comando della gara con 5.81 m<\/p>\n<p>800 m femminile\u00a0<\/p>\n<p>Domina Natoya Goule \u00a0in 1&#8217;59&#8243;08 mentre la nostra Lore Hoffmann \u00fc sfortunata e cade. Elena Bello chiude in 2&#8217;02&#8243;01<\/p>\n<p>400 m ostacoli\u00a0<\/p>\n<p>Nella prima serie si impone Ramsey Angela 49&#8243;24 nella sua scia due svizzeri Dany Brand ritrova il sub 50 49&#8243;51 e \u00a0Julien Bonvin \u00a049&#8217;63 \u00a0Il campione del mondo Alison DOS SANTOS stabilisce il nuovo primato dello stadio in 47&#8243;53 \u00a0Mattia Tajana corre in 51&#8243;13 .\u00a0<\/p>\n<p>Getto del Peso\u00a0<\/p>\n<p>Il primatista del mondo campione olimpico e mondiale Ryan Crouser contro la sua nemesi Joe Kovacs il terzo degli ultimi mondiali Josh Awotunde gli italiani Nick Ponzio e Leonardo Fabbri. A met\u00e0 gara \u00a0guida Crouser con 22.00 \u00a0<\/p>\n<p>al quinto lancio Joe Kovacs prende il comando con 22&#8243;19. \u00a0risponde Crouser ma purtroppo \u00e8 nullo\u00a0<\/p>\n<p>Anche il sesto lunghissimo di Crouser \u00e8 nullo quindi Kovacs Vince.\u00a0<\/p>\n<p>3000 m\u00a0<\/p>\n<p>Con un attacco fulminante vince Dominik Lobalu in 7&#8217;38&#8243;17 \u00a0 ottimi gli svizzeri che corrono Tom Elmer 7&#8243;48&#8243;77 e Morgan Le Guen 7&#8217;49&#8243;14 \u00a0che si piazzano rispettivamente 6 ed 8 sia della gara che nella top meno svizzera di tutti i tempi \u00a0Luca Noti 7&#8217;50&#8243;62 \u00e8 il decimo svizzero di sempre si riscrive la storia della disciplina in due anni di meeting di Bellinzona<\/p>\n<p>400 m femminile\u00a0<\/p>\n<p>Tutte le componenti della 4&#215;400 femminile \u00a0finaliste mondiali ed europee \u00a0in parata \u00a0nella prima serie vince Yasmin Giger in 52&#8243;96 nella seconda vince Lada Vondrova in 51&#8243;60 le altre svizzere Sllke Lemmends 52&#8243;96 Julia Niedeberger 53&#8243;10 Sarah King 53.45 \u00a0<\/p>\n<p>100 m maschili\u00a0<\/p>\n<p>In 10&#8243;04 vince Brandon Carnes di misura su Ferdinand Omanyala 10&#8243;05 e Kendal Williams 10&#8243;05<\/p>\n<p>100 ostacoli\u00a0<\/p>\n<p>La Beniamina del pubblico Ditaj Kambundji finisce quinta in 12&#8243;97 davanti a Noemi Zbaren 13&#8243;07 \u00a0vince la campionessa Olimpica Jasmine Camacho Quinn in 12&#8243;72 su Nia Ali 12&#8243;80\u00a0<\/p>\n<p>110 m ostacoli\u00a0<\/p>\n<p>Jamal Britt vince in 13&#8243;18 un Finley Gaio in formato gigante arriva ad un centesimo dal personale in 13&#8243;47, lasciandosi alle spalle il vicecampione europeo Pascal Martinot Lagarde\u00a0<\/p>\n<p>Alto femminile\u00a0<\/p>\n<p><span data-offset-key=\"5iptk-0-0\">Nel salto in alto Eleanor Patterson ed Elena Vallortigara si contendono la vittoria attacando l&#8217;asticella a 1.94 primato dello stadio del 2019 di Irina Geraschenko. il record dello stadio resiste, la gara va alla campionessa mondiale Eleanor Patterson<\/span><\/p>\n<p>400 m\u00a0<\/p>\n<p>Nella prima batteria il nuovo compagno di allenamenti di Ricky Petrucciani Davide Re vince in 45&#8243;52 \u00a0terzo Lionel Spitz 45&#8243;92.\u00a0<\/p>\n<p>Wayde Van Niekerk vince in 44&#8243;33 su Kirani James 44&#8243;38 quarto Ricky Petrucciani in 45&#8243;72.\u00a0<\/p>\n<p>\u00a0<\/p>\n<p>\u00a0<\/p>\n<p>\u00a0<\/p>\n<p>\u00a0<\/p>\n<p>\u00a0<\/p>\n<p>\u00a0<\/p>\n","protected":false},"excerpt":{"rendered":"<p>Il Gal\u00e0 dei Castelli l&#8217;evento sportivo ticinese dell&#8217;anno accoglier\u00e0 il podio intero dei mondiali nel peso con i due migliori specialisti di tutti i tempi che si sfideranno al comunale. In mezzo a tutte le stelle dell&#8217;atletica svizzera e mondiale anche nel 2022 ci sar\u00e0 una maglia USC. La nostra velocista Matilda Rosa sar\u00e0 al via alle 19.00 nella serie FTAL. Le gare si potranno seguire live su RSI LA2 Tutti i risultati live \u00a0&#8230;<\/p>\n","protected":false},"author":4,"featured_media":13377,"comment_status":"closed","ping_status":"closed","sticky":false,"template":"","format":"standard","meta":{"jetpack_post_was_ever_published":false,"_jetpack_newsletter_access":"","_jetpack_dont_email_post_to_subs":false,"_jetpack_newsletter_tier_id":0,"_jetpack_memberships_contains_paywalled_content":false,"_jetpack_memberships_contains_paid_content":false,"footnotes":"","jetpack_publicize_message":"","jetpack_publicize_feature_enabled":true,"jetpack_social_post_already_shared":false,"jetpack_social_options":{"image_generator_settings":{"template":"highway","default_image_id":0,"font":"","enabled":false},"version":2}},"categories":[4,9],"tags":[],"class_list":["post-15888","post","type-post","status-publish","format-standard","has-post-thumbnail","hentry","category-pista","category-sport"],"jetpack_publicize_connections":[],"jetpack_featured_media_url":"https:\/\/i0.wp.com\/uscatletica.ch\/wp\/wp-content\/uploads\/2021\/09\/210914U118podio-1.png?fit=432%2C324&ssl=1","jetpack_sharing_enabled":true,"jetpack_shortlink":"https:\/\/wp.me\/p6V7Ck-48g","jetpack-related-posts":[{"id":19897,"url":"https:\/\/uscatletica.ch\/wp\/?p=19897","url_meta":{"origin":15888,"position":0},"title":"USCINI E USCINE AL GALA DEI CASTELLI","author":"Leonida Stampanoni","date":"8 Settembre 2024","format":false,"excerpt":"Luned\u00ec \u00a0a Bellinzona ci sar\u00e0 l'evento sportivo ticinese dell'anno il comunale ospiter\u00e0 il Gal\u00e0 dei Castelli con molti campioni mondiali ed olimpici avvia nel segno della tradizione l'USC sar\u00e0 sulla linea di partenza nelle gare presentate dalla FTAL. Mattia e No\u00e9 reduci dai campionati svizzeri di staffette a Ginevra correranno\u2026","rel":"","context":"In &quot;Pista&quot;","block_context":{"text":"Pista","link":"https:\/\/uscatletica.ch\/wp\/?cat=4"},"img":{"alt_text":"","src":"https:\/\/i0.wp.com\/uscatletica.ch\/wp\/wp-content\/uploads\/2021\/09\/210914U118podio-1.png?fit=432%2C324&ssl=1&resize=350%2C200","width":350,"height":200},"classes":[]},{"id":17964,"url":"https:\/\/uscatletica.ch\/wp\/?p=17964","url_meta":{"origin":15888,"position":1},"title":"Dai CS di Staffette al Gal\u00e0 dei Castelli passando dalla Stramassagno","author":"Leonida Stampanoni","date":"2 Settembre 2023","format":false,"excerpt":"Fine settimana intenso per l'USC pur senza nessun presente alla finale nazionale del UBS Kids Cup al Letzigrund le maglie USC avranno diverse occasioni di brillare domenica la prima uscita in grande stile della comunit\u00e0 atletica sottoceneri che porter\u00e0 ben cinque squadre ai campionati svizzeri di staffetta l'USC sar\u00e0 al\u2026","rel":"","context":"In &quot;Pista&quot;","block_context":{"text":"Pista","link":"https:\/\/uscatletica.ch\/wp\/?cat=4"},"img":{"alt_text":"","src":"https:\/\/i0.wp.com\/uscatletica.ch\/wp\/wp-content\/uploads\/2021\/08\/4x100210821.jpeg?fit=432%2C324&ssl=1&resize=350%2C200","width":350,"height":200},"classes":[]},{"id":13363,"url":"https:\/\/uscatletica.ch\/wp\/?p=13363","url_meta":{"origin":15888,"position":2},"title":"Gala Dei Castelli Matilda e Pietro sul podio","author":"Leonida Stampanoni","date":"15 Settembre 2021","format":false,"excerpt":"Nella magica serata del Gal\u00e0 dei Castelli \u00a0ottime prestazione per le atlete USC. Sui 100 m secondo rango per Matilda mentre sui 600 m \u00a0terzo rango per Pietro brave anche Sofia sui 100 e Jennis sui 600 m come la nostra 5xlibera sui 400 m che si \u00e8 gustata la\u2026","rel":"","context":"In &quot;Pista&quot;","block_context":{"text":"Pista","link":"https:\/\/uscatletica.ch\/wp\/?cat=4"},"img":{"alt_text":"","src":"https:\/\/i0.wp.com\/uscatletica.ch\/wp\/wp-content\/uploads\/2021\/09\/210914U118podio.png?fit=432%2C324&ssl=1&resize=350%2C200","width":350,"height":200},"classes":[]},{"id":13345,"url":"https:\/\/uscatletica.ch\/wp\/?p=13345","url_meta":{"origin":15888,"position":3},"title":"Gal\u00e0 dei Castelli una decina di atlete USC al via","author":"Leonida Stampanoni","date":"14 Settembre 2021","format":false,"excerpt":"La chiusura della stagione per la grande atletica svizzera sar\u00e0 stasera al Gal\u00e0 dei Castelli \u00a0uno dei maggiori appuntamenti sportivi del cantone. L'USC sar\u00e0 presenti con 8 atlete ed un atleta . Reduci dai campionati svizzeri di staffette con la finale raggiunta nella 4x100 m Sofia e Matilda gareggeranno sui\u2026","rel":"","context":"In &quot;Non catalogato&quot;","block_context":{"text":"Non catalogato","link":"https:\/\/uscatletica.ch\/wp\/?cat=6"},"img":{"alt_text":"","src":"https:\/\/i0.wp.com\/uscatletica.ch\/wp\/wp-content\/uploads\/2021\/06\/P1110468.jpeg?fit=432%2C324&ssl=1&resize=350%2C200","width":350,"height":200},"classes":[]},{"id":10919,"url":"https:\/\/uscatletica.ch\/wp\/?p=10919","url_meta":{"origin":15888,"position":4},"title":"Gal\u00e0 Dei Castelli 7 USCINE tra le stelle","author":"Leonida Stampanoni","date":"14 Settembre 2020","format":false,"excerpt":"La decima edizione del Gal\u00e0 dei Castelli che avr\u00e0 protagonisti tutti i migliori svizzeri ed 80 medaglie \u00a0olimpiche e mondiali. La FTAL ha arricchito il preprogramma con una 5x80 m U14 \u00a0che si aggiunge ai 600 m \u00a0U16 ed ai 100 m U18-U20. Jennis, Elsa, Cecilia, Melissa,Olivia \u00a0saranno al via\u2026","rel":"","context":"In &quot;Pista&quot;","block_context":{"text":"Pista","link":"https:\/\/uscatletica.ch\/wp\/?cat=4"},"img":{"alt_text":"","src":"https:\/\/i0.wp.com\/uscatletica.ch\/wp\/wp-content\/uploads\/2020\/09\/P1030367.jpeg?fit=420%2C315&ssl=1&resize=350%2C200","width":350,"height":200},"classes":[]},{"id":6350,"url":"https:\/\/uscatletica.ch\/wp\/?p=6350","url_meta":{"origin":15888,"position":5},"title":"Gaia e Chiara al Gal\u00e0 dei Castelli","author":"Leonida Stampanoni","date":"17 Luglio 2018","format":false,"excerpt":"L'atletica svizzera, nel mese dei mondiali di Calcio, \u00e8 riuscita ha rapire il cuore degli appassionati a suon di prestazioni mirabolanti. l'ultima ciliegina sulla torta sar\u00e0 il Gal\u00e0 dei Castelli che porter\u00e0 al comunale il meglio nel atletica nazionale e mondiale specialmente sui 100 m. Nel mezzo di tanta aristocrazia\u2026","rel":"","context":"In &quot;Altro&quot;","block_context":{"text":"Altro","link":"https:\/\/uscatletica.ch\/wp\/?cat=11"},"img":{"alt_text":"","src":"https:\/\/i0.wp.com\/uscatletica.ch\/wp\/wp-content\/uploads\/2017\/05\/P1460253.jpg?fit=563%2C422&ssl=1&resize=350%2C200","width":350,"height":200,"srcset":"https:\/\/i0.wp.com\/uscatletica.ch\/wp\/wp-content\/uploads\/2017\/05\/P1460253.jpg?fit=563%2C422&ssl=1&resize=350%2C200 1x, https:\/\/i0.wp.com\/uscatletica.ch\/wp\/wp-content\/uploads\/2017\/05\/P1460253.jpg?fit=563%2C422&ssl=1&resize=525%2C300 1.5x"},"classes":[]}],"_links":{"self":[{"href":"https:\/\/uscatletica.ch\/wp\/index.php?rest_route=\/wp\/v2\/posts\/15888","targetHints":{"allow":["GET"]}}],"collection":[{"href":"https:\/\/uscatletica.ch\/wp\/index.php?rest_route=\/wp\/v2\/posts"}],"about":[{"href":"https:\/\/uscatletica.ch\/wp\/index.php?rest_route=\/wp\/v2\/types\/post"}],"author":[{"embeddable":true,"href":"https:\/\/uscatletica.ch\/wp\/index.php?rest_route=\/wp\/v2\/users\/4"}],"replies":[{"embeddable":true,"href":"https:\/\/uscatletica.ch\/wp\/index.php?rest_route=%2Fwp%2Fv2%2Fcomments&post=15888"}],"version-history":[{"count":19,"href":"https:\/\/uscatletica.ch\/wp\/index.php?rest_route=\/wp\/v2\/posts\/15888\/revisions"}],"predecessor-version":[{"id":16580,"href":"https:\/\/uscatletica.ch\/wp\/index.php?rest_route=\/wp\/v2\/posts\/15888\/revisions\/16580"}],"wp:featuredmedia":[{"embeddable":true,"href":"https:\/\/uscatletica.ch\/wp\/index.php?rest_route=\/wp\/v2\/media\/13377"}],"wp:attachment":[{"href":"https:\/\/uscatletica.ch\/wp\/index.php?rest_route=%2Fwp%2Fv2%2Fmedia&parent=15888"}],"wp:term":[{"taxonomy":"category","embeddable":true,"href":"https:\/\/uscatletica.ch\/wp\/index.php?rest_route=%2Fwp%2Fv2%2Fcategories&post=15888"},{"taxonomy":"post_tag","embeddable":true,"href":"https:\/\/uscatletica.ch\/wp\/index.php?rest_route=%2Fwp%2Fv2%2Ftags&post=15888"}],"curies":[{"name":"wp","href":"https:\/\/api.w.org\/{rel}","templated":true}]}}